{"id":12583,"date":"2024-02-13T12:29:50","date_gmt":"2024-02-13T12:29:50","guid":{"rendered":"https:\/\/macite.tg\/?p=12583"},"modified":"2024-02-13T12:30:32","modified_gmt":"2024-02-13T12:30:32","slug":"report-de-la-presidentielle-au-senegal-voici-le-deal-propose-a-ousmane-sonko","status":"publish","type":"post","link":"https:\/\/macite.tg\/?p=12583","title":{"rendered":"REPORT DE LA PRESIDENTIELLE AU SENEGAL : Voici le deal propos\u00e9 \u00e0 Ousmane Sonko"},"content":{"rendered":"\n<h1 class=\"wp-block-heading\"><i class=\"fas fa-pencil-alt\"> <\/i><span><\/h1>\n\n\n\n<p class=\"wp-block-paragraph\"><strong><em>Des tentatives de bonnes volont\u00e9s de nouer le fil du dialogue entre le pr\u00e9sident Macky Sall et Ousmane Sonko sont bien en cours.<\/em><\/strong><\/p>\n\n\n\n<p class=\"wp-block-paragraph\">Les officines de m\u00e9diation carburent \u00e0 plein r\u00e9gime. Le Palais est bien r\u00e9solu \u00e0 d\u00e9tendre l\u2019atmosph\u00e8re politique qui est tr\u00e8s tendue. Ce qui passe par une discussion entre le chef de l\u2019\u00c9tat et le leader de Pastef.<\/p>\n\n\n\n<p class=\"wp-block-paragraph\">Selon \u2019\u2019SourceA\u2019\u2019 qui donne la nouvelle dans sa parution de ce mardi, Macky Sall a envoy\u00e9 un de ses lieutenants rencontrer un proche collaborateur d\u2019Ousmane Sonko. Mais, pr\u00e9cise le journal, cette initiative remonte \u00e1 la veille de l\u2019examen des dossiers de parrainages par la Commission de validation du Conseil constitutionnel.<\/p>\n\n\n<div class=\"wp-block-image\">\n<figure class=\"aligncenter size-full is-resized\"><img loading=\"lazy\" decoding=\"async\" src=\"https:\/\/macite.tg\/wp-content\/uploads\/2024\/02\/425288435_900806342054173_5921783502174539848_n-1.jpg\" alt=\"\" class=\"wp-image-12579\" width=\"508\" height=\"508\" srcset=\"https:\/\/macite.tg\/wp-content\/uploads\/2024\/02\/425288435_900806342054173_5921783502174539848_n-1.jpg 843w, https:\/\/macite.tg\/wp-content\/uploads\/2024\/02\/425288435_900806342054173_5921783502174539848_n-1-300x300.jpg 300w, https:\/\/macite.tg\/wp-content\/uploads\/2024\/02\/425288435_900806342054173_5921783502174539848_n-1-150x150.jpg 150w, https:\/\/macite.tg\/wp-content\/uploads\/2024\/02\/425288435_900806342054173_5921783502174539848_n-1-768x768.jpg 768w, https:\/\/macite.tg\/wp-content\/uploads\/2024\/02\/425288435_900806342054173_5921783502174539848_n-1-122x122.jpg 122w\" sizes=\"auto, (max-width: 508px) 100vw, 508px\" \/><\/figure>\n<\/div>\n\n\n<p class=\"wp-block-paragraph\">D\u2019apr\u00e8s la m\u00eame source, ce responsable de la mouvance pr\u00e9sidentielle est all\u00e9 rencontrer un proche collaborateur du leader de Pastef pour lui dire de parler avec le maire de Ziguinchor en vue d\u2019une discussion pour d\u00e9tendre l\u2019atmosph\u00e8re.<\/p>\n\n\n\n<p class=\"wp-block-paragraph\">Le proche collaborateur d\u2019Ousmane Sonko a promis \u00e0 l\u2019\u00e9missaire du Palais qu\u2019il allait voir son leader pour l\u2019informer des intentions du pr\u00e9sident de la R\u00e9publique. Mais d\u2019apr\u00e8s \u2018\u2019SourceA\u2019\u2019, le maire de Ziguinchor avait, jusque-l\u00e0 refus\u00e9 la main tendue par le r\u00e9gime.<\/p>\n\n\n\n<p class=\"wp-block-paragraph\"><strong>Le deal propos\u00e9&nbsp; \u00e0 Sonko<\/strong><\/p>\n\n\n\n<p class=\"wp-block-paragraph\">Tout a \u00e9t\u00e9 r\u00e9gl\u00e9 depuis plus de deux semaines. C\u2019est nuitamment que l\u2019\u00e9missaire du chef de l\u2019Etat est all\u00e9 au Cap Manuel, apr\u00e8s que les diligences aient \u00e9t\u00e9 prises en haut lieu pour que la visite se fasse \u00e0 l\u2019abri des regards. Le contact a \u00e9t\u00e9 facilit\u00e9 par un marabout Mback\u00e9-Mback\u00e9 qui \u00e9tait au centre des discussions, ainsi que plusieurs acteurs du pouvoir dont des responsables de l\u2019Apr et des proches de la Premi\u00e8re Dame.<\/p>\n\n\n<div class=\"wp-block-image\">\n<figure class=\"aligncenter size-large is-resized\"><img loading=\"lazy\" decoding=\"async\" src=\"https:\/\/macite.tg\/wp-content\/uploads\/2024\/02\/GBps6MVW8AAmcgK-819x1024.jpg\" alt=\"\" class=\"wp-image-12370\" width=\"508\" height=\"635\" srcset=\"https:\/\/macite.tg\/wp-content\/uploads\/2024\/02\/GBps6MVW8AAmcgK-819x1024.jpg 819w, https:\/\/macite.tg\/wp-content\/uploads\/2024\/02\/GBps6MVW8AAmcgK-240x300.jpg 240w, https:\/\/macite.tg\/wp-content\/uploads\/2024\/02\/GBps6MVW8AAmcgK-768x960.jpg 768w, https:\/\/macite.tg\/wp-content\/uploads\/2024\/02\/GBps6MVW8AAmcgK.jpg 864w\" sizes=\"auto, (max-width: 508px) 100vw, 508px\" \/><\/figure>\n<\/div>\n\n\n<p class=\"wp-block-paragraph\">Il a \u00e9t\u00e9 propos\u00e9 \u00e0 Ousmane Sonko une amnistie contre un report de la Pr\u00e9sidentielle de deux (02) ans. Ce qui le remettrait dans la course avant les cinq (05) ans qu\u2019il devait patienter avant la fin de son \u00e9ligibilit\u00e9.<\/p>\n\n\n\n<p class=\"wp-block-paragraph\">C\u2019est la validation de la candidature de Diomaye Faye qui a tout chamboul\u00e9 les plans du r\u00e9gime, dont les sondages donnaient entre 40 et 48%.<\/p>\n\n\n\n<p class=\"wp-block-paragraph\"><strong>SeneNews<\/strong><\/p>\n\n\n\n<p class=\"wp-block-paragraph\"><strong><em>@macite.tg&nbsp;&nbsp;&nbsp;&nbsp;<\/em><\/strong><\/p>\n\n\n\n<p class=\"wp-block-paragraph\"><strong><em>E-mail&nbsp;: <\/em><\/strong><a href=\"mailto:maciteinfo@gmail.com\"><strong><em>maciteinfo@gmail.com<\/em><\/strong><\/a><strong><em>; <\/em><\/strong><a href=\"mailto:bawela1@gmail.com\"><strong><em>bawela1@gmail.com<\/em><\/strong><\/a><strong><em><\/em><\/strong><\/p>\n\n\n\n<p class=\"wp-block-paragraph\"><strong><em>Pour vos annonces, (publi)reportages, etc., joignez-nous au (00228)91515309\/<strong>79872224 <\/strong>www.macite.tg, L\u2019information, la bonne&nbsp;!<\/em><\/strong><\/p>\n","protected":false},"excerpt":{"rendered":"<p class=\"text-justify mb-2\" >Des tentatives de bonnes volont\u00e9s de nouer le fil du dialogue entre le pr\u00e9sident Macky Sall et Ousmane Sonko sont bien en cours. Les officines de m\u00e9diation carburent \u00e0 plein r\u00e9gime. Le Palais est bien r\u00e9solu \u00e0 d\u00e9tendre l\u2019atmosph\u00e8re politique qui est tr\u00e8s tendue. Ce [&hellip;]<\/p>\n","protected":false},"author":2,"featured_media":12588,"comment_status":"open","ping_status":"open","sticky":false,"template":"","format":"standard","meta":{"footnotes":""},"categories":[20,1],"tags":[],"class_list":["post-12583","post","type-post","status-publish","format-standard","has-post-thumbnail","hentry","category-actualite","category-politique"],"yoast_head":"<!-- This site is optimized with the Yoast SEO plugin v28.4 - https:\/\/yoast.com\/product\/yoast-seo-wordpress\/ -->\n<title>REPORT DE LA PRESIDENTIELLE AU SENEGAL : Voici le deal propos\u00e9 \u00e0 Ousmane Sonko -<\/title>\n<meta name=\"robots\" content=\"index, follow, max-snippet:-1, max-image-preview:large, max-video-preview:-1\" \/>\n<link rel=\"canonical\" href=\"https:\/\/macite.tg\/?p=12583\" \/>\n<meta property=\"og:locale\" content=\"fr_FR\" \/>\n<meta property=\"og:type\" content=\"article\" \/>\n<meta property=\"og:title\" content=\"REPORT DE LA PRESIDENTIELLE AU SENEGAL : Voici le deal propos\u00e9 \u00e0 Ousmane Sonko -\" \/>\n<meta property=\"og:description\" content=\"Des tentatives de bonnes volont\u00e9s de nouer le fil du dialogue entre le pr\u00e9sident Macky Sall et Ousmane Sonko sont bien en cours. Les officines de m\u00e9diation carburent \u00e0 plein r\u00e9gime. Le Palais est bien r\u00e9solu \u00e0 d\u00e9tendre l\u2019atmosph\u00e8re politique qui est tr\u00e8s tendue. Ce [&hellip;]\" \/>\n<meta property=\"og:url\" content=\"https:\/\/macite.tg\/?p=12583\" \/>\n<meta property=\"article:published_time\" content=\"2024-02-13T12:29:50+00:00\" \/>\n<meta property=\"article:modified_time\" content=\"2024-02-13T12:30:32+00:00\" \/>\n<meta property=\"og:image\" content=\"https:\/\/macite.tg\/wp-content\/uploads\/2024\/02\/Sonko-1.jpg\" \/>\n\t<meta property=\"og:image:width\" content=\"385\" \/>\n\t<meta property=\"og:image:height\" content=\"270\" \/>\n\t<meta property=\"og:image:type\" content=\"image\/jpeg\" \/>\n<meta name=\"author\" content=\"Jean Pierre BAWELA\" \/>\n<meta name=\"twitter:card\" content=\"summary_large_image\" \/>\n<meta name=\"twitter:label1\" content=\"\u00c9crit par\" \/>\n\t<meta name=\"twitter:data1\" content=\"Jean Pierre BAWELA\" \/>\n\t<meta name=\"twitter:label2\" content=\"Dur\u00e9e de lecture estim\u00e9e\" \/>\n\t<meta name=\"twitter:data2\" content=\"2 minutes\" \/>\n<script type=\"application\/ld+json\" class=\"yoast-schema-graph\">{\"@context\":\"https:\\\/\\\/schema.org\",\"@graph\":[{\"@type\":\"Article\",\"@id\":\"https:\\\/\\\/macite.tg\\\/?p=12583#article\",\"isPartOf\":{\"@id\":\"https:\\\/\\\/macite.tg\\\/?p=12583\"},\"author\":{\"name\":\"Jean Pierre BAWELA\",\"@id\":\"https:\\\/\\\/macite.tg\\\/#\\\/schema\\\/person\\\/e9f2de7e5dbbe7770a9402c7ce82f5c2\"},\"headline\":\"REPORT DE LA PRESIDENTIELLE AU SENEGAL : Voici le deal propos\u00e9 \u00e0 Ousmane Sonko\",\"datePublished\":\"2024-02-13T12:29:50+00:00\",\"dateModified\":\"2024-02-13T12:30:32+00:00\",\"mainEntityOfPage\":{\"@id\":\"https:\\\/\\\/macite.tg\\\/?p=12583\"},\"wordCount\":409,\"commentCount\":0,\"image\":{\"@id\":\"https:\\\/\\\/macite.tg\\\/?p=12583#primaryimage\"},\"thumbnailUrl\":\"https:\\\/\\\/macite.tg\\\/wp-content\\\/uploads\\\/2024\\\/02\\\/Sonko-1.jpg\",\"articleSection\":[\"ACTUALITE\",\"POLITIQUE\"],\"inLanguage\":\"fr-FR\",\"potentialAction\":[{\"@type\":\"CommentAction\",\"name\":\"Comment\",\"target\":[\"https:\\\/\\\/macite.tg\\\/?p=12583#respond\"]}]},{\"@type\":\"WebPage\",\"@id\":\"https:\\\/\\\/macite.tg\\\/?p=12583\",\"url\":\"https:\\\/\\\/macite.tg\\\/?p=12583\",\"name\":\"REPORT DE LA PRESIDENTIELLE AU SENEGAL : Voici le deal propos\u00e9 \u00e0 Ousmane Sonko -\",\"isPartOf\":{\"@id\":\"https:\\\/\\\/macite.tg\\\/#website\"},\"primaryImageOfPage\":{\"@id\":\"https:\\\/\\\/macite.tg\\\/?p=12583#primaryimage\"},\"image\":{\"@id\":\"https:\\\/\\\/macite.tg\\\/?p=12583#primaryimage\"},\"thumbnailUrl\":\"https:\\\/\\\/macite.tg\\\/wp-content\\\/uploads\\\/2024\\\/02\\\/Sonko-1.jpg\",\"datePublished\":\"2024-02-13T12:29:50+00:00\",\"dateModified\":\"2024-02-13T12:30:32+00:00\",\"author\":{\"@id\":\"https:\\\/\\\/macite.tg\\\/#\\\/schema\\\/person\\\/e9f2de7e5dbbe7770a9402c7ce82f5c2\"},\"breadcrumb\":{\"@id\":\"https:\\\/\\\/macite.tg\\\/?p=12583#breadcrumb\"},\"inLanguage\":\"fr-FR\",\"potentialAction\":[{\"@type\":\"ReadAction\",\"target\":[\"https:\\\/\\\/macite.tg\\\/?p=12583\"]}]},{\"@type\":\"ImageObject\",\"inLanguage\":\"fr-FR\",\"@id\":\"https:\\\/\\\/macite.tg\\\/?p=12583#primaryimage\",\"url\":\"https:\\\/\\\/macite.tg\\\/wp-content\\\/uploads\\\/2024\\\/02\\\/Sonko-1.jpg\",\"contentUrl\":\"https:\\\/\\\/macite.tg\\\/wp-content\\\/uploads\\\/2024\\\/02\\\/Sonko-1.jpg\",\"width\":385,\"height\":270},{\"@type\":\"BreadcrumbList\",\"@id\":\"https:\\\/\\\/macite.tg\\\/?p=12583#breadcrumb\",\"itemListElement\":[{\"@type\":\"ListItem\",\"position\":1,\"name\":\"Accueil\",\"item\":\"https:\\\/\\\/macite.tg\\\/\"},{\"@type\":\"ListItem\",\"position\":2,\"name\":\"REPORT DE LA PRESIDENTIELLE AU SENEGAL : Voici le deal propos\u00e9 \u00e0 Ousmane Sonko\"}]},{\"@type\":\"WebSite\",\"@id\":\"https:\\\/\\\/macite.tg\\\/#website\",\"url\":\"https:\\\/\\\/macite.tg\\\/\",\"name\":\"\",\"description\":\"L&#039;information, la bonne!!!\",\"potentialAction\":[{\"@type\":\"SearchAction\",\"target\":{\"@type\":\"EntryPoint\",\"urlTemplate\":\"https:\\\/\\\/macite.tg\\\/?s={search_term_string}\"},\"query-input\":{\"@type\":\"PropertyValueSpecification\",\"valueRequired\":true,\"valueName\":\"search_term_string\"}}],\"inLanguage\":\"fr-FR\"},{\"@type\":\"Person\",\"@id\":\"https:\\\/\\\/macite.tg\\\/#\\\/schema\\\/person\\\/e9f2de7e5dbbe7770a9402c7ce82f5c2\",\"name\":\"Jean Pierre BAWELA\",\"image\":{\"@type\":\"ImageObject\",\"inLanguage\":\"fr-FR\",\"@id\":\"https:\\\/\\\/macite.tg\\\/wp-content\\\/uploads\\\/2023\\\/09\\\/WhatsApp-Image-2023-09-19-at-14.44.41-122x122.jpeg\",\"url\":\"https:\\\/\\\/macite.tg\\\/wp-content\\\/uploads\\\/2023\\\/09\\\/WhatsApp-Image-2023-09-19-at-14.44.41-122x122.jpeg\",\"contentUrl\":\"https:\\\/\\\/macite.tg\\\/wp-content\\\/uploads\\\/2023\\\/09\\\/WhatsApp-Image-2023-09-19-at-14.44.41-122x122.jpeg\",\"caption\":\"Jean Pierre BAWELA\"},\"url\":\"https:\\\/\\\/macite.tg\\\/?author=2\"}]}<\/script>\n<!-- \/ Yoast SEO plugin. -->","yoast_head_json":{"title":"REPORT DE LA PRESIDENTIELLE AU SENEGAL : Voici le deal propos\u00e9 \u00e0 Ousmane Sonko -","robots":{"index":"index","follow":"follow","max-snippet":"max-snippet:-1","max-image-preview":"max-image-preview:large","max-video-preview":"max-video-preview:-1"},"canonical":"https:\/\/macite.tg\/?p=12583","og_locale":"fr_FR","og_type":"article","og_title":"REPORT DE LA PRESIDENTIELLE AU SENEGAL : Voici le deal propos\u00e9 \u00e0 Ousmane Sonko -","og_description":"Des tentatives de bonnes volont\u00e9s de nouer le fil du dialogue entre le pr\u00e9sident Macky Sall et Ousmane Sonko sont bien en cours. Les officines de m\u00e9diation carburent \u00e0 plein r\u00e9gime. Le Palais est bien r\u00e9solu \u00e0 d\u00e9tendre l\u2019atmosph\u00e8re politique qui est tr\u00e8s tendue. Ce [&hellip;]","og_url":"https:\/\/macite.tg\/?p=12583","article_published_time":"2024-02-13T12:29:50+00:00","article_modified_time":"2024-02-13T12:30:32+00:00","og_image":[{"width":385,"height":270,"url":"https:\/\/macite.tg\/wp-content\/uploads\/2024\/02\/Sonko-1.jpg","type":"image\/jpeg"}],"author":"Jean Pierre BAWELA","twitter_card":"summary_large_image","twitter_misc":{"\u00c9crit par":"Jean Pierre BAWELA","Dur\u00e9e de lecture estim\u00e9e":"2 minutes"},"schema":{"@context":"https:\/\/schema.org","@graph":[{"@type":"Article","@id":"https:\/\/macite.tg\/?p=12583#article","isPartOf":{"@id":"https:\/\/macite.tg\/?p=12583"},"author":{"name":"Jean Pierre BAWELA","@id":"https:\/\/macite.tg\/#\/schema\/person\/e9f2de7e5dbbe7770a9402c7ce82f5c2"},"headline":"REPORT DE LA PRESIDENTIELLE AU SENEGAL : Voici le deal propos\u00e9 \u00e0 Ousmane Sonko","datePublished":"2024-02-13T12:29:50+00:00","dateModified":"2024-02-13T12:30:32+00:00","mainEntityOfPage":{"@id":"https:\/\/macite.tg\/?p=12583"},"wordCount":409,"commentCount":0,"image":{"@id":"https:\/\/macite.tg\/?p=12583#primaryimage"},"thumbnailUrl":"https:\/\/macite.tg\/wp-content\/uploads\/2024\/02\/Sonko-1.jpg","articleSection":["ACTUALITE","POLITIQUE"],"inLanguage":"fr-FR","potentialAction":[{"@type":"CommentAction","name":"Comment","target":["https:\/\/macite.tg\/?p=12583#respond"]}]},{"@type":"WebPage","@id":"https:\/\/macite.tg\/?p=12583","url":"https:\/\/macite.tg\/?p=12583","name":"REPORT DE LA PRESIDENTIELLE AU SENEGAL : Voici le deal propos\u00e9 \u00e0 Ousmane Sonko -","isPartOf":{"@id":"https:\/\/macite.tg\/#website"},"primaryImageOfPage":{"@id":"https:\/\/macite.tg\/?p=12583#primaryimage"},"image":{"@id":"https:\/\/macite.tg\/?p=12583#primaryimage"},"thumbnailUrl":"https:\/\/macite.tg\/wp-content\/uploads\/2024\/02\/Sonko-1.jpg","datePublished":"2024-02-13T12:29:50+00:00","dateModified":"2024-02-13T12:30:32+00:00","author":{"@id":"https:\/\/macite.tg\/#\/schema\/person\/e9f2de7e5dbbe7770a9402c7ce82f5c2"},"breadcrumb":{"@id":"https:\/\/macite.tg\/?p=12583#breadcrumb"},"inLanguage":"fr-FR","potentialAction":[{"@type":"ReadAction","target":["https:\/\/macite.tg\/?p=12583"]}]},{"@type":"ImageObject","inLanguage":"fr-FR","@id":"https:\/\/macite.tg\/?p=12583#primaryimage","url":"https:\/\/macite.tg\/wp-content\/uploads\/2024\/02\/Sonko-1.jpg","contentUrl":"https:\/\/macite.tg\/wp-content\/uploads\/2024\/02\/Sonko-1.jpg","width":385,"height":270},{"@type":"BreadcrumbList","@id":"https:\/\/macite.tg\/?p=12583#breadcrumb","itemListElement":[{"@type":"ListItem","position":1,"name":"Accueil","item":"https:\/\/macite.tg\/"},{"@type":"ListItem","position":2,"name":"REPORT DE LA PRESIDENTIELLE AU SENEGAL : Voici le deal propos\u00e9 \u00e0 Ousmane Sonko"}]},{"@type":"WebSite","@id":"https:\/\/macite.tg\/#website","url":"https:\/\/macite.tg\/","name":"","description":"L&#039;information, la bonne!!!","potentialAction":[{"@type":"SearchAction","target":{"@type":"EntryPoint","urlTemplate":"https:\/\/macite.tg\/?s={search_term_string}"},"query-input":{"@type":"PropertyValueSpecification","valueRequired":true,"valueName":"search_term_string"}}],"inLanguage":"fr-FR"},{"@type":"Person","@id":"https:\/\/macite.tg\/#\/schema\/person\/e9f2de7e5dbbe7770a9402c7ce82f5c2","name":"Jean Pierre BAWELA","image":{"@type":"ImageObject","inLanguage":"fr-FR","@id":"https:\/\/macite.tg\/wp-content\/uploads\/2023\/09\/WhatsApp-Image-2023-09-19-at-14.44.41-122x122.jpeg","url":"https:\/\/macite.tg\/wp-content\/uploads\/2023\/09\/WhatsApp-Image-2023-09-19-at-14.44.41-122x122.jpeg","contentUrl":"https:\/\/macite.tg\/wp-content\/uploads\/2023\/09\/WhatsApp-Image-2023-09-19-at-14.44.41-122x122.jpeg","caption":"Jean Pierre BAWELA"},"url":"https:\/\/macite.tg\/?author=2"}]}},"_links":{"self":[{"href":"https:\/\/macite.tg\/index.php?rest_route=\/wp\/v2\/posts\/12583","targetHints":{"allow":["GET"]}}],"collection":[{"href":"https:\/\/macite.tg\/index.php?rest_route=\/wp\/v2\/posts"}],"about":[{"href":"https:\/\/macite.tg\/index.php?rest_route=\/wp\/v2\/types\/post"}],"author":[{"embeddable":true,"href":"https:\/\/macite.tg\/index.php?rest_route=\/wp\/v2\/users\/2"}],"replies":[{"embeddable":true,"href":"https:\/\/macite.tg\/index.php?rest_route=%2Fwp%2Fv2%2Fcomments&post=12583"}],"version-history":[{"count":0,"href":"https:\/\/macite.tg\/index.php?rest_route=\/wp\/v2\/posts\/12583\/revisions"}],"wp:featuredmedia":[{"embeddable":true,"href":"https:\/\/macite.tg\/index.php?rest_route=\/wp\/v2\/media\/12588"}],"wp:attachment":[{"href":"https:\/\/macite.tg\/index.php?rest_route=%2Fwp%2Fv2%2Fmedia&parent=12583"}],"wp:term":[{"taxonomy":"category","embeddable":true,"href":"https:\/\/macite.tg\/index.php?rest_route=%2Fwp%2Fv2%2Fcategories&post=12583"},{"taxonomy":"post_tag","embeddable":true,"href":"https:\/\/macite.tg\/index.php?rest_route=%2Fwp%2Fv2%2Ftags&post=12583"}],"curies":[{"name":"wp","href":"https:\/\/api.w.org\/{rel}","templated":true}]}}