{"id":12582,"date":"2024-02-13T12:11:41","date_gmt":"2024-02-13T12:11:41","guid":{"rendered":"https:\/\/macite.tg\/?p=12582"},"modified":"2024-02-13T12:14:11","modified_gmt":"2024-02-13T12:14:11","slug":"renforcement-de-laxe-lome-astana-une-delegation-kazakhstanaise-en-visite-de-travail-a-lome","status":"publish","type":"post","link":"https:\/\/macite.tg\/?p=12582","title":{"rendered":"RENFORCEMENT DE L\u2019AXE LOME &#8211; ASTANA : Une d\u00e9l\u00e9gation kazakhstanaise en visite de travail \u00e0 Lom\u00e9"},"content":{"rendered":"\n<p class=\"wp-block-paragraph\"><strong><em>Du 8 au 10 f\u00e9vrier dernier, une d\u00e9l\u00e9gation de haut niveau du Kazakhstan, \u00e9tait en visite de travail dans la capitale togolaise. Au menu de leur s\u00e9jour en terre togolaise, des s\u00e9ances de travail avec plusieurs membres de l\u2019ex\u00e9cutif, mais \u00e9galement des visites de terrain.<\/em><\/strong><\/p>\n\n\n\n<p class=\"wp-block-paragraph\">Une d\u00e9l\u00e9gation kazakhstanaise mandat\u00e9e par le leader du Kazakhstan, Kassym-Jomart Tokayev, a s\u00e9journ\u00e9, du 8 au 10 f\u00e9vrier dernier, dans la capitale togolaise. Cette d\u00e9l\u00e9gation de haut niveau a \u00e9chang\u00e9 avec des membres du gouvernement togolais, avec \u00e0 leur t\u00eate la Ministre et Secr\u00e9taire g\u00e9n\u00e9rale de la Pr\u00e9sidence de la r\u00e9publique, Sandra Ablamba Johnson.<\/p>\n\n\n<div class=\"wp-block-image\">\n<figure class=\"aligncenter size-large is-resized\"><img loading=\"lazy\" decoding=\"async\" src=\"https:\/\/macite.tg\/wp-content\/uploads\/2024\/02\/IMG-20240212-WA0192-1024x682.jpg\" alt=\"\" class=\"wp-image-12584\" width=\"553\" height=\"368\" srcset=\"https:\/\/macite.tg\/wp-content\/uploads\/2024\/02\/IMG-20240212-WA0192-1024x682.jpg 1024w, https:\/\/macite.tg\/wp-content\/uploads\/2024\/02\/IMG-20240212-WA0192-300x200.jpg 300w, https:\/\/macite.tg\/wp-content\/uploads\/2024\/02\/IMG-20240212-WA0192-768x511.jpg 768w, https:\/\/macite.tg\/wp-content\/uploads\/2024\/02\/IMG-20240212-WA0192-650x434.jpg 650w, https:\/\/macite.tg\/wp-content\/uploads\/2024\/02\/IMG-20240212-WA0192-730x487.jpg 730w, https:\/\/macite.tg\/wp-content\/uploads\/2024\/02\/IMG-20240212-WA0192-112x75.jpg 112w, https:\/\/macite.tg\/wp-content\/uploads\/2024\/02\/IMG-20240212-WA0192-425x283.jpg 425w, https:\/\/macite.tg\/wp-content\/uploads\/2024\/02\/IMG-20240212-WA0192-430x287.jpg 430w, https:\/\/macite.tg\/wp-content\/uploads\/2024\/02\/IMG-20240212-WA0192.jpg 1080w\" sizes=\"auto, (max-width: 553px) 100vw, 553px\" \/><figcaption class=\"wp-element-caption\"><em><strong>Une s\u00e9ance de travail avec les membres des deux d\u00e9l\u00e9gations (Photo illustrative).<\/strong><\/em><\/figcaption><\/figure>\n<\/div>\n\n\n<p class=\"wp-block-paragraph\">L\u2019objectif \u00e9tait de poursuivre les \u00e9changes d\u00e9j\u00e0 entam\u00e9s \u00e0 la suite de la visite officielle du chef de l\u2019Etat togolais, Faure Gnassingb\u00e9, \u00e0 Astana, il y a quelques mois d\u00e9j\u00e0. Elle se veut \u00e9galement de r\u00e9aliser la prospection des domaines de coop\u00e9ration entre les deux pays.<\/p>\n\n\n\n<p class=\"wp-block-paragraph\">Outre donc les s\u00e9ances de travail avec les ministres de l\u2019Economie maritime, Edem Tengu\u00e9\u00a0; de l\u2019Agriculture, Antoine L\u00e9kpa Gb\u00e9gb\u00e9ni\u00a0; du Commerce, Kayi Mivedor-Sambiani\u00a0; et de l\u2019Energie, Mawunyo Aziabl\u00e9, la d\u00e9l\u00e9gation a effectu\u00e9 des visites de terrain afin de s\u2019impr\u00e9gner notamment de l\u2019activit\u00e9 portuaire, mais aussi des ambitions du Togo \u00e0 travers la Plateforme industrielle d\u2019Ad\u00e9tikope (Pia).\u00a0<\/p>\n\n\n<div class=\"wp-block-image\">\n<figure class=\"aligncenter size-full is-resized\"><img loading=\"lazy\" decoding=\"async\" src=\"https:\/\/macite.tg\/wp-content\/uploads\/2024\/02\/425288435_900806342054173_5921783502174539848_n-1.jpg\" alt=\"\" class=\"wp-image-12579\" width=\"531\" height=\"531\" srcset=\"https:\/\/macite.tg\/wp-content\/uploads\/2024\/02\/425288435_900806342054173_5921783502174539848_n-1.jpg 843w, https:\/\/macite.tg\/wp-content\/uploads\/2024\/02\/425288435_900806342054173_5921783502174539848_n-1-300x300.jpg 300w, https:\/\/macite.tg\/wp-content\/uploads\/2024\/02\/425288435_900806342054173_5921783502174539848_n-1-150x150.jpg 150w, https:\/\/macite.tg\/wp-content\/uploads\/2024\/02\/425288435_900806342054173_5921783502174539848_n-1-768x768.jpg 768w, https:\/\/macite.tg\/wp-content\/uploads\/2024\/02\/425288435_900806342054173_5921783502174539848_n-1-122x122.jpg 122w\" sizes=\"auto, (max-width: 531px) 100vw, 531px\" \/><\/figure>\n<\/div>\n\n\n<p class=\"wp-block-paragraph\">Ainsi, \u00e0 l\u2019issue de leur s\u00e9jour, les officiels kazakhstanais, s\u00e9duit par la vision de d\u00e9veloppement du leader togolais, se sont f\u00e9licit\u00e9s du climat de paix et de stabilit\u00e9 qui constitue le socle important pour les investissements et le d\u00e9veloppement de partenariats fructueux. La d\u00e9l\u00e9gation reste favorable \u00e0 la signature d\u2019un m\u00e9morandum d\u2019entente portant sur des projets prioritaires, ceci conform\u00e9ment \u00e0 la volont\u00e9 des deux chefs d\u2019Etat, notamment la concr\u00e9tisation des relations diplomatiques et une coop\u00e9ration active dans les secteurs \u00e0 fort potentiel \u00e9conomique et social.<\/p>\n\n\n\n<p class=\"wp-block-paragraph\">Notons que dans cette dynamique, le Togo a \u00e9t\u00e9 invit\u00e9 \u00e0 la deuxi\u00e8me \u00e9dition du Forum international d\u2019Astana en juin prochain.<\/p>\n\n\n\n<p class=\"wp-block-paragraph\">Notons qu\u2019en novembre dernier, le Chef de l\u2019Etat, Faure Gnassingb\u00e9 avait effectu\u00e9 une visite officielle \u00e0 Astana, \u00e0 l\u2019invitation de son homologue du Kazakhstan, Kassym-Jomart Tokayev.<\/p>\n\n\n\n<p class=\"wp-block-paragraph\"><strong>Mab\u00e9 B.<\/strong><\/p>\n\n\n\n<p class=\"wp-block-paragraph\"><strong><em>@macite.tg&nbsp;&nbsp;&nbsp;&nbsp;<\/em><\/strong><\/p>\n\n\n\n<p class=\"wp-block-paragraph\"><strong><em>E-mail&nbsp;: <\/em><\/strong><a href=\"mailto:maciteinfo@gmail.com\"><strong><em>maciteinfo@gmail.com<\/em><\/strong><\/a><strong><em>; <\/em><\/strong><a href=\"mailto:bawela1@gmail.com\"><strong><em>bawela1@gmail.com<\/em><\/strong><\/a><strong><em><\/em><\/strong><\/p>\n\n\n\n<p class=\"wp-block-paragraph\"><strong><em>Pour vos annonces, (publi)reportages, etc., joignez-nous au (00228)91515309\/<strong>79872224 <\/strong>www.macite.tg, L\u2019information, la bonne&nbsp;!<\/em><\/strong><\/p>\n","protected":false},"excerpt":{"rendered":"<p class=\"text-justify mb-2\" >Du 8 au 10 f\u00e9vrier dernier, une d\u00e9l\u00e9gation de haut niveau du Kazakhstan, \u00e9tait en visite de travail dans la capitale togolaise. Au menu de leur s\u00e9jour en terre togolaise, des s\u00e9ances de travail avec plusieurs membres de l\u2019ex\u00e9cutif, mais \u00e9galement des visites de terrain. [&hellip;]<\/p>\n","protected":false},"author":2,"featured_media":12585,"comment_status":"open","ping_status":"open","sticky":false,"template":"","format":"standard","meta":{"footnotes":""},"categories":[20,16],"tags":[],"class_list":["post-12582","post","type-post","status-publish","format-standard","has-post-thumbnail","hentry","category-actualite","category-cooperation"],"yoast_head":"<!-- This site is optimized with the Yoast SEO plugin v28.4 - https:\/\/yoast.com\/product\/yoast-seo-wordpress\/ -->\n<title>RENFORCEMENT DE L\u2019AXE LOME - ASTANA : Une d\u00e9l\u00e9gation kazakhstanaise en visite de travail \u00e0 Lom\u00e9 -<\/title>\n<meta name=\"robots\" content=\"index, follow, max-snippet:-1, max-image-preview:large, max-video-preview:-1\" \/>\n<link rel=\"canonical\" href=\"https:\/\/macite.tg\/?p=12582\" \/>\n<meta property=\"og:locale\" content=\"fr_FR\" \/>\n<meta property=\"og:type\" content=\"article\" \/>\n<meta property=\"og:title\" content=\"RENFORCEMENT DE L\u2019AXE LOME - ASTANA : Une d\u00e9l\u00e9gation kazakhstanaise en visite de travail \u00e0 Lom\u00e9 -\" \/>\n<meta property=\"og:description\" content=\"Du 8 au 10 f\u00e9vrier dernier, une d\u00e9l\u00e9gation de haut niveau du Kazakhstan, \u00e9tait en visite de travail dans la capitale togolaise. Au menu de leur s\u00e9jour en terre togolaise, des s\u00e9ances de travail avec plusieurs membres de l\u2019ex\u00e9cutif, mais \u00e9galement des visites de terrain. [&hellip;]\" \/>\n<meta property=\"og:url\" content=\"https:\/\/macite.tg\/?p=12582\" \/>\n<meta property=\"article:published_time\" content=\"2024-02-13T12:11:41+00:00\" \/>\n<meta property=\"article:modified_time\" content=\"2024-02-13T12:14:11+00:00\" \/>\n<meta property=\"og:image\" content=\"https:\/\/macite.tg\/wp-content\/uploads\/2024\/02\/IMG-20240212-WA0193.jpg\" \/>\n\t<meta property=\"og:image:width\" content=\"1280\" \/>\n\t<meta property=\"og:image:height\" content=\"832\" \/>\n\t<meta property=\"og:image:type\" content=\"image\/jpeg\" \/>\n<meta name=\"author\" content=\"Jean Pierre BAWELA\" \/>\n<meta name=\"twitter:card\" content=\"summary_large_image\" \/>\n<meta name=\"twitter:label1\" content=\"\u00c9crit par\" \/>\n\t<meta name=\"twitter:data1\" content=\"Jean Pierre BAWELA\" \/>\n\t<meta name=\"twitter:label2\" content=\"Dur\u00e9e de lecture estim\u00e9e\" \/>\n\t<meta name=\"twitter:data2\" content=\"2 minutes\" \/>\n<script type=\"application\/ld+json\" class=\"yoast-schema-graph\">{\"@context\":\"https:\\\/\\\/schema.org\",\"@graph\":[{\"@type\":\"Article\",\"@id\":\"https:\\\/\\\/macite.tg\\\/?p=12582#article\",\"isPartOf\":{\"@id\":\"https:\\\/\\\/macite.tg\\\/?p=12582\"},\"author\":{\"name\":\"Jean Pierre BAWELA\",\"@id\":\"https:\\\/\\\/macite.tg\\\/#\\\/schema\\\/person\\\/e9f2de7e5dbbe7770a9402c7ce82f5c2\"},\"headline\":\"RENFORCEMENT DE L\u2019AXE LOME &#8211; ASTANA : Une d\u00e9l\u00e9gation kazakhstanaise en visite de travail \u00e0 Lom\u00e9\",\"datePublished\":\"2024-02-13T12:11:41+00:00\",\"dateModified\":\"2024-02-13T12:14:11+00:00\",\"mainEntityOfPage\":{\"@id\":\"https:\\\/\\\/macite.tg\\\/?p=12582\"},\"wordCount\":444,\"commentCount\":0,\"image\":{\"@id\":\"https:\\\/\\\/macite.tg\\\/?p=12582#primaryimage\"},\"thumbnailUrl\":\"https:\\\/\\\/macite.tg\\\/wp-content\\\/uploads\\\/2024\\\/02\\\/IMG-20240212-WA0193.jpg\",\"articleSection\":[\"ACTUALITE\",\"COOPERATION\"],\"inLanguage\":\"fr-FR\",\"potentialAction\":[{\"@type\":\"CommentAction\",\"name\":\"Comment\",\"target\":[\"https:\\\/\\\/macite.tg\\\/?p=12582#respond\"]}]},{\"@type\":\"WebPage\",\"@id\":\"https:\\\/\\\/macite.tg\\\/?p=12582\",\"url\":\"https:\\\/\\\/macite.tg\\\/?p=12582\",\"name\":\"RENFORCEMENT DE L\u2019AXE LOME - ASTANA : Une d\u00e9l\u00e9gation kazakhstanaise en visite de travail \u00e0 Lom\u00e9 -\",\"isPartOf\":{\"@id\":\"https:\\\/\\\/macite.tg\\\/#website\"},\"primaryImageOfPage\":{\"@id\":\"https:\\\/\\\/macite.tg\\\/?p=12582#primaryimage\"},\"image\":{\"@id\":\"https:\\\/\\\/macite.tg\\\/?p=12582#primaryimage\"},\"thumbnailUrl\":\"https:\\\/\\\/macite.tg\\\/wp-content\\\/uploads\\\/2024\\\/02\\\/IMG-20240212-WA0193.jpg\",\"datePublished\":\"2024-02-13T12:11:41+00:00\",\"dateModified\":\"2024-02-13T12:14:11+00:00\",\"author\":{\"@id\":\"https:\\\/\\\/macite.tg\\\/#\\\/schema\\\/person\\\/e9f2de7e5dbbe7770a9402c7ce82f5c2\"},\"breadcrumb\":{\"@id\":\"https:\\\/\\\/macite.tg\\\/?p=12582#breadcrumb\"},\"inLanguage\":\"fr-FR\",\"potentialAction\":[{\"@type\":\"ReadAction\",\"target\":[\"https:\\\/\\\/macite.tg\\\/?p=12582\"]}]},{\"@type\":\"ImageObject\",\"inLanguage\":\"fr-FR\",\"@id\":\"https:\\\/\\\/macite.tg\\\/?p=12582#primaryimage\",\"url\":\"https:\\\/\\\/macite.tg\\\/wp-content\\\/uploads\\\/2024\\\/02\\\/IMG-20240212-WA0193.jpg\",\"contentUrl\":\"https:\\\/\\\/macite.tg\\\/wp-content\\\/uploads\\\/2024\\\/02\\\/IMG-20240212-WA0193.jpg\",\"width\":1280,\"height\":832},{\"@type\":\"BreadcrumbList\",\"@id\":\"https:\\\/\\\/macite.tg\\\/?p=12582#breadcrumb\",\"itemListElement\":[{\"@type\":\"ListItem\",\"position\":1,\"name\":\"Accueil\",\"item\":\"https:\\\/\\\/macite.tg\\\/\"},{\"@type\":\"ListItem\",\"position\":2,\"name\":\"RENFORCEMENT DE L\u2019AXE LOME &#8211; ASTANA : Une d\u00e9l\u00e9gation kazakhstanaise en visite de travail \u00e0 Lom\u00e9\"}]},{\"@type\":\"WebSite\",\"@id\":\"https:\\\/\\\/macite.tg\\\/#website\",\"url\":\"https:\\\/\\\/macite.tg\\\/\",\"name\":\"\",\"description\":\"L&#039;information, la bonne!!!\",\"potentialAction\":[{\"@type\":\"SearchAction\",\"target\":{\"@type\":\"EntryPoint\",\"urlTemplate\":\"https:\\\/\\\/macite.tg\\\/?s={search_term_string}\"},\"query-input\":{\"@type\":\"PropertyValueSpecification\",\"valueRequired\":true,\"valueName\":\"search_term_string\"}}],\"inLanguage\":\"fr-FR\"},{\"@type\":\"Person\",\"@id\":\"https:\\\/\\\/macite.tg\\\/#\\\/schema\\\/person\\\/e9f2de7e5dbbe7770a9402c7ce82f5c2\",\"name\":\"Jean Pierre BAWELA\",\"image\":{\"@type\":\"ImageObject\",\"inLanguage\":\"fr-FR\",\"@id\":\"https:\\\/\\\/macite.tg\\\/wp-content\\\/uploads\\\/2023\\\/09\\\/WhatsApp-Image-2023-09-19-at-14.44.41-122x122.jpeg\",\"url\":\"https:\\\/\\\/macite.tg\\\/wp-content\\\/uploads\\\/2023\\\/09\\\/WhatsApp-Image-2023-09-19-at-14.44.41-122x122.jpeg\",\"contentUrl\":\"https:\\\/\\\/macite.tg\\\/wp-content\\\/uploads\\\/2023\\\/09\\\/WhatsApp-Image-2023-09-19-at-14.44.41-122x122.jpeg\",\"caption\":\"Jean Pierre BAWELA\"},\"url\":\"https:\\\/\\\/macite.tg\\\/?author=2\"}]}<\/script>\n<!-- \/ Yoast SEO plugin. -->","yoast_head_json":{"title":"RENFORCEMENT DE L\u2019AXE LOME - ASTANA : Une d\u00e9l\u00e9gation kazakhstanaise en visite de travail \u00e0 Lom\u00e9 -","robots":{"index":"index","follow":"follow","max-snippet":"max-snippet:-1","max-image-preview":"max-image-preview:large","max-video-preview":"max-video-preview:-1"},"canonical":"https:\/\/macite.tg\/?p=12582","og_locale":"fr_FR","og_type":"article","og_title":"RENFORCEMENT DE L\u2019AXE LOME - ASTANA : Une d\u00e9l\u00e9gation kazakhstanaise en visite de travail \u00e0 Lom\u00e9 -","og_description":"Du 8 au 10 f\u00e9vrier dernier, une d\u00e9l\u00e9gation de haut niveau du Kazakhstan, \u00e9tait en visite de travail dans la capitale togolaise. Au menu de leur s\u00e9jour en terre togolaise, des s\u00e9ances de travail avec plusieurs membres de l\u2019ex\u00e9cutif, mais \u00e9galement des visites de terrain. [&hellip;]","og_url":"https:\/\/macite.tg\/?p=12582","article_published_time":"2024-02-13T12:11:41+00:00","article_modified_time":"2024-02-13T12:14:11+00:00","og_image":[{"width":1280,"height":832,"url":"https:\/\/macite.tg\/wp-content\/uploads\/2024\/02\/IMG-20240212-WA0193.jpg","type":"image\/jpeg"}],"author":"Jean Pierre BAWELA","twitter_card":"summary_large_image","twitter_misc":{"\u00c9crit par":"Jean Pierre BAWELA","Dur\u00e9e de lecture estim\u00e9e":"2 minutes"},"schema":{"@context":"https:\/\/schema.org","@graph":[{"@type":"Article","@id":"https:\/\/macite.tg\/?p=12582#article","isPartOf":{"@id":"https:\/\/macite.tg\/?p=12582"},"author":{"name":"Jean Pierre BAWELA","@id":"https:\/\/macite.tg\/#\/schema\/person\/e9f2de7e5dbbe7770a9402c7ce82f5c2"},"headline":"RENFORCEMENT DE L\u2019AXE LOME &#8211; ASTANA : Une d\u00e9l\u00e9gation kazakhstanaise en visite de travail \u00e0 Lom\u00e9","datePublished":"2024-02-13T12:11:41+00:00","dateModified":"2024-02-13T12:14:11+00:00","mainEntityOfPage":{"@id":"https:\/\/macite.tg\/?p=12582"},"wordCount":444,"commentCount":0,"image":{"@id":"https:\/\/macite.tg\/?p=12582#primaryimage"},"thumbnailUrl":"https:\/\/macite.tg\/wp-content\/uploads\/2024\/02\/IMG-20240212-WA0193.jpg","articleSection":["ACTUALITE","COOPERATION"],"inLanguage":"fr-FR","potentialAction":[{"@type":"CommentAction","name":"Comment","target":["https:\/\/macite.tg\/?p=12582#respond"]}]},{"@type":"WebPage","@id":"https:\/\/macite.tg\/?p=12582","url":"https:\/\/macite.tg\/?p=12582","name":"RENFORCEMENT DE L\u2019AXE LOME - ASTANA : Une d\u00e9l\u00e9gation kazakhstanaise en visite de travail \u00e0 Lom\u00e9 -","isPartOf":{"@id":"https:\/\/macite.tg\/#website"},"primaryImageOfPage":{"@id":"https:\/\/macite.tg\/?p=12582#primaryimage"},"image":{"@id":"https:\/\/macite.tg\/?p=12582#primaryimage"},"thumbnailUrl":"https:\/\/macite.tg\/wp-content\/uploads\/2024\/02\/IMG-20240212-WA0193.jpg","datePublished":"2024-02-13T12:11:41+00:00","dateModified":"2024-02-13T12:14:11+00:00","author":{"@id":"https:\/\/macite.tg\/#\/schema\/person\/e9f2de7e5dbbe7770a9402c7ce82f5c2"},"breadcrumb":{"@id":"https:\/\/macite.tg\/?p=12582#breadcrumb"},"inLanguage":"fr-FR","potentialAction":[{"@type":"ReadAction","target":["https:\/\/macite.tg\/?p=12582"]}]},{"@type":"ImageObject","inLanguage":"fr-FR","@id":"https:\/\/macite.tg\/?p=12582#primaryimage","url":"https:\/\/macite.tg\/wp-content\/uploads\/2024\/02\/IMG-20240212-WA0193.jpg","contentUrl":"https:\/\/macite.tg\/wp-content\/uploads\/2024\/02\/IMG-20240212-WA0193.jpg","width":1280,"height":832},{"@type":"BreadcrumbList","@id":"https:\/\/macite.tg\/?p=12582#breadcrumb","itemListElement":[{"@type":"ListItem","position":1,"name":"Accueil","item":"https:\/\/macite.tg\/"},{"@type":"ListItem","position":2,"name":"RENFORCEMENT DE L\u2019AXE LOME &#8211; ASTANA : Une d\u00e9l\u00e9gation kazakhstanaise en visite de travail \u00e0 Lom\u00e9"}]},{"@type":"WebSite","@id":"https:\/\/macite.tg\/#website","url":"https:\/\/macite.tg\/","name":"","description":"L&#039;information, la bonne!!!","potentialAction":[{"@type":"SearchAction","target":{"@type":"EntryPoint","urlTemplate":"https:\/\/macite.tg\/?s={search_term_string}"},"query-input":{"@type":"PropertyValueSpecification","valueRequired":true,"valueName":"search_term_string"}}],"inLanguage":"fr-FR"},{"@type":"Person","@id":"https:\/\/macite.tg\/#\/schema\/person\/e9f2de7e5dbbe7770a9402c7ce82f5c2","name":"Jean Pierre BAWELA","image":{"@type":"ImageObject","inLanguage":"fr-FR","@id":"https:\/\/macite.tg\/wp-content\/uploads\/2023\/09\/WhatsApp-Image-2023-09-19-at-14.44.41-122x122.jpeg","url":"https:\/\/macite.tg\/wp-content\/uploads\/2023\/09\/WhatsApp-Image-2023-09-19-at-14.44.41-122x122.jpeg","contentUrl":"https:\/\/macite.tg\/wp-content\/uploads\/2023\/09\/WhatsApp-Image-2023-09-19-at-14.44.41-122x122.jpeg","caption":"Jean Pierre BAWELA"},"url":"https:\/\/macite.tg\/?author=2"}]}},"_links":{"self":[{"href":"https:\/\/macite.tg\/index.php?rest_route=\/wp\/v2\/posts\/12582","targetHints":{"allow":["GET"]}}],"collection":[{"href":"https:\/\/macite.tg\/index.php?rest_route=\/wp\/v2\/posts"}],"about":[{"href":"https:\/\/macite.tg\/index.php?rest_route=\/wp\/v2\/types\/post"}],"author":[{"embeddable":true,"href":"https:\/\/macite.tg\/index.php?rest_route=\/wp\/v2\/users\/2"}],"replies":[{"embeddable":true,"href":"https:\/\/macite.tg\/index.php?rest_route=%2Fwp%2Fv2%2Fcomments&post=12582"}],"version-history":[{"count":0,"href":"https:\/\/macite.tg\/index.php?rest_route=\/wp\/v2\/posts\/12582\/revisions"}],"wp:featuredmedia":[{"embeddable":true,"href":"https:\/\/macite.tg\/index.php?rest_route=\/wp\/v2\/media\/12585"}],"wp:attachment":[{"href":"https:\/\/macite.tg\/index.php?rest_route=%2Fwp%2Fv2%2Fmedia&parent=12582"}],"wp:term":[{"taxonomy":"category","embeddable":true,"href":"https:\/\/macite.tg\/index.php?rest_route=%2Fwp%2Fv2%2Fcategories&post=12582"},{"taxonomy":"post_tag","embeddable":true,"href":"https:\/\/macite.tg\/index.php?rest_route=%2Fwp%2Fv2%2Ftags&post=12582"}],"curies":[{"name":"wp","href":"https:\/\/api.w.org\/{rel}","templated":true}]}}