{"id":12575,"date":"2024-02-13T11:13:20","date_gmt":"2024-02-13T11:13:20","guid":{"rendered":"https:\/\/macite.tg\/?p=12575"},"modified":"2024-02-13T11:13:41","modified_gmt":"2024-02-13T11:13:41","slug":"classement-fifa-apres-la-can-2023-top-10-des-pays-africains-domine-par-le-maroc","status":"publish","type":"post","link":"https:\/\/macite.tg\/?p=12575","title":{"rendered":"CLASSEMENT FIFA : Apr\u00e8s la Can 2023, \u2026top 10 des pays africains domin\u00e9 par le Maroc"},"content":{"rendered":"\n<h1 class=\"wp-block-heading\"><i class=\"fas fa-pencil-alt\"> <\/i><span><\/h1>\n\n\n\n<p class=\"wp-block-paragraph\"><strong><em>Le classement Fifa devra conna\u00eetre quelques r\u00e9ajustements, surtout apr\u00e8s les r\u00e9sultats issus de la Coupe d\u2019Afrique des Nations (Can) C\u00f4te d\u2019Ivoire 2023. Le trio de t\u00eate, au plan africain, est domin\u00e9 par le Maroc, le S\u00e9n\u00e9gal et le Nigeria.<\/em><\/strong><\/p>\n\n\n\n<p class=\"wp-block-paragraph\">Les rideaux se sont referm\u00e9s sur la 34\u00e8 \u00e9dition de la messe continentale du ballon rond qui a vu le sacre du pays organisateur, la C\u00f4te d\u2019Ivoire. Cette troisi\u00e8me \u00e9toile des El\u00e9phants obtenue \u00e0 l\u2019arrach\u00e9e a profond\u00e9ment d\u00e9jou\u00e9 les pronostics d\u2019avant comp\u00e9tition. Ce qui va d\u2019ailleurs rejaillir sur le classement Fifa de ce mois de f\u00e9vrier, qui doit \u00eatre rendu public d\u2019ici quelques jours.<\/p>\n\n\n<div class=\"wp-block-image\">\n<figure class=\"aligncenter size-full is-resized\"><img loading=\"lazy\" decoding=\"async\" src=\"https:\/\/macite.tg\/wp-content\/uploads\/2024\/02\/425288435_900806342054173_5921783502174539848_n-1.jpg\" alt=\"\" class=\"wp-image-12579\" width=\"513\" height=\"513\" srcset=\"https:\/\/macite.tg\/wp-content\/uploads\/2024\/02\/425288435_900806342054173_5921783502174539848_n-1.jpg 843w, https:\/\/macite.tg\/wp-content\/uploads\/2024\/02\/425288435_900806342054173_5921783502174539848_n-1-300x300.jpg 300w, https:\/\/macite.tg\/wp-content\/uploads\/2024\/02\/425288435_900806342054173_5921783502174539848_n-1-150x150.jpg 150w, https:\/\/macite.tg\/wp-content\/uploads\/2024\/02\/425288435_900806342054173_5921783502174539848_n-1-768x768.jpg 768w, https:\/\/macite.tg\/wp-content\/uploads\/2024\/02\/425288435_900806342054173_5921783502174539848_n-1-122x122.jpg 122w\" sizes=\"auto, (max-width: 513px) 100vw, 513px\" \/><\/figure>\n<\/div>\n\n\n<p class=\"wp-block-paragraph\">Mais d\u2019ores et d\u00e9j\u00e0, les analystes ont d\u00e9j\u00e0 leur point de vue sur ce prochain classement qui jette un coup de projecteur sur l\u2019\u00e9chiquier footballistique africain qui est retouch\u00e9 vu l\u2019\u00e9tat de forme des diff\u00e9rentes nations qui \u00e9taient r\u00e9cemment sur le sol ivoirien.<\/p>\n\n\n\n<p class=\"wp-block-paragraph\">Ainsi, l\u2019Alg\u00e9rie, la Tunisie, perdent des places (-13 places chacun) dans ce classement mondial \u00e0 venir, alors que le S\u00e9n\u00e9gal (17<sup>e<\/sup>) et le Maroc (12<sup>e<\/sup>), malgr\u00e9 leur contre-performance, se retrouvent sur le podium africain et sont respectivement 2<sup>e<\/sup> et 1er.<\/p>\n\n\n\n<p class=\"wp-block-paragraph\">Dans le m\u00eame temps, le Nig\u00e9ria (+14 places) fait son come-back sur le podium (28<sup>e<\/sup>), au d\u00e9triment de la Tunisie (41<sup>e<\/sup>), alors que la C\u00f4te d\u2019Ivoire, gr\u00e2ce \u00e0 son bond (+10 places) pour se classer 39<sup>e<\/sup> mondial.<\/p>\n\n\n\n<p class=\"wp-block-paragraph\"><strong>Voici le probable Top 10 africain au classement Fifa apr\u00e8s la Can 2023 :<\/strong><\/p>\n\n\n\n<p class=\"wp-block-paragraph\">1<sup>er<\/sup> Maroc (12\u00e8me),<\/p>\n\n\n\n<p class=\"wp-block-paragraph\">2<sup>e<\/sup> S\u00e9n\u00e9gal (17\u00e8me),<\/p>\n\n\n<div class=\"wp-block-image\">\n<figure class=\"aligncenter size-large is-resized\"><img loading=\"lazy\" decoding=\"async\" src=\"https:\/\/macite.tg\/wp-content\/uploads\/2024\/02\/GBps6MVW8AAmcgK-819x1024.jpg\" alt=\"\" class=\"wp-image-12370\" width=\"525\" height=\"656\" srcset=\"https:\/\/macite.tg\/wp-content\/uploads\/2024\/02\/GBps6MVW8AAmcgK-819x1024.jpg 819w, https:\/\/macite.tg\/wp-content\/uploads\/2024\/02\/GBps6MVW8AAmcgK-240x300.jpg 240w, https:\/\/macite.tg\/wp-content\/uploads\/2024\/02\/GBps6MVW8AAmcgK-768x960.jpg 768w, https:\/\/macite.tg\/wp-content\/uploads\/2024\/02\/GBps6MVW8AAmcgK.jpg 864w\" sizes=\"auto, (max-width: 525px) 100vw, 525px\" \/><\/figure>\n<\/div>\n\n\n<p class=\"wp-block-paragraph\">3<sup>e<\/sup> Nigeria (28\u00e8me),<\/p>\n\n\n\n<p class=\"wp-block-paragraph\">4<sup>e<\/sup> \u00c9gypte (36\u00e8me),<\/p>\n\n\n\n<p class=\"wp-block-paragraph\">5<sup>e<\/sup> C\u00f4te d\u2019Ivoire (39\u00e8me),<\/p>\n\n\n\n<p class=\"wp-block-paragraph\">6<sup>e<\/sup> Tunisie (41\u00e8me),<\/p>\n\n\n\n<p class=\"wp-block-paragraph\">7<sup>e<\/sup> Alg\u00e9rie (43\u00e8me),<\/p>\n\n\n\n<p class=\"wp-block-paragraph\">8<sup>e<\/sup> Mali (47\u00e8me),<\/p>\n\n\n\n<p class=\"wp-block-paragraph\">9<sup>e<\/sup> Cameroun (51\u00e8me),<\/p>\n\n\n\n<p class=\"wp-block-paragraph\">10<sup>e<\/sup> Afrique du Sud (59\u00e8me).<\/p>\n\n\n\n<p class=\"wp-block-paragraph\"><strong>JPB<\/strong><\/p>\n\n\n\n<p class=\"wp-block-paragraph\"><strong><em>@macite.tg&nbsp;&nbsp;&nbsp;&nbsp;&nbsp;&nbsp;&nbsp;&nbsp;<\/em><\/strong><\/p>\n\n\n\n<p class=\"wp-block-paragraph\"><strong><em>E-mail&nbsp;: <\/em><\/strong><a href=\"mailto:maciteinfo@gmail.com\"><strong><em>maciteinfo@gmail.com<\/em><\/strong><\/a><strong><em>; <\/em><\/strong><a href=\"mailto:bawela1@gmail.com\"><strong><em>bawela1@gmail.com<\/em><\/strong><\/a><strong><em><\/em><\/strong><\/p>\n\n\n\n<p class=\"wp-block-paragraph\"><strong><em>Pour vos annonces, (publi)reportages, etc., joignez-nous au (00228)91515309\/<strong>79872224 <\/strong>www.macite.tg, L\u2019information, la bonne&nbsp;!<\/em><\/strong><\/p>\n","protected":false},"excerpt":{"rendered":"<p class=\"text-justify mb-2\" >Le classement Fifa devra conna\u00eetre quelques r\u00e9ajustements, surtout apr\u00e8s les r\u00e9sultats issus de la Coupe d\u2019Afrique des Nations (Can) C\u00f4te d\u2019Ivoire 2023. Le trio de t\u00eate, au plan africain, est domin\u00e9 par le Maroc, le S\u00e9n\u00e9gal et le Nigeria. Les rideaux se sont referm\u00e9s sur [&hellip;]<\/p>\n","protected":false},"author":2,"featured_media":12578,"comment_status":"open","ping_status":"open","sticky":false,"template":"","format":"standard","meta":{"footnotes":""},"categories":[20,7],"tags":[],"class_list":["post-12575","post","type-post","status-publish","format-standard","has-post-thumbnail","hentry","category-actualite","category-sports"],"yoast_head":"<!-- This site is optimized with the Yoast SEO plugin v28.4 - https:\/\/yoast.com\/product\/yoast-seo-wordpress\/ -->\n<title>CLASSEMENT FIFA : Apr\u00e8s la Can 2023, \u2026top 10 des pays africains domin\u00e9 par le Maroc -<\/title>\n<meta name=\"robots\" content=\"index, follow, max-snippet:-1, max-image-preview:large, max-video-preview:-1\" \/>\n<link rel=\"canonical\" href=\"https:\/\/macite.tg\/?p=12575\" \/>\n<meta property=\"og:locale\" content=\"fr_FR\" \/>\n<meta property=\"og:type\" content=\"article\" \/>\n<meta property=\"og:title\" content=\"CLASSEMENT FIFA : Apr\u00e8s la Can 2023, \u2026top 10 des pays africains domin\u00e9 par le Maroc -\" \/>\n<meta property=\"og:description\" content=\"Le classement Fifa devra conna\u00eetre quelques r\u00e9ajustements, surtout apr\u00e8s les r\u00e9sultats issus de la Coupe d\u2019Afrique des Nations (Can) C\u00f4te d\u2019Ivoire 2023. Le trio de t\u00eate, au plan africain, est domin\u00e9 par le Maroc, le S\u00e9n\u00e9gal et le Nigeria. Les rideaux se sont referm\u00e9s sur [&hellip;]\" \/>\n<meta property=\"og:url\" content=\"https:\/\/macite.tg\/?p=12575\" \/>\n<meta property=\"article:published_time\" content=\"2024-02-13T11:13:20+00:00\" \/>\n<meta property=\"article:modified_time\" content=\"2024-02-13T11:13:41+00:00\" \/>\n<meta property=\"og:image\" content=\"https:\/\/macite.tg\/wp-content\/uploads\/2024\/02\/maroc-vs-senegal.jpg\" \/>\n\t<meta property=\"og:image:width\" content=\"382\" \/>\n\t<meta property=\"og:image:height\" content=\"270\" \/>\n\t<meta property=\"og:image:type\" content=\"image\/jpeg\" \/>\n<meta name=\"author\" content=\"Jean Pierre BAWELA\" \/>\n<meta name=\"twitter:card\" content=\"summary_large_image\" \/>\n<meta name=\"twitter:label1\" content=\"\u00c9crit par\" \/>\n\t<meta name=\"twitter:data1\" content=\"Jean Pierre BAWELA\" \/>\n\t<meta name=\"twitter:label2\" content=\"Dur\u00e9e de lecture estim\u00e9e\" \/>\n\t<meta name=\"twitter:data2\" content=\"2 minutes\" \/>\n<script type=\"application\/ld+json\" class=\"yoast-schema-graph\">{\"@context\":\"https:\\\/\\\/schema.org\",\"@graph\":[{\"@type\":\"Article\",\"@id\":\"https:\\\/\\\/macite.tg\\\/?p=12575#article\",\"isPartOf\":{\"@id\":\"https:\\\/\\\/macite.tg\\\/?p=12575\"},\"author\":{\"name\":\"Jean Pierre BAWELA\",\"@id\":\"https:\\\/\\\/macite.tg\\\/#\\\/schema\\\/person\\\/e9f2de7e5dbbe7770a9402c7ce82f5c2\"},\"headline\":\"CLASSEMENT FIFA : Apr\u00e8s la Can 2023, \u2026top 10 des pays africains domin\u00e9 par le Maroc\",\"datePublished\":\"2024-02-13T11:13:20+00:00\",\"dateModified\":\"2024-02-13T11:13:41+00:00\",\"mainEntityOfPage\":{\"@id\":\"https:\\\/\\\/macite.tg\\\/?p=12575\"},\"wordCount\":356,\"commentCount\":0,\"image\":{\"@id\":\"https:\\\/\\\/macite.tg\\\/?p=12575#primaryimage\"},\"thumbnailUrl\":\"https:\\\/\\\/macite.tg\\\/wp-content\\\/uploads\\\/2024\\\/02\\\/maroc-vs-senegal.jpg\",\"articleSection\":[\"ACTUALITE\",\"SPORTS\"],\"inLanguage\":\"fr-FR\",\"potentialAction\":[{\"@type\":\"CommentAction\",\"name\":\"Comment\",\"target\":[\"https:\\\/\\\/macite.tg\\\/?p=12575#respond\"]}]},{\"@type\":\"WebPage\",\"@id\":\"https:\\\/\\\/macite.tg\\\/?p=12575\",\"url\":\"https:\\\/\\\/macite.tg\\\/?p=12575\",\"name\":\"CLASSEMENT FIFA : Apr\u00e8s la Can 2023, \u2026top 10 des pays africains domin\u00e9 par le Maroc -\",\"isPartOf\":{\"@id\":\"https:\\\/\\\/macite.tg\\\/#website\"},\"primaryImageOfPage\":{\"@id\":\"https:\\\/\\\/macite.tg\\\/?p=12575#primaryimage\"},\"image\":{\"@id\":\"https:\\\/\\\/macite.tg\\\/?p=12575#primaryimage\"},\"thumbnailUrl\":\"https:\\\/\\\/macite.tg\\\/wp-content\\\/uploads\\\/2024\\\/02\\\/maroc-vs-senegal.jpg\",\"datePublished\":\"2024-02-13T11:13:20+00:00\",\"dateModified\":\"2024-02-13T11:13:41+00:00\",\"author\":{\"@id\":\"https:\\\/\\\/macite.tg\\\/#\\\/schema\\\/person\\\/e9f2de7e5dbbe7770a9402c7ce82f5c2\"},\"breadcrumb\":{\"@id\":\"https:\\\/\\\/macite.tg\\\/?p=12575#breadcrumb\"},\"inLanguage\":\"fr-FR\",\"potentialAction\":[{\"@type\":\"ReadAction\",\"target\":[\"https:\\\/\\\/macite.tg\\\/?p=12575\"]}]},{\"@type\":\"ImageObject\",\"inLanguage\":\"fr-FR\",\"@id\":\"https:\\\/\\\/macite.tg\\\/?p=12575#primaryimage\",\"url\":\"https:\\\/\\\/macite.tg\\\/wp-content\\\/uploads\\\/2024\\\/02\\\/maroc-vs-senegal.jpg\",\"contentUrl\":\"https:\\\/\\\/macite.tg\\\/wp-content\\\/uploads\\\/2024\\\/02\\\/maroc-vs-senegal.jpg\",\"width\":382,\"height\":270},{\"@type\":\"BreadcrumbList\",\"@id\":\"https:\\\/\\\/macite.tg\\\/?p=12575#breadcrumb\",\"itemListElement\":[{\"@type\":\"ListItem\",\"position\":1,\"name\":\"Accueil\",\"item\":\"https:\\\/\\\/macite.tg\\\/\"},{\"@type\":\"ListItem\",\"position\":2,\"name\":\"CLASSEMENT FIFA : Apr\u00e8s la Can 2023, \u2026top 10 des pays africains domin\u00e9 par le Maroc\"}]},{\"@type\":\"WebSite\",\"@id\":\"https:\\\/\\\/macite.tg\\\/#website\",\"url\":\"https:\\\/\\\/macite.tg\\\/\",\"name\":\"\",\"description\":\"L&#039;information, la bonne!!!\",\"potentialAction\":[{\"@type\":\"SearchAction\",\"target\":{\"@type\":\"EntryPoint\",\"urlTemplate\":\"https:\\\/\\\/macite.tg\\\/?s={search_term_string}\"},\"query-input\":{\"@type\":\"PropertyValueSpecification\",\"valueRequired\":true,\"valueName\":\"search_term_string\"}}],\"inLanguage\":\"fr-FR\"},{\"@type\":\"Person\",\"@id\":\"https:\\\/\\\/macite.tg\\\/#\\\/schema\\\/person\\\/e9f2de7e5dbbe7770a9402c7ce82f5c2\",\"name\":\"Jean Pierre BAWELA\",\"image\":{\"@type\":\"ImageObject\",\"inLanguage\":\"fr-FR\",\"@id\":\"https:\\\/\\\/macite.tg\\\/wp-content\\\/uploads\\\/2023\\\/09\\\/WhatsApp-Image-2023-09-19-at-14.44.41-122x122.jpeg\",\"url\":\"https:\\\/\\\/macite.tg\\\/wp-content\\\/uploads\\\/2023\\\/09\\\/WhatsApp-Image-2023-09-19-at-14.44.41-122x122.jpeg\",\"contentUrl\":\"https:\\\/\\\/macite.tg\\\/wp-content\\\/uploads\\\/2023\\\/09\\\/WhatsApp-Image-2023-09-19-at-14.44.41-122x122.jpeg\",\"caption\":\"Jean Pierre BAWELA\"},\"url\":\"https:\\\/\\\/macite.tg\\\/?author=2\"}]}<\/script>\n<!-- \/ Yoast SEO plugin. -->","yoast_head_json":{"title":"CLASSEMENT FIFA : Apr\u00e8s la Can 2023, \u2026top 10 des pays africains domin\u00e9 par le Maroc -","robots":{"index":"index","follow":"follow","max-snippet":"max-snippet:-1","max-image-preview":"max-image-preview:large","max-video-preview":"max-video-preview:-1"},"canonical":"https:\/\/macite.tg\/?p=12575","og_locale":"fr_FR","og_type":"article","og_title":"CLASSEMENT FIFA : Apr\u00e8s la Can 2023, \u2026top 10 des pays africains domin\u00e9 par le Maroc -","og_description":"Le classement Fifa devra conna\u00eetre quelques r\u00e9ajustements, surtout apr\u00e8s les r\u00e9sultats issus de la Coupe d\u2019Afrique des Nations (Can) C\u00f4te d\u2019Ivoire 2023. Le trio de t\u00eate, au plan africain, est domin\u00e9 par le Maroc, le S\u00e9n\u00e9gal et le Nigeria. Les rideaux se sont referm\u00e9s sur [&hellip;]","og_url":"https:\/\/macite.tg\/?p=12575","article_published_time":"2024-02-13T11:13:20+00:00","article_modified_time":"2024-02-13T11:13:41+00:00","og_image":[{"width":382,"height":270,"url":"https:\/\/macite.tg\/wp-content\/uploads\/2024\/02\/maroc-vs-senegal.jpg","type":"image\/jpeg"}],"author":"Jean Pierre BAWELA","twitter_card":"summary_large_image","twitter_misc":{"\u00c9crit par":"Jean Pierre BAWELA","Dur\u00e9e de lecture estim\u00e9e":"2 minutes"},"schema":{"@context":"https:\/\/schema.org","@graph":[{"@type":"Article","@id":"https:\/\/macite.tg\/?p=12575#article","isPartOf":{"@id":"https:\/\/macite.tg\/?p=12575"},"author":{"name":"Jean Pierre BAWELA","@id":"https:\/\/macite.tg\/#\/schema\/person\/e9f2de7e5dbbe7770a9402c7ce82f5c2"},"headline":"CLASSEMENT FIFA : Apr\u00e8s la Can 2023, \u2026top 10 des pays africains domin\u00e9 par le Maroc","datePublished":"2024-02-13T11:13:20+00:00","dateModified":"2024-02-13T11:13:41+00:00","mainEntityOfPage":{"@id":"https:\/\/macite.tg\/?p=12575"},"wordCount":356,"commentCount":0,"image":{"@id":"https:\/\/macite.tg\/?p=12575#primaryimage"},"thumbnailUrl":"https:\/\/macite.tg\/wp-content\/uploads\/2024\/02\/maroc-vs-senegal.jpg","articleSection":["ACTUALITE","SPORTS"],"inLanguage":"fr-FR","potentialAction":[{"@type":"CommentAction","name":"Comment","target":["https:\/\/macite.tg\/?p=12575#respond"]}]},{"@type":"WebPage","@id":"https:\/\/macite.tg\/?p=12575","url":"https:\/\/macite.tg\/?p=12575","name":"CLASSEMENT FIFA : Apr\u00e8s la Can 2023, \u2026top 10 des pays africains domin\u00e9 par le Maroc -","isPartOf":{"@id":"https:\/\/macite.tg\/#website"},"primaryImageOfPage":{"@id":"https:\/\/macite.tg\/?p=12575#primaryimage"},"image":{"@id":"https:\/\/macite.tg\/?p=12575#primaryimage"},"thumbnailUrl":"https:\/\/macite.tg\/wp-content\/uploads\/2024\/02\/maroc-vs-senegal.jpg","datePublished":"2024-02-13T11:13:20+00:00","dateModified":"2024-02-13T11:13:41+00:00","author":{"@id":"https:\/\/macite.tg\/#\/schema\/person\/e9f2de7e5dbbe7770a9402c7ce82f5c2"},"breadcrumb":{"@id":"https:\/\/macite.tg\/?p=12575#breadcrumb"},"inLanguage":"fr-FR","potentialAction":[{"@type":"ReadAction","target":["https:\/\/macite.tg\/?p=12575"]}]},{"@type":"ImageObject","inLanguage":"fr-FR","@id":"https:\/\/macite.tg\/?p=12575#primaryimage","url":"https:\/\/macite.tg\/wp-content\/uploads\/2024\/02\/maroc-vs-senegal.jpg","contentUrl":"https:\/\/macite.tg\/wp-content\/uploads\/2024\/02\/maroc-vs-senegal.jpg","width":382,"height":270},{"@type":"BreadcrumbList","@id":"https:\/\/macite.tg\/?p=12575#breadcrumb","itemListElement":[{"@type":"ListItem","position":1,"name":"Accueil","item":"https:\/\/macite.tg\/"},{"@type":"ListItem","position":2,"name":"CLASSEMENT FIFA : Apr\u00e8s la Can 2023, \u2026top 10 des pays africains domin\u00e9 par le Maroc"}]},{"@type":"WebSite","@id":"https:\/\/macite.tg\/#website","url":"https:\/\/macite.tg\/","name":"","description":"L&#039;information, la bonne!!!","potentialAction":[{"@type":"SearchAction","target":{"@type":"EntryPoint","urlTemplate":"https:\/\/macite.tg\/?s={search_term_string}"},"query-input":{"@type":"PropertyValueSpecification","valueRequired":true,"valueName":"search_term_string"}}],"inLanguage":"fr-FR"},{"@type":"Person","@id":"https:\/\/macite.tg\/#\/schema\/person\/e9f2de7e5dbbe7770a9402c7ce82f5c2","name":"Jean Pierre BAWELA","image":{"@type":"ImageObject","inLanguage":"fr-FR","@id":"https:\/\/macite.tg\/wp-content\/uploads\/2023\/09\/WhatsApp-Image-2023-09-19-at-14.44.41-122x122.jpeg","url":"https:\/\/macite.tg\/wp-content\/uploads\/2023\/09\/WhatsApp-Image-2023-09-19-at-14.44.41-122x122.jpeg","contentUrl":"https:\/\/macite.tg\/wp-content\/uploads\/2023\/09\/WhatsApp-Image-2023-09-19-at-14.44.41-122x122.jpeg","caption":"Jean Pierre BAWELA"},"url":"https:\/\/macite.tg\/?author=2"}]}},"_links":{"self":[{"href":"https:\/\/macite.tg\/index.php?rest_route=\/wp\/v2\/posts\/12575","targetHints":{"allow":["GET"]}}],"collection":[{"href":"https:\/\/macite.tg\/index.php?rest_route=\/wp\/v2\/posts"}],"about":[{"href":"https:\/\/macite.tg\/index.php?rest_route=\/wp\/v2\/types\/post"}],"author":[{"embeddable":true,"href":"https:\/\/macite.tg\/index.php?rest_route=\/wp\/v2\/users\/2"}],"replies":[{"embeddable":true,"href":"https:\/\/macite.tg\/index.php?rest_route=%2Fwp%2Fv2%2Fcomments&post=12575"}],"version-history":[{"count":0,"href":"https:\/\/macite.tg\/index.php?rest_route=\/wp\/v2\/posts\/12575\/revisions"}],"wp:featuredmedia":[{"embeddable":true,"href":"https:\/\/macite.tg\/index.php?rest_route=\/wp\/v2\/media\/12578"}],"wp:attachment":[{"href":"https:\/\/macite.tg\/index.php?rest_route=%2Fwp%2Fv2%2Fmedia&parent=12575"}],"wp:term":[{"taxonomy":"category","embeddable":true,"href":"https:\/\/macite.tg\/index.php?rest_route=%2Fwp%2Fv2%2Fcategories&post=12575"},{"taxonomy":"post_tag","embeddable":true,"href":"https:\/\/macite.tg\/index.php?rest_route=%2Fwp%2Fv2%2Ftags&post=12575"}],"curies":[{"name":"wp","href":"https:\/\/api.w.org\/{rel}","templated":true}]}}