{"id":12315,"date":"2024-02-01T16:51:46","date_gmt":"2024-02-01T16:51:46","guid":{"rendered":"https:\/\/macite.tg\/?p=12315"},"modified":"2024-02-01T17:06:05","modified_gmt":"2024-02-01T17:06:05","slug":"taxe-professionnelle-unique-tpu-le-controle-de-son-paiement-debute-ce-1er-fevrier","status":"publish","type":"post","link":"https:\/\/macite.tg\/?p=12315","title":{"rendered":"TAXE PROFESSIONNELLE UNIQUE (TPU) : Le contr\u00f4le de son paiement a d\u00e9marr\u00e9 ce 1er f\u00e9vrier"},"content":{"rendered":"\n<p class=\"wp-block-paragraph\"><strong><em>La Taxe professionnelle unique (Tpu), commun\u00e9ment appel\u00e9e \u2018\u2019trimestre\u2019\u2019, est encore d\u2019actualit\u00e9 en cette ann\u00e9e 2024. Dans un communiqu\u00e9 en date du 19 janvier 2024, l\u2019Office togolais des recettes (Otr) annonce que les contr\u00f4les relatifs au paiement de cette taxe vont d\u00e9marrer ce jeudi 1<sup>er<\/sup> f\u00e9vrier.<\/em><\/strong><\/p>\n\n\n\n<p class=\"wp-block-paragraph\">A compter de ce jeudi 1<sup>er<\/sup> f\u00e9vrier, les contr\u00f4les du paiement de la Taxe professionnelle unique (Tpu) ont d\u00e9marr\u00e9 sur l\u2019ensemble du territoire national. L\u2019annonce a \u00e9t\u00e9 faite, le 19 janvier 2024, par voie de presse par l\u2019Office togolais des recettes (Otr).<\/p>\n\n\n<div class=\"wp-block-image\">\n<figure class=\"aligncenter size-full is-resized\"><img loading=\"lazy\" decoding=\"async\" src=\"https:\/\/macite.tg\/wp-content\/uploads\/2024\/02\/425288435_900806342054173_5921783502174539848_n.jpg\" alt=\"\" class=\"wp-image-12321\" width=\"470\" height=\"470\" srcset=\"https:\/\/macite.tg\/wp-content\/uploads\/2024\/02\/425288435_900806342054173_5921783502174539848_n.jpg 843w, https:\/\/macite.tg\/wp-content\/uploads\/2024\/02\/425288435_900806342054173_5921783502174539848_n-300x300.jpg 300w, https:\/\/macite.tg\/wp-content\/uploads\/2024\/02\/425288435_900806342054173_5921783502174539848_n-150x150.jpg 150w, https:\/\/macite.tg\/wp-content\/uploads\/2024\/02\/425288435_900806342054173_5921783502174539848_n-768x768.jpg 768w, https:\/\/macite.tg\/wp-content\/uploads\/2024\/02\/425288435_900806342054173_5921783502174539848_n-122x122.jpg 122w\" sizes=\"auto, (max-width: 470px) 100vw, 470px\" \/><\/figure>\n<\/div>\n\n\n<p class=\"wp-block-paragraph\">La perception de la Tpu, commun\u00e9ment appel\u00e9e \u2018\u2019trimestre\u2019\u2019, indique l\u2019Otr, \u00ab&nbsp;<em>se poursuit au titre du quatri\u00e8me trimestre 2023 conform\u00e9ment aux dispositions de l\u2019article 57 du livre des proc\u00e9dures fiscales<\/em>&nbsp;\u00bb, qui a profit\u00e9 de l\u2019occasion pour appeler les transporteurs concern\u00e9s, \u00e0 se conformer aux dispositions aff\u00e9rentes.<\/p>\n\n\n\n<p class=\"wp-block-paragraph\">Notons que l\u2019administration fiscale, la Tpu se calcule sur une base base forfaitairement d\u00e9termin\u00e9e et sur le chiffre d&rsquo;affaires estim\u00e9 par l&rsquo;administration fiscale. Des grilles tarifaires, selon le poids \u00e9conomique de chaque cat\u00e9gorie de v\u00e9hicule, notamment le nombre de places et le tonnage, sont d\u00e9finies dans l\u2019optique de pr\u00e9server l\u2019\u00e9quit\u00e9 dans le payement de cette taxe.<\/p>\n\n\n<div class=\"wp-block-image\">\n<figure class=\"aligncenter size-full is-resized\"><img loading=\"lazy\" decoding=\"async\" src=\"https:\/\/macite.tg\/wp-content\/uploads\/2024\/02\/status_me_status_IMG-20240131-WA0118.jpg\" alt=\"\" class=\"wp-image-12322\" width=\"631\" height=\"897\" srcset=\"https:\/\/macite.tg\/wp-content\/uploads\/2024\/02\/status_me_status_IMG-20240131-WA0118.jpg 720w, https:\/\/macite.tg\/wp-content\/uploads\/2024\/02\/status_me_status_IMG-20240131-WA0118-211x300.jpg 211w\" sizes=\"auto, (max-width: 631px) 100vw, 631px\" \/><\/figure>\n<\/div>\n\n\n<p class=\"wp-block-paragraph\"><strong>La R\u00e9daction<\/strong><\/p>\n\n\n\n<p class=\"wp-block-paragraph\"><a><strong><em>@macite.tg&nbsp;&nbsp;&nbsp;&nbsp;&nbsp;&nbsp;&nbsp;&nbsp;<\/em><\/strong><\/a><\/p>\n\n\n\n<p class=\"wp-block-paragraph\"><strong><em>E-mail&nbsp;: <\/em><\/strong><a href=\"mailto:maciteinfo@gmail.com\"><strong><em>maciteinfo@gmail.com<\/em><\/strong><\/a><strong><em>; <\/em><\/strong><a href=\"mailto:bawela1@gmail.com\"><strong><em>bawela1@gmail.com<\/em><\/strong><\/a><strong><em><\/em><\/strong><\/p>\n\n\n\n<p class=\"wp-block-paragraph\"><strong><em>Pour vos annonces, (publi)reportages, etc., joignez-nous au (00228)91515309\/<strong>79872224 <\/strong>www.macite.tg, L\u2019information, la bonne&nbsp;!<\/em><\/strong><\/p>\n","protected":false},"excerpt":{"rendered":"<p class=\"text-justify mb-2\" >La Taxe professionnelle unique (Tpu), commun\u00e9ment appel\u00e9e \u2018\u2019trimestre\u2019\u2019, est encore d\u2019actualit\u00e9 en cette ann\u00e9e 2024. Dans un communiqu\u00e9 en date du 19 janvier 2024, l\u2019Office togolais des recettes (Otr) annonce que les contr\u00f4les relatifs au paiement de cette taxe vont d\u00e9marrer ce jeudi 1er f\u00e9vrier. [&hellip;]<\/p>\n","protected":false},"author":2,"featured_media":12324,"comment_status":"open","ping_status":"open","sticky":false,"template":"","format":"standard","meta":{"footnotes":""},"categories":[20,41],"tags":[],"class_list":["post-12315","post","type-post","status-publish","format-standard","has-post-thumbnail","hentry","category-actualite","category-transports"],"yoast_head":"<!-- This site is optimized with the Yoast SEO plugin v28.4 - https:\/\/yoast.com\/product\/yoast-seo-wordpress\/ -->\n<title>TAXE PROFESSIONNELLE UNIQUE (TPU) : Le contr\u00f4le de son paiement a d\u00e9marr\u00e9 ce 1er f\u00e9vrier -<\/title>\n<meta name=\"robots\" content=\"index, follow, max-snippet:-1, max-image-preview:large, max-video-preview:-1\" \/>\n<link rel=\"canonical\" href=\"https:\/\/macite.tg\/?p=12315\" \/>\n<meta property=\"og:locale\" content=\"fr_FR\" \/>\n<meta property=\"og:type\" content=\"article\" \/>\n<meta property=\"og:title\" content=\"TAXE PROFESSIONNELLE UNIQUE (TPU) : Le contr\u00f4le de son paiement a d\u00e9marr\u00e9 ce 1er f\u00e9vrier -\" \/>\n<meta property=\"og:description\" content=\"La Taxe professionnelle unique (Tpu), commun\u00e9ment appel\u00e9e \u2018\u2019trimestre\u2019\u2019, est encore d\u2019actualit\u00e9 en cette ann\u00e9e 2024. Dans un communiqu\u00e9 en date du 19 janvier 2024, l\u2019Office togolais des recettes (Otr) annonce que les contr\u00f4les relatifs au paiement de cette taxe vont d\u00e9marrer ce jeudi 1er f\u00e9vrier. [&hellip;]\" \/>\n<meta property=\"og:url\" content=\"https:\/\/macite.tg\/?p=12315\" \/>\n<meta property=\"article:published_time\" content=\"2024-02-01T16:51:46+00:00\" \/>\n<meta property=\"article:modified_time\" content=\"2024-02-01T17:06:05+00:00\" \/>\n<meta property=\"og:image\" content=\"https:\/\/macite.tg\/wp-content\/uploads\/2024\/02\/Otrrraaa.jpg\" \/>\n\t<meta property=\"og:image:width\" content=\"291\" \/>\n\t<meta property=\"og:image:height\" content=\"270\" \/>\n\t<meta property=\"og:image:type\" content=\"image\/jpeg\" \/>\n<meta name=\"author\" content=\"Jean Pierre BAWELA\" \/>\n<meta name=\"twitter:card\" content=\"summary_large_image\" \/>\n<meta name=\"twitter:label1\" content=\"\u00c9crit par\" \/>\n\t<meta name=\"twitter:data1\" content=\"Jean Pierre BAWELA\" \/>\n\t<meta name=\"twitter:label2\" content=\"Dur\u00e9e de lecture estim\u00e9e\" \/>\n\t<meta name=\"twitter:data2\" content=\"1 minute\" \/>\n<script type=\"application\/ld+json\" class=\"yoast-schema-graph\">{\"@context\":\"https:\\\/\\\/schema.org\",\"@graph\":[{\"@type\":\"Article\",\"@id\":\"https:\\\/\\\/macite.tg\\\/?p=12315#article\",\"isPartOf\":{\"@id\":\"https:\\\/\\\/macite.tg\\\/?p=12315\"},\"author\":{\"name\":\"Jean Pierre BAWELA\",\"@id\":\"https:\\\/\\\/macite.tg\\\/#\\\/schema\\\/person\\\/e9f2de7e5dbbe7770a9402c7ce82f5c2\"},\"headline\":\"TAXE PROFESSIONNELLE UNIQUE (TPU) : Le contr\u00f4le de son paiement a d\u00e9marr\u00e9 ce 1er f\u00e9vrier\",\"datePublished\":\"2024-02-01T16:51:46+00:00\",\"dateModified\":\"2024-02-01T17:06:05+00:00\",\"mainEntityOfPage\":{\"@id\":\"https:\\\/\\\/macite.tg\\\/?p=12315\"},\"wordCount\":271,\"commentCount\":0,\"image\":{\"@id\":\"https:\\\/\\\/macite.tg\\\/?p=12315#primaryimage\"},\"thumbnailUrl\":\"https:\\\/\\\/macite.tg\\\/wp-content\\\/uploads\\\/2024\\\/02\\\/Otrrraaa.jpg\",\"articleSection\":[\"ACTUALITE\",\"TRANSPORTS\"],\"inLanguage\":\"fr-FR\",\"potentialAction\":[{\"@type\":\"CommentAction\",\"name\":\"Comment\",\"target\":[\"https:\\\/\\\/macite.tg\\\/?p=12315#respond\"]}]},{\"@type\":\"WebPage\",\"@id\":\"https:\\\/\\\/macite.tg\\\/?p=12315\",\"url\":\"https:\\\/\\\/macite.tg\\\/?p=12315\",\"name\":\"TAXE PROFESSIONNELLE UNIQUE (TPU) : Le contr\u00f4le de son paiement a d\u00e9marr\u00e9 ce 1er f\u00e9vrier -\",\"isPartOf\":{\"@id\":\"https:\\\/\\\/macite.tg\\\/#website\"},\"primaryImageOfPage\":{\"@id\":\"https:\\\/\\\/macite.tg\\\/?p=12315#primaryimage\"},\"image\":{\"@id\":\"https:\\\/\\\/macite.tg\\\/?p=12315#primaryimage\"},\"thumbnailUrl\":\"https:\\\/\\\/macite.tg\\\/wp-content\\\/uploads\\\/2024\\\/02\\\/Otrrraaa.jpg\",\"datePublished\":\"2024-02-01T16:51:46+00:00\",\"dateModified\":\"2024-02-01T17:06:05+00:00\",\"author\":{\"@id\":\"https:\\\/\\\/macite.tg\\\/#\\\/schema\\\/person\\\/e9f2de7e5dbbe7770a9402c7ce82f5c2\"},\"breadcrumb\":{\"@id\":\"https:\\\/\\\/macite.tg\\\/?p=12315#breadcrumb\"},\"inLanguage\":\"fr-FR\",\"potentialAction\":[{\"@type\":\"ReadAction\",\"target\":[\"https:\\\/\\\/macite.tg\\\/?p=12315\"]}]},{\"@type\":\"ImageObject\",\"inLanguage\":\"fr-FR\",\"@id\":\"https:\\\/\\\/macite.tg\\\/?p=12315#primaryimage\",\"url\":\"https:\\\/\\\/macite.tg\\\/wp-content\\\/uploads\\\/2024\\\/02\\\/Otrrraaa.jpg\",\"contentUrl\":\"https:\\\/\\\/macite.tg\\\/wp-content\\\/uploads\\\/2024\\\/02\\\/Otrrraaa.jpg\",\"width\":291,\"height\":270},{\"@type\":\"BreadcrumbList\",\"@id\":\"https:\\\/\\\/macite.tg\\\/?p=12315#breadcrumb\",\"itemListElement\":[{\"@type\":\"ListItem\",\"position\":1,\"name\":\"Accueil\",\"item\":\"https:\\\/\\\/macite.tg\\\/\"},{\"@type\":\"ListItem\",\"position\":2,\"name\":\"TAXE PROFESSIONNELLE UNIQUE (TPU) : Le contr\u00f4le de son paiement a d\u00e9marr\u00e9 ce 1er f\u00e9vrier\"}]},{\"@type\":\"WebSite\",\"@id\":\"https:\\\/\\\/macite.tg\\\/#website\",\"url\":\"https:\\\/\\\/macite.tg\\\/\",\"name\":\"\",\"description\":\"L&#039;information, la bonne!!!\",\"potentialAction\":[{\"@type\":\"SearchAction\",\"target\":{\"@type\":\"EntryPoint\",\"urlTemplate\":\"https:\\\/\\\/macite.tg\\\/?s={search_term_string}\"},\"query-input\":{\"@type\":\"PropertyValueSpecification\",\"valueRequired\":true,\"valueName\":\"search_term_string\"}}],\"inLanguage\":\"fr-FR\"},{\"@type\":\"Person\",\"@id\":\"https:\\\/\\\/macite.tg\\\/#\\\/schema\\\/person\\\/e9f2de7e5dbbe7770a9402c7ce82f5c2\",\"name\":\"Jean Pierre BAWELA\",\"image\":{\"@type\":\"ImageObject\",\"inLanguage\":\"fr-FR\",\"@id\":\"https:\\\/\\\/macite.tg\\\/wp-content\\\/uploads\\\/2023\\\/09\\\/WhatsApp-Image-2023-09-19-at-14.44.41-122x122.jpeg\",\"url\":\"https:\\\/\\\/macite.tg\\\/wp-content\\\/uploads\\\/2023\\\/09\\\/WhatsApp-Image-2023-09-19-at-14.44.41-122x122.jpeg\",\"contentUrl\":\"https:\\\/\\\/macite.tg\\\/wp-content\\\/uploads\\\/2023\\\/09\\\/WhatsApp-Image-2023-09-19-at-14.44.41-122x122.jpeg\",\"caption\":\"Jean Pierre BAWELA\"},\"url\":\"https:\\\/\\\/macite.tg\\\/?author=2\"}]}<\/script>\n<!-- \/ Yoast SEO plugin. -->","yoast_head_json":{"title":"TAXE PROFESSIONNELLE UNIQUE (TPU) : Le contr\u00f4le de son paiement a d\u00e9marr\u00e9 ce 1er f\u00e9vrier -","robots":{"index":"index","follow":"follow","max-snippet":"max-snippet:-1","max-image-preview":"max-image-preview:large","max-video-preview":"max-video-preview:-1"},"canonical":"https:\/\/macite.tg\/?p=12315","og_locale":"fr_FR","og_type":"article","og_title":"TAXE PROFESSIONNELLE UNIQUE (TPU) : Le contr\u00f4le de son paiement a d\u00e9marr\u00e9 ce 1er f\u00e9vrier -","og_description":"La Taxe professionnelle unique (Tpu), commun\u00e9ment appel\u00e9e \u2018\u2019trimestre\u2019\u2019, est encore d\u2019actualit\u00e9 en cette ann\u00e9e 2024. Dans un communiqu\u00e9 en date du 19 janvier 2024, l\u2019Office togolais des recettes (Otr) annonce que les contr\u00f4les relatifs au paiement de cette taxe vont d\u00e9marrer ce jeudi 1er f\u00e9vrier. [&hellip;]","og_url":"https:\/\/macite.tg\/?p=12315","article_published_time":"2024-02-01T16:51:46+00:00","article_modified_time":"2024-02-01T17:06:05+00:00","og_image":[{"width":291,"height":270,"url":"https:\/\/macite.tg\/wp-content\/uploads\/2024\/02\/Otrrraaa.jpg","type":"image\/jpeg"}],"author":"Jean Pierre BAWELA","twitter_card":"summary_large_image","twitter_misc":{"\u00c9crit par":"Jean Pierre BAWELA","Dur\u00e9e de lecture estim\u00e9e":"1 minute"},"schema":{"@context":"https:\/\/schema.org","@graph":[{"@type":"Article","@id":"https:\/\/macite.tg\/?p=12315#article","isPartOf":{"@id":"https:\/\/macite.tg\/?p=12315"},"author":{"name":"Jean Pierre BAWELA","@id":"https:\/\/macite.tg\/#\/schema\/person\/e9f2de7e5dbbe7770a9402c7ce82f5c2"},"headline":"TAXE PROFESSIONNELLE UNIQUE (TPU) : Le contr\u00f4le de son paiement a d\u00e9marr\u00e9 ce 1er f\u00e9vrier","datePublished":"2024-02-01T16:51:46+00:00","dateModified":"2024-02-01T17:06:05+00:00","mainEntityOfPage":{"@id":"https:\/\/macite.tg\/?p=12315"},"wordCount":271,"commentCount":0,"image":{"@id":"https:\/\/macite.tg\/?p=12315#primaryimage"},"thumbnailUrl":"https:\/\/macite.tg\/wp-content\/uploads\/2024\/02\/Otrrraaa.jpg","articleSection":["ACTUALITE","TRANSPORTS"],"inLanguage":"fr-FR","potentialAction":[{"@type":"CommentAction","name":"Comment","target":["https:\/\/macite.tg\/?p=12315#respond"]}]},{"@type":"WebPage","@id":"https:\/\/macite.tg\/?p=12315","url":"https:\/\/macite.tg\/?p=12315","name":"TAXE PROFESSIONNELLE UNIQUE (TPU) : Le contr\u00f4le de son paiement a d\u00e9marr\u00e9 ce 1er f\u00e9vrier -","isPartOf":{"@id":"https:\/\/macite.tg\/#website"},"primaryImageOfPage":{"@id":"https:\/\/macite.tg\/?p=12315#primaryimage"},"image":{"@id":"https:\/\/macite.tg\/?p=12315#primaryimage"},"thumbnailUrl":"https:\/\/macite.tg\/wp-content\/uploads\/2024\/02\/Otrrraaa.jpg","datePublished":"2024-02-01T16:51:46+00:00","dateModified":"2024-02-01T17:06:05+00:00","author":{"@id":"https:\/\/macite.tg\/#\/schema\/person\/e9f2de7e5dbbe7770a9402c7ce82f5c2"},"breadcrumb":{"@id":"https:\/\/macite.tg\/?p=12315#breadcrumb"},"inLanguage":"fr-FR","potentialAction":[{"@type":"ReadAction","target":["https:\/\/macite.tg\/?p=12315"]}]},{"@type":"ImageObject","inLanguage":"fr-FR","@id":"https:\/\/macite.tg\/?p=12315#primaryimage","url":"https:\/\/macite.tg\/wp-content\/uploads\/2024\/02\/Otrrraaa.jpg","contentUrl":"https:\/\/macite.tg\/wp-content\/uploads\/2024\/02\/Otrrraaa.jpg","width":291,"height":270},{"@type":"BreadcrumbList","@id":"https:\/\/macite.tg\/?p=12315#breadcrumb","itemListElement":[{"@type":"ListItem","position":1,"name":"Accueil","item":"https:\/\/macite.tg\/"},{"@type":"ListItem","position":2,"name":"TAXE PROFESSIONNELLE UNIQUE (TPU) : Le contr\u00f4le de son paiement a d\u00e9marr\u00e9 ce 1er f\u00e9vrier"}]},{"@type":"WebSite","@id":"https:\/\/macite.tg\/#website","url":"https:\/\/macite.tg\/","name":"","description":"L&#039;information, la bonne!!!","potentialAction":[{"@type":"SearchAction","target":{"@type":"EntryPoint","urlTemplate":"https:\/\/macite.tg\/?s={search_term_string}"},"query-input":{"@type":"PropertyValueSpecification","valueRequired":true,"valueName":"search_term_string"}}],"inLanguage":"fr-FR"},{"@type":"Person","@id":"https:\/\/macite.tg\/#\/schema\/person\/e9f2de7e5dbbe7770a9402c7ce82f5c2","name":"Jean Pierre BAWELA","image":{"@type":"ImageObject","inLanguage":"fr-FR","@id":"https:\/\/macite.tg\/wp-content\/uploads\/2023\/09\/WhatsApp-Image-2023-09-19-at-14.44.41-122x122.jpeg","url":"https:\/\/macite.tg\/wp-content\/uploads\/2023\/09\/WhatsApp-Image-2023-09-19-at-14.44.41-122x122.jpeg","contentUrl":"https:\/\/macite.tg\/wp-content\/uploads\/2023\/09\/WhatsApp-Image-2023-09-19-at-14.44.41-122x122.jpeg","caption":"Jean Pierre BAWELA"},"url":"https:\/\/macite.tg\/?author=2"}]}},"_links":{"self":[{"href":"https:\/\/macite.tg\/index.php?rest_route=\/wp\/v2\/posts\/12315","targetHints":{"allow":["GET"]}}],"collection":[{"href":"https:\/\/macite.tg\/index.php?rest_route=\/wp\/v2\/posts"}],"about":[{"href":"https:\/\/macite.tg\/index.php?rest_route=\/wp\/v2\/types\/post"}],"author":[{"embeddable":true,"href":"https:\/\/macite.tg\/index.php?rest_route=\/wp\/v2\/users\/2"}],"replies":[{"embeddable":true,"href":"https:\/\/macite.tg\/index.php?rest_route=%2Fwp%2Fv2%2Fcomments&post=12315"}],"version-history":[{"count":0,"href":"https:\/\/macite.tg\/index.php?rest_route=\/wp\/v2\/posts\/12315\/revisions"}],"wp:featuredmedia":[{"embeddable":true,"href":"https:\/\/macite.tg\/index.php?rest_route=\/wp\/v2\/media\/12324"}],"wp:attachment":[{"href":"https:\/\/macite.tg\/index.php?rest_route=%2Fwp%2Fv2%2Fmedia&parent=12315"}],"wp:term":[{"taxonomy":"category","embeddable":true,"href":"https:\/\/macite.tg\/index.php?rest_route=%2Fwp%2Fv2%2Fcategories&post=12315"},{"taxonomy":"post_tag","embeddable":true,"href":"https:\/\/macite.tg\/index.php?rest_route=%2Fwp%2Fv2%2Ftags&post=12315"}],"curies":[{"name":"wp","href":"https:\/\/api.w.org\/{rel}","templated":true}]}}