{"id":12314,"date":"2024-02-01T15:57:22","date_gmt":"2024-02-01T15:57:22","guid":{"rendered":"https:\/\/macite.tg\/?p=12314"},"modified":"2024-02-01T15:57:38","modified_gmt":"2024-02-01T15:57:38","slug":"can-2023-accusations-de-corrompus-contre-la-caf-la-sanction-tombe-contre-krepin-diatta-et-comagnie","status":"publish","type":"post","link":"https:\/\/macite.tg\/?p=12314","title":{"rendered":"CAN 2023\/ACCUSATIONS DE \u00ab\u00a0CORROMPUS\u00a0\u00bb CONTRE LA CAF : La sanction tombe contre Kr\u00e9pin Diatta et cie"},"content":{"rendered":"\n<h1 class=\"wp-block-heading\"><i class=\"fas fa-pencil-alt\"> <\/i><span><\/h1>\n\n\n\n<p class=\"wp-block-paragraph\"><strong><em>Kr\u00e9pin Diatta ou encore Romain Sa\u00efss ont critiqu\u00e9 vertement l\u2019arbitrage de la Can 2023, la Caf r\u00e9agit enfin. Le Secr\u00e9taire g\u00e9n\u00e9ral de la CAF a tenu une conf\u00e9rence de presse, lors de l\u2019\u00e9v\u00e9nement \u00ab Kick and Learn \u00bb organis\u00e9 au Lyc\u00e9e Classique d\u2019Abidjan. Il a saisi cette occasion pour exprimer son opinion sur l\u2019arbitrage, qu\u2019il estime \u00eatre de qualit\u00e9 sup\u00e9rieure.<\/em><\/strong><\/p>\n\n\n\n<p class=\"wp-block-paragraph\">En marge de la 34e \u00e9dition de la Coupe d\u2019Afrique des Nations (Can) et de la Journ\u00e9e internationale de l\u2019\u00e9ducation, la Caf\u00a0a lanc\u00e9, ce 1<sup>er<\/sup> f\u00e9vrier au Lyc\u00e9e Classique d\u2019Abidjan son initiative <em>\u00ab Kick and Learn \u00bb,<\/em> visant \u00e0 promouvoir les valeurs de l\u2019\u00e9ducation sur le continent.<\/p>\n\n\n<div class=\"wp-block-image\">\n<figure class=\"aligncenter size-full\"><img loading=\"lazy\" decoding=\"async\" width=\"485\" height=\"607\" src=\"https:\/\/macite.tg\/wp-content\/uploads\/2024\/01\/421269101_894081102726697_4923617785280576181_n.jpg\" alt=\"\" class=\"wp-image-12058\" srcset=\"https:\/\/macite.tg\/wp-content\/uploads\/2024\/01\/421269101_894081102726697_4923617785280576181_n.jpg 485w, https:\/\/macite.tg\/wp-content\/uploads\/2024\/01\/421269101_894081102726697_4923617785280576181_n-240x300.jpg 240w\" sizes=\"auto, (max-width: 485px) 100vw, 485px\" \/><\/figure>\n<\/div>\n\n\n<p class=\"wp-block-paragraph\">Pendant cette c\u00e9r\u00e9monie, le Secr\u00e9taire g\u00e9n\u00e9ral de la Caf, Veron Mosengo, a \u00e9t\u00e9 interrog\u00e9 sur les r\u00e9centes pol\u00e9miques entourant l\u2019arbitrage de la Can en cours en C\u00f4te d\u2019Ivoire. R\u00e9agissant aux critiques sur la qualit\u00e9 de l\u2019arbitrage, Veron Mosengo a exprim\u00e9 son \u00e9tonnement, soulignant la satisfaction g\u00e9n\u00e9rale \u00e0 cet \u00e9gard.<\/p>\n\n\n\n<p class=\"wp-block-paragraph\"><em>\u00ab Je suis surpris par votre question. Jusqu\u2019\u00e0 pr\u00e9sent, nous avons entendu que l\u2019arbitrage est excellent et de haut niveau. En ce qui concerne les plaintes concernant la Var, vous savez que lorsqu\u2019on gagne, on consid\u00e8re toujours que l\u2019arbitrage est bon, et lorsque nous perdons, nous disons qu\u2019il est mauvais. C\u2019est un d\u00e9bat que je pr\u00e9f\u00e8re \u00e9viter. Tout le monde a le droit de critiquer, mais je ne me sens pas vis\u00e9. Critiquer la Caf est l\u00e9gitime, mais il faut \u00eatre juste \u00bb,<\/em>&nbsp;a r\u00e9pondu le Congolais.<\/p>\n\n\n\n<p class=\"wp-block-paragraph\">Ensuite, le Secr\u00e9taire g\u00e9n\u00e9ral de la Caf a salu\u00e9 l\u2019introduction de la Var, qu\u2019il estime \u00eatre d\u2019une grande valeur ajout\u00e9e pour l\u2019arbitrage :&nbsp;<em>\u00ab Nous avons mis en place la Var, qui a consid\u00e9rablement aid\u00e9 l\u2019arbitrage\u2026 Ces d\u00e9bats visent \u00e0 d\u00e9nigrer notre comp\u00e9tition. Soyons honn\u00eates, le niveau actuel de l\u2019arbitrage est excellent, et nous devons le reconna\u00eetre \u00bb,<\/em>&nbsp;a-t-il expliqu\u00e9.<\/p>\n\n\n<div class=\"wp-block-image\">\n<figure class=\"aligncenter size-large is-resized\"><img loading=\"lazy\" decoding=\"async\" src=\"https:\/\/macite.tg\/wp-content\/uploads\/2024\/01\/GBps6MVW8AAmcgK-3-819x1024.jpg\" alt=\"\" class=\"wp-image-12056\" width=\"514\" height=\"643\" srcset=\"https:\/\/macite.tg\/wp-content\/uploads\/2024\/01\/GBps6MVW8AAmcgK-3-819x1024.jpg 819w, https:\/\/macite.tg\/wp-content\/uploads\/2024\/01\/GBps6MVW8AAmcgK-3-240x300.jpg 240w, https:\/\/macite.tg\/wp-content\/uploads\/2024\/01\/GBps6MVW8AAmcgK-3-768x960.jpg 768w, https:\/\/macite.tg\/wp-content\/uploads\/2024\/01\/GBps6MVW8AAmcgK-3.jpg 864w\" sizes=\"auto, (max-width: 514px) 100vw, 514px\" \/><\/figure>\n<\/div>\n\n\n<p class=\"wp-block-paragraph\">Cependant, l\u2019arbitrage lors de cette 34e \u00e9dition de la Can est l\u2019objet de nombreuses critiques. Les matchs Alg\u00e9rie \u2013 Mauritanie et S\u00e9n\u00e9gal \u2013 C\u00f4te d\u2019Ivoire, entre autres, ont \u00e9t\u00e9 marqu\u00e9s par de nombreuses contestations, en raison de situations litigieuses dont le traitement a parfois sembl\u00e9 partial.<\/p>\n\n\n\n<p class=\"wp-block-paragraph\"><strong>SeneNews<\/strong><\/p>\n\n\n\n<p class=\"wp-block-paragraph\"><a><strong><em>@macite.tg&nbsp;&nbsp;&nbsp;&nbsp;&nbsp;&nbsp;&nbsp;&nbsp;<\/em><\/strong><\/a><\/p>\n\n\n\n<p class=\"wp-block-paragraph\"><strong><em>E-mail&nbsp;: <\/em><\/strong><a href=\"mailto:maciteinfo@gmail.com\"><strong><em>maciteinfo@gmail.com<\/em><\/strong><\/a><strong><em>; <\/em><\/strong><a href=\"mailto:bawela1@gmail.com\"><strong><em>bawela1@gmail.com<\/em><\/strong><\/a><strong><em><\/em><\/strong><\/p>\n\n\n\n<p class=\"wp-block-paragraph\"><strong><em>Pour vos annonces, (publi)reportages, etc., joignez-nous au (00228)91515309\/<strong>79872224 <\/strong>www.macite.tg, L\u2019information, la bonne&nbsp;!<\/em><\/strong><\/p>\n","protected":false},"excerpt":{"rendered":"<p class=\"text-justify mb-2\" >Kr\u00e9pin Diatta ou encore Romain Sa\u00efss ont critiqu\u00e9 vertement l\u2019arbitrage de la Can 2023, la Caf r\u00e9agit enfin. Le Secr\u00e9taire g\u00e9n\u00e9ral de la CAF a tenu une conf\u00e9rence de presse, lors de l\u2019\u00e9v\u00e9nement \u00ab Kick and Learn \u00bb organis\u00e9 au Lyc\u00e9e Classique d\u2019Abidjan. Il a [&hellip;]<\/p>\n","protected":false},"author":2,"featured_media":12317,"comment_status":"open","ping_status":"open","sticky":false,"template":"","format":"standard","meta":{"footnotes":""},"categories":[20,7],"tags":[],"class_list":["post-12314","post","type-post","status-publish","format-standard","has-post-thumbnail","hentry","category-actualite","category-sports"],"yoast_head":"<!-- This site is optimized with the Yoast SEO plugin v28.4 - https:\/\/yoast.com\/product\/yoast-seo-wordpress\/ -->\n<title>CAN 2023\/ACCUSATIONS DE \u00ab\u00a0CORROMPUS\u00a0\u00bb CONTRE LA CAF : La sanction tombe contre Kr\u00e9pin Diatta et cie -<\/title>\n<meta name=\"robots\" content=\"index, follow, max-snippet:-1, max-image-preview:large, max-video-preview:-1\" \/>\n<link rel=\"canonical\" href=\"https:\/\/macite.tg\/?p=12314\" \/>\n<meta property=\"og:locale\" content=\"fr_FR\" \/>\n<meta property=\"og:type\" content=\"article\" \/>\n<meta property=\"og:title\" content=\"CAN 2023\/ACCUSATIONS DE \u00ab\u00a0CORROMPUS\u00a0\u00bb CONTRE LA CAF : La sanction tombe contre Kr\u00e9pin Diatta et cie -\" \/>\n<meta property=\"og:description\" content=\"Kr\u00e9pin Diatta ou encore Romain Sa\u00efss ont critiqu\u00e9 vertement l\u2019arbitrage de la Can 2023, la Caf r\u00e9agit enfin. Le Secr\u00e9taire g\u00e9n\u00e9ral de la CAF a tenu une conf\u00e9rence de presse, lors de l\u2019\u00e9v\u00e9nement \u00ab Kick and Learn \u00bb organis\u00e9 au Lyc\u00e9e Classique d\u2019Abidjan. Il a [&hellip;]\" \/>\n<meta property=\"og:url\" content=\"https:\/\/macite.tg\/?p=12314\" \/>\n<meta property=\"article:published_time\" content=\"2024-02-01T15:57:22+00:00\" \/>\n<meta property=\"article:modified_time\" content=\"2024-02-01T15:57:38+00:00\" \/>\n<meta property=\"og:image\" content=\"https:\/\/macite.tg\/wp-content\/uploads\/2024\/02\/image-2.png\" \/>\n\t<meta property=\"og:image:width\" content=\"696\" \/>\n\t<meta property=\"og:image:height\" content=\"319\" \/>\n\t<meta property=\"og:image:type\" content=\"image\/png\" \/>\n<meta name=\"author\" content=\"Jean Pierre BAWELA\" \/>\n<meta name=\"twitter:card\" content=\"summary_large_image\" \/>\n<meta name=\"twitter:label1\" content=\"\u00c9crit par\" \/>\n\t<meta name=\"twitter:data1\" content=\"Jean Pierre BAWELA\" \/>\n\t<meta name=\"twitter:label2\" content=\"Dur\u00e9e de lecture estim\u00e9e\" \/>\n\t<meta name=\"twitter:data2\" content=\"2 minutes\" \/>\n<script type=\"application\/ld+json\" class=\"yoast-schema-graph\">{\"@context\":\"https:\\\/\\\/schema.org\",\"@graph\":[{\"@type\":\"Article\",\"@id\":\"https:\\\/\\\/macite.tg\\\/?p=12314#article\",\"isPartOf\":{\"@id\":\"https:\\\/\\\/macite.tg\\\/?p=12314\"},\"author\":{\"name\":\"Jean Pierre BAWELA\",\"@id\":\"https:\\\/\\\/macite.tg\\\/#\\\/schema\\\/person\\\/e9f2de7e5dbbe7770a9402c7ce82f5c2\"},\"headline\":\"CAN 2023\\\/ACCUSATIONS DE \u00ab\u00a0CORROMPUS\u00a0\u00bb CONTRE LA CAF : La sanction tombe contre Kr\u00e9pin Diatta et cie\",\"datePublished\":\"2024-02-01T15:57:22+00:00\",\"dateModified\":\"2024-02-01T15:57:38+00:00\",\"mainEntityOfPage\":{\"@id\":\"https:\\\/\\\/macite.tg\\\/?p=12314\"},\"wordCount\":461,\"commentCount\":0,\"image\":{\"@id\":\"https:\\\/\\\/macite.tg\\\/?p=12314#primaryimage\"},\"thumbnailUrl\":\"https:\\\/\\\/macite.tg\\\/wp-content\\\/uploads\\\/2024\\\/02\\\/image-2.png\",\"articleSection\":[\"ACTUALITE\",\"SPORTS\"],\"inLanguage\":\"fr-FR\",\"potentialAction\":[{\"@type\":\"CommentAction\",\"name\":\"Comment\",\"target\":[\"https:\\\/\\\/macite.tg\\\/?p=12314#respond\"]}]},{\"@type\":\"WebPage\",\"@id\":\"https:\\\/\\\/macite.tg\\\/?p=12314\",\"url\":\"https:\\\/\\\/macite.tg\\\/?p=12314\",\"name\":\"CAN 2023\\\/ACCUSATIONS DE \u00ab\u00a0CORROMPUS\u00a0\u00bb CONTRE LA CAF : La sanction tombe contre Kr\u00e9pin Diatta et cie -\",\"isPartOf\":{\"@id\":\"https:\\\/\\\/macite.tg\\\/#website\"},\"primaryImageOfPage\":{\"@id\":\"https:\\\/\\\/macite.tg\\\/?p=12314#primaryimage\"},\"image\":{\"@id\":\"https:\\\/\\\/macite.tg\\\/?p=12314#primaryimage\"},\"thumbnailUrl\":\"https:\\\/\\\/macite.tg\\\/wp-content\\\/uploads\\\/2024\\\/02\\\/image-2.png\",\"datePublished\":\"2024-02-01T15:57:22+00:00\",\"dateModified\":\"2024-02-01T15:57:38+00:00\",\"author\":{\"@id\":\"https:\\\/\\\/macite.tg\\\/#\\\/schema\\\/person\\\/e9f2de7e5dbbe7770a9402c7ce82f5c2\"},\"breadcrumb\":{\"@id\":\"https:\\\/\\\/macite.tg\\\/?p=12314#breadcrumb\"},\"inLanguage\":\"fr-FR\",\"potentialAction\":[{\"@type\":\"ReadAction\",\"target\":[\"https:\\\/\\\/macite.tg\\\/?p=12314\"]}]},{\"@type\":\"ImageObject\",\"inLanguage\":\"fr-FR\",\"@id\":\"https:\\\/\\\/macite.tg\\\/?p=12314#primaryimage\",\"url\":\"https:\\\/\\\/macite.tg\\\/wp-content\\\/uploads\\\/2024\\\/02\\\/image-2.png\",\"contentUrl\":\"https:\\\/\\\/macite.tg\\\/wp-content\\\/uploads\\\/2024\\\/02\\\/image-2.png\",\"width\":696,\"height\":319},{\"@type\":\"BreadcrumbList\",\"@id\":\"https:\\\/\\\/macite.tg\\\/?p=12314#breadcrumb\",\"itemListElement\":[{\"@type\":\"ListItem\",\"position\":1,\"name\":\"Accueil\",\"item\":\"https:\\\/\\\/macite.tg\\\/\"},{\"@type\":\"ListItem\",\"position\":2,\"name\":\"CAN 2023\\\/ACCUSATIONS DE \u00ab\u00a0CORROMPUS\u00a0\u00bb CONTRE LA CAF : La sanction tombe contre Kr\u00e9pin Diatta et cie\"}]},{\"@type\":\"WebSite\",\"@id\":\"https:\\\/\\\/macite.tg\\\/#website\",\"url\":\"https:\\\/\\\/macite.tg\\\/\",\"name\":\"\",\"description\":\"L&#039;information, la bonne!!!\",\"potentialAction\":[{\"@type\":\"SearchAction\",\"target\":{\"@type\":\"EntryPoint\",\"urlTemplate\":\"https:\\\/\\\/macite.tg\\\/?s={search_term_string}\"},\"query-input\":{\"@type\":\"PropertyValueSpecification\",\"valueRequired\":true,\"valueName\":\"search_term_string\"}}],\"inLanguage\":\"fr-FR\"},{\"@type\":\"Person\",\"@id\":\"https:\\\/\\\/macite.tg\\\/#\\\/schema\\\/person\\\/e9f2de7e5dbbe7770a9402c7ce82f5c2\",\"name\":\"Jean Pierre BAWELA\",\"image\":{\"@type\":\"ImageObject\",\"inLanguage\":\"fr-FR\",\"@id\":\"https:\\\/\\\/macite.tg\\\/wp-content\\\/uploads\\\/2023\\\/09\\\/WhatsApp-Image-2023-09-19-at-14.44.41-122x122.jpeg\",\"url\":\"https:\\\/\\\/macite.tg\\\/wp-content\\\/uploads\\\/2023\\\/09\\\/WhatsApp-Image-2023-09-19-at-14.44.41-122x122.jpeg\",\"contentUrl\":\"https:\\\/\\\/macite.tg\\\/wp-content\\\/uploads\\\/2023\\\/09\\\/WhatsApp-Image-2023-09-19-at-14.44.41-122x122.jpeg\",\"caption\":\"Jean Pierre BAWELA\"},\"url\":\"https:\\\/\\\/macite.tg\\\/?author=2\"}]}<\/script>\n<!-- \/ Yoast SEO plugin. -->","yoast_head_json":{"title":"CAN 2023\/ACCUSATIONS DE \u00ab\u00a0CORROMPUS\u00a0\u00bb CONTRE LA CAF : La sanction tombe contre Kr\u00e9pin Diatta et cie -","robots":{"index":"index","follow":"follow","max-snippet":"max-snippet:-1","max-image-preview":"max-image-preview:large","max-video-preview":"max-video-preview:-1"},"canonical":"https:\/\/macite.tg\/?p=12314","og_locale":"fr_FR","og_type":"article","og_title":"CAN 2023\/ACCUSATIONS DE \u00ab\u00a0CORROMPUS\u00a0\u00bb CONTRE LA CAF : La sanction tombe contre Kr\u00e9pin Diatta et cie -","og_description":"Kr\u00e9pin Diatta ou encore Romain Sa\u00efss ont critiqu\u00e9 vertement l\u2019arbitrage de la Can 2023, la Caf r\u00e9agit enfin. Le Secr\u00e9taire g\u00e9n\u00e9ral de la CAF a tenu une conf\u00e9rence de presse, lors de l\u2019\u00e9v\u00e9nement \u00ab Kick and Learn \u00bb organis\u00e9 au Lyc\u00e9e Classique d\u2019Abidjan. Il a [&hellip;]","og_url":"https:\/\/macite.tg\/?p=12314","article_published_time":"2024-02-01T15:57:22+00:00","article_modified_time":"2024-02-01T15:57:38+00:00","og_image":[{"width":696,"height":319,"url":"https:\/\/macite.tg\/wp-content\/uploads\/2024\/02\/image-2.png","type":"image\/png"}],"author":"Jean Pierre BAWELA","twitter_card":"summary_large_image","twitter_misc":{"\u00c9crit par":"Jean Pierre BAWELA","Dur\u00e9e de lecture estim\u00e9e":"2 minutes"},"schema":{"@context":"https:\/\/schema.org","@graph":[{"@type":"Article","@id":"https:\/\/macite.tg\/?p=12314#article","isPartOf":{"@id":"https:\/\/macite.tg\/?p=12314"},"author":{"name":"Jean Pierre BAWELA","@id":"https:\/\/macite.tg\/#\/schema\/person\/e9f2de7e5dbbe7770a9402c7ce82f5c2"},"headline":"CAN 2023\/ACCUSATIONS DE \u00ab\u00a0CORROMPUS\u00a0\u00bb CONTRE LA CAF : La sanction tombe contre Kr\u00e9pin Diatta et cie","datePublished":"2024-02-01T15:57:22+00:00","dateModified":"2024-02-01T15:57:38+00:00","mainEntityOfPage":{"@id":"https:\/\/macite.tg\/?p=12314"},"wordCount":461,"commentCount":0,"image":{"@id":"https:\/\/macite.tg\/?p=12314#primaryimage"},"thumbnailUrl":"https:\/\/macite.tg\/wp-content\/uploads\/2024\/02\/image-2.png","articleSection":["ACTUALITE","SPORTS"],"inLanguage":"fr-FR","potentialAction":[{"@type":"CommentAction","name":"Comment","target":["https:\/\/macite.tg\/?p=12314#respond"]}]},{"@type":"WebPage","@id":"https:\/\/macite.tg\/?p=12314","url":"https:\/\/macite.tg\/?p=12314","name":"CAN 2023\/ACCUSATIONS DE \u00ab\u00a0CORROMPUS\u00a0\u00bb CONTRE LA CAF : La sanction tombe contre Kr\u00e9pin Diatta et cie -","isPartOf":{"@id":"https:\/\/macite.tg\/#website"},"primaryImageOfPage":{"@id":"https:\/\/macite.tg\/?p=12314#primaryimage"},"image":{"@id":"https:\/\/macite.tg\/?p=12314#primaryimage"},"thumbnailUrl":"https:\/\/macite.tg\/wp-content\/uploads\/2024\/02\/image-2.png","datePublished":"2024-02-01T15:57:22+00:00","dateModified":"2024-02-01T15:57:38+00:00","author":{"@id":"https:\/\/macite.tg\/#\/schema\/person\/e9f2de7e5dbbe7770a9402c7ce82f5c2"},"breadcrumb":{"@id":"https:\/\/macite.tg\/?p=12314#breadcrumb"},"inLanguage":"fr-FR","potentialAction":[{"@type":"ReadAction","target":["https:\/\/macite.tg\/?p=12314"]}]},{"@type":"ImageObject","inLanguage":"fr-FR","@id":"https:\/\/macite.tg\/?p=12314#primaryimage","url":"https:\/\/macite.tg\/wp-content\/uploads\/2024\/02\/image-2.png","contentUrl":"https:\/\/macite.tg\/wp-content\/uploads\/2024\/02\/image-2.png","width":696,"height":319},{"@type":"BreadcrumbList","@id":"https:\/\/macite.tg\/?p=12314#breadcrumb","itemListElement":[{"@type":"ListItem","position":1,"name":"Accueil","item":"https:\/\/macite.tg\/"},{"@type":"ListItem","position":2,"name":"CAN 2023\/ACCUSATIONS DE \u00ab\u00a0CORROMPUS\u00a0\u00bb CONTRE LA CAF : La sanction tombe contre Kr\u00e9pin Diatta et cie"}]},{"@type":"WebSite","@id":"https:\/\/macite.tg\/#website","url":"https:\/\/macite.tg\/","name":"","description":"L&#039;information, la bonne!!!","potentialAction":[{"@type":"SearchAction","target":{"@type":"EntryPoint","urlTemplate":"https:\/\/macite.tg\/?s={search_term_string}"},"query-input":{"@type":"PropertyValueSpecification","valueRequired":true,"valueName":"search_term_string"}}],"inLanguage":"fr-FR"},{"@type":"Person","@id":"https:\/\/macite.tg\/#\/schema\/person\/e9f2de7e5dbbe7770a9402c7ce82f5c2","name":"Jean Pierre BAWELA","image":{"@type":"ImageObject","inLanguage":"fr-FR","@id":"https:\/\/macite.tg\/wp-content\/uploads\/2023\/09\/WhatsApp-Image-2023-09-19-at-14.44.41-122x122.jpeg","url":"https:\/\/macite.tg\/wp-content\/uploads\/2023\/09\/WhatsApp-Image-2023-09-19-at-14.44.41-122x122.jpeg","contentUrl":"https:\/\/macite.tg\/wp-content\/uploads\/2023\/09\/WhatsApp-Image-2023-09-19-at-14.44.41-122x122.jpeg","caption":"Jean Pierre BAWELA"},"url":"https:\/\/macite.tg\/?author=2"}]}},"_links":{"self":[{"href":"https:\/\/macite.tg\/index.php?rest_route=\/wp\/v2\/posts\/12314","targetHints":{"allow":["GET"]}}],"collection":[{"href":"https:\/\/macite.tg\/index.php?rest_route=\/wp\/v2\/posts"}],"about":[{"href":"https:\/\/macite.tg\/index.php?rest_route=\/wp\/v2\/types\/post"}],"author":[{"embeddable":true,"href":"https:\/\/macite.tg\/index.php?rest_route=\/wp\/v2\/users\/2"}],"replies":[{"embeddable":true,"href":"https:\/\/macite.tg\/index.php?rest_route=%2Fwp%2Fv2%2Fcomments&post=12314"}],"version-history":[{"count":0,"href":"https:\/\/macite.tg\/index.php?rest_route=\/wp\/v2\/posts\/12314\/revisions"}],"wp:featuredmedia":[{"embeddable":true,"href":"https:\/\/macite.tg\/index.php?rest_route=\/wp\/v2\/media\/12317"}],"wp:attachment":[{"href":"https:\/\/macite.tg\/index.php?rest_route=%2Fwp%2Fv2%2Fmedia&parent=12314"}],"wp:term":[{"taxonomy":"category","embeddable":true,"href":"https:\/\/macite.tg\/index.php?rest_route=%2Fwp%2Fv2%2Fcategories&post=12314"},{"taxonomy":"post_tag","embeddable":true,"href":"https:\/\/macite.tg\/index.php?rest_route=%2Fwp%2Fv2%2Ftags&post=12314"}],"curies":[{"name":"wp","href":"https:\/\/api.w.org\/{rel}","templated":true}]}}