{"id":12300,"date":"2024-01-31T19:13:56","date_gmt":"2024-01-31T19:13:56","guid":{"rendered":"https:\/\/macite.tg\/?p=12300"},"modified":"2024-01-31T19:18:44","modified_gmt":"2024-01-31T19:18:44","slug":"quand-lelimination-du-senegal-a-la-can-2023-passe-mal-aliou-cisse-hue-par-des-supporters-video","status":"publish","type":"post","link":"https:\/\/macite.tg\/?p=12300","title":{"rendered":"QUAND L\u2019ELIMINATION DU SENEGAL A LA CAN 2023 PASSE MAL : Aliou Ciss\u00e9 hu\u00e9 par des supporters (vid\u00e9o)"},"content":{"rendered":"\n<p class=\"wp-block-paragraph\"><strong><em>Le s\u00e9lectionneur de l\u2019\u00e9quipe nationale du S\u00e9n\u00e9gal, Aliou Ciss\u00e9, a \u00e9t\u00e9 confront\u00e9 \u00e0 une r\u00e9ception agit\u00e9e \u00e0 son retour au pays.<\/em> <em>La pilule de l\u2019\u00e9limination du champion en titre aux huiti\u00e8mes de finales, est mal per\u00e7ue par certains supporters qui ont tenu \u00e0 l\u2019exprimer\u2026<\/em><\/strong><\/p>\n\n\n\n<p class=\"wp-block-paragraph\">\u00c0 son arriv\u00e9e \u00e0 l\u2019a\u00e9roport en provenance de la C\u00f4te d\u2019Ivoire o\u00f9 s\u2019est d\u00e9roul\u00e9e la Coupe d\u2019Afrique des Nations (Can) 2023, quelques personnes ont exprim\u00e9 leur m\u00e9contentement envers lui.<\/p>\n\n\n<div class=\"wp-block-image\">\n<figure class=\"aligncenter size-full\"><img loading=\"lazy\" decoding=\"async\" width=\"485\" height=\"607\" src=\"https:\/\/macite.tg\/wp-content\/uploads\/2024\/01\/421269101_894081102726697_4923617785280576181_n.jpg\" alt=\"\" class=\"wp-image-12058\" srcset=\"https:\/\/macite.tg\/wp-content\/uploads\/2024\/01\/421269101_894081102726697_4923617785280576181_n.jpg 485w, https:\/\/macite.tg\/wp-content\/uploads\/2024\/01\/421269101_894081102726697_4923617785280576181_n-240x300.jpg 240w\" sizes=\"auto, (max-width: 485px) 100vw, 485px\" \/><\/figure>\n<\/div>\n\n\n<p class=\"wp-block-paragraph\">Les supporters, manifestement contrari\u00e9s par l\u2019\u00e9limination des <em>\u00abLions de la T\u00e9ranga&nbsp;\u00bb <\/em>en huiti\u00e8mes de finale par la C\u00f4te d\u2019Ivoire, ont hu\u00e9 le technicien s\u00e9n\u00e9galais, lui lan\u00e7ant des cris de d\u00e9sapprobation<em>.<\/em><\/p>\n\n\n\n<p class=\"wp-block-paragraph\"><em>\u00ab&nbsp;Khamo dara (tu es nul)&nbsp;\u00bb<\/em>, ont-ils scand\u00e9, montrant ainsi leur frustration et leur d\u00e9ception suite \u00e0 ce r\u00e9sultat inattendu.<\/p>\n\n\n\n<p class=\"wp-block-paragraph\">Cette r\u00e9action t\u00e9moigne de l\u2019ampleur des attentes plac\u00e9es sur l\u2019\u00e9quipe nationale et son entra\u00eeneur, qui ont \u00e9t\u00e9 incapables de r\u00e9pondre aux espoirs des supporters s\u00e9n\u00e9galais lors de ce tournoi continental.<\/p>\n\n\n<div class=\"wp-block-image\">\n<figure class=\"aligncenter size-large is-resized\"><img loading=\"lazy\" decoding=\"async\" src=\"https:\/\/macite.tg\/wp-content\/uploads\/2024\/01\/GBps6MVW8AAmcgK-3-819x1024.jpg\" alt=\"\" class=\"wp-image-12056\" width=\"509\" height=\"636\" srcset=\"https:\/\/macite.tg\/wp-content\/uploads\/2024\/01\/GBps6MVW8AAmcgK-3-819x1024.jpg 819w, https:\/\/macite.tg\/wp-content\/uploads\/2024\/01\/GBps6MVW8AAmcgK-3-240x300.jpg 240w, https:\/\/macite.tg\/wp-content\/uploads\/2024\/01\/GBps6MVW8AAmcgK-3-768x960.jpg 768w, https:\/\/macite.tg\/wp-content\/uploads\/2024\/01\/GBps6MVW8AAmcgK-3.jpg 864w\" sizes=\"auto, (max-width: 509px) 100vw, 509px\" \/><\/figure>\n<\/div>\n\n\n<p class=\"wp-block-paragraph\">Aliou Ciss\u00e9, qui avait men\u00e9 l\u2019\u00e9quipe en finale de la Can en 2021, se retrouve d\u00e9sormais confront\u00e9 \u00e0 des critiques acerbes \u00e0 son retour au pays.<\/p>\n\n\n\n<p class=\"wp-block-paragraph\">Alors que certains vont jusqu\u2019\u00e0 r\u00e9clamer sa d\u00e9mission, question qui a m\u00eame \u00e9t\u00e9 abord\u00e9e lors de la conf\u00e9rence d\u2019apr\u00e8s match, le s\u00e9lectionneur des Lions de la Teranga s\u2019en remet aux autorit\u00e9s sportives pour d\u00e9cider des suites \u00e0 donner de cet \u00e9chec.<\/p>\n\n\n\n<figure class=\"wp-block-embed is-type-video is-provider-youtube wp-block-embed-youtube wp-embed-aspect-16-9 wp-has-aspect-ratio\"><div class=\"wp-block-embed__wrapper\">\nhttps:\/\/youtu.be\/kuJe-FUpZXk?t=5\n<\/div><\/figure>\n\n\n\n<p class=\"wp-block-paragraph\"><strong>Avec<\/strong> <strong>SeneNews<\/strong><\/p>\n\n\n\n<p class=\"wp-block-paragraph\"><strong><em>@macite.tg&nbsp;&nbsp;&nbsp;&nbsp;&nbsp;&nbsp;&nbsp;&nbsp;<\/em><\/strong><\/p>\n\n\n\n<p class=\"wp-block-paragraph\"><strong><em>E-mail&nbsp;: <\/em><\/strong><strong><a href=\"mailto:maciteinfo@gmail.com\"><em>maciteinfo@gmail.com<\/em><\/a><\/strong><strong><em>; <\/em><\/strong><strong><a href=\"mailto:bawela1@gmail.com\"><em>bawela1@gmail.com<\/em><\/a><\/strong><strong><em><\/em><\/strong><\/p>\n\n\n\n<p class=\"wp-block-paragraph\"><strong><em>Pour vos annonces, (publi)reportages, etc., joignez-nous au (00228)91515309\/<\/em><\/strong><strong><em>79872224 <\/em><\/strong><strong><em>www.macite.tg, L\u2019information, la bonne&nbsp;!<\/em><\/strong><\/p>\n","protected":false},"excerpt":{"rendered":"<p class=\"text-justify mb-2\" >Le s\u00e9lectionneur de l\u2019\u00e9quipe nationale du S\u00e9n\u00e9gal, Aliou Ciss\u00e9, a \u00e9t\u00e9 confront\u00e9 \u00e0 une r\u00e9ception agit\u00e9e \u00e0 son retour au pays. La pilule de l\u2019\u00e9limination du champion en titre aux huiti\u00e8mes de finales, est mal per\u00e7ue par certains supporters qui ont tenu \u00e0 l\u2019exprimer\u2026 \u00c0 [&hellip;]<\/p>\n","protected":false},"author":2,"featured_media":12301,"comment_status":"open","ping_status":"open","sticky":false,"template":"","format":"standard","meta":{"footnotes":""},"categories":[20,7],"tags":[],"class_list":["post-12300","post","type-post","status-publish","format-standard","has-post-thumbnail","hentry","category-actualite","category-sports"],"yoast_head":"<!-- This site is optimized with the Yoast SEO plugin v28.4 - https:\/\/yoast.com\/product\/yoast-seo-wordpress\/ -->\n<title>QUAND L\u2019ELIMINATION DU SENEGAL A LA CAN 2023 PASSE MAL : Aliou Ciss\u00e9 hu\u00e9 par des supporters (vid\u00e9o) -<\/title>\n<meta name=\"robots\" content=\"index, follow, max-snippet:-1, max-image-preview:large, max-video-preview:-1\" \/>\n<link rel=\"canonical\" href=\"https:\/\/macite.tg\/?p=12300\" \/>\n<meta property=\"og:locale\" content=\"fr_FR\" \/>\n<meta property=\"og:type\" content=\"article\" \/>\n<meta property=\"og:title\" content=\"QUAND L\u2019ELIMINATION DU SENEGAL A LA CAN 2023 PASSE MAL : Aliou Ciss\u00e9 hu\u00e9 par des supporters (vid\u00e9o) -\" \/>\n<meta property=\"og:description\" content=\"Le s\u00e9lectionneur de l\u2019\u00e9quipe nationale du S\u00e9n\u00e9gal, Aliou Ciss\u00e9, a \u00e9t\u00e9 confront\u00e9 \u00e0 une r\u00e9ception agit\u00e9e \u00e0 son retour au pays. La pilule de l\u2019\u00e9limination du champion en titre aux huiti\u00e8mes de finales, est mal per\u00e7ue par certains supporters qui ont tenu \u00e0 l\u2019exprimer\u2026 \u00c0 [&hellip;]\" \/>\n<meta property=\"og:url\" content=\"https:\/\/macite.tg\/?p=12300\" \/>\n<meta property=\"article:published_time\" content=\"2024-01-31T19:13:56+00:00\" \/>\n<meta property=\"article:modified_time\" content=\"2024-01-31T19:18:44+00:00\" \/>\n<meta property=\"og:image\" content=\"https:\/\/macite.tg\/wp-content\/uploads\/2024\/01\/whatsapp-image-2024-01-31-at-14.57.28-696x410-1.jpeg\" \/>\n\t<meta property=\"og:image:width\" content=\"696\" \/>\n\t<meta property=\"og:image:height\" content=\"410\" \/>\n\t<meta property=\"og:image:type\" content=\"image\/jpeg\" \/>\n<meta name=\"author\" content=\"Jean Pierre BAWELA\" \/>\n<meta name=\"twitter:card\" content=\"summary_large_image\" \/>\n<meta name=\"twitter:label1\" content=\"\u00c9crit par\" \/>\n\t<meta name=\"twitter:data1\" content=\"Jean Pierre BAWELA\" \/>\n\t<meta name=\"twitter:label2\" content=\"Dur\u00e9e de lecture estim\u00e9e\" \/>\n\t<meta name=\"twitter:data2\" content=\"2 minutes\" \/>\n<script type=\"application\/ld+json\" class=\"yoast-schema-graph\">{\"@context\":\"https:\\\/\\\/schema.org\",\"@graph\":[{\"@type\":\"Article\",\"@id\":\"https:\\\/\\\/macite.tg\\\/?p=12300#article\",\"isPartOf\":{\"@id\":\"https:\\\/\\\/macite.tg\\\/?p=12300\"},\"author\":{\"name\":\"Jean Pierre BAWELA\",\"@id\":\"https:\\\/\\\/macite.tg\\\/#\\\/schema\\\/person\\\/e9f2de7e5dbbe7770a9402c7ce82f5c2\"},\"headline\":\"QUAND L\u2019ELIMINATION DU SENEGAL A LA CAN 2023 PASSE MAL : Aliou Ciss\u00e9 hu\u00e9 par des supporters (vid\u00e9o)\",\"datePublished\":\"2024-01-31T19:13:56+00:00\",\"dateModified\":\"2024-01-31T19:18:44+00:00\",\"mainEntityOfPage\":{\"@id\":\"https:\\\/\\\/macite.tg\\\/?p=12300\"},\"wordCount\":324,\"commentCount\":0,\"image\":{\"@id\":\"https:\\\/\\\/macite.tg\\\/?p=12300#primaryimage\"},\"thumbnailUrl\":\"https:\\\/\\\/macite.tg\\\/wp-content\\\/uploads\\\/2024\\\/01\\\/whatsapp-image-2024-01-31-at-14.57.28-696x410-1.jpeg\",\"articleSection\":[\"ACTUALITE\",\"SPORTS\"],\"inLanguage\":\"fr-FR\",\"potentialAction\":[{\"@type\":\"CommentAction\",\"name\":\"Comment\",\"target\":[\"https:\\\/\\\/macite.tg\\\/?p=12300#respond\"]}]},{\"@type\":\"WebPage\",\"@id\":\"https:\\\/\\\/macite.tg\\\/?p=12300\",\"url\":\"https:\\\/\\\/macite.tg\\\/?p=12300\",\"name\":\"QUAND L\u2019ELIMINATION DU SENEGAL A LA CAN 2023 PASSE MAL : Aliou Ciss\u00e9 hu\u00e9 par des supporters (vid\u00e9o) -\",\"isPartOf\":{\"@id\":\"https:\\\/\\\/macite.tg\\\/#website\"},\"primaryImageOfPage\":{\"@id\":\"https:\\\/\\\/macite.tg\\\/?p=12300#primaryimage\"},\"image\":{\"@id\":\"https:\\\/\\\/macite.tg\\\/?p=12300#primaryimage\"},\"thumbnailUrl\":\"https:\\\/\\\/macite.tg\\\/wp-content\\\/uploads\\\/2024\\\/01\\\/whatsapp-image-2024-01-31-at-14.57.28-696x410-1.jpeg\",\"datePublished\":\"2024-01-31T19:13:56+00:00\",\"dateModified\":\"2024-01-31T19:18:44+00:00\",\"author\":{\"@id\":\"https:\\\/\\\/macite.tg\\\/#\\\/schema\\\/person\\\/e9f2de7e5dbbe7770a9402c7ce82f5c2\"},\"breadcrumb\":{\"@id\":\"https:\\\/\\\/macite.tg\\\/?p=12300#breadcrumb\"},\"inLanguage\":\"fr-FR\",\"potentialAction\":[{\"@type\":\"ReadAction\",\"target\":[\"https:\\\/\\\/macite.tg\\\/?p=12300\"]}]},{\"@type\":\"ImageObject\",\"inLanguage\":\"fr-FR\",\"@id\":\"https:\\\/\\\/macite.tg\\\/?p=12300#primaryimage\",\"url\":\"https:\\\/\\\/macite.tg\\\/wp-content\\\/uploads\\\/2024\\\/01\\\/whatsapp-image-2024-01-31-at-14.57.28-696x410-1.jpeg\",\"contentUrl\":\"https:\\\/\\\/macite.tg\\\/wp-content\\\/uploads\\\/2024\\\/01\\\/whatsapp-image-2024-01-31-at-14.57.28-696x410-1.jpeg\",\"width\":696,\"height\":410},{\"@type\":\"BreadcrumbList\",\"@id\":\"https:\\\/\\\/macite.tg\\\/?p=12300#breadcrumb\",\"itemListElement\":[{\"@type\":\"ListItem\",\"position\":1,\"name\":\"Accueil\",\"item\":\"https:\\\/\\\/macite.tg\\\/\"},{\"@type\":\"ListItem\",\"position\":2,\"name\":\"QUAND L\u2019ELIMINATION DU SENEGAL A LA CAN 2023 PASSE MAL : Aliou Ciss\u00e9 hu\u00e9 par des supporters (vid\u00e9o)\"}]},{\"@type\":\"WebSite\",\"@id\":\"https:\\\/\\\/macite.tg\\\/#website\",\"url\":\"https:\\\/\\\/macite.tg\\\/\",\"name\":\"\",\"description\":\"L&#039;information, la bonne!!!\",\"potentialAction\":[{\"@type\":\"SearchAction\",\"target\":{\"@type\":\"EntryPoint\",\"urlTemplate\":\"https:\\\/\\\/macite.tg\\\/?s={search_term_string}\"},\"query-input\":{\"@type\":\"PropertyValueSpecification\",\"valueRequired\":true,\"valueName\":\"search_term_string\"}}],\"inLanguage\":\"fr-FR\"},{\"@type\":\"Person\",\"@id\":\"https:\\\/\\\/macite.tg\\\/#\\\/schema\\\/person\\\/e9f2de7e5dbbe7770a9402c7ce82f5c2\",\"name\":\"Jean Pierre BAWELA\",\"image\":{\"@type\":\"ImageObject\",\"inLanguage\":\"fr-FR\",\"@id\":\"https:\\\/\\\/macite.tg\\\/wp-content\\\/uploads\\\/2023\\\/09\\\/WhatsApp-Image-2023-09-19-at-14.44.41-122x122.jpeg\",\"url\":\"https:\\\/\\\/macite.tg\\\/wp-content\\\/uploads\\\/2023\\\/09\\\/WhatsApp-Image-2023-09-19-at-14.44.41-122x122.jpeg\",\"contentUrl\":\"https:\\\/\\\/macite.tg\\\/wp-content\\\/uploads\\\/2023\\\/09\\\/WhatsApp-Image-2023-09-19-at-14.44.41-122x122.jpeg\",\"caption\":\"Jean Pierre BAWELA\"},\"url\":\"https:\\\/\\\/macite.tg\\\/?author=2\"}]}<\/script>\n<!-- \/ Yoast SEO plugin. -->","yoast_head_json":{"title":"QUAND L\u2019ELIMINATION DU SENEGAL A LA CAN 2023 PASSE MAL : Aliou Ciss\u00e9 hu\u00e9 par des supporters (vid\u00e9o) -","robots":{"index":"index","follow":"follow","max-snippet":"max-snippet:-1","max-image-preview":"max-image-preview:large","max-video-preview":"max-video-preview:-1"},"canonical":"https:\/\/macite.tg\/?p=12300","og_locale":"fr_FR","og_type":"article","og_title":"QUAND L\u2019ELIMINATION DU SENEGAL A LA CAN 2023 PASSE MAL : Aliou Ciss\u00e9 hu\u00e9 par des supporters (vid\u00e9o) -","og_description":"Le s\u00e9lectionneur de l\u2019\u00e9quipe nationale du S\u00e9n\u00e9gal, Aliou Ciss\u00e9, a \u00e9t\u00e9 confront\u00e9 \u00e0 une r\u00e9ception agit\u00e9e \u00e0 son retour au pays. La pilule de l\u2019\u00e9limination du champion en titre aux huiti\u00e8mes de finales, est mal per\u00e7ue par certains supporters qui ont tenu \u00e0 l\u2019exprimer\u2026 \u00c0 [&hellip;]","og_url":"https:\/\/macite.tg\/?p=12300","article_published_time":"2024-01-31T19:13:56+00:00","article_modified_time":"2024-01-31T19:18:44+00:00","og_image":[{"width":696,"height":410,"url":"https:\/\/macite.tg\/wp-content\/uploads\/2024\/01\/whatsapp-image-2024-01-31-at-14.57.28-696x410-1.jpeg","type":"image\/jpeg"}],"author":"Jean Pierre BAWELA","twitter_card":"summary_large_image","twitter_misc":{"\u00c9crit par":"Jean Pierre BAWELA","Dur\u00e9e de lecture estim\u00e9e":"2 minutes"},"schema":{"@context":"https:\/\/schema.org","@graph":[{"@type":"Article","@id":"https:\/\/macite.tg\/?p=12300#article","isPartOf":{"@id":"https:\/\/macite.tg\/?p=12300"},"author":{"name":"Jean Pierre BAWELA","@id":"https:\/\/macite.tg\/#\/schema\/person\/e9f2de7e5dbbe7770a9402c7ce82f5c2"},"headline":"QUAND L\u2019ELIMINATION DU SENEGAL A LA CAN 2023 PASSE MAL : Aliou Ciss\u00e9 hu\u00e9 par des supporters (vid\u00e9o)","datePublished":"2024-01-31T19:13:56+00:00","dateModified":"2024-01-31T19:18:44+00:00","mainEntityOfPage":{"@id":"https:\/\/macite.tg\/?p=12300"},"wordCount":324,"commentCount":0,"image":{"@id":"https:\/\/macite.tg\/?p=12300#primaryimage"},"thumbnailUrl":"https:\/\/macite.tg\/wp-content\/uploads\/2024\/01\/whatsapp-image-2024-01-31-at-14.57.28-696x410-1.jpeg","articleSection":["ACTUALITE","SPORTS"],"inLanguage":"fr-FR","potentialAction":[{"@type":"CommentAction","name":"Comment","target":["https:\/\/macite.tg\/?p=12300#respond"]}]},{"@type":"WebPage","@id":"https:\/\/macite.tg\/?p=12300","url":"https:\/\/macite.tg\/?p=12300","name":"QUAND L\u2019ELIMINATION DU SENEGAL A LA CAN 2023 PASSE MAL : Aliou Ciss\u00e9 hu\u00e9 par des supporters (vid\u00e9o) -","isPartOf":{"@id":"https:\/\/macite.tg\/#website"},"primaryImageOfPage":{"@id":"https:\/\/macite.tg\/?p=12300#primaryimage"},"image":{"@id":"https:\/\/macite.tg\/?p=12300#primaryimage"},"thumbnailUrl":"https:\/\/macite.tg\/wp-content\/uploads\/2024\/01\/whatsapp-image-2024-01-31-at-14.57.28-696x410-1.jpeg","datePublished":"2024-01-31T19:13:56+00:00","dateModified":"2024-01-31T19:18:44+00:00","author":{"@id":"https:\/\/macite.tg\/#\/schema\/person\/e9f2de7e5dbbe7770a9402c7ce82f5c2"},"breadcrumb":{"@id":"https:\/\/macite.tg\/?p=12300#breadcrumb"},"inLanguage":"fr-FR","potentialAction":[{"@type":"ReadAction","target":["https:\/\/macite.tg\/?p=12300"]}]},{"@type":"ImageObject","inLanguage":"fr-FR","@id":"https:\/\/macite.tg\/?p=12300#primaryimage","url":"https:\/\/macite.tg\/wp-content\/uploads\/2024\/01\/whatsapp-image-2024-01-31-at-14.57.28-696x410-1.jpeg","contentUrl":"https:\/\/macite.tg\/wp-content\/uploads\/2024\/01\/whatsapp-image-2024-01-31-at-14.57.28-696x410-1.jpeg","width":696,"height":410},{"@type":"BreadcrumbList","@id":"https:\/\/macite.tg\/?p=12300#breadcrumb","itemListElement":[{"@type":"ListItem","position":1,"name":"Accueil","item":"https:\/\/macite.tg\/"},{"@type":"ListItem","position":2,"name":"QUAND L\u2019ELIMINATION DU SENEGAL A LA CAN 2023 PASSE MAL : Aliou Ciss\u00e9 hu\u00e9 par des supporters (vid\u00e9o)"}]},{"@type":"WebSite","@id":"https:\/\/macite.tg\/#website","url":"https:\/\/macite.tg\/","name":"","description":"L&#039;information, la bonne!!!","potentialAction":[{"@type":"SearchAction","target":{"@type":"EntryPoint","urlTemplate":"https:\/\/macite.tg\/?s={search_term_string}"},"query-input":{"@type":"PropertyValueSpecification","valueRequired":true,"valueName":"search_term_string"}}],"inLanguage":"fr-FR"},{"@type":"Person","@id":"https:\/\/macite.tg\/#\/schema\/person\/e9f2de7e5dbbe7770a9402c7ce82f5c2","name":"Jean Pierre BAWELA","image":{"@type":"ImageObject","inLanguage":"fr-FR","@id":"https:\/\/macite.tg\/wp-content\/uploads\/2023\/09\/WhatsApp-Image-2023-09-19-at-14.44.41-122x122.jpeg","url":"https:\/\/macite.tg\/wp-content\/uploads\/2023\/09\/WhatsApp-Image-2023-09-19-at-14.44.41-122x122.jpeg","contentUrl":"https:\/\/macite.tg\/wp-content\/uploads\/2023\/09\/WhatsApp-Image-2023-09-19-at-14.44.41-122x122.jpeg","caption":"Jean Pierre BAWELA"},"url":"https:\/\/macite.tg\/?author=2"}]}},"_links":{"self":[{"href":"https:\/\/macite.tg\/index.php?rest_route=\/wp\/v2\/posts\/12300","targetHints":{"allow":["GET"]}}],"collection":[{"href":"https:\/\/macite.tg\/index.php?rest_route=\/wp\/v2\/posts"}],"about":[{"href":"https:\/\/macite.tg\/index.php?rest_route=\/wp\/v2\/types\/post"}],"author":[{"embeddable":true,"href":"https:\/\/macite.tg\/index.php?rest_route=\/wp\/v2\/users\/2"}],"replies":[{"embeddable":true,"href":"https:\/\/macite.tg\/index.php?rest_route=%2Fwp%2Fv2%2Fcomments&post=12300"}],"version-history":[{"count":0,"href":"https:\/\/macite.tg\/index.php?rest_route=\/wp\/v2\/posts\/12300\/revisions"}],"wp:featuredmedia":[{"embeddable":true,"href":"https:\/\/macite.tg\/index.php?rest_route=\/wp\/v2\/media\/12301"}],"wp:attachment":[{"href":"https:\/\/macite.tg\/index.php?rest_route=%2Fwp%2Fv2%2Fmedia&parent=12300"}],"wp:term":[{"taxonomy":"category","embeddable":true,"href":"https:\/\/macite.tg\/index.php?rest_route=%2Fwp%2Fv2%2Fcategories&post=12300"},{"taxonomy":"post_tag","embeddable":true,"href":"https:\/\/macite.tg\/index.php?rest_route=%2Fwp%2Fv2%2Ftags&post=12300"}],"curies":[{"name":"wp","href":"https:\/\/api.w.org\/{rel}","templated":true}]}}