{"id":12288,"date":"2024-01-31T18:17:29","date_gmt":"2024-01-31T18:17:29","guid":{"rendered":"https:\/\/macite.tg\/?p=12288"},"modified":"2024-01-31T18:17:35","modified_gmt":"2024-01-31T18:17:35","slug":"diplomatie-le-ministre-malien-des-affaires-etrangeres-abdoulaye-diop-etait-en-visite-de-travail-a-lome","status":"publish","type":"post","link":"https:\/\/macite.tg\/?p=12288","title":{"rendered":"DIPLOMATIE : Le ministre malien des Affaires \u00e9trang\u00e8res, Abdoulaye Diop, \u00e9tait en visite de travail \u00e0 Lom\u00e9"},"content":{"rendered":"\n<p class=\"wp-block-paragraph\"><strong><em>Le chef de la diplomatie malienne, Abdoulaye Diop, \u00e9tait, en d\u00e9bit de semaine, en visite de travail dans la capitale togolaise. <\/em><\/strong><\/p>\n\n\n\n<p class=\"wp-block-paragraph\">Le ministre malien des Affaires \u00e9trang\u00e8res et de la coop\u00e9ration internationale, Abdoulaye Diop, a effectu\u00e9, hier mardi 30 janvier, une visite de travail \u00e0 Lom\u00e9.<\/p>\n\n\n<div class=\"wp-block-image\">\n<figure class=\"aligncenter size-full\"><img loading=\"lazy\" decoding=\"async\" width=\"485\" height=\"607\" src=\"https:\/\/macite.tg\/wp-content\/uploads\/2024\/01\/421269101_894081102726697_4923617785280576181_n.jpg\" alt=\"\" class=\"wp-image-12058\" srcset=\"https:\/\/macite.tg\/wp-content\/uploads\/2024\/01\/421269101_894081102726697_4923617785280576181_n.jpg 485w, https:\/\/macite.tg\/wp-content\/uploads\/2024\/01\/421269101_894081102726697_4923617785280576181_n-240x300.jpg 240w\" sizes=\"auto, (max-width: 485px) 100vw, 485px\" \/><\/figure>\n<\/div>\n\n\n<p class=\"wp-block-paragraph\">Cette visite qui intervient au lendemain du retrait du Mali tout comme le Burkina Faso et le Niger de la Cedeao, a permis au chef de la diplomatie malienne de s\u2019entretenir avec le Pr\u00e9sident de la R\u00e9publique, Faure Essozimna Gnassingb\u00e9, sur des questions d\u2019int\u00e9r\u00eat commun.<\/p>\n\n\n\n<p class=\"wp-block-paragraph\">Outre cette question bilat\u00e9rale, le deux hommes d\u2019Etat ont d\u2019abord fait le point de la situation sociopolitique au Mali, avant de revenir sur les questions de paix et s\u00e9curit\u00e9 mais aussi sur les derniers d\u00e9veloppements politiques et institutionnels dans la sous-r\u00e9gion.<\/p>\n\n\n<div class=\"wp-block-image\">\n<figure class=\"aligncenter size-large is-resized\"><img loading=\"lazy\" decoding=\"async\" src=\"https:\/\/macite.tg\/wp-content\/uploads\/2024\/01\/GBps6MVW8AAmcgK-3-819x1024.jpg\" alt=\"\" class=\"wp-image-12056\" width=\"513\" height=\"641\" srcset=\"https:\/\/macite.tg\/wp-content\/uploads\/2024\/01\/GBps6MVW8AAmcgK-3-819x1024.jpg 819w, https:\/\/macite.tg\/wp-content\/uploads\/2024\/01\/GBps6MVW8AAmcgK-3-240x300.jpg 240w, https:\/\/macite.tg\/wp-content\/uploads\/2024\/01\/GBps6MVW8AAmcgK-3-768x960.jpg 768w, https:\/\/macite.tg\/wp-content\/uploads\/2024\/01\/GBps6MVW8AAmcgK-3.jpg 864w\" sizes=\"auto, (max-width: 513px) 100vw, 513px\" \/><\/figure>\n<\/div>\n\n\n<p class=\"wp-block-paragraph\">Notons que le ministre malien des affaires \u00e9trang\u00e8res a saisi cette occasion pour t\u00e9moigner la gratitude de son pays au leader togolais, pour son implication aux c\u00f4t\u00e9s de la Transition malienne.<\/p>\n\n\n\n<p class=\"wp-block-paragraph\">Pour rappel, le Togo est r\u00e9solument engag\u00e9 dans la r\u00e9solution pacifique des diff\u00e9rentes dans la sous-r\u00e9gion et au Sahel.<\/p>\n\n\n\n<p class=\"wp-block-paragraph\"><strong>La R\u00e9daction<\/strong><strong><\/strong><\/p>\n\n\n\n<p class=\"wp-block-paragraph\"><a><strong><em>@macite.tg&nbsp;&nbsp;&nbsp;&nbsp;&nbsp;&nbsp;&nbsp;&nbsp;<\/em><\/strong><\/a><\/p>\n\n\n\n<p class=\"wp-block-paragraph\"><strong><em>E-mail&nbsp;: <\/em><\/strong><a href=\"mailto:maciteinfo@gmail.com\"><strong><em>maciteinfo@gmail.com<\/em><\/strong><\/a><strong><em>; <\/em><\/strong><a href=\"mailto:bawela1@gmail.com\"><strong><em>bawela1@gmail.com<\/em><\/strong><\/a><strong><em><\/em><\/strong><\/p>\n\n\n\n<p class=\"wp-block-paragraph\"><strong><em>Pour vos annonces, (publi)reportages, etc., joignez-nous au (00228)91515309\/<strong>79872224 <\/strong>www.macite.tg, L\u2019information, la bonne&nbsp;!<\/em><\/strong><\/p>\n","protected":false},"excerpt":{"rendered":"<p class=\"text-justify mb-2\" >Le chef de la diplomatie malienne, Abdoulaye Diop, \u00e9tait, en d\u00e9bit de semaine, en visite de travail dans la capitale togolaise. Le ministre malien des Affaires \u00e9trang\u00e8res et de la coop\u00e9ration internationale, Abdoulaye Diop, a effectu\u00e9, hier mardi 30 janvier, une visite de travail \u00e0 [&hellip;]<\/p>\n","protected":false},"author":2,"featured_media":12291,"comment_status":"open","ping_status":"open","sticky":false,"template":"","format":"standard","meta":{"footnotes":""},"categories":[20,1],"tags":[],"class_list":["post-12288","post","type-post","status-publish","format-standard","has-post-thumbnail","hentry","category-actualite","category-politique"],"yoast_head":"<!-- This site is optimized with the Yoast SEO plugin v28.4 - https:\/\/yoast.com\/product\/yoast-seo-wordpress\/ -->\n<title>DIPLOMATIE : Le ministre malien des Affaires \u00e9trang\u00e8res, Abdoulaye Diop, \u00e9tait en visite de travail \u00e0 Lom\u00e9 -<\/title>\n<meta name=\"robots\" content=\"index, follow, max-snippet:-1, max-image-preview:large, max-video-preview:-1\" \/>\n<link rel=\"canonical\" href=\"https:\/\/macite.tg\/?p=12288\" \/>\n<meta property=\"og:locale\" content=\"fr_FR\" \/>\n<meta property=\"og:type\" content=\"article\" \/>\n<meta property=\"og:title\" content=\"DIPLOMATIE : Le ministre malien des Affaires \u00e9trang\u00e8res, Abdoulaye Diop, \u00e9tait en visite de travail \u00e0 Lom\u00e9 -\" \/>\n<meta property=\"og:description\" content=\"Le chef de la diplomatie malienne, Abdoulaye Diop, \u00e9tait, en d\u00e9bit de semaine, en visite de travail dans la capitale togolaise. Le ministre malien des Affaires \u00e9trang\u00e8res et de la coop\u00e9ration internationale, Abdoulaye Diop, a effectu\u00e9, hier mardi 30 janvier, une visite de travail \u00e0 [&hellip;]\" \/>\n<meta property=\"og:url\" content=\"https:\/\/macite.tg\/?p=12288\" \/>\n<meta property=\"article:published_time\" content=\"2024-01-31T18:17:29+00:00\" \/>\n<meta property=\"article:modified_time\" content=\"2024-01-31T18:17:35+00:00\" \/>\n<meta property=\"og:image\" content=\"https:\/\/macite.tg\/wp-content\/uploads\/2024\/01\/IMG-20240131-WA0024.jpg\" \/>\n\t<meta property=\"og:image:width\" content=\"1280\" \/>\n\t<meta property=\"og:image:height\" content=\"852\" \/>\n\t<meta property=\"og:image:type\" content=\"image\/jpeg\" \/>\n<meta name=\"author\" content=\"Jean Pierre BAWELA\" \/>\n<meta name=\"twitter:card\" content=\"summary_large_image\" \/>\n<meta name=\"twitter:label1\" content=\"\u00c9crit par\" \/>\n\t<meta name=\"twitter:data1\" content=\"Jean Pierre BAWELA\" \/>\n\t<meta name=\"twitter:label2\" content=\"Dur\u00e9e de lecture estim\u00e9e\" \/>\n\t<meta name=\"twitter:data2\" content=\"1 minute\" \/>\n<script type=\"application\/ld+json\" class=\"yoast-schema-graph\">{\"@context\":\"https:\\\/\\\/schema.org\",\"@graph\":[{\"@type\":\"Article\",\"@id\":\"https:\\\/\\\/macite.tg\\\/?p=12288#article\",\"isPartOf\":{\"@id\":\"https:\\\/\\\/macite.tg\\\/?p=12288\"},\"author\":{\"name\":\"Jean Pierre BAWELA\",\"@id\":\"https:\\\/\\\/macite.tg\\\/#\\\/schema\\\/person\\\/e9f2de7e5dbbe7770a9402c7ce82f5c2\"},\"headline\":\"DIPLOMATIE : Le ministre malien des Affaires \u00e9trang\u00e8res, Abdoulaye Diop, \u00e9tait en visite de travail \u00e0 Lom\u00e9\",\"datePublished\":\"2024-01-31T18:17:29+00:00\",\"dateModified\":\"2024-01-31T18:17:35+00:00\",\"mainEntityOfPage\":{\"@id\":\"https:\\\/\\\/macite.tg\\\/?p=12288\"},\"wordCount\":256,\"commentCount\":0,\"image\":{\"@id\":\"https:\\\/\\\/macite.tg\\\/?p=12288#primaryimage\"},\"thumbnailUrl\":\"https:\\\/\\\/macite.tg\\\/wp-content\\\/uploads\\\/2024\\\/01\\\/IMG-20240131-WA0024.jpg\",\"articleSection\":[\"ACTUALITE\",\"POLITIQUE\"],\"inLanguage\":\"fr-FR\",\"potentialAction\":[{\"@type\":\"CommentAction\",\"name\":\"Comment\",\"target\":[\"https:\\\/\\\/macite.tg\\\/?p=12288#respond\"]}]},{\"@type\":\"WebPage\",\"@id\":\"https:\\\/\\\/macite.tg\\\/?p=12288\",\"url\":\"https:\\\/\\\/macite.tg\\\/?p=12288\",\"name\":\"DIPLOMATIE : Le ministre malien des Affaires \u00e9trang\u00e8res, Abdoulaye Diop, \u00e9tait en visite de travail \u00e0 Lom\u00e9 -\",\"isPartOf\":{\"@id\":\"https:\\\/\\\/macite.tg\\\/#website\"},\"primaryImageOfPage\":{\"@id\":\"https:\\\/\\\/macite.tg\\\/?p=12288#primaryimage\"},\"image\":{\"@id\":\"https:\\\/\\\/macite.tg\\\/?p=12288#primaryimage\"},\"thumbnailUrl\":\"https:\\\/\\\/macite.tg\\\/wp-content\\\/uploads\\\/2024\\\/01\\\/IMG-20240131-WA0024.jpg\",\"datePublished\":\"2024-01-31T18:17:29+00:00\",\"dateModified\":\"2024-01-31T18:17:35+00:00\",\"author\":{\"@id\":\"https:\\\/\\\/macite.tg\\\/#\\\/schema\\\/person\\\/e9f2de7e5dbbe7770a9402c7ce82f5c2\"},\"breadcrumb\":{\"@id\":\"https:\\\/\\\/macite.tg\\\/?p=12288#breadcrumb\"},\"inLanguage\":\"fr-FR\",\"potentialAction\":[{\"@type\":\"ReadAction\",\"target\":[\"https:\\\/\\\/macite.tg\\\/?p=12288\"]}]},{\"@type\":\"ImageObject\",\"inLanguage\":\"fr-FR\",\"@id\":\"https:\\\/\\\/macite.tg\\\/?p=12288#primaryimage\",\"url\":\"https:\\\/\\\/macite.tg\\\/wp-content\\\/uploads\\\/2024\\\/01\\\/IMG-20240131-WA0024.jpg\",\"contentUrl\":\"https:\\\/\\\/macite.tg\\\/wp-content\\\/uploads\\\/2024\\\/01\\\/IMG-20240131-WA0024.jpg\",\"width\":1280,\"height\":852},{\"@type\":\"BreadcrumbList\",\"@id\":\"https:\\\/\\\/macite.tg\\\/?p=12288#breadcrumb\",\"itemListElement\":[{\"@type\":\"ListItem\",\"position\":1,\"name\":\"Accueil\",\"item\":\"https:\\\/\\\/macite.tg\\\/\"},{\"@type\":\"ListItem\",\"position\":2,\"name\":\"DIPLOMATIE : Le ministre malien des Affaires \u00e9trang\u00e8res, Abdoulaye Diop, \u00e9tait en visite de travail \u00e0 Lom\u00e9\"}]},{\"@type\":\"WebSite\",\"@id\":\"https:\\\/\\\/macite.tg\\\/#website\",\"url\":\"https:\\\/\\\/macite.tg\\\/\",\"name\":\"\",\"description\":\"L&#039;information, la bonne!!!\",\"potentialAction\":[{\"@type\":\"SearchAction\",\"target\":{\"@type\":\"EntryPoint\",\"urlTemplate\":\"https:\\\/\\\/macite.tg\\\/?s={search_term_string}\"},\"query-input\":{\"@type\":\"PropertyValueSpecification\",\"valueRequired\":true,\"valueName\":\"search_term_string\"}}],\"inLanguage\":\"fr-FR\"},{\"@type\":\"Person\",\"@id\":\"https:\\\/\\\/macite.tg\\\/#\\\/schema\\\/person\\\/e9f2de7e5dbbe7770a9402c7ce82f5c2\",\"name\":\"Jean Pierre BAWELA\",\"image\":{\"@type\":\"ImageObject\",\"inLanguage\":\"fr-FR\",\"@id\":\"https:\\\/\\\/macite.tg\\\/wp-content\\\/uploads\\\/2023\\\/09\\\/WhatsApp-Image-2023-09-19-at-14.44.41-122x122.jpeg\",\"url\":\"https:\\\/\\\/macite.tg\\\/wp-content\\\/uploads\\\/2023\\\/09\\\/WhatsApp-Image-2023-09-19-at-14.44.41-122x122.jpeg\",\"contentUrl\":\"https:\\\/\\\/macite.tg\\\/wp-content\\\/uploads\\\/2023\\\/09\\\/WhatsApp-Image-2023-09-19-at-14.44.41-122x122.jpeg\",\"caption\":\"Jean Pierre BAWELA\"},\"url\":\"https:\\\/\\\/macite.tg\\\/?author=2\"}]}<\/script>\n<!-- \/ Yoast SEO plugin. -->","yoast_head_json":{"title":"DIPLOMATIE : Le ministre malien des Affaires \u00e9trang\u00e8res, Abdoulaye Diop, \u00e9tait en visite de travail \u00e0 Lom\u00e9 -","robots":{"index":"index","follow":"follow","max-snippet":"max-snippet:-1","max-image-preview":"max-image-preview:large","max-video-preview":"max-video-preview:-1"},"canonical":"https:\/\/macite.tg\/?p=12288","og_locale":"fr_FR","og_type":"article","og_title":"DIPLOMATIE : Le ministre malien des Affaires \u00e9trang\u00e8res, Abdoulaye Diop, \u00e9tait en visite de travail \u00e0 Lom\u00e9 -","og_description":"Le chef de la diplomatie malienne, Abdoulaye Diop, \u00e9tait, en d\u00e9bit de semaine, en visite de travail dans la capitale togolaise. Le ministre malien des Affaires \u00e9trang\u00e8res et de la coop\u00e9ration internationale, Abdoulaye Diop, a effectu\u00e9, hier mardi 30 janvier, une visite de travail \u00e0 [&hellip;]","og_url":"https:\/\/macite.tg\/?p=12288","article_published_time":"2024-01-31T18:17:29+00:00","article_modified_time":"2024-01-31T18:17:35+00:00","og_image":[{"width":1280,"height":852,"url":"https:\/\/macite.tg\/wp-content\/uploads\/2024\/01\/IMG-20240131-WA0024.jpg","type":"image\/jpeg"}],"author":"Jean Pierre BAWELA","twitter_card":"summary_large_image","twitter_misc":{"\u00c9crit par":"Jean Pierre BAWELA","Dur\u00e9e de lecture estim\u00e9e":"1 minute"},"schema":{"@context":"https:\/\/schema.org","@graph":[{"@type":"Article","@id":"https:\/\/macite.tg\/?p=12288#article","isPartOf":{"@id":"https:\/\/macite.tg\/?p=12288"},"author":{"name":"Jean Pierre BAWELA","@id":"https:\/\/macite.tg\/#\/schema\/person\/e9f2de7e5dbbe7770a9402c7ce82f5c2"},"headline":"DIPLOMATIE : Le ministre malien des Affaires \u00e9trang\u00e8res, Abdoulaye Diop, \u00e9tait en visite de travail \u00e0 Lom\u00e9","datePublished":"2024-01-31T18:17:29+00:00","dateModified":"2024-01-31T18:17:35+00:00","mainEntityOfPage":{"@id":"https:\/\/macite.tg\/?p=12288"},"wordCount":256,"commentCount":0,"image":{"@id":"https:\/\/macite.tg\/?p=12288#primaryimage"},"thumbnailUrl":"https:\/\/macite.tg\/wp-content\/uploads\/2024\/01\/IMG-20240131-WA0024.jpg","articleSection":["ACTUALITE","POLITIQUE"],"inLanguage":"fr-FR","potentialAction":[{"@type":"CommentAction","name":"Comment","target":["https:\/\/macite.tg\/?p=12288#respond"]}]},{"@type":"WebPage","@id":"https:\/\/macite.tg\/?p=12288","url":"https:\/\/macite.tg\/?p=12288","name":"DIPLOMATIE : Le ministre malien des Affaires \u00e9trang\u00e8res, Abdoulaye Diop, \u00e9tait en visite de travail \u00e0 Lom\u00e9 -","isPartOf":{"@id":"https:\/\/macite.tg\/#website"},"primaryImageOfPage":{"@id":"https:\/\/macite.tg\/?p=12288#primaryimage"},"image":{"@id":"https:\/\/macite.tg\/?p=12288#primaryimage"},"thumbnailUrl":"https:\/\/macite.tg\/wp-content\/uploads\/2024\/01\/IMG-20240131-WA0024.jpg","datePublished":"2024-01-31T18:17:29+00:00","dateModified":"2024-01-31T18:17:35+00:00","author":{"@id":"https:\/\/macite.tg\/#\/schema\/person\/e9f2de7e5dbbe7770a9402c7ce82f5c2"},"breadcrumb":{"@id":"https:\/\/macite.tg\/?p=12288#breadcrumb"},"inLanguage":"fr-FR","potentialAction":[{"@type":"ReadAction","target":["https:\/\/macite.tg\/?p=12288"]}]},{"@type":"ImageObject","inLanguage":"fr-FR","@id":"https:\/\/macite.tg\/?p=12288#primaryimage","url":"https:\/\/macite.tg\/wp-content\/uploads\/2024\/01\/IMG-20240131-WA0024.jpg","contentUrl":"https:\/\/macite.tg\/wp-content\/uploads\/2024\/01\/IMG-20240131-WA0024.jpg","width":1280,"height":852},{"@type":"BreadcrumbList","@id":"https:\/\/macite.tg\/?p=12288#breadcrumb","itemListElement":[{"@type":"ListItem","position":1,"name":"Accueil","item":"https:\/\/macite.tg\/"},{"@type":"ListItem","position":2,"name":"DIPLOMATIE : Le ministre malien des Affaires \u00e9trang\u00e8res, Abdoulaye Diop, \u00e9tait en visite de travail \u00e0 Lom\u00e9"}]},{"@type":"WebSite","@id":"https:\/\/macite.tg\/#website","url":"https:\/\/macite.tg\/","name":"","description":"L&#039;information, la bonne!!!","potentialAction":[{"@type":"SearchAction","target":{"@type":"EntryPoint","urlTemplate":"https:\/\/macite.tg\/?s={search_term_string}"},"query-input":{"@type":"PropertyValueSpecification","valueRequired":true,"valueName":"search_term_string"}}],"inLanguage":"fr-FR"},{"@type":"Person","@id":"https:\/\/macite.tg\/#\/schema\/person\/e9f2de7e5dbbe7770a9402c7ce82f5c2","name":"Jean Pierre BAWELA","image":{"@type":"ImageObject","inLanguage":"fr-FR","@id":"https:\/\/macite.tg\/wp-content\/uploads\/2023\/09\/WhatsApp-Image-2023-09-19-at-14.44.41-122x122.jpeg","url":"https:\/\/macite.tg\/wp-content\/uploads\/2023\/09\/WhatsApp-Image-2023-09-19-at-14.44.41-122x122.jpeg","contentUrl":"https:\/\/macite.tg\/wp-content\/uploads\/2023\/09\/WhatsApp-Image-2023-09-19-at-14.44.41-122x122.jpeg","caption":"Jean Pierre BAWELA"},"url":"https:\/\/macite.tg\/?author=2"}]}},"_links":{"self":[{"href":"https:\/\/macite.tg\/index.php?rest_route=\/wp\/v2\/posts\/12288","targetHints":{"allow":["GET"]}}],"collection":[{"href":"https:\/\/macite.tg\/index.php?rest_route=\/wp\/v2\/posts"}],"about":[{"href":"https:\/\/macite.tg\/index.php?rest_route=\/wp\/v2\/types\/post"}],"author":[{"embeddable":true,"href":"https:\/\/macite.tg\/index.php?rest_route=\/wp\/v2\/users\/2"}],"replies":[{"embeddable":true,"href":"https:\/\/macite.tg\/index.php?rest_route=%2Fwp%2Fv2%2Fcomments&post=12288"}],"version-history":[{"count":0,"href":"https:\/\/macite.tg\/index.php?rest_route=\/wp\/v2\/posts\/12288\/revisions"}],"wp:featuredmedia":[{"embeddable":true,"href":"https:\/\/macite.tg\/index.php?rest_route=\/wp\/v2\/media\/12291"}],"wp:attachment":[{"href":"https:\/\/macite.tg\/index.php?rest_route=%2Fwp%2Fv2%2Fmedia&parent=12288"}],"wp:term":[{"taxonomy":"category","embeddable":true,"href":"https:\/\/macite.tg\/index.php?rest_route=%2Fwp%2Fv2%2Fcategories&post=12288"},{"taxonomy":"post_tag","embeddable":true,"href":"https:\/\/macite.tg\/index.php?rest_route=%2Fwp%2Fv2%2Ftags&post=12288"}],"curies":[{"name":"wp","href":"https:\/\/api.w.org\/{rel}","templated":true}]}}