{"id":12284,"date":"2024-01-31T16:53:01","date_gmt":"2024-01-31T16:53:01","guid":{"rendered":"https:\/\/macite.tg\/?p=12284"},"modified":"2024-01-31T16:53:03","modified_gmt":"2024-01-31T16:53:03","slug":"can-civ-2023-cote-divoire-vs-mali-au-menu-des-affiches-des-quarts-de-finale","status":"publish","type":"post","link":"https:\/\/macite.tg\/?p=12284","title":{"rendered":"CAN CIV 2023 : C\u00f4te d&rsquo;Ivoire vs Mali au menu des affiches des quarts de finale"},"content":{"rendered":"\n<p class=\"wp-block-paragraph\"><strong><em>La 34e Coupe d&rsquo;Afrique des Nations (Can) qui se d\u00e9roule en terre Ivoirienne, est \u00e0 l&rsquo;\u00e9tape des quarts de finale, avec la fin, mardi 30 janvier, des huiti\u00e8mes de finale de la Can 2023. Place, d\u00e8s ce vendredi 02 f\u00e9vrier, aux quarts de finale.<\/em><\/strong> <\/p>\n\n\n\n<p class=\"wp-block-paragraph\">Ils ne sont plus que huit s\u00e9lections nationales \u00e0 continuer par r\u00eaver du troph\u00e9e final de la 34\u00e8 \u00e9dition de la Can 2023. Apr\u00e8s les \u00e9liminations du Cameroun, de l&rsquo;Alg\u00e9rie, du S\u00e9n\u00e9gal, du Maroc ou encore de la Tunisie, les cartes sont compl\u00e8tement rebattues.<\/p>\n\n\n\n<figure class=\"wp-block-image size-full\"><img loading=\"lazy\" decoding=\"async\" width=\"485\" height=\"607\" src=\"https:\/\/macite.tg\/wp-content\/uploads\/2024\/01\/421269101_894081102726697_4923617785280576181_n.jpg\" alt=\"\" class=\"wp-image-12058\" srcset=\"https:\/\/macite.tg\/wp-content\/uploads\/2024\/01\/421269101_894081102726697_4923617785280576181_n.jpg 485w, https:\/\/macite.tg\/wp-content\/uploads\/2024\/01\/421269101_894081102726697_4923617785280576181_n-240x300.jpg 240w\" sizes=\"auto, (max-width: 485px) 100vw, 485px\" \/><\/figure>\n\n\n\n<p class=\"wp-block-paragraph\">Le Nig\u00e9ria, la C\u00f4te d&rsquo;Ivoire, l&rsquo;Angola ou encore le Cap-Vert ou l&rsquo;Afrique du Sud sont rest\u00e9s dans la corses finale, offrant ainsi de affiches de quarts de finale digne de ce nom et toutes aussi palpitantes.<\/p>\n\n\n\n<p class=\"wp-block-paragraph\">Les hostilit\u00e9s pour cet avant-dernier carr\u00e9 d\u00e9marrent le vendredi 02 f\u00e9vrier et prennent fin le lendemain avec deux matchs chaque jour.<\/p>\n\n\n\n<p class=\"wp-block-paragraph\"><strong>Toutes les affiches des quarts de finale de la Can 2023 :<\/strong><\/p>\n\n\n\n<p class=\"wp-block-paragraph\">Vendredi 2 f\u00e9vrier 2024&nbsp;:<\/p>\n\n\n<div class=\"wp-block-image\">\n<figure class=\"aligncenter size-large is-resized\"><img loading=\"lazy\" decoding=\"async\" src=\"https:\/\/macite.tg\/wp-content\/uploads\/2024\/01\/GBps6MVW8AAmcgK-3-819x1024.jpg\" alt=\"\" class=\"wp-image-12056\" width=\"505\" height=\"631\" srcset=\"https:\/\/macite.tg\/wp-content\/uploads\/2024\/01\/GBps6MVW8AAmcgK-3-819x1024.jpg 819w, https:\/\/macite.tg\/wp-content\/uploads\/2024\/01\/GBps6MVW8AAmcgK-3-240x300.jpg 240w, https:\/\/macite.tg\/wp-content\/uploads\/2024\/01\/GBps6MVW8AAmcgK-3-768x960.jpg 768w, https:\/\/macite.tg\/wp-content\/uploads\/2024\/01\/GBps6MVW8AAmcgK-3.jpg 864w\" sizes=\"auto, (max-width: 505px) 100vw, 505px\" \/><\/figure>\n<\/div>\n\n\n<p class=\"wp-block-paragraph\">17h GMT : Nig\u00e9ria \u2013 Angola (F\u00e9licia)<\/p>\n\n\n\n<p class=\"wp-block-paragraph\">20h GMT : RDC \u2013 Guin\u00e9e (Ebimp\u00e9)<\/p>\n\n\n\n<p class=\"wp-block-paragraph\">Samedi 3 f\u00e9vrier 2024&nbsp;:<\/p>\n\n\n\n<p class=\"wp-block-paragraph\">17h GMT : C\u00f4te d\u2019Ivoire \u2013 Mali (Bouak\u00e9)<\/p>\n\n\n\n<p class=\"wp-block-paragraph\">20h GMT : Cap-Vert \u2013 Afrique du Sud (Yamoussoukro).<\/p>\n\n\n\n<p class=\"wp-block-paragraph\"><strong>Delanov D.<\/strong><\/p>\n\n\n\n<p class=\"wp-block-paragraph\"><a><strong><em>@macite.tg&nbsp;&nbsp;&nbsp;&nbsp;&nbsp;&nbsp;&nbsp;&nbsp;<\/em><\/strong><\/a><\/p>\n\n\n\n<p class=\"wp-block-paragraph\"><strong><em>E-mail&nbsp;: <\/em><\/strong><a href=\"mailto:maciteinfo@gmail.com\"><strong><em>maciteinfo@gmail.com<\/em><\/strong><\/a><strong><em>; <\/em><\/strong><a href=\"mailto:bawela1@gmail.com\"><strong><em>bawela1@gmail.com<\/em><\/strong><\/a><strong><em><\/em><\/strong><\/p>\n\n\n\n<p class=\"wp-block-paragraph\"><strong><em>Pour vos annonces, (publi)reportages, etc., joignez-nous au (00228)91515309\/<strong>79872224 <\/strong>www.macite.tg, L\u2019information, la bonne&nbsp;!<\/em><\/strong><\/p>\n","protected":false},"excerpt":{"rendered":"<p class=\"text-justify mb-2\" >La 34e Coupe d&rsquo;Afrique des Nations (Can) qui se d\u00e9roule en terre Ivoirienne, est \u00e0 l&rsquo;\u00e9tape des quarts de finale, avec la fin, mardi 30 janvier, des huiti\u00e8mes de finale de la Can 2023. Place, d\u00e8s ce vendredi 02 f\u00e9vrier, aux quarts de finale. Ils [&hellip;]<\/p>\n","protected":false},"author":2,"featured_media":12285,"comment_status":"open","ping_status":"open","sticky":false,"template":"","format":"standard","meta":{"footnotes":""},"categories":[20,7],"tags":[],"class_list":["post-12284","post","type-post","status-publish","format-standard","has-post-thumbnail","hentry","category-actualite","category-sports"],"yoast_head":"<!-- This site is optimized with the Yoast SEO plugin v28.4 - https:\/\/yoast.com\/product\/yoast-seo-wordpress\/ -->\n<title>CAN CIV 2023 : C\u00f4te d&#039;Ivoire vs Mali au menu des affiches des quarts de finale -<\/title>\n<meta name=\"robots\" content=\"index, follow, max-snippet:-1, max-image-preview:large, max-video-preview:-1\" \/>\n<link rel=\"canonical\" href=\"https:\/\/macite.tg\/?p=12284\" \/>\n<meta property=\"og:locale\" content=\"fr_FR\" \/>\n<meta property=\"og:type\" content=\"article\" \/>\n<meta property=\"og:title\" content=\"CAN CIV 2023 : C\u00f4te d&#039;Ivoire vs Mali au menu des affiches des quarts de finale -\" \/>\n<meta property=\"og:description\" content=\"La 34e Coupe d&rsquo;Afrique des Nations (Can) qui se d\u00e9roule en terre Ivoirienne, est \u00e0 l&rsquo;\u00e9tape des quarts de finale, avec la fin, mardi 30 janvier, des huiti\u00e8mes de finale de la Can 2023. Place, d\u00e8s ce vendredi 02 f\u00e9vrier, aux quarts de finale. Ils [&hellip;]\" \/>\n<meta property=\"og:url\" content=\"https:\/\/macite.tg\/?p=12284\" \/>\n<meta property=\"article:published_time\" content=\"2024-01-31T16:53:01+00:00\" \/>\n<meta property=\"article:modified_time\" content=\"2024-01-31T16:53:03+00:00\" \/>\n<meta property=\"og:image\" content=\"https:\/\/macite.tg\/wp-content\/uploads\/2024\/01\/image-111.png\" \/>\n\t<meta property=\"og:image:width\" content=\"387\" \/>\n\t<meta property=\"og:image:height\" content=\"270\" \/>\n\t<meta property=\"og:image:type\" content=\"image\/png\" \/>\n<meta name=\"author\" content=\"Jean Pierre BAWELA\" \/>\n<meta name=\"twitter:card\" content=\"summary_large_image\" \/>\n<meta name=\"twitter:label1\" content=\"\u00c9crit par\" \/>\n\t<meta name=\"twitter:data1\" content=\"Jean Pierre BAWELA\" \/>\n\t<meta name=\"twitter:label2\" content=\"Dur\u00e9e de lecture estim\u00e9e\" \/>\n\t<meta name=\"twitter:data2\" content=\"1 minute\" \/>\n<script type=\"application\/ld+json\" class=\"yoast-schema-graph\">{\"@context\":\"https:\\\/\\\/schema.org\",\"@graph\":[{\"@type\":\"Article\",\"@id\":\"https:\\\/\\\/macite.tg\\\/?p=12284#article\",\"isPartOf\":{\"@id\":\"https:\\\/\\\/macite.tg\\\/?p=12284\"},\"author\":{\"name\":\"Jean Pierre BAWELA\",\"@id\":\"https:\\\/\\\/macite.tg\\\/#\\\/schema\\\/person\\\/e9f2de7e5dbbe7770a9402c7ce82f5c2\"},\"headline\":\"CAN CIV 2023 : C\u00f4te d&rsquo;Ivoire vs Mali au menu des affiches des quarts de finale\",\"datePublished\":\"2024-01-31T16:53:01+00:00\",\"dateModified\":\"2024-01-31T16:53:03+00:00\",\"mainEntityOfPage\":{\"@id\":\"https:\\\/\\\/macite.tg\\\/?p=12284\"},\"wordCount\":259,\"commentCount\":0,\"image\":{\"@id\":\"https:\\\/\\\/macite.tg\\\/?p=12284#primaryimage\"},\"thumbnailUrl\":\"https:\\\/\\\/macite.tg\\\/wp-content\\\/uploads\\\/2024\\\/01\\\/image-111.png\",\"articleSection\":[\"ACTUALITE\",\"SPORTS\"],\"inLanguage\":\"fr-FR\",\"potentialAction\":[{\"@type\":\"CommentAction\",\"name\":\"Comment\",\"target\":[\"https:\\\/\\\/macite.tg\\\/?p=12284#respond\"]}]},{\"@type\":\"WebPage\",\"@id\":\"https:\\\/\\\/macite.tg\\\/?p=12284\",\"url\":\"https:\\\/\\\/macite.tg\\\/?p=12284\",\"name\":\"CAN CIV 2023 : C\u00f4te d'Ivoire vs Mali au menu des affiches des quarts de finale -\",\"isPartOf\":{\"@id\":\"https:\\\/\\\/macite.tg\\\/#website\"},\"primaryImageOfPage\":{\"@id\":\"https:\\\/\\\/macite.tg\\\/?p=12284#primaryimage\"},\"image\":{\"@id\":\"https:\\\/\\\/macite.tg\\\/?p=12284#primaryimage\"},\"thumbnailUrl\":\"https:\\\/\\\/macite.tg\\\/wp-content\\\/uploads\\\/2024\\\/01\\\/image-111.png\",\"datePublished\":\"2024-01-31T16:53:01+00:00\",\"dateModified\":\"2024-01-31T16:53:03+00:00\",\"author\":{\"@id\":\"https:\\\/\\\/macite.tg\\\/#\\\/schema\\\/person\\\/e9f2de7e5dbbe7770a9402c7ce82f5c2\"},\"breadcrumb\":{\"@id\":\"https:\\\/\\\/macite.tg\\\/?p=12284#breadcrumb\"},\"inLanguage\":\"fr-FR\",\"potentialAction\":[{\"@type\":\"ReadAction\",\"target\":[\"https:\\\/\\\/macite.tg\\\/?p=12284\"]}]},{\"@type\":\"ImageObject\",\"inLanguage\":\"fr-FR\",\"@id\":\"https:\\\/\\\/macite.tg\\\/?p=12284#primaryimage\",\"url\":\"https:\\\/\\\/macite.tg\\\/wp-content\\\/uploads\\\/2024\\\/01\\\/image-111.png\",\"contentUrl\":\"https:\\\/\\\/macite.tg\\\/wp-content\\\/uploads\\\/2024\\\/01\\\/image-111.png\",\"width\":387,\"height\":270},{\"@type\":\"BreadcrumbList\",\"@id\":\"https:\\\/\\\/macite.tg\\\/?p=12284#breadcrumb\",\"itemListElement\":[{\"@type\":\"ListItem\",\"position\":1,\"name\":\"Accueil\",\"item\":\"https:\\\/\\\/macite.tg\\\/\"},{\"@type\":\"ListItem\",\"position\":2,\"name\":\"CAN CIV 2023 : C\u00f4te d&rsquo;Ivoire vs Mali au menu des affiches des quarts de finale\"}]},{\"@type\":\"WebSite\",\"@id\":\"https:\\\/\\\/macite.tg\\\/#website\",\"url\":\"https:\\\/\\\/macite.tg\\\/\",\"name\":\"\",\"description\":\"L&#039;information, la bonne!!!\",\"potentialAction\":[{\"@type\":\"SearchAction\",\"target\":{\"@type\":\"EntryPoint\",\"urlTemplate\":\"https:\\\/\\\/macite.tg\\\/?s={search_term_string}\"},\"query-input\":{\"@type\":\"PropertyValueSpecification\",\"valueRequired\":true,\"valueName\":\"search_term_string\"}}],\"inLanguage\":\"fr-FR\"},{\"@type\":\"Person\",\"@id\":\"https:\\\/\\\/macite.tg\\\/#\\\/schema\\\/person\\\/e9f2de7e5dbbe7770a9402c7ce82f5c2\",\"name\":\"Jean Pierre BAWELA\",\"image\":{\"@type\":\"ImageObject\",\"inLanguage\":\"fr-FR\",\"@id\":\"https:\\\/\\\/macite.tg\\\/wp-content\\\/uploads\\\/2023\\\/09\\\/WhatsApp-Image-2023-09-19-at-14.44.41-122x122.jpeg\",\"url\":\"https:\\\/\\\/macite.tg\\\/wp-content\\\/uploads\\\/2023\\\/09\\\/WhatsApp-Image-2023-09-19-at-14.44.41-122x122.jpeg\",\"contentUrl\":\"https:\\\/\\\/macite.tg\\\/wp-content\\\/uploads\\\/2023\\\/09\\\/WhatsApp-Image-2023-09-19-at-14.44.41-122x122.jpeg\",\"caption\":\"Jean Pierre BAWELA\"},\"url\":\"https:\\\/\\\/macite.tg\\\/?author=2\"}]}<\/script>\n<!-- \/ Yoast SEO plugin. -->","yoast_head_json":{"title":"CAN CIV 2023 : C\u00f4te d'Ivoire vs Mali au menu des affiches des quarts de finale -","robots":{"index":"index","follow":"follow","max-snippet":"max-snippet:-1","max-image-preview":"max-image-preview:large","max-video-preview":"max-video-preview:-1"},"canonical":"https:\/\/macite.tg\/?p=12284","og_locale":"fr_FR","og_type":"article","og_title":"CAN CIV 2023 : C\u00f4te d'Ivoire vs Mali au menu des affiches des quarts de finale -","og_description":"La 34e Coupe d&rsquo;Afrique des Nations (Can) qui se d\u00e9roule en terre Ivoirienne, est \u00e0 l&rsquo;\u00e9tape des quarts de finale, avec la fin, mardi 30 janvier, des huiti\u00e8mes de finale de la Can 2023. Place, d\u00e8s ce vendredi 02 f\u00e9vrier, aux quarts de finale. Ils [&hellip;]","og_url":"https:\/\/macite.tg\/?p=12284","article_published_time":"2024-01-31T16:53:01+00:00","article_modified_time":"2024-01-31T16:53:03+00:00","og_image":[{"width":387,"height":270,"url":"https:\/\/macite.tg\/wp-content\/uploads\/2024\/01\/image-111.png","type":"image\/png"}],"author":"Jean Pierre BAWELA","twitter_card":"summary_large_image","twitter_misc":{"\u00c9crit par":"Jean Pierre BAWELA","Dur\u00e9e de lecture estim\u00e9e":"1 minute"},"schema":{"@context":"https:\/\/schema.org","@graph":[{"@type":"Article","@id":"https:\/\/macite.tg\/?p=12284#article","isPartOf":{"@id":"https:\/\/macite.tg\/?p=12284"},"author":{"name":"Jean Pierre BAWELA","@id":"https:\/\/macite.tg\/#\/schema\/person\/e9f2de7e5dbbe7770a9402c7ce82f5c2"},"headline":"CAN CIV 2023 : C\u00f4te d&rsquo;Ivoire vs Mali au menu des affiches des quarts de finale","datePublished":"2024-01-31T16:53:01+00:00","dateModified":"2024-01-31T16:53:03+00:00","mainEntityOfPage":{"@id":"https:\/\/macite.tg\/?p=12284"},"wordCount":259,"commentCount":0,"image":{"@id":"https:\/\/macite.tg\/?p=12284#primaryimage"},"thumbnailUrl":"https:\/\/macite.tg\/wp-content\/uploads\/2024\/01\/image-111.png","articleSection":["ACTUALITE","SPORTS"],"inLanguage":"fr-FR","potentialAction":[{"@type":"CommentAction","name":"Comment","target":["https:\/\/macite.tg\/?p=12284#respond"]}]},{"@type":"WebPage","@id":"https:\/\/macite.tg\/?p=12284","url":"https:\/\/macite.tg\/?p=12284","name":"CAN CIV 2023 : C\u00f4te d'Ivoire vs Mali au menu des affiches des quarts de finale -","isPartOf":{"@id":"https:\/\/macite.tg\/#website"},"primaryImageOfPage":{"@id":"https:\/\/macite.tg\/?p=12284#primaryimage"},"image":{"@id":"https:\/\/macite.tg\/?p=12284#primaryimage"},"thumbnailUrl":"https:\/\/macite.tg\/wp-content\/uploads\/2024\/01\/image-111.png","datePublished":"2024-01-31T16:53:01+00:00","dateModified":"2024-01-31T16:53:03+00:00","author":{"@id":"https:\/\/macite.tg\/#\/schema\/person\/e9f2de7e5dbbe7770a9402c7ce82f5c2"},"breadcrumb":{"@id":"https:\/\/macite.tg\/?p=12284#breadcrumb"},"inLanguage":"fr-FR","potentialAction":[{"@type":"ReadAction","target":["https:\/\/macite.tg\/?p=12284"]}]},{"@type":"ImageObject","inLanguage":"fr-FR","@id":"https:\/\/macite.tg\/?p=12284#primaryimage","url":"https:\/\/macite.tg\/wp-content\/uploads\/2024\/01\/image-111.png","contentUrl":"https:\/\/macite.tg\/wp-content\/uploads\/2024\/01\/image-111.png","width":387,"height":270},{"@type":"BreadcrumbList","@id":"https:\/\/macite.tg\/?p=12284#breadcrumb","itemListElement":[{"@type":"ListItem","position":1,"name":"Accueil","item":"https:\/\/macite.tg\/"},{"@type":"ListItem","position":2,"name":"CAN CIV 2023 : C\u00f4te d&rsquo;Ivoire vs Mali au menu des affiches des quarts de finale"}]},{"@type":"WebSite","@id":"https:\/\/macite.tg\/#website","url":"https:\/\/macite.tg\/","name":"","description":"L&#039;information, la bonne!!!","potentialAction":[{"@type":"SearchAction","target":{"@type":"EntryPoint","urlTemplate":"https:\/\/macite.tg\/?s={search_term_string}"},"query-input":{"@type":"PropertyValueSpecification","valueRequired":true,"valueName":"search_term_string"}}],"inLanguage":"fr-FR"},{"@type":"Person","@id":"https:\/\/macite.tg\/#\/schema\/person\/e9f2de7e5dbbe7770a9402c7ce82f5c2","name":"Jean Pierre BAWELA","image":{"@type":"ImageObject","inLanguage":"fr-FR","@id":"https:\/\/macite.tg\/wp-content\/uploads\/2023\/09\/WhatsApp-Image-2023-09-19-at-14.44.41-122x122.jpeg","url":"https:\/\/macite.tg\/wp-content\/uploads\/2023\/09\/WhatsApp-Image-2023-09-19-at-14.44.41-122x122.jpeg","contentUrl":"https:\/\/macite.tg\/wp-content\/uploads\/2023\/09\/WhatsApp-Image-2023-09-19-at-14.44.41-122x122.jpeg","caption":"Jean Pierre BAWELA"},"url":"https:\/\/macite.tg\/?author=2"}]}},"_links":{"self":[{"href":"https:\/\/macite.tg\/index.php?rest_route=\/wp\/v2\/posts\/12284","targetHints":{"allow":["GET"]}}],"collection":[{"href":"https:\/\/macite.tg\/index.php?rest_route=\/wp\/v2\/posts"}],"about":[{"href":"https:\/\/macite.tg\/index.php?rest_route=\/wp\/v2\/types\/post"}],"author":[{"embeddable":true,"href":"https:\/\/macite.tg\/index.php?rest_route=\/wp\/v2\/users\/2"}],"replies":[{"embeddable":true,"href":"https:\/\/macite.tg\/index.php?rest_route=%2Fwp%2Fv2%2Fcomments&post=12284"}],"version-history":[{"count":0,"href":"https:\/\/macite.tg\/index.php?rest_route=\/wp\/v2\/posts\/12284\/revisions"}],"wp:featuredmedia":[{"embeddable":true,"href":"https:\/\/macite.tg\/index.php?rest_route=\/wp\/v2\/media\/12285"}],"wp:attachment":[{"href":"https:\/\/macite.tg\/index.php?rest_route=%2Fwp%2Fv2%2Fmedia&parent=12284"}],"wp:term":[{"taxonomy":"category","embeddable":true,"href":"https:\/\/macite.tg\/index.php?rest_route=%2Fwp%2Fv2%2Fcategories&post=12284"},{"taxonomy":"post_tag","embeddable":true,"href":"https:\/\/macite.tg\/index.php?rest_route=%2Fwp%2Fv2%2Ftags&post=12284"}],"curies":[{"name":"wp","href":"https:\/\/api.w.org\/{rel}","templated":true}]}}