{"id":12281,"date":"2024-01-31T13:57:41","date_gmt":"2024-01-31T13:57:41","guid":{"rendered":"https:\/\/macite.tg\/?p=12281"},"modified":"2024-01-31T13:57:44","modified_gmt":"2024-01-31T13:57:44","slug":"activites-des-services-marchands-hausse-du-chiffre-daffaires-au-3e-trimestre-2023","status":"publish","type":"post","link":"https:\/\/macite.tg\/?p=12281","title":{"rendered":"ACTIVITES DES SERVICES MARCHANDS : Hausse du chiffre d&rsquo;affaires au 3\u00e8 trimestre 2023"},"content":{"rendered":"\n<p class=\"wp-block-paragraph\"><strong><em>Le chiffre d&rsquo;affaires des \u00a0\u00bb Activit\u00e9s des services marchands \u00a0\u00bb au 3\u00e8me trimestre de 2023 connait une hausse de (+1,2%) par rapport au trimestre pr\u00e9c\u00e9dent. Cette croissance s&rsquo;explique en partie par la hausse du chiffre d&rsquo;affaires au niveau des branches \u00a0\u00bb H\u00e9bergement et restauration \u00a0\u00bb (+1,6%), \u00a0\u00bb Activit\u00e9s artistiques, sportives et r\u00e9cr\u00e9atives \u00a0\u00bb (+50,1%) et \u00a0\u00bb Activit\u00e9s de services de soutien et de bureau \u00a0\u00bb (+24,8%). En glissement annuel, les activit\u00e9s des services marchands enregistrent une baisse de (-31,5%) de leur chiffre d&rsquo;affaires.<\/em><\/strong><\/p>\n\n\n\n<p class=\"wp-block-paragraph\">Le secteur des \u00a0\u00bb Transports et entreposage \u00a0\u00bb conna\u00eet au 3 \u00e8me trimestre de 2023 une baisse de (-3,3%) du chiffre d&rsquo;affaires par rapport au 2 eme trimestre 2023. Cette baisse provient essentiellement de l&rsquo;augmentation du chiffre d&rsquo;affaires des activit\u00e9s des sous-branches telles que : \u00a0\u00bb Entreposage et activit\u00e9s des auxiliaires de transport \u00a0\u00bb (-6,6%). Compar\u00e9 \u00e0 la m\u00eame p\u00e9riode de l&rsquo;ann\u00e9e pr\u00e9c\u00e9dente, l&rsquo;activit\u00e9 de \u00a0\u00bb Transport et entreposage \u00a0\u00bb conna\u00eet une diminution de (-41,2%) de son chiffre d&rsquo;affaires. <\/p>\n\n\n\n<p class=\"wp-block-paragraph\">L&rsquo;activit\u00e9 \u00a0\u00bb H\u00e9bergement et restauration \u00a0\u00bb connait une croissance en enregistrant au 3 \u00e8me trimestre 2023 une augmentation de (+1,6%) de son chiffre d&rsquo;affaires par rapport au 2 eme trimestre de 2023. Cette hausse s&rsquo;explique par une augmentation du chiffre d&rsquo;affaires observ\u00e9e au niveau de l&rsquo;activit\u00e9 de la branche \u00a0\u00bb Restauration et d\u00e9bits de boisson \u00a0\u00bb (+12,3%). En glissement annuel, le chiffre d&rsquo;affaires de l&rsquo;activit\u00e9 diminue de (-3,9%).<\/p>\n\n\n<div class=\"wp-block-image\">\n<figure class=\"aligncenter size-full\"><img loading=\"lazy\" decoding=\"async\" width=\"485\" height=\"607\" src=\"https:\/\/macite.tg\/wp-content\/uploads\/2024\/01\/421269101_894081102726697_4923617785280576181_n.jpg\" alt=\"\" class=\"wp-image-12058\" srcset=\"https:\/\/macite.tg\/wp-content\/uploads\/2024\/01\/421269101_894081102726697_4923617785280576181_n.jpg 485w, https:\/\/macite.tg\/wp-content\/uploads\/2024\/01\/421269101_894081102726697_4923617785280576181_n-240x300.jpg 240w\" sizes=\"auto, (max-width: 485px) 100vw, 485px\" \/><\/figure>\n<\/div>\n\n\n<p class=\"wp-block-paragraph\">L&rsquo;activit\u00e9 de l'\u00a0\u00bbInformation et communication \u00a0\u00bb conna\u00eet une baisse de (-4,1%) de son chiffre d&rsquo;affaires au 3\u00e8me trimestre de 2023. Cette d\u00e9croissance s&rsquo;explique principalement par la baisse de (-2,9%) du chiffre d&rsquo;affaires de l&rsquo;activit\u00e9 de \u00a0\u00bb T\u00e9l\u00e9communications \u00ab\u00a0. Par rapport au m\u00eame trimestre de 2022, le chiffre d&rsquo;affaires des activit\u00e9s de l&rsquo; \u00a0\u00bb Information et communication \u00a0\u00bb baisse de (-23,4%).<\/p>\n\n\n\n<p class=\"wp-block-paragraph\">Les \u00a0\u00bb Activit\u00e9s sp\u00e9cialis\u00e9es, scientifiques et techniques \u00a0\u00bb connaissent une baisse de (-5,3%) du chiffre d&rsquo;affaires au cours du 3\u00e8me trimestre de 2023. Cette baisse d\u00e9pend de celui du chiffre d&rsquo;affaires des \u00a0\u00bb Activit\u00e9s des si\u00e8ges sociaux ; conseil en gestion \u00a0\u00bb (-38,5%). Comparativement au 3\u00e8me trimestre 2022, le chiffre d&rsquo;affaires des \u00a0\u00bb Activit\u00e9s sp\u00e9cialis\u00e9es, scientifiques et techniques \u00a0\u00bb d\u00e9cro\u00eet de (-15,0%).<\/p>\n\n\n\n<p class=\"wp-block-paragraph\">Au 3\u00e8me trimestre de 2023, les activit\u00e9s des \u00a0\u00bb Services de soutien et de bureau \u00a0\u00bb connaissent une hausse de (+24,8%) de leur chiffre d&rsquo;affaires par rapport au trimestre pr\u00e9c\u00e9dent. Cette hausse s&rsquo;explique par une augmentation du chiffre d&rsquo;affaires des activit\u00e9s des branches telles que : \u00a0\u00bb Soutien aux b\u00e2timents ; am\u00e9nagement paysager \u00a0\u00bb (+35,5%) et de \u00a0\u00bb Location et location-bail \u00a0\u00bb (+37,0%). En glissement annuel, le chiffre d&rsquo;affaires des \u00a0\u00bb services de soutien et de bureau \u00a0\u00bb diminue de (-32,9%).<\/p>\n\n\n<div class=\"wp-block-image\">\n<figure class=\"aligncenter size-large is-resized\"><img loading=\"lazy\" decoding=\"async\" src=\"https:\/\/macite.tg\/wp-content\/uploads\/2024\/01\/GBps6MVW8AAmcgK-3-819x1024.jpg\" alt=\"\" class=\"wp-image-12056\" width=\"454\" height=\"568\" srcset=\"https:\/\/macite.tg\/wp-content\/uploads\/2024\/01\/GBps6MVW8AAmcgK-3-819x1024.jpg 819w, https:\/\/macite.tg\/wp-content\/uploads\/2024\/01\/GBps6MVW8AAmcgK-3-240x300.jpg 240w, https:\/\/macite.tg\/wp-content\/uploads\/2024\/01\/GBps6MVW8AAmcgK-3-768x960.jpg 768w, https:\/\/macite.tg\/wp-content\/uploads\/2024\/01\/GBps6MVW8AAmcgK-3.jpg 864w\" sizes=\"auto, (max-width: 454px) 100vw, 454px\" \/><\/figure>\n<\/div>\n\n\n<p class=\"wp-block-paragraph\">Le chiffre d&rsquo;affaires des activit\u00e9s de l&rsquo; \u00a0\u00bb Enseignement \u00a0\u00bb r\u00e9alis\u00e9 au 3\u00e8me trimestre de 2023 enregistre une diminution de (-25,6%) par rapport au trimestre pr\u00e9c\u00e9dent. En glissement annuel, le chiffre d&rsquo;affaires de la branche baisse de (-53,9%) en 2023. La branche des \u00a0\u00bb Activit\u00e9s pour la sant\u00e9 humaine et l&rsquo;action sociale \u00a0\u00bb connait au 3\u00e8me trimestre de 2023 une hausse qui se mat\u00e9rialise par une augmentation de (+13,5%) du chiffre d&rsquo;affaires. En glissement annuel, on observe une baisse de (-24,8%) du chiffre d&rsquo;affaires.<\/p>\n\n\n\n<p class=\"wp-block-paragraph\">Au 3\u00e8metrimestre de 2023, la branche des \u00a0\u00bb Activit\u00e9s artistiques, sportives et r\u00e9cr\u00e9atives \u00a0\u00bb enregistre une hausse de (+50,1%) de son chiffre d&rsquo;affaires par rapport au trimestre pr\u00e9c\u00e9dent. Cette hausse s&rsquo;explique par l&rsquo;augmentation du chiffre d&rsquo;affaires de l&rsquo;activit\u00e9 \u00a0\u00bb Organisation de jeux de hasard et d&rsquo;argent \u00a0\u00bb (+65,1%). En glissement annuel, le chiffre d&rsquo;affaires de la branche baisse de (-16,9%).<\/p>\n\n\n\n<p class=\"wp-block-paragraph\"><strong>Koudjoukabalo (In LE MEDIUM n\u00b0590 du 30 Janvier au 05 F\u00e9vrier 2024)<\/strong><\/p>\n\n\n\n<p class=\"wp-block-paragraph\"><strong><em>@macite.tg&nbsp;&nbsp;&nbsp;&nbsp;&nbsp;&nbsp;&nbsp;&nbsp;<\/em><\/strong><\/p>\n\n\n\n<p class=\"wp-block-paragraph\"><strong><em>E-mail&nbsp;: <\/em><\/strong><a href=\"mailto:maciteinfo@gmail.com\"><strong><em>maciteinfo@gmail.com<\/em><\/strong><\/a><strong><em>; <\/em><\/strong><a href=\"mailto:bawela1@gmail.com\"><strong><em>bawela1@gmail.com<\/em><\/strong><\/a><strong><em><\/em><\/strong><\/p>\n\n\n\n<p class=\"wp-block-paragraph\"><strong><em>Pour vos annonces, (publi)reportages, etc., joignez-nous au (00228)91515309\/<strong>79872224 <\/strong>www.macite.tg, L\u2019information, la bonne&nbsp;!<\/em><\/strong><\/p>\n","protected":false},"excerpt":{"rendered":"<p class=\"text-justify mb-2\" >Le chiffre d&rsquo;affaires des \u00a0\u00bb Activit\u00e9s des services marchands \u00a0\u00bb au 3\u00e8me trimestre de 2023 connait une hausse de (+1,2%) par rapport au trimestre pr\u00e9c\u00e9dent. Cette croissance s&rsquo;explique en partie par la hausse du chiffre d&rsquo;affaires au niveau des branches \u00a0\u00bb H\u00e9bergement et restauration \u00a0\u00bb [&hellip;]<\/p>\n","protected":false},"author":2,"featured_media":12282,"comment_status":"open","ping_status":"open","sticky":false,"template":"","format":"standard","meta":{"footnotes":""},"categories":[20,3],"tags":[],"class_list":["post-12281","post","type-post","status-publish","format-standard","has-post-thumbnail","hentry","category-actualite","category-economie"],"yoast_head":"<!-- This site is optimized with the Yoast SEO plugin v28.4 - https:\/\/yoast.com\/product\/yoast-seo-wordpress\/ -->\n<title>ACTIVITES DES SERVICES MARCHANDS : Hausse du chiffre d&#039;affaires au 3\u00e8 trimestre 2023 -<\/title>\n<meta name=\"robots\" content=\"index, follow, max-snippet:-1, max-image-preview:large, max-video-preview:-1\" \/>\n<link rel=\"canonical\" href=\"https:\/\/macite.tg\/?p=12281\" \/>\n<meta property=\"og:locale\" content=\"fr_FR\" \/>\n<meta property=\"og:type\" content=\"article\" \/>\n<meta property=\"og:title\" content=\"ACTIVITES DES SERVICES MARCHANDS : Hausse du chiffre d&#039;affaires au 3\u00e8 trimestre 2023 -\" \/>\n<meta property=\"og:description\" content=\"Le chiffre d&rsquo;affaires des \u00a0\u00bb Activit\u00e9s des services marchands \u00a0\u00bb au 3\u00e8me trimestre de 2023 connait une hausse de (+1,2%) par rapport au trimestre pr\u00e9c\u00e9dent. Cette croissance s&rsquo;explique en partie par la hausse du chiffre d&rsquo;affaires au niveau des branches \u00a0\u00bb H\u00e9bergement et restauration \u00a0\u00bb [&hellip;]\" \/>\n<meta property=\"og:url\" content=\"https:\/\/macite.tg\/?p=12281\" \/>\n<meta property=\"article:published_time\" content=\"2024-01-31T13:57:41+00:00\" \/>\n<meta property=\"article:modified_time\" content=\"2024-01-31T13:57:44+00:00\" \/>\n<meta property=\"og:image\" content=\"https:\/\/macite.tg\/wp-content\/uploads\/2024\/01\/image-110.png\" \/>\n\t<meta property=\"og:image:width\" content=\"474\" \/>\n\t<meta property=\"og:image:height\" content=\"315\" \/>\n\t<meta property=\"og:image:type\" content=\"image\/png\" \/>\n<meta name=\"author\" content=\"Jean Pierre BAWELA\" \/>\n<meta name=\"twitter:card\" content=\"summary_large_image\" \/>\n<meta name=\"twitter:label1\" content=\"\u00c9crit par\" \/>\n\t<meta name=\"twitter:data1\" content=\"Jean Pierre BAWELA\" \/>\n\t<meta name=\"twitter:label2\" content=\"Dur\u00e9e de lecture estim\u00e9e\" \/>\n\t<meta name=\"twitter:data2\" content=\"3 minutes\" \/>\n<script type=\"application\/ld+json\" class=\"yoast-schema-graph\">{\"@context\":\"https:\\\/\\\/schema.org\",\"@graph\":[{\"@type\":\"Article\",\"@id\":\"https:\\\/\\\/macite.tg\\\/?p=12281#article\",\"isPartOf\":{\"@id\":\"https:\\\/\\\/macite.tg\\\/?p=12281\"},\"author\":{\"name\":\"Jean Pierre BAWELA\",\"@id\":\"https:\\\/\\\/macite.tg\\\/#\\\/schema\\\/person\\\/e9f2de7e5dbbe7770a9402c7ce82f5c2\"},\"headline\":\"ACTIVITES DES SERVICES MARCHANDS : Hausse du chiffre d&rsquo;affaires au 3\u00e8 trimestre 2023\",\"datePublished\":\"2024-01-31T13:57:41+00:00\",\"dateModified\":\"2024-01-31T13:57:44+00:00\",\"mainEntityOfPage\":{\"@id\":\"https:\\\/\\\/macite.tg\\\/?p=12281\"},\"wordCount\":650,\"commentCount\":0,\"image\":{\"@id\":\"https:\\\/\\\/macite.tg\\\/?p=12281#primaryimage\"},\"thumbnailUrl\":\"https:\\\/\\\/macite.tg\\\/wp-content\\\/uploads\\\/2024\\\/01\\\/image-110.png\",\"articleSection\":[\"ACTUALITE\",\"ECONOMIE\"],\"inLanguage\":\"fr-FR\",\"potentialAction\":[{\"@type\":\"CommentAction\",\"name\":\"Comment\",\"target\":[\"https:\\\/\\\/macite.tg\\\/?p=12281#respond\"]}]},{\"@type\":\"WebPage\",\"@id\":\"https:\\\/\\\/macite.tg\\\/?p=12281\",\"url\":\"https:\\\/\\\/macite.tg\\\/?p=12281\",\"name\":\"ACTIVITES DES SERVICES MARCHANDS : Hausse du chiffre d'affaires au 3\u00e8 trimestre 2023 -\",\"isPartOf\":{\"@id\":\"https:\\\/\\\/macite.tg\\\/#website\"},\"primaryImageOfPage\":{\"@id\":\"https:\\\/\\\/macite.tg\\\/?p=12281#primaryimage\"},\"image\":{\"@id\":\"https:\\\/\\\/macite.tg\\\/?p=12281#primaryimage\"},\"thumbnailUrl\":\"https:\\\/\\\/macite.tg\\\/wp-content\\\/uploads\\\/2024\\\/01\\\/image-110.png\",\"datePublished\":\"2024-01-31T13:57:41+00:00\",\"dateModified\":\"2024-01-31T13:57:44+00:00\",\"author\":{\"@id\":\"https:\\\/\\\/macite.tg\\\/#\\\/schema\\\/person\\\/e9f2de7e5dbbe7770a9402c7ce82f5c2\"},\"breadcrumb\":{\"@id\":\"https:\\\/\\\/macite.tg\\\/?p=12281#breadcrumb\"},\"inLanguage\":\"fr-FR\",\"potentialAction\":[{\"@type\":\"ReadAction\",\"target\":[\"https:\\\/\\\/macite.tg\\\/?p=12281\"]}]},{\"@type\":\"ImageObject\",\"inLanguage\":\"fr-FR\",\"@id\":\"https:\\\/\\\/macite.tg\\\/?p=12281#primaryimage\",\"url\":\"https:\\\/\\\/macite.tg\\\/wp-content\\\/uploads\\\/2024\\\/01\\\/image-110.png\",\"contentUrl\":\"https:\\\/\\\/macite.tg\\\/wp-content\\\/uploads\\\/2024\\\/01\\\/image-110.png\",\"width\":474,\"height\":315},{\"@type\":\"BreadcrumbList\",\"@id\":\"https:\\\/\\\/macite.tg\\\/?p=12281#breadcrumb\",\"itemListElement\":[{\"@type\":\"ListItem\",\"position\":1,\"name\":\"Accueil\",\"item\":\"https:\\\/\\\/macite.tg\\\/\"},{\"@type\":\"ListItem\",\"position\":2,\"name\":\"ACTIVITES DES SERVICES MARCHANDS : Hausse du chiffre d&rsquo;affaires au 3\u00e8 trimestre 2023\"}]},{\"@type\":\"WebSite\",\"@id\":\"https:\\\/\\\/macite.tg\\\/#website\",\"url\":\"https:\\\/\\\/macite.tg\\\/\",\"name\":\"\",\"description\":\"L&#039;information, la bonne!!!\",\"potentialAction\":[{\"@type\":\"SearchAction\",\"target\":{\"@type\":\"EntryPoint\",\"urlTemplate\":\"https:\\\/\\\/macite.tg\\\/?s={search_term_string}\"},\"query-input\":{\"@type\":\"PropertyValueSpecification\",\"valueRequired\":true,\"valueName\":\"search_term_string\"}}],\"inLanguage\":\"fr-FR\"},{\"@type\":\"Person\",\"@id\":\"https:\\\/\\\/macite.tg\\\/#\\\/schema\\\/person\\\/e9f2de7e5dbbe7770a9402c7ce82f5c2\",\"name\":\"Jean Pierre BAWELA\",\"image\":{\"@type\":\"ImageObject\",\"inLanguage\":\"fr-FR\",\"@id\":\"https:\\\/\\\/macite.tg\\\/wp-content\\\/uploads\\\/2023\\\/09\\\/WhatsApp-Image-2023-09-19-at-14.44.41-122x122.jpeg\",\"url\":\"https:\\\/\\\/macite.tg\\\/wp-content\\\/uploads\\\/2023\\\/09\\\/WhatsApp-Image-2023-09-19-at-14.44.41-122x122.jpeg\",\"contentUrl\":\"https:\\\/\\\/macite.tg\\\/wp-content\\\/uploads\\\/2023\\\/09\\\/WhatsApp-Image-2023-09-19-at-14.44.41-122x122.jpeg\",\"caption\":\"Jean Pierre BAWELA\"},\"url\":\"https:\\\/\\\/macite.tg\\\/?author=2\"}]}<\/script>\n<!-- \/ Yoast SEO plugin. -->","yoast_head_json":{"title":"ACTIVITES DES SERVICES MARCHANDS : Hausse du chiffre d'affaires au 3\u00e8 trimestre 2023 -","robots":{"index":"index","follow":"follow","max-snippet":"max-snippet:-1","max-image-preview":"max-image-preview:large","max-video-preview":"max-video-preview:-1"},"canonical":"https:\/\/macite.tg\/?p=12281","og_locale":"fr_FR","og_type":"article","og_title":"ACTIVITES DES SERVICES MARCHANDS : Hausse du chiffre d'affaires au 3\u00e8 trimestre 2023 -","og_description":"Le chiffre d&rsquo;affaires des \u00a0\u00bb Activit\u00e9s des services marchands \u00a0\u00bb au 3\u00e8me trimestre de 2023 connait une hausse de (+1,2%) par rapport au trimestre pr\u00e9c\u00e9dent. Cette croissance s&rsquo;explique en partie par la hausse du chiffre d&rsquo;affaires au niveau des branches \u00a0\u00bb H\u00e9bergement et restauration \u00a0\u00bb [&hellip;]","og_url":"https:\/\/macite.tg\/?p=12281","article_published_time":"2024-01-31T13:57:41+00:00","article_modified_time":"2024-01-31T13:57:44+00:00","og_image":[{"width":474,"height":315,"url":"https:\/\/macite.tg\/wp-content\/uploads\/2024\/01\/image-110.png","type":"image\/png"}],"author":"Jean Pierre BAWELA","twitter_card":"summary_large_image","twitter_misc":{"\u00c9crit par":"Jean Pierre BAWELA","Dur\u00e9e de lecture estim\u00e9e":"3 minutes"},"schema":{"@context":"https:\/\/schema.org","@graph":[{"@type":"Article","@id":"https:\/\/macite.tg\/?p=12281#article","isPartOf":{"@id":"https:\/\/macite.tg\/?p=12281"},"author":{"name":"Jean Pierre BAWELA","@id":"https:\/\/macite.tg\/#\/schema\/person\/e9f2de7e5dbbe7770a9402c7ce82f5c2"},"headline":"ACTIVITES DES SERVICES MARCHANDS : Hausse du chiffre d&rsquo;affaires au 3\u00e8 trimestre 2023","datePublished":"2024-01-31T13:57:41+00:00","dateModified":"2024-01-31T13:57:44+00:00","mainEntityOfPage":{"@id":"https:\/\/macite.tg\/?p=12281"},"wordCount":650,"commentCount":0,"image":{"@id":"https:\/\/macite.tg\/?p=12281#primaryimage"},"thumbnailUrl":"https:\/\/macite.tg\/wp-content\/uploads\/2024\/01\/image-110.png","articleSection":["ACTUALITE","ECONOMIE"],"inLanguage":"fr-FR","potentialAction":[{"@type":"CommentAction","name":"Comment","target":["https:\/\/macite.tg\/?p=12281#respond"]}]},{"@type":"WebPage","@id":"https:\/\/macite.tg\/?p=12281","url":"https:\/\/macite.tg\/?p=12281","name":"ACTIVITES DES SERVICES MARCHANDS : Hausse du chiffre d'affaires au 3\u00e8 trimestre 2023 -","isPartOf":{"@id":"https:\/\/macite.tg\/#website"},"primaryImageOfPage":{"@id":"https:\/\/macite.tg\/?p=12281#primaryimage"},"image":{"@id":"https:\/\/macite.tg\/?p=12281#primaryimage"},"thumbnailUrl":"https:\/\/macite.tg\/wp-content\/uploads\/2024\/01\/image-110.png","datePublished":"2024-01-31T13:57:41+00:00","dateModified":"2024-01-31T13:57:44+00:00","author":{"@id":"https:\/\/macite.tg\/#\/schema\/person\/e9f2de7e5dbbe7770a9402c7ce82f5c2"},"breadcrumb":{"@id":"https:\/\/macite.tg\/?p=12281#breadcrumb"},"inLanguage":"fr-FR","potentialAction":[{"@type":"ReadAction","target":["https:\/\/macite.tg\/?p=12281"]}]},{"@type":"ImageObject","inLanguage":"fr-FR","@id":"https:\/\/macite.tg\/?p=12281#primaryimage","url":"https:\/\/macite.tg\/wp-content\/uploads\/2024\/01\/image-110.png","contentUrl":"https:\/\/macite.tg\/wp-content\/uploads\/2024\/01\/image-110.png","width":474,"height":315},{"@type":"BreadcrumbList","@id":"https:\/\/macite.tg\/?p=12281#breadcrumb","itemListElement":[{"@type":"ListItem","position":1,"name":"Accueil","item":"https:\/\/macite.tg\/"},{"@type":"ListItem","position":2,"name":"ACTIVITES DES SERVICES MARCHANDS : Hausse du chiffre d&rsquo;affaires au 3\u00e8 trimestre 2023"}]},{"@type":"WebSite","@id":"https:\/\/macite.tg\/#website","url":"https:\/\/macite.tg\/","name":"","description":"L&#039;information, la bonne!!!","potentialAction":[{"@type":"SearchAction","target":{"@type":"EntryPoint","urlTemplate":"https:\/\/macite.tg\/?s={search_term_string}"},"query-input":{"@type":"PropertyValueSpecification","valueRequired":true,"valueName":"search_term_string"}}],"inLanguage":"fr-FR"},{"@type":"Person","@id":"https:\/\/macite.tg\/#\/schema\/person\/e9f2de7e5dbbe7770a9402c7ce82f5c2","name":"Jean Pierre BAWELA","image":{"@type":"ImageObject","inLanguage":"fr-FR","@id":"https:\/\/macite.tg\/wp-content\/uploads\/2023\/09\/WhatsApp-Image-2023-09-19-at-14.44.41-122x122.jpeg","url":"https:\/\/macite.tg\/wp-content\/uploads\/2023\/09\/WhatsApp-Image-2023-09-19-at-14.44.41-122x122.jpeg","contentUrl":"https:\/\/macite.tg\/wp-content\/uploads\/2023\/09\/WhatsApp-Image-2023-09-19-at-14.44.41-122x122.jpeg","caption":"Jean Pierre BAWELA"},"url":"https:\/\/macite.tg\/?author=2"}]}},"_links":{"self":[{"href":"https:\/\/macite.tg\/index.php?rest_route=\/wp\/v2\/posts\/12281","targetHints":{"allow":["GET"]}}],"collection":[{"href":"https:\/\/macite.tg\/index.php?rest_route=\/wp\/v2\/posts"}],"about":[{"href":"https:\/\/macite.tg\/index.php?rest_route=\/wp\/v2\/types\/post"}],"author":[{"embeddable":true,"href":"https:\/\/macite.tg\/index.php?rest_route=\/wp\/v2\/users\/2"}],"replies":[{"embeddable":true,"href":"https:\/\/macite.tg\/index.php?rest_route=%2Fwp%2Fv2%2Fcomments&post=12281"}],"version-history":[{"count":0,"href":"https:\/\/macite.tg\/index.php?rest_route=\/wp\/v2\/posts\/12281\/revisions"}],"wp:featuredmedia":[{"embeddable":true,"href":"https:\/\/macite.tg\/index.php?rest_route=\/wp\/v2\/media\/12282"}],"wp:attachment":[{"href":"https:\/\/macite.tg\/index.php?rest_route=%2Fwp%2Fv2%2Fmedia&parent=12281"}],"wp:term":[{"taxonomy":"category","embeddable":true,"href":"https:\/\/macite.tg\/index.php?rest_route=%2Fwp%2Fv2%2Fcategories&post=12281"},{"taxonomy":"post_tag","embeddable":true,"href":"https:\/\/macite.tg\/index.php?rest_route=%2Fwp%2Fv2%2Ftags&post=12281"}],"curies":[{"name":"wp","href":"https:\/\/api.w.org\/{rel}","templated":true}]}}