{"id":12277,"date":"2024-01-31T13:50:40","date_gmt":"2024-01-31T13:50:40","guid":{"rendered":"https:\/\/macite.tg\/?p=12277"},"modified":"2024-01-31T13:50:42","modified_gmt":"2024-01-31T13:50:42","slug":"tournee-dans-les-provinces-du-sud-marocain-le-royaume-accueille-une-delegation-dambassadeurs-representants-permanents-aupres-de-loffice-des-nations-unies","status":"publish","type":"post","link":"https:\/\/macite.tg\/?p=12277","title":{"rendered":"TOURNEE DANS LES PROVINCES DU SUD MAROCAIN\u00a0: Le Royaume accueille une d\u00e9l\u00e9gation d\u2019Ambassadeurs repr\u00e9sentants permanents aupr\u00e8s de l\u2019office des Nations-Unies"},"content":{"rendered":"\n<p class=\"wp-block-paragraph\"><strong><em>La coop\u00e9ration r\u00e9gionale et le d\u00e9veloppement durable sont les enjeux cruciaux de l\u2019heure. C\u2019est dans ce contexte que le Royaume du Maroc, qui se positionne comme un acteur majeur en Afrique, et partant dans la sous-r\u00e9gion, a fait du d\u00e9veloppement de l\u2019ensemble de ses territoires, une priorit\u00e9.<\/em><\/strong><\/p>\n\n\n\n<p class=\"wp-block-paragraph\">C\u2019est dans cette optique qu\u2019une d\u00e9l\u00e9gation de 14 ambassadeurs repr\u00e9sentants permanents aupr\u00e8s de l\u2019office des Nations-Unies \u00e0 Gen\u00e8ve, effectue une visite dans les Provinces du Sud du Maroc.<\/p>\n\n\n\n<p class=\"wp-block-paragraph\">Dans sa vision strat\u00e9gique et dans son \u00e9lan de r\u00e9aliser des initiatives concr\u00e8tes dans l\u2019ensemble de son territoire, ses provinces du Sud comprises, le Royaume du Maroc est tourn\u00e9 vers un avenir prosp\u00e8re et plus inclusif pour l\u2019ensemble du territoire.<\/p>\n\n\n<div class=\"wp-block-image\">\n<figure class=\"aligncenter size-full\"><img loading=\"lazy\" decoding=\"async\" width=\"485\" height=\"607\" src=\"https:\/\/macite.tg\/wp-content\/uploads\/2024\/01\/421269101_894081102726697_4923617785280576181_n.jpg\" alt=\"\" class=\"wp-image-12058\" srcset=\"https:\/\/macite.tg\/wp-content\/uploads\/2024\/01\/421269101_894081102726697_4923617785280576181_n.jpg 485w, https:\/\/macite.tg\/wp-content\/uploads\/2024\/01\/421269101_894081102726697_4923617785280576181_n-240x300.jpg 240w\" sizes=\"auto, (max-width: 485px) 100vw, 485px\" \/><\/figure>\n<\/div>\n\n\n<p class=\"wp-block-paragraph\">Ainsi, le \u2018<em>\u2019Nouveau Mod\u00e8le de D\u00e9veloppement pour les Provinces du Sud\u2019\u2019 <\/em>est illustratif de l&rsquo;engagement du Maroc envers l&rsquo;autonomisation \u00e9conomique et sociale. Ce mod\u00e8le vise \u00e0 <em>\u00ab&nbsp;renforcer les capacit\u00e9s locales<\/em>&nbsp;<em>\u00bb<\/em>, mais \u00e9galement \u00e0 <em>\u00ab&nbsp;favoriser l&rsquo;int\u00e9gration r\u00e9gionale&nbsp;\u00bb.<\/em> Pour se rendre compte de cet engagement, reconnu au haut sommet de l\u2019Etat, les r\u00e9sultats sont d\u2019ailleurs visibles, avec des indicateurs socio-\u00e9conomiques d\u00e9passant souvent la moyenne nationale.<\/p>\n\n\n\n<p class=\"wp-block-paragraph\">Cette visite des \u00e9missaires onusiens dans les provinces du sud est la preuve de la d\u00e9termination du Maroc \u00e0 mettre en valeur ses avanc\u00e9es dans tous les domaines dans cette r\u00e9gion consid\u00e9r\u00e9e comme le berceau de la diversit\u00e9 culturelle, mais aussi des valeurs politiques et sociales qui lient toutes les composantes du Royaume. Cette richesse identitaire, il faut le souligner, est le moteur majeur du d\u00e9veloppement et la coh\u00e9sion nationale.<\/p>\n\n\n\n<p class=\"wp-block-paragraph\">En tant que mod\u00e8le de d\u00e9veloppement et de coop\u00e9ration en Afrique, le Royaume du Maroc, loin de se contenter de la promotion du d\u00e9veloppement de son territoire, entend l\u2019\u00e9tendre sur son voisinage avec \u00e0 la cl\u00e9, un soutien \u00e0 ses voisins africains. C\u2019est d\u2019ailleurs ce qui explique son engagement dans les missions de maintien de la paix de l\u2019Onu et son assistance \u00e0 grande \u00e9chelle, preuve de sa solidarit\u00e9 envers le continent.<\/p>\n\n\n<div class=\"wp-block-image\">\n<figure class=\"aligncenter size-large is-resized\"><img loading=\"lazy\" decoding=\"async\" src=\"https:\/\/macite.tg\/wp-content\/uploads\/2024\/01\/GBps6MVW8AAmcgK-3-819x1024.jpg\" alt=\"\" class=\"wp-image-12056\" width=\"526\" height=\"658\" srcset=\"https:\/\/macite.tg\/wp-content\/uploads\/2024\/01\/GBps6MVW8AAmcgK-3-819x1024.jpg 819w, https:\/\/macite.tg\/wp-content\/uploads\/2024\/01\/GBps6MVW8AAmcgK-3-240x300.jpg 240w, https:\/\/macite.tg\/wp-content\/uploads\/2024\/01\/GBps6MVW8AAmcgK-3-768x960.jpg 768w, https:\/\/macite.tg\/wp-content\/uploads\/2024\/01\/GBps6MVW8AAmcgK-3.jpg 864w\" sizes=\"auto, (max-width: 526px) 100vw, 526px\" \/><\/figure>\n<\/div>\n\n\n<p class=\"wp-block-paragraph\">De par sa position g\u00e9ographique strat\u00e9gique qui en fait un hub r\u00e9gional vital favorisant les \u00e9changes Nord-Sud et Sud-Sud, le Maroc, acteur cl\u00e9 dans la promotion des \u00e9changes \u00e9conomiques, culturels et politiques, se positionne comme un pont entre l\u2019Afrique, l\u2019Europe et le Moyen-Orient. A travers son initiative r\u00e9cente, visant \u00e0 faciliter l\u2019acc\u00e8s des Etats du Sahel \u00e0 l\u2019oc\u00e9an Atlantique, le Royaume se pr\u00e9sente comme un tremplin pour un avenir de progr\u00e8s et de prosp\u00e9rit\u00e9 partag\u00e9e pour tous.<\/p>\n\n\n\n<p class=\"wp-block-paragraph\"><strong>MC<\/strong><\/p>\n\n\n\n<p class=\"wp-block-paragraph\"><a><strong><em>@macite.tg&nbsp;&nbsp;&nbsp;&nbsp;&nbsp;&nbsp;&nbsp;&nbsp;<\/em><\/strong><\/a><\/p>\n\n\n\n<p class=\"wp-block-paragraph\"><strong><em>E-mail&nbsp;: <\/em><\/strong><a href=\"mailto:maciteinfo@gmail.com\"><strong><em>maciteinfo@gmail.com<\/em><\/strong><\/a><strong><em>; <\/em><\/strong><a href=\"mailto:bawela1@gmail.com\"><strong><em>bawela1@gmail.com<\/em><\/strong><\/a><strong><em><\/em><\/strong><\/p>\n\n\n\n<p class=\"wp-block-paragraph\"><strong><em>Pour vos annonces, (publi)reportages, etc., joignez-nous au (00228)91515309\/<strong>79872224 <\/strong>www.macite.tg, L\u2019information, la bonne&nbsp;!<\/em><\/strong><\/p>\n","protected":false},"excerpt":{"rendered":"<p class=\"text-justify mb-2\" >La coop\u00e9ration r\u00e9gionale et le d\u00e9veloppement durable sont les enjeux cruciaux de l\u2019heure. C\u2019est dans ce contexte que le Royaume du Maroc, qui se positionne comme un acteur majeur en Afrique, et partant dans la sous-r\u00e9gion, a fait du d\u00e9veloppement de l\u2019ensemble de ses territoires, [&hellip;]<\/p>\n","protected":false},"author":2,"featured_media":12279,"comment_status":"open","ping_status":"open","sticky":false,"template":"","format":"standard","meta":{"footnotes":""},"categories":[20,16],"tags":[],"class_list":["post-12277","post","type-post","status-publish","format-standard","has-post-thumbnail","hentry","category-actualite","category-cooperation"],"yoast_head":"<!-- This site is optimized with the Yoast SEO plugin v28.4 - https:\/\/yoast.com\/product\/yoast-seo-wordpress\/ -->\n<title>TOURNEE DANS LES PROVINCES DU SUD MAROCAIN\u00a0: Le Royaume accueille une d\u00e9l\u00e9gation d\u2019Ambassadeurs repr\u00e9sentants permanents aupr\u00e8s de l\u2019office des Nations-Unies -<\/title>\n<meta name=\"robots\" content=\"index, follow, max-snippet:-1, max-image-preview:large, max-video-preview:-1\" \/>\n<link rel=\"canonical\" href=\"https:\/\/macite.tg\/?p=12277\" \/>\n<meta property=\"og:locale\" content=\"fr_FR\" \/>\n<meta property=\"og:type\" content=\"article\" \/>\n<meta property=\"og:title\" content=\"TOURNEE DANS LES PROVINCES DU SUD MAROCAIN\u00a0: Le Royaume accueille une d\u00e9l\u00e9gation d\u2019Ambassadeurs repr\u00e9sentants permanents aupr\u00e8s de l\u2019office des Nations-Unies -\" \/>\n<meta property=\"og:description\" content=\"La coop\u00e9ration r\u00e9gionale et le d\u00e9veloppement durable sont les enjeux cruciaux de l\u2019heure. C\u2019est dans ce contexte que le Royaume du Maroc, qui se positionne comme un acteur majeur en Afrique, et partant dans la sous-r\u00e9gion, a fait du d\u00e9veloppement de l\u2019ensemble de ses territoires, [&hellip;]\" \/>\n<meta property=\"og:url\" content=\"https:\/\/macite.tg\/?p=12277\" \/>\n<meta property=\"article:published_time\" content=\"2024-01-31T13:50:40+00:00\" \/>\n<meta property=\"article:modified_time\" content=\"2024-01-31T13:50:42+00:00\" \/>\n<meta property=\"og:image\" content=\"https:\/\/macite.tg\/wp-content\/uploads\/2024\/01\/IMG-20240131-WA0084.jpg\" \/>\n\t<meta property=\"og:image:width\" content=\"1200\" \/>\n\t<meta property=\"og:image:height\" content=\"1200\" \/>\n\t<meta property=\"og:image:type\" content=\"image\/jpeg\" \/>\n<meta name=\"author\" content=\"Jean Pierre BAWELA\" \/>\n<meta name=\"twitter:card\" content=\"summary_large_image\" \/>\n<meta name=\"twitter:label1\" content=\"\u00c9crit par\" \/>\n\t<meta name=\"twitter:data1\" content=\"Jean Pierre BAWELA\" \/>\n\t<meta name=\"twitter:label2\" content=\"Dur\u00e9e de lecture estim\u00e9e\" \/>\n\t<meta name=\"twitter:data2\" content=\"2 minutes\" \/>\n<script type=\"application\/ld+json\" class=\"yoast-schema-graph\">{\"@context\":\"https:\\\/\\\/schema.org\",\"@graph\":[{\"@type\":\"Article\",\"@id\":\"https:\\\/\\\/macite.tg\\\/?p=12277#article\",\"isPartOf\":{\"@id\":\"https:\\\/\\\/macite.tg\\\/?p=12277\"},\"author\":{\"name\":\"Jean Pierre BAWELA\",\"@id\":\"https:\\\/\\\/macite.tg\\\/#\\\/schema\\\/person\\\/e9f2de7e5dbbe7770a9402c7ce82f5c2\"},\"headline\":\"TOURNEE DANS LES PROVINCES DU SUD MAROCAIN\u00a0: Le Royaume accueille une d\u00e9l\u00e9gation d\u2019Ambassadeurs repr\u00e9sentants permanents aupr\u00e8s de l\u2019office des Nations-Unies\",\"datePublished\":\"2024-01-31T13:50:40+00:00\",\"dateModified\":\"2024-01-31T13:50:42+00:00\",\"mainEntityOfPage\":{\"@id\":\"https:\\\/\\\/macite.tg\\\/?p=12277\"},\"wordCount\":517,\"commentCount\":0,\"image\":{\"@id\":\"https:\\\/\\\/macite.tg\\\/?p=12277#primaryimage\"},\"thumbnailUrl\":\"https:\\\/\\\/macite.tg\\\/wp-content\\\/uploads\\\/2024\\\/01\\\/IMG-20240131-WA0084.jpg\",\"articleSection\":[\"ACTUALITE\",\"COOPERATION\"],\"inLanguage\":\"fr-FR\",\"potentialAction\":[{\"@type\":\"CommentAction\",\"name\":\"Comment\",\"target\":[\"https:\\\/\\\/macite.tg\\\/?p=12277#respond\"]}]},{\"@type\":\"WebPage\",\"@id\":\"https:\\\/\\\/macite.tg\\\/?p=12277\",\"url\":\"https:\\\/\\\/macite.tg\\\/?p=12277\",\"name\":\"TOURNEE DANS LES PROVINCES DU SUD MAROCAIN\u00a0: Le Royaume accueille une d\u00e9l\u00e9gation d\u2019Ambassadeurs repr\u00e9sentants permanents aupr\u00e8s de l\u2019office des Nations-Unies -\",\"isPartOf\":{\"@id\":\"https:\\\/\\\/macite.tg\\\/#website\"},\"primaryImageOfPage\":{\"@id\":\"https:\\\/\\\/macite.tg\\\/?p=12277#primaryimage\"},\"image\":{\"@id\":\"https:\\\/\\\/macite.tg\\\/?p=12277#primaryimage\"},\"thumbnailUrl\":\"https:\\\/\\\/macite.tg\\\/wp-content\\\/uploads\\\/2024\\\/01\\\/IMG-20240131-WA0084.jpg\",\"datePublished\":\"2024-01-31T13:50:40+00:00\",\"dateModified\":\"2024-01-31T13:50:42+00:00\",\"author\":{\"@id\":\"https:\\\/\\\/macite.tg\\\/#\\\/schema\\\/person\\\/e9f2de7e5dbbe7770a9402c7ce82f5c2\"},\"breadcrumb\":{\"@id\":\"https:\\\/\\\/macite.tg\\\/?p=12277#breadcrumb\"},\"inLanguage\":\"fr-FR\",\"potentialAction\":[{\"@type\":\"ReadAction\",\"target\":[\"https:\\\/\\\/macite.tg\\\/?p=12277\"]}]},{\"@type\":\"ImageObject\",\"inLanguage\":\"fr-FR\",\"@id\":\"https:\\\/\\\/macite.tg\\\/?p=12277#primaryimage\",\"url\":\"https:\\\/\\\/macite.tg\\\/wp-content\\\/uploads\\\/2024\\\/01\\\/IMG-20240131-WA0084.jpg\",\"contentUrl\":\"https:\\\/\\\/macite.tg\\\/wp-content\\\/uploads\\\/2024\\\/01\\\/IMG-20240131-WA0084.jpg\",\"width\":1200,\"height\":1200},{\"@type\":\"BreadcrumbList\",\"@id\":\"https:\\\/\\\/macite.tg\\\/?p=12277#breadcrumb\",\"itemListElement\":[{\"@type\":\"ListItem\",\"position\":1,\"name\":\"Accueil\",\"item\":\"https:\\\/\\\/macite.tg\\\/\"},{\"@type\":\"ListItem\",\"position\":2,\"name\":\"TOURNEE DANS LES PROVINCES DU SUD MAROCAIN\u00a0: Le Royaume accueille une d\u00e9l\u00e9gation d\u2019Ambassadeurs repr\u00e9sentants permanents aupr\u00e8s de l\u2019office des Nations-Unies\"}]},{\"@type\":\"WebSite\",\"@id\":\"https:\\\/\\\/macite.tg\\\/#website\",\"url\":\"https:\\\/\\\/macite.tg\\\/\",\"name\":\"\",\"description\":\"L&#039;information, la bonne!!!\",\"potentialAction\":[{\"@type\":\"SearchAction\",\"target\":{\"@type\":\"EntryPoint\",\"urlTemplate\":\"https:\\\/\\\/macite.tg\\\/?s={search_term_string}\"},\"query-input\":{\"@type\":\"PropertyValueSpecification\",\"valueRequired\":true,\"valueName\":\"search_term_string\"}}],\"inLanguage\":\"fr-FR\"},{\"@type\":\"Person\",\"@id\":\"https:\\\/\\\/macite.tg\\\/#\\\/schema\\\/person\\\/e9f2de7e5dbbe7770a9402c7ce82f5c2\",\"name\":\"Jean Pierre BAWELA\",\"image\":{\"@type\":\"ImageObject\",\"inLanguage\":\"fr-FR\",\"@id\":\"https:\\\/\\\/macite.tg\\\/wp-content\\\/uploads\\\/2023\\\/09\\\/WhatsApp-Image-2023-09-19-at-14.44.41-122x122.jpeg\",\"url\":\"https:\\\/\\\/macite.tg\\\/wp-content\\\/uploads\\\/2023\\\/09\\\/WhatsApp-Image-2023-09-19-at-14.44.41-122x122.jpeg\",\"contentUrl\":\"https:\\\/\\\/macite.tg\\\/wp-content\\\/uploads\\\/2023\\\/09\\\/WhatsApp-Image-2023-09-19-at-14.44.41-122x122.jpeg\",\"caption\":\"Jean Pierre BAWELA\"},\"url\":\"https:\\\/\\\/macite.tg\\\/?author=2\"}]}<\/script>\n<!-- \/ Yoast SEO plugin. -->","yoast_head_json":{"title":"TOURNEE DANS LES PROVINCES DU SUD MAROCAIN\u00a0: Le Royaume accueille une d\u00e9l\u00e9gation d\u2019Ambassadeurs repr\u00e9sentants permanents aupr\u00e8s de l\u2019office des Nations-Unies -","robots":{"index":"index","follow":"follow","max-snippet":"max-snippet:-1","max-image-preview":"max-image-preview:large","max-video-preview":"max-video-preview:-1"},"canonical":"https:\/\/macite.tg\/?p=12277","og_locale":"fr_FR","og_type":"article","og_title":"TOURNEE DANS LES PROVINCES DU SUD MAROCAIN\u00a0: Le Royaume accueille une d\u00e9l\u00e9gation d\u2019Ambassadeurs repr\u00e9sentants permanents aupr\u00e8s de l\u2019office des Nations-Unies -","og_description":"La coop\u00e9ration r\u00e9gionale et le d\u00e9veloppement durable sont les enjeux cruciaux de l\u2019heure. C\u2019est dans ce contexte que le Royaume du Maroc, qui se positionne comme un acteur majeur en Afrique, et partant dans la sous-r\u00e9gion, a fait du d\u00e9veloppement de l\u2019ensemble de ses territoires, [&hellip;]","og_url":"https:\/\/macite.tg\/?p=12277","article_published_time":"2024-01-31T13:50:40+00:00","article_modified_time":"2024-01-31T13:50:42+00:00","og_image":[{"width":1200,"height":1200,"url":"https:\/\/macite.tg\/wp-content\/uploads\/2024\/01\/IMG-20240131-WA0084.jpg","type":"image\/jpeg"}],"author":"Jean Pierre BAWELA","twitter_card":"summary_large_image","twitter_misc":{"\u00c9crit par":"Jean Pierre BAWELA","Dur\u00e9e de lecture estim\u00e9e":"2 minutes"},"schema":{"@context":"https:\/\/schema.org","@graph":[{"@type":"Article","@id":"https:\/\/macite.tg\/?p=12277#article","isPartOf":{"@id":"https:\/\/macite.tg\/?p=12277"},"author":{"name":"Jean Pierre BAWELA","@id":"https:\/\/macite.tg\/#\/schema\/person\/e9f2de7e5dbbe7770a9402c7ce82f5c2"},"headline":"TOURNEE DANS LES PROVINCES DU SUD MAROCAIN\u00a0: Le Royaume accueille une d\u00e9l\u00e9gation d\u2019Ambassadeurs repr\u00e9sentants permanents aupr\u00e8s de l\u2019office des Nations-Unies","datePublished":"2024-01-31T13:50:40+00:00","dateModified":"2024-01-31T13:50:42+00:00","mainEntityOfPage":{"@id":"https:\/\/macite.tg\/?p=12277"},"wordCount":517,"commentCount":0,"image":{"@id":"https:\/\/macite.tg\/?p=12277#primaryimage"},"thumbnailUrl":"https:\/\/macite.tg\/wp-content\/uploads\/2024\/01\/IMG-20240131-WA0084.jpg","articleSection":["ACTUALITE","COOPERATION"],"inLanguage":"fr-FR","potentialAction":[{"@type":"CommentAction","name":"Comment","target":["https:\/\/macite.tg\/?p=12277#respond"]}]},{"@type":"WebPage","@id":"https:\/\/macite.tg\/?p=12277","url":"https:\/\/macite.tg\/?p=12277","name":"TOURNEE DANS LES PROVINCES DU SUD MAROCAIN\u00a0: Le Royaume accueille une d\u00e9l\u00e9gation d\u2019Ambassadeurs repr\u00e9sentants permanents aupr\u00e8s de l\u2019office des Nations-Unies -","isPartOf":{"@id":"https:\/\/macite.tg\/#website"},"primaryImageOfPage":{"@id":"https:\/\/macite.tg\/?p=12277#primaryimage"},"image":{"@id":"https:\/\/macite.tg\/?p=12277#primaryimage"},"thumbnailUrl":"https:\/\/macite.tg\/wp-content\/uploads\/2024\/01\/IMG-20240131-WA0084.jpg","datePublished":"2024-01-31T13:50:40+00:00","dateModified":"2024-01-31T13:50:42+00:00","author":{"@id":"https:\/\/macite.tg\/#\/schema\/person\/e9f2de7e5dbbe7770a9402c7ce82f5c2"},"breadcrumb":{"@id":"https:\/\/macite.tg\/?p=12277#breadcrumb"},"inLanguage":"fr-FR","potentialAction":[{"@type":"ReadAction","target":["https:\/\/macite.tg\/?p=12277"]}]},{"@type":"ImageObject","inLanguage":"fr-FR","@id":"https:\/\/macite.tg\/?p=12277#primaryimage","url":"https:\/\/macite.tg\/wp-content\/uploads\/2024\/01\/IMG-20240131-WA0084.jpg","contentUrl":"https:\/\/macite.tg\/wp-content\/uploads\/2024\/01\/IMG-20240131-WA0084.jpg","width":1200,"height":1200},{"@type":"BreadcrumbList","@id":"https:\/\/macite.tg\/?p=12277#breadcrumb","itemListElement":[{"@type":"ListItem","position":1,"name":"Accueil","item":"https:\/\/macite.tg\/"},{"@type":"ListItem","position":2,"name":"TOURNEE DANS LES PROVINCES DU SUD MAROCAIN\u00a0: Le Royaume accueille une d\u00e9l\u00e9gation d\u2019Ambassadeurs repr\u00e9sentants permanents aupr\u00e8s de l\u2019office des Nations-Unies"}]},{"@type":"WebSite","@id":"https:\/\/macite.tg\/#website","url":"https:\/\/macite.tg\/","name":"","description":"L&#039;information, la bonne!!!","potentialAction":[{"@type":"SearchAction","target":{"@type":"EntryPoint","urlTemplate":"https:\/\/macite.tg\/?s={search_term_string}"},"query-input":{"@type":"PropertyValueSpecification","valueRequired":true,"valueName":"search_term_string"}}],"inLanguage":"fr-FR"},{"@type":"Person","@id":"https:\/\/macite.tg\/#\/schema\/person\/e9f2de7e5dbbe7770a9402c7ce82f5c2","name":"Jean Pierre BAWELA","image":{"@type":"ImageObject","inLanguage":"fr-FR","@id":"https:\/\/macite.tg\/wp-content\/uploads\/2023\/09\/WhatsApp-Image-2023-09-19-at-14.44.41-122x122.jpeg","url":"https:\/\/macite.tg\/wp-content\/uploads\/2023\/09\/WhatsApp-Image-2023-09-19-at-14.44.41-122x122.jpeg","contentUrl":"https:\/\/macite.tg\/wp-content\/uploads\/2023\/09\/WhatsApp-Image-2023-09-19-at-14.44.41-122x122.jpeg","caption":"Jean Pierre BAWELA"},"url":"https:\/\/macite.tg\/?author=2"}]}},"_links":{"self":[{"href":"https:\/\/macite.tg\/index.php?rest_route=\/wp\/v2\/posts\/12277","targetHints":{"allow":["GET"]}}],"collection":[{"href":"https:\/\/macite.tg\/index.php?rest_route=\/wp\/v2\/posts"}],"about":[{"href":"https:\/\/macite.tg\/index.php?rest_route=\/wp\/v2\/types\/post"}],"author":[{"embeddable":true,"href":"https:\/\/macite.tg\/index.php?rest_route=\/wp\/v2\/users\/2"}],"replies":[{"embeddable":true,"href":"https:\/\/macite.tg\/index.php?rest_route=%2Fwp%2Fv2%2Fcomments&post=12277"}],"version-history":[{"count":0,"href":"https:\/\/macite.tg\/index.php?rest_route=\/wp\/v2\/posts\/12277\/revisions"}],"wp:featuredmedia":[{"embeddable":true,"href":"https:\/\/macite.tg\/index.php?rest_route=\/wp\/v2\/media\/12279"}],"wp:attachment":[{"href":"https:\/\/macite.tg\/index.php?rest_route=%2Fwp%2Fv2%2Fmedia&parent=12277"}],"wp:term":[{"taxonomy":"category","embeddable":true,"href":"https:\/\/macite.tg\/index.php?rest_route=%2Fwp%2Fv2%2Fcategories&post=12277"},{"taxonomy":"post_tag","embeddable":true,"href":"https:\/\/macite.tg\/index.php?rest_route=%2Fwp%2Fv2%2Ftags&post=12277"}],"curies":[{"name":"wp","href":"https:\/\/api.w.org\/{rel}","templated":true}]}}