{"id":12275,"date":"2024-01-31T13:42:11","date_gmt":"2024-01-31T13:42:11","guid":{"rendered":"https:\/\/macite.tg\/?p=12275"},"modified":"2024-01-31T13:42:13","modified_gmt":"2024-01-31T13:42:13","slug":"lions-de-la-teranga-lheure-de-la-decision-pour-aliou-cisse","status":"publish","type":"post","link":"https:\/\/macite.tg\/?p=12275","title":{"rendered":"LIONS DE LA TERANGA\u00a0: L\u2019heure de la d\u00e9cision pour Aliou Ciss\u00e9"},"content":{"rendered":"\n<p class=\"wp-block-paragraph\"><strong><em>Apr\u00e8s l\u2019\u00e9limination pr\u00e9matur\u00e9e de l\u2019\u00e9quipe nationale du S\u00e9n\u00e9gal lors des huiti\u00e8mes de finale de la Coupe d\u2019Afrique des Nations (Can) 2023, les projecteurs se tournent vers Aliou Ciss\u00e9, le s\u00e9lectionneur des Lions de la Teranga.<\/em><\/strong><\/p>\n\n\n\n<p class=\"wp-block-paragraph\">Cette d\u00e9faite face \u00e0 la C\u00f4te d\u2019Ivoire, pays h\u00f4te, survenue apr\u00e8s une s\u00e9ance de tirs au but tendue (1-1, 4 tab \u00e0 5), a laiss\u00e9 un go\u00fbt amer chez les supporters et observateurs du football s\u00e9n\u00e9galais.<\/p>\n\n\n<div class=\"wp-block-image\">\n<figure class=\"aligncenter size-full\"><img loading=\"lazy\" decoding=\"async\" width=\"485\" height=\"607\" src=\"https:\/\/macite.tg\/wp-content\/uploads\/2024\/01\/421269101_894081102726697_4923617785280576181_n.jpg\" alt=\"\" class=\"wp-image-12058\" srcset=\"https:\/\/macite.tg\/wp-content\/uploads\/2024\/01\/421269101_894081102726697_4923617785280576181_n.jpg 485w, https:\/\/macite.tg\/wp-content\/uploads\/2024\/01\/421269101_894081102726697_4923617785280576181_n-240x300.jpg 240w\" sizes=\"auto, (max-width: 485px) 100vw, 485px\" \/><\/figure>\n<\/div>\n\n\n<p class=\"wp-block-paragraph\">La situation actuelle pose des questions cruciales sur l\u2019avenir de Ciss\u00e9 \u00e0 la t\u00eate de l\u2019\u00e9quipe nationale.<\/p>\n\n\n\n<p class=\"wp-block-paragraph\">Interrog\u00e9 sur son futur en tant que s\u00e9lectionneur, Aliou Ciss\u00e9\u00a0a choisi une r\u00e9ponse \u00e9vasive lors de la conf\u00e9rence de presse post-match.<\/p>\n\n\n\n<p class=\"wp-block-paragraph\"><em>\u00ab On verra ce que l\u2019avenir nous r\u00e9serve. J\u2019ai d\u2019abord envie de dig\u00e9rer cette d\u00e9faite, car tout le monde est d\u00e9\u00e7u.<\/em><\/p>\n\n\n<div class=\"wp-block-image\">\n<figure class=\"aligncenter size-large is-resized\"><img loading=\"lazy\" decoding=\"async\" src=\"https:\/\/macite.tg\/wp-content\/uploads\/2024\/01\/GBps6MVW8AAmcgK-3-819x1024.jpg\" alt=\"\" class=\"wp-image-12056\" width=\"513\" height=\"641\" srcset=\"https:\/\/macite.tg\/wp-content\/uploads\/2024\/01\/GBps6MVW8AAmcgK-3-819x1024.jpg 819w, https:\/\/macite.tg\/wp-content\/uploads\/2024\/01\/GBps6MVW8AAmcgK-3-240x300.jpg 240w, https:\/\/macite.tg\/wp-content\/uploads\/2024\/01\/GBps6MVW8AAmcgK-3-768x960.jpg 768w, https:\/\/macite.tg\/wp-content\/uploads\/2024\/01\/GBps6MVW8AAmcgK-3.jpg 864w\" sizes=\"auto, (max-width: 513px) 100vw, 513px\" \/><\/figure>\n<\/div>\n\n\n<p class=\"wp-block-paragraph\"><em>Il y aura s\u00fbrement des discussions avec la f\u00e9d\u00e9ration, mais mon avenir importe peu pour le moment \u00bb,<\/em>&nbsp;a-t-il d\u00e9clar\u00e9, laissant ainsi planer le doute quant \u00e0 ses intentions futures.<\/p>\n\n\n\n<p class=\"wp-block-paragraph\"><strong>SeneNews<\/strong><\/p>\n\n\n\n<p class=\"wp-block-paragraph\"><a><strong><em>@macite.tg&nbsp;&nbsp;&nbsp;&nbsp;&nbsp;&nbsp;&nbsp;&nbsp;<\/em><\/strong><\/a><\/p>\n\n\n\n<p class=\"wp-block-paragraph\"><strong><em>E-mail&nbsp;: <\/em><\/strong><a href=\"mailto:maciteinfo@gmail.com\"><strong><em>maciteinfo@gmail.com<\/em><\/strong><\/a><strong><em>; <\/em><\/strong><a href=\"mailto:bawela1@gmail.com\"><strong><em>bawela1@gmail.com<\/em><\/strong><\/a><strong><em><\/em><\/strong><\/p>\n\n\n\n<p class=\"wp-block-paragraph\"><strong><em>Pour vos annonces, (publi)reportages, etc., joignez-nous au (00228)91515309\/<strong>79872224 <\/strong>www.macite.tg, L\u2019information, la bonne&nbsp;!<\/em><\/strong><\/p>\n","protected":false},"excerpt":{"rendered":"<p class=\"text-justify mb-2\" >Apr\u00e8s l\u2019\u00e9limination pr\u00e9matur\u00e9e de l\u2019\u00e9quipe nationale du S\u00e9n\u00e9gal lors des huiti\u00e8mes de finale de la Coupe d\u2019Afrique des Nations (Can) 2023, les projecteurs se tournent vers Aliou Ciss\u00e9, le s\u00e9lectionneur des Lions de la Teranga. Cette d\u00e9faite face \u00e0 la C\u00f4te d\u2019Ivoire, pays h\u00f4te, survenue [&hellip;]<\/p>\n","protected":false},"author":2,"featured_media":12276,"comment_status":"open","ping_status":"open","sticky":false,"template":"","format":"standard","meta":{"footnotes":""},"categories":[20,7],"tags":[],"class_list":["post-12275","post","type-post","status-publish","format-standard","has-post-thumbnail","hentry","category-actualite","category-sports"],"yoast_head":"<!-- This site is optimized with the Yoast SEO plugin v28.4 - https:\/\/yoast.com\/product\/yoast-seo-wordpress\/ -->\n<title>LIONS DE LA TERANGA\u00a0: L\u2019heure de la d\u00e9cision pour Aliou Ciss\u00e9 -<\/title>\n<meta name=\"robots\" content=\"index, follow, max-snippet:-1, max-image-preview:large, max-video-preview:-1\" \/>\n<link rel=\"canonical\" href=\"https:\/\/macite.tg\/?p=12275\" \/>\n<meta property=\"og:locale\" content=\"fr_FR\" \/>\n<meta property=\"og:type\" content=\"article\" \/>\n<meta property=\"og:title\" content=\"LIONS DE LA TERANGA\u00a0: L\u2019heure de la d\u00e9cision pour Aliou Ciss\u00e9 -\" \/>\n<meta property=\"og:description\" content=\"Apr\u00e8s l\u2019\u00e9limination pr\u00e9matur\u00e9e de l\u2019\u00e9quipe nationale du S\u00e9n\u00e9gal lors des huiti\u00e8mes de finale de la Coupe d\u2019Afrique des Nations (Can) 2023, les projecteurs se tournent vers Aliou Ciss\u00e9, le s\u00e9lectionneur des Lions de la Teranga. Cette d\u00e9faite face \u00e0 la C\u00f4te d\u2019Ivoire, pays h\u00f4te, survenue [&hellip;]\" \/>\n<meta property=\"og:url\" content=\"https:\/\/macite.tg\/?p=12275\" \/>\n<meta property=\"article:published_time\" content=\"2024-01-31T13:42:11+00:00\" \/>\n<meta property=\"article:modified_time\" content=\"2024-01-31T13:42:13+00:00\" \/>\n<meta property=\"og:image\" content=\"https:\/\/macite.tg\/wp-content\/uploads\/2024\/01\/image-109.png\" \/>\n\t<meta property=\"og:image:width\" content=\"696\" \/>\n\t<meta property=\"og:image:height\" content=\"379\" \/>\n\t<meta property=\"og:image:type\" content=\"image\/png\" \/>\n<meta name=\"author\" content=\"Jean Pierre BAWELA\" \/>\n<meta name=\"twitter:card\" content=\"summary_large_image\" \/>\n<meta name=\"twitter:label1\" content=\"\u00c9crit par\" \/>\n\t<meta name=\"twitter:data1\" content=\"Jean Pierre BAWELA\" \/>\n\t<meta name=\"twitter:label2\" content=\"Dur\u00e9e de lecture estim\u00e9e\" \/>\n\t<meta name=\"twitter:data2\" content=\"1 minute\" \/>\n<script type=\"application\/ld+json\" class=\"yoast-schema-graph\">{\"@context\":\"https:\\\/\\\/schema.org\",\"@graph\":[{\"@type\":\"Article\",\"@id\":\"https:\\\/\\\/macite.tg\\\/?p=12275#article\",\"isPartOf\":{\"@id\":\"https:\\\/\\\/macite.tg\\\/?p=12275\"},\"author\":{\"name\":\"Jean Pierre BAWELA\",\"@id\":\"https:\\\/\\\/macite.tg\\\/#\\\/schema\\\/person\\\/e9f2de7e5dbbe7770a9402c7ce82f5c2\"},\"headline\":\"LIONS DE LA TERANGA\u00a0: L\u2019heure de la d\u00e9cision pour Aliou Ciss\u00e9\",\"datePublished\":\"2024-01-31T13:42:11+00:00\",\"dateModified\":\"2024-01-31T13:42:13+00:00\",\"mainEntityOfPage\":{\"@id\":\"https:\\\/\\\/macite.tg\\\/?p=12275\"},\"wordCount\":237,\"commentCount\":0,\"image\":{\"@id\":\"https:\\\/\\\/macite.tg\\\/?p=12275#primaryimage\"},\"thumbnailUrl\":\"https:\\\/\\\/macite.tg\\\/wp-content\\\/uploads\\\/2024\\\/01\\\/image-109.png\",\"articleSection\":[\"ACTUALITE\",\"SPORTS\"],\"inLanguage\":\"fr-FR\",\"potentialAction\":[{\"@type\":\"CommentAction\",\"name\":\"Comment\",\"target\":[\"https:\\\/\\\/macite.tg\\\/?p=12275#respond\"]}]},{\"@type\":\"WebPage\",\"@id\":\"https:\\\/\\\/macite.tg\\\/?p=12275\",\"url\":\"https:\\\/\\\/macite.tg\\\/?p=12275\",\"name\":\"LIONS DE LA TERANGA\u00a0: L\u2019heure de la d\u00e9cision pour Aliou Ciss\u00e9 -\",\"isPartOf\":{\"@id\":\"https:\\\/\\\/macite.tg\\\/#website\"},\"primaryImageOfPage\":{\"@id\":\"https:\\\/\\\/macite.tg\\\/?p=12275#primaryimage\"},\"image\":{\"@id\":\"https:\\\/\\\/macite.tg\\\/?p=12275#primaryimage\"},\"thumbnailUrl\":\"https:\\\/\\\/macite.tg\\\/wp-content\\\/uploads\\\/2024\\\/01\\\/image-109.png\",\"datePublished\":\"2024-01-31T13:42:11+00:00\",\"dateModified\":\"2024-01-31T13:42:13+00:00\",\"author\":{\"@id\":\"https:\\\/\\\/macite.tg\\\/#\\\/schema\\\/person\\\/e9f2de7e5dbbe7770a9402c7ce82f5c2\"},\"breadcrumb\":{\"@id\":\"https:\\\/\\\/macite.tg\\\/?p=12275#breadcrumb\"},\"inLanguage\":\"fr-FR\",\"potentialAction\":[{\"@type\":\"ReadAction\",\"target\":[\"https:\\\/\\\/macite.tg\\\/?p=12275\"]}]},{\"@type\":\"ImageObject\",\"inLanguage\":\"fr-FR\",\"@id\":\"https:\\\/\\\/macite.tg\\\/?p=12275#primaryimage\",\"url\":\"https:\\\/\\\/macite.tg\\\/wp-content\\\/uploads\\\/2024\\\/01\\\/image-109.png\",\"contentUrl\":\"https:\\\/\\\/macite.tg\\\/wp-content\\\/uploads\\\/2024\\\/01\\\/image-109.png\",\"width\":696,\"height\":379},{\"@type\":\"BreadcrumbList\",\"@id\":\"https:\\\/\\\/macite.tg\\\/?p=12275#breadcrumb\",\"itemListElement\":[{\"@type\":\"ListItem\",\"position\":1,\"name\":\"Accueil\",\"item\":\"https:\\\/\\\/macite.tg\\\/\"},{\"@type\":\"ListItem\",\"position\":2,\"name\":\"LIONS DE LA TERANGA\u00a0: L\u2019heure de la d\u00e9cision pour Aliou Ciss\u00e9\"}]},{\"@type\":\"WebSite\",\"@id\":\"https:\\\/\\\/macite.tg\\\/#website\",\"url\":\"https:\\\/\\\/macite.tg\\\/\",\"name\":\"\",\"description\":\"L&#039;information, la bonne!!!\",\"potentialAction\":[{\"@type\":\"SearchAction\",\"target\":{\"@type\":\"EntryPoint\",\"urlTemplate\":\"https:\\\/\\\/macite.tg\\\/?s={search_term_string}\"},\"query-input\":{\"@type\":\"PropertyValueSpecification\",\"valueRequired\":true,\"valueName\":\"search_term_string\"}}],\"inLanguage\":\"fr-FR\"},{\"@type\":\"Person\",\"@id\":\"https:\\\/\\\/macite.tg\\\/#\\\/schema\\\/person\\\/e9f2de7e5dbbe7770a9402c7ce82f5c2\",\"name\":\"Jean Pierre BAWELA\",\"image\":{\"@type\":\"ImageObject\",\"inLanguage\":\"fr-FR\",\"@id\":\"https:\\\/\\\/macite.tg\\\/wp-content\\\/uploads\\\/2023\\\/09\\\/WhatsApp-Image-2023-09-19-at-14.44.41-122x122.jpeg\",\"url\":\"https:\\\/\\\/macite.tg\\\/wp-content\\\/uploads\\\/2023\\\/09\\\/WhatsApp-Image-2023-09-19-at-14.44.41-122x122.jpeg\",\"contentUrl\":\"https:\\\/\\\/macite.tg\\\/wp-content\\\/uploads\\\/2023\\\/09\\\/WhatsApp-Image-2023-09-19-at-14.44.41-122x122.jpeg\",\"caption\":\"Jean Pierre BAWELA\"},\"url\":\"https:\\\/\\\/macite.tg\\\/?author=2\"}]}<\/script>\n<!-- \/ Yoast SEO plugin. -->","yoast_head_json":{"title":"LIONS DE LA TERANGA\u00a0: L\u2019heure de la d\u00e9cision pour Aliou Ciss\u00e9 -","robots":{"index":"index","follow":"follow","max-snippet":"max-snippet:-1","max-image-preview":"max-image-preview:large","max-video-preview":"max-video-preview:-1"},"canonical":"https:\/\/macite.tg\/?p=12275","og_locale":"fr_FR","og_type":"article","og_title":"LIONS DE LA TERANGA\u00a0: L\u2019heure de la d\u00e9cision pour Aliou Ciss\u00e9 -","og_description":"Apr\u00e8s l\u2019\u00e9limination pr\u00e9matur\u00e9e de l\u2019\u00e9quipe nationale du S\u00e9n\u00e9gal lors des huiti\u00e8mes de finale de la Coupe d\u2019Afrique des Nations (Can) 2023, les projecteurs se tournent vers Aliou Ciss\u00e9, le s\u00e9lectionneur des Lions de la Teranga. Cette d\u00e9faite face \u00e0 la C\u00f4te d\u2019Ivoire, pays h\u00f4te, survenue [&hellip;]","og_url":"https:\/\/macite.tg\/?p=12275","article_published_time":"2024-01-31T13:42:11+00:00","article_modified_time":"2024-01-31T13:42:13+00:00","og_image":[{"width":696,"height":379,"url":"https:\/\/macite.tg\/wp-content\/uploads\/2024\/01\/image-109.png","type":"image\/png"}],"author":"Jean Pierre BAWELA","twitter_card":"summary_large_image","twitter_misc":{"\u00c9crit par":"Jean Pierre BAWELA","Dur\u00e9e de lecture estim\u00e9e":"1 minute"},"schema":{"@context":"https:\/\/schema.org","@graph":[{"@type":"Article","@id":"https:\/\/macite.tg\/?p=12275#article","isPartOf":{"@id":"https:\/\/macite.tg\/?p=12275"},"author":{"name":"Jean Pierre BAWELA","@id":"https:\/\/macite.tg\/#\/schema\/person\/e9f2de7e5dbbe7770a9402c7ce82f5c2"},"headline":"LIONS DE LA TERANGA\u00a0: L\u2019heure de la d\u00e9cision pour Aliou Ciss\u00e9","datePublished":"2024-01-31T13:42:11+00:00","dateModified":"2024-01-31T13:42:13+00:00","mainEntityOfPage":{"@id":"https:\/\/macite.tg\/?p=12275"},"wordCount":237,"commentCount":0,"image":{"@id":"https:\/\/macite.tg\/?p=12275#primaryimage"},"thumbnailUrl":"https:\/\/macite.tg\/wp-content\/uploads\/2024\/01\/image-109.png","articleSection":["ACTUALITE","SPORTS"],"inLanguage":"fr-FR","potentialAction":[{"@type":"CommentAction","name":"Comment","target":["https:\/\/macite.tg\/?p=12275#respond"]}]},{"@type":"WebPage","@id":"https:\/\/macite.tg\/?p=12275","url":"https:\/\/macite.tg\/?p=12275","name":"LIONS DE LA TERANGA\u00a0: L\u2019heure de la d\u00e9cision pour Aliou Ciss\u00e9 -","isPartOf":{"@id":"https:\/\/macite.tg\/#website"},"primaryImageOfPage":{"@id":"https:\/\/macite.tg\/?p=12275#primaryimage"},"image":{"@id":"https:\/\/macite.tg\/?p=12275#primaryimage"},"thumbnailUrl":"https:\/\/macite.tg\/wp-content\/uploads\/2024\/01\/image-109.png","datePublished":"2024-01-31T13:42:11+00:00","dateModified":"2024-01-31T13:42:13+00:00","author":{"@id":"https:\/\/macite.tg\/#\/schema\/person\/e9f2de7e5dbbe7770a9402c7ce82f5c2"},"breadcrumb":{"@id":"https:\/\/macite.tg\/?p=12275#breadcrumb"},"inLanguage":"fr-FR","potentialAction":[{"@type":"ReadAction","target":["https:\/\/macite.tg\/?p=12275"]}]},{"@type":"ImageObject","inLanguage":"fr-FR","@id":"https:\/\/macite.tg\/?p=12275#primaryimage","url":"https:\/\/macite.tg\/wp-content\/uploads\/2024\/01\/image-109.png","contentUrl":"https:\/\/macite.tg\/wp-content\/uploads\/2024\/01\/image-109.png","width":696,"height":379},{"@type":"BreadcrumbList","@id":"https:\/\/macite.tg\/?p=12275#breadcrumb","itemListElement":[{"@type":"ListItem","position":1,"name":"Accueil","item":"https:\/\/macite.tg\/"},{"@type":"ListItem","position":2,"name":"LIONS DE LA TERANGA\u00a0: L\u2019heure de la d\u00e9cision pour Aliou Ciss\u00e9"}]},{"@type":"WebSite","@id":"https:\/\/macite.tg\/#website","url":"https:\/\/macite.tg\/","name":"","description":"L&#039;information, la bonne!!!","potentialAction":[{"@type":"SearchAction","target":{"@type":"EntryPoint","urlTemplate":"https:\/\/macite.tg\/?s={search_term_string}"},"query-input":{"@type":"PropertyValueSpecification","valueRequired":true,"valueName":"search_term_string"}}],"inLanguage":"fr-FR"},{"@type":"Person","@id":"https:\/\/macite.tg\/#\/schema\/person\/e9f2de7e5dbbe7770a9402c7ce82f5c2","name":"Jean Pierre BAWELA","image":{"@type":"ImageObject","inLanguage":"fr-FR","@id":"https:\/\/macite.tg\/wp-content\/uploads\/2023\/09\/WhatsApp-Image-2023-09-19-at-14.44.41-122x122.jpeg","url":"https:\/\/macite.tg\/wp-content\/uploads\/2023\/09\/WhatsApp-Image-2023-09-19-at-14.44.41-122x122.jpeg","contentUrl":"https:\/\/macite.tg\/wp-content\/uploads\/2023\/09\/WhatsApp-Image-2023-09-19-at-14.44.41-122x122.jpeg","caption":"Jean Pierre BAWELA"},"url":"https:\/\/macite.tg\/?author=2"}]}},"_links":{"self":[{"href":"https:\/\/macite.tg\/index.php?rest_route=\/wp\/v2\/posts\/12275","targetHints":{"allow":["GET"]}}],"collection":[{"href":"https:\/\/macite.tg\/index.php?rest_route=\/wp\/v2\/posts"}],"about":[{"href":"https:\/\/macite.tg\/index.php?rest_route=\/wp\/v2\/types\/post"}],"author":[{"embeddable":true,"href":"https:\/\/macite.tg\/index.php?rest_route=\/wp\/v2\/users\/2"}],"replies":[{"embeddable":true,"href":"https:\/\/macite.tg\/index.php?rest_route=%2Fwp%2Fv2%2Fcomments&post=12275"}],"version-history":[{"count":0,"href":"https:\/\/macite.tg\/index.php?rest_route=\/wp\/v2\/posts\/12275\/revisions"}],"wp:featuredmedia":[{"embeddable":true,"href":"https:\/\/macite.tg\/index.php?rest_route=\/wp\/v2\/media\/12276"}],"wp:attachment":[{"href":"https:\/\/macite.tg\/index.php?rest_route=%2Fwp%2Fv2%2Fmedia&parent=12275"}],"wp:term":[{"taxonomy":"category","embeddable":true,"href":"https:\/\/macite.tg\/index.php?rest_route=%2Fwp%2Fv2%2Fcategories&post=12275"},{"taxonomy":"post_tag","embeddable":true,"href":"https:\/\/macite.tg\/index.php?rest_route=%2Fwp%2Fv2%2Ftags&post=12275"}],"curies":[{"name":"wp","href":"https:\/\/api.w.org\/{rel}","templated":true}]}}