{"id":12263,"date":"2024-01-30T20:00:15","date_gmt":"2024-01-30T20:00:15","guid":{"rendered":"https:\/\/macite.tg\/?p=12263"},"modified":"2024-01-30T20:00:16","modified_gmt":"2024-01-30T20:00:16","slug":"can-civ2023-8e-de-finale-le-mali-barre-la-route-au-burkina-faso-et-passe-en-quarts","status":"publish","type":"post","link":"https:\/\/macite.tg\/?p=12263","title":{"rendered":"CAN CIV2023\/8E DE FINALE : Le Mali barre la route au Burkina Faso, et passe en quarts"},"content":{"rendered":"\n<p class=\"wp-block-paragraph\"><strong><em>Pas de quarts de finale pour les \u00c9talons du Burkina Faso lors de cette 34\u00e8 \u00e9dition de la Coupe d&rsquo;Afrique des Nations (Can) C\u00f4te d\u2019Ivoire 2023. Ils ont \u00e9t\u00e9 \u00e9limin\u00e9s, ce mardi, par les Aigles du Mali, 2-1.<\/em><\/strong><\/p>\n\n\n\n<p class=\"wp-block-paragraph\">Les Aigles du Mali disputeront bien les quarts de finale de la Can C\u00f4te d&rsquo;Ivoire 2023. Face aux \u00c9talons du Burkina Faso, ce mardi au stade Amadou Gon Coulibaly, les Aigles ont domin\u00e9 les \u00c9talons. En toute ma\u00eetrise sur l&rsquo;ensemble du match, le Mali s&rsquo;impose, 2-1.<\/p>\n\n\n<div class=\"wp-block-image\">\n<figure class=\"aligncenter size-full\"><img loading=\"lazy\" decoding=\"async\" width=\"485\" height=\"607\" src=\"https:\/\/macite.tg\/wp-content\/uploads\/2024\/01\/421269101_894081102726697_4923617785280576181_n.jpg\" alt=\"\" class=\"wp-image-12058\" srcset=\"https:\/\/macite.tg\/wp-content\/uploads\/2024\/01\/421269101_894081102726697_4923617785280576181_n.jpg 485w, https:\/\/macite.tg\/wp-content\/uploads\/2024\/01\/421269101_894081102726697_4923617785280576181_n-240x300.jpg 240w\" sizes=\"auto, (max-width: 485px) 100vw, 485px\" \/><\/figure>\n<\/div>\n\n\n<p class=\"wp-block-paragraph\">Malheureux sur ses premiers ballons, Edmond Tapsoba, sous la menace de Amadou Haidara d\u00e8s la 3e minute, contre maladroitement un ballon qui finit sa course dans les buts de son compatriote Herv\u00e9 Koffi. La pause intervient avec ce score de 1-0, en faveur des maliens plus agressifs sur les ballons.<\/p>\n\n\n\n<p class=\"wp-block-paragraph\">Du retour des citrons, Sinayoko, marque le second but malien \u00e0 la 47e minute, permettant au peuple malien de continuer l&rsquo;\u00e9pop\u00e9e ivoirienne. Le but r\u00e9ducteur est intervenu sur p\u00e9nalty et des souliers de Bertrand Traor\u00e9 \u00e0 la 57e.<\/p>\n\n\n\n<p class=\"wp-block-paragraph\">A la 89<sup>e<\/sup>, Issifou Dayo pensait avoir obtenu l&rsquo;\u00e9galisation pour les Burkinab\u00e8, mais il a \u00e9t\u00e9 rattrap\u00e9 par l&rsquo;arbitre pour hors-jeu. Malgr\u00e9 les occasions des deux c\u00f4t\u00e9s, plus rien ne sera marqu\u00e9 pour le reste du temps r\u00e9glementaire plus les arr\u00eats de jeu.<\/p>\n\n\n<div class=\"wp-block-image\">\n<figure class=\"aligncenter size-large is-resized\"><img loading=\"lazy\" decoding=\"async\" src=\"https:\/\/macite.tg\/wp-content\/uploads\/2024\/01\/GBps6MVW8AAmcgK-3-819x1024.jpg\" alt=\"\" class=\"wp-image-12056\" width=\"403\" height=\"504\" srcset=\"https:\/\/macite.tg\/wp-content\/uploads\/2024\/01\/GBps6MVW8AAmcgK-3-819x1024.jpg 819w, https:\/\/macite.tg\/wp-content\/uploads\/2024\/01\/GBps6MVW8AAmcgK-3-240x300.jpg 240w, https:\/\/macite.tg\/wp-content\/uploads\/2024\/01\/GBps6MVW8AAmcgK-3-768x960.jpg 768w, https:\/\/macite.tg\/wp-content\/uploads\/2024\/01\/GBps6MVW8AAmcgK-3.jpg 864w\" sizes=\"auto, (max-width: 403px) 100vw, 403px\" \/><\/figure>\n<\/div>\n\n\n<p class=\"wp-block-paragraph\">Les derni\u00e8res minutes ont \u00e9t\u00e9 palpitantes, mais le Mali l&#8217;emporte sur le fil, 2-1. Les Aigles remportent le derby face aux \u00c9talons et seront face au pays organisateur, la C\u00f4te d&rsquo;Ivoire, pour les quarts de finale de la Can 2023.<\/p>\n\n\n\n<p class=\"wp-block-paragraph\"><strong>Delanov A.<\/strong><\/p>\n\n\n\n<p class=\"wp-block-paragraph\"><a><strong><em>@macite.tg&nbsp;&nbsp;&nbsp;&nbsp;&nbsp;&nbsp;&nbsp;&nbsp;<\/em><\/strong><\/a><\/p>\n\n\n\n<p class=\"wp-block-paragraph\"><strong><em>E-mail&nbsp;: <\/em><\/strong><a href=\"mailto:maciteinfo@gmail.com\"><strong><em>maciteinfo@gmail.com<\/em><\/strong><\/a><strong><em>; <\/em><\/strong><a href=\"mailto:bawela1@gmail.com\"><strong><em>bawela1@gmail.com<\/em><\/strong><\/a><strong><em><\/em><\/strong><\/p>\n\n\n\n<p class=\"wp-block-paragraph\"><strong><em>Pour vos annonces, (publi)reportages, etc., joignez-nous au (00228)91515309\/<strong>79872224 <\/strong>www.macite.tg, L\u2019information, la bonne&nbsp;!<\/em><\/strong><\/p>\n","protected":false},"excerpt":{"rendered":"<p class=\"text-justify mb-2\" >Pas de quarts de finale pour les \u00c9talons du Burkina Faso lors de cette 34\u00e8 \u00e9dition de la Coupe d&rsquo;Afrique des Nations (Can) C\u00f4te d\u2019Ivoire 2023. Ils ont \u00e9t\u00e9 \u00e9limin\u00e9s, ce mardi, par les Aigles du Mali, 2-1. Les Aigles du Mali disputeront bien les [&hellip;]<\/p>\n","protected":false},"author":2,"featured_media":12264,"comment_status":"open","ping_status":"open","sticky":false,"template":"","format":"standard","meta":{"footnotes":""},"categories":[20,7],"tags":[],"class_list":["post-12263","post","type-post","status-publish","format-standard","has-post-thumbnail","hentry","category-actualite","category-sports"],"yoast_head":"<!-- This site is optimized with the Yoast SEO plugin v28.4 - https:\/\/yoast.com\/product\/yoast-seo-wordpress\/ -->\n<title>CAN CIV2023\/8E DE FINALE : Le Mali barre la route au Burkina Faso, et passe en quarts -<\/title>\n<meta name=\"robots\" content=\"index, follow, max-snippet:-1, max-image-preview:large, max-video-preview:-1\" \/>\n<link rel=\"canonical\" href=\"https:\/\/macite.tg\/?p=12263\" \/>\n<meta property=\"og:locale\" content=\"fr_FR\" \/>\n<meta property=\"og:type\" content=\"article\" \/>\n<meta property=\"og:title\" content=\"CAN CIV2023\/8E DE FINALE : Le Mali barre la route au Burkina Faso, et passe en quarts -\" \/>\n<meta property=\"og:description\" content=\"Pas de quarts de finale pour les \u00c9talons du Burkina Faso lors de cette 34\u00e8 \u00e9dition de la Coupe d&rsquo;Afrique des Nations (Can) C\u00f4te d\u2019Ivoire 2023. Ils ont \u00e9t\u00e9 \u00e9limin\u00e9s, ce mardi, par les Aigles du Mali, 2-1. Les Aigles du Mali disputeront bien les [&hellip;]\" \/>\n<meta property=\"og:url\" content=\"https:\/\/macite.tg\/?p=12263\" \/>\n<meta property=\"article:published_time\" content=\"2024-01-30T20:00:15+00:00\" \/>\n<meta property=\"article:modified_time\" content=\"2024-01-30T20:00:16+00:00\" \/>\n<meta property=\"og:image\" content=\"https:\/\/macite.tg\/wp-content\/uploads\/2024\/01\/mali-burkina-faso-can-2023.jpg\" \/>\n\t<meta property=\"og:image:width\" content=\"800\" \/>\n\t<meta property=\"og:image:height\" content=\"533\" \/>\n\t<meta property=\"og:image:type\" content=\"image\/jpeg\" \/>\n<meta name=\"author\" content=\"Jean Pierre BAWELA\" \/>\n<meta name=\"twitter:card\" content=\"summary_large_image\" \/>\n<meta name=\"twitter:label1\" content=\"\u00c9crit par\" \/>\n\t<meta name=\"twitter:data1\" content=\"Jean Pierre BAWELA\" \/>\n\t<meta name=\"twitter:label2\" content=\"Dur\u00e9e de lecture estim\u00e9e\" \/>\n\t<meta name=\"twitter:data2\" content=\"2 minutes\" \/>\n<script type=\"application\/ld+json\" class=\"yoast-schema-graph\">{\"@context\":\"https:\\\/\\\/schema.org\",\"@graph\":[{\"@type\":\"Article\",\"@id\":\"https:\\\/\\\/macite.tg\\\/?p=12263#article\",\"isPartOf\":{\"@id\":\"https:\\\/\\\/macite.tg\\\/?p=12263\"},\"author\":{\"name\":\"Jean Pierre BAWELA\",\"@id\":\"https:\\\/\\\/macite.tg\\\/#\\\/schema\\\/person\\\/e9f2de7e5dbbe7770a9402c7ce82f5c2\"},\"headline\":\"CAN CIV2023\\\/8E DE FINALE : Le Mali barre la route au Burkina Faso, et passe en quarts\",\"datePublished\":\"2024-01-30T20:00:15+00:00\",\"dateModified\":\"2024-01-30T20:00:16+00:00\",\"mainEntityOfPage\":{\"@id\":\"https:\\\/\\\/macite.tg\\\/?p=12263\"},\"wordCount\":326,\"commentCount\":0,\"image\":{\"@id\":\"https:\\\/\\\/macite.tg\\\/?p=12263#primaryimage\"},\"thumbnailUrl\":\"https:\\\/\\\/macite.tg\\\/wp-content\\\/uploads\\\/2024\\\/01\\\/mali-burkina-faso-can-2023.jpg\",\"articleSection\":[\"ACTUALITE\",\"SPORTS\"],\"inLanguage\":\"fr-FR\",\"potentialAction\":[{\"@type\":\"CommentAction\",\"name\":\"Comment\",\"target\":[\"https:\\\/\\\/macite.tg\\\/?p=12263#respond\"]}]},{\"@type\":\"WebPage\",\"@id\":\"https:\\\/\\\/macite.tg\\\/?p=12263\",\"url\":\"https:\\\/\\\/macite.tg\\\/?p=12263\",\"name\":\"CAN CIV2023\\\/8E DE FINALE : Le Mali barre la route au Burkina Faso, et passe en quarts -\",\"isPartOf\":{\"@id\":\"https:\\\/\\\/macite.tg\\\/#website\"},\"primaryImageOfPage\":{\"@id\":\"https:\\\/\\\/macite.tg\\\/?p=12263#primaryimage\"},\"image\":{\"@id\":\"https:\\\/\\\/macite.tg\\\/?p=12263#primaryimage\"},\"thumbnailUrl\":\"https:\\\/\\\/macite.tg\\\/wp-content\\\/uploads\\\/2024\\\/01\\\/mali-burkina-faso-can-2023.jpg\",\"datePublished\":\"2024-01-30T20:00:15+00:00\",\"dateModified\":\"2024-01-30T20:00:16+00:00\",\"author\":{\"@id\":\"https:\\\/\\\/macite.tg\\\/#\\\/schema\\\/person\\\/e9f2de7e5dbbe7770a9402c7ce82f5c2\"},\"breadcrumb\":{\"@id\":\"https:\\\/\\\/macite.tg\\\/?p=12263#breadcrumb\"},\"inLanguage\":\"fr-FR\",\"potentialAction\":[{\"@type\":\"ReadAction\",\"target\":[\"https:\\\/\\\/macite.tg\\\/?p=12263\"]}]},{\"@type\":\"ImageObject\",\"inLanguage\":\"fr-FR\",\"@id\":\"https:\\\/\\\/macite.tg\\\/?p=12263#primaryimage\",\"url\":\"https:\\\/\\\/macite.tg\\\/wp-content\\\/uploads\\\/2024\\\/01\\\/mali-burkina-faso-can-2023.jpg\",\"contentUrl\":\"https:\\\/\\\/macite.tg\\\/wp-content\\\/uploads\\\/2024\\\/01\\\/mali-burkina-faso-can-2023.jpg\",\"width\":800,\"height\":533},{\"@type\":\"BreadcrumbList\",\"@id\":\"https:\\\/\\\/macite.tg\\\/?p=12263#breadcrumb\",\"itemListElement\":[{\"@type\":\"ListItem\",\"position\":1,\"name\":\"Accueil\",\"item\":\"https:\\\/\\\/macite.tg\\\/\"},{\"@type\":\"ListItem\",\"position\":2,\"name\":\"CAN CIV2023\\\/8E DE FINALE : Le Mali barre la route au Burkina Faso, et passe en quarts\"}]},{\"@type\":\"WebSite\",\"@id\":\"https:\\\/\\\/macite.tg\\\/#website\",\"url\":\"https:\\\/\\\/macite.tg\\\/\",\"name\":\"\",\"description\":\"L&#039;information, la bonne!!!\",\"potentialAction\":[{\"@type\":\"SearchAction\",\"target\":{\"@type\":\"EntryPoint\",\"urlTemplate\":\"https:\\\/\\\/macite.tg\\\/?s={search_term_string}\"},\"query-input\":{\"@type\":\"PropertyValueSpecification\",\"valueRequired\":true,\"valueName\":\"search_term_string\"}}],\"inLanguage\":\"fr-FR\"},{\"@type\":\"Person\",\"@id\":\"https:\\\/\\\/macite.tg\\\/#\\\/schema\\\/person\\\/e9f2de7e5dbbe7770a9402c7ce82f5c2\",\"name\":\"Jean Pierre BAWELA\",\"image\":{\"@type\":\"ImageObject\",\"inLanguage\":\"fr-FR\",\"@id\":\"https:\\\/\\\/macite.tg\\\/wp-content\\\/uploads\\\/2023\\\/09\\\/WhatsApp-Image-2023-09-19-at-14.44.41-122x122.jpeg\",\"url\":\"https:\\\/\\\/macite.tg\\\/wp-content\\\/uploads\\\/2023\\\/09\\\/WhatsApp-Image-2023-09-19-at-14.44.41-122x122.jpeg\",\"contentUrl\":\"https:\\\/\\\/macite.tg\\\/wp-content\\\/uploads\\\/2023\\\/09\\\/WhatsApp-Image-2023-09-19-at-14.44.41-122x122.jpeg\",\"caption\":\"Jean Pierre BAWELA\"},\"url\":\"https:\\\/\\\/macite.tg\\\/?author=2\"}]}<\/script>\n<!-- \/ Yoast SEO plugin. -->","yoast_head_json":{"title":"CAN CIV2023\/8E DE FINALE : Le Mali barre la route au Burkina Faso, et passe en quarts -","robots":{"index":"index","follow":"follow","max-snippet":"max-snippet:-1","max-image-preview":"max-image-preview:large","max-video-preview":"max-video-preview:-1"},"canonical":"https:\/\/macite.tg\/?p=12263","og_locale":"fr_FR","og_type":"article","og_title":"CAN CIV2023\/8E DE FINALE : Le Mali barre la route au Burkina Faso, et passe en quarts -","og_description":"Pas de quarts de finale pour les \u00c9talons du Burkina Faso lors de cette 34\u00e8 \u00e9dition de la Coupe d&rsquo;Afrique des Nations (Can) C\u00f4te d\u2019Ivoire 2023. Ils ont \u00e9t\u00e9 \u00e9limin\u00e9s, ce mardi, par les Aigles du Mali, 2-1. Les Aigles du Mali disputeront bien les [&hellip;]","og_url":"https:\/\/macite.tg\/?p=12263","article_published_time":"2024-01-30T20:00:15+00:00","article_modified_time":"2024-01-30T20:00:16+00:00","og_image":[{"width":800,"height":533,"url":"https:\/\/macite.tg\/wp-content\/uploads\/2024\/01\/mali-burkina-faso-can-2023.jpg","type":"image\/jpeg"}],"author":"Jean Pierre BAWELA","twitter_card":"summary_large_image","twitter_misc":{"\u00c9crit par":"Jean Pierre BAWELA","Dur\u00e9e de lecture estim\u00e9e":"2 minutes"},"schema":{"@context":"https:\/\/schema.org","@graph":[{"@type":"Article","@id":"https:\/\/macite.tg\/?p=12263#article","isPartOf":{"@id":"https:\/\/macite.tg\/?p=12263"},"author":{"name":"Jean Pierre BAWELA","@id":"https:\/\/macite.tg\/#\/schema\/person\/e9f2de7e5dbbe7770a9402c7ce82f5c2"},"headline":"CAN CIV2023\/8E DE FINALE : Le Mali barre la route au Burkina Faso, et passe en quarts","datePublished":"2024-01-30T20:00:15+00:00","dateModified":"2024-01-30T20:00:16+00:00","mainEntityOfPage":{"@id":"https:\/\/macite.tg\/?p=12263"},"wordCount":326,"commentCount":0,"image":{"@id":"https:\/\/macite.tg\/?p=12263#primaryimage"},"thumbnailUrl":"https:\/\/macite.tg\/wp-content\/uploads\/2024\/01\/mali-burkina-faso-can-2023.jpg","articleSection":["ACTUALITE","SPORTS"],"inLanguage":"fr-FR","potentialAction":[{"@type":"CommentAction","name":"Comment","target":["https:\/\/macite.tg\/?p=12263#respond"]}]},{"@type":"WebPage","@id":"https:\/\/macite.tg\/?p=12263","url":"https:\/\/macite.tg\/?p=12263","name":"CAN CIV2023\/8E DE FINALE : Le Mali barre la route au Burkina Faso, et passe en quarts -","isPartOf":{"@id":"https:\/\/macite.tg\/#website"},"primaryImageOfPage":{"@id":"https:\/\/macite.tg\/?p=12263#primaryimage"},"image":{"@id":"https:\/\/macite.tg\/?p=12263#primaryimage"},"thumbnailUrl":"https:\/\/macite.tg\/wp-content\/uploads\/2024\/01\/mali-burkina-faso-can-2023.jpg","datePublished":"2024-01-30T20:00:15+00:00","dateModified":"2024-01-30T20:00:16+00:00","author":{"@id":"https:\/\/macite.tg\/#\/schema\/person\/e9f2de7e5dbbe7770a9402c7ce82f5c2"},"breadcrumb":{"@id":"https:\/\/macite.tg\/?p=12263#breadcrumb"},"inLanguage":"fr-FR","potentialAction":[{"@type":"ReadAction","target":["https:\/\/macite.tg\/?p=12263"]}]},{"@type":"ImageObject","inLanguage":"fr-FR","@id":"https:\/\/macite.tg\/?p=12263#primaryimage","url":"https:\/\/macite.tg\/wp-content\/uploads\/2024\/01\/mali-burkina-faso-can-2023.jpg","contentUrl":"https:\/\/macite.tg\/wp-content\/uploads\/2024\/01\/mali-burkina-faso-can-2023.jpg","width":800,"height":533},{"@type":"BreadcrumbList","@id":"https:\/\/macite.tg\/?p=12263#breadcrumb","itemListElement":[{"@type":"ListItem","position":1,"name":"Accueil","item":"https:\/\/macite.tg\/"},{"@type":"ListItem","position":2,"name":"CAN CIV2023\/8E DE FINALE : Le Mali barre la route au Burkina Faso, et passe en quarts"}]},{"@type":"WebSite","@id":"https:\/\/macite.tg\/#website","url":"https:\/\/macite.tg\/","name":"","description":"L&#039;information, la bonne!!!","potentialAction":[{"@type":"SearchAction","target":{"@type":"EntryPoint","urlTemplate":"https:\/\/macite.tg\/?s={search_term_string}"},"query-input":{"@type":"PropertyValueSpecification","valueRequired":true,"valueName":"search_term_string"}}],"inLanguage":"fr-FR"},{"@type":"Person","@id":"https:\/\/macite.tg\/#\/schema\/person\/e9f2de7e5dbbe7770a9402c7ce82f5c2","name":"Jean Pierre BAWELA","image":{"@type":"ImageObject","inLanguage":"fr-FR","@id":"https:\/\/macite.tg\/wp-content\/uploads\/2023\/09\/WhatsApp-Image-2023-09-19-at-14.44.41-122x122.jpeg","url":"https:\/\/macite.tg\/wp-content\/uploads\/2023\/09\/WhatsApp-Image-2023-09-19-at-14.44.41-122x122.jpeg","contentUrl":"https:\/\/macite.tg\/wp-content\/uploads\/2023\/09\/WhatsApp-Image-2023-09-19-at-14.44.41-122x122.jpeg","caption":"Jean Pierre BAWELA"},"url":"https:\/\/macite.tg\/?author=2"}]}},"_links":{"self":[{"href":"https:\/\/macite.tg\/index.php?rest_route=\/wp\/v2\/posts\/12263","targetHints":{"allow":["GET"]}}],"collection":[{"href":"https:\/\/macite.tg\/index.php?rest_route=\/wp\/v2\/posts"}],"about":[{"href":"https:\/\/macite.tg\/index.php?rest_route=\/wp\/v2\/types\/post"}],"author":[{"embeddable":true,"href":"https:\/\/macite.tg\/index.php?rest_route=\/wp\/v2\/users\/2"}],"replies":[{"embeddable":true,"href":"https:\/\/macite.tg\/index.php?rest_route=%2Fwp%2Fv2%2Fcomments&post=12263"}],"version-history":[{"count":0,"href":"https:\/\/macite.tg\/index.php?rest_route=\/wp\/v2\/posts\/12263\/revisions"}],"wp:featuredmedia":[{"embeddable":true,"href":"https:\/\/macite.tg\/index.php?rest_route=\/wp\/v2\/media\/12264"}],"wp:attachment":[{"href":"https:\/\/macite.tg\/index.php?rest_route=%2Fwp%2Fv2%2Fmedia&parent=12263"}],"wp:term":[{"taxonomy":"category","embeddable":true,"href":"https:\/\/macite.tg\/index.php?rest_route=%2Fwp%2Fv2%2Fcategories&post=12263"},{"taxonomy":"post_tag","embeddable":true,"href":"https:\/\/macite.tg\/index.php?rest_route=%2Fwp%2Fv2%2Ftags&post=12263"}],"curies":[{"name":"wp","href":"https:\/\/api.w.org\/{rel}","templated":true}]}}