{"id":12253,"date":"2024-01-30T18:03:07","date_gmt":"2024-01-30T18:03:07","guid":{"rendered":"https:\/\/macite.tg\/?p=12253"},"modified":"2024-01-30T18:03:09","modified_gmt":"2024-01-30T18:03:09","slug":"sommet-italie-afrique-vous-serez-les-bienvenus-au-togo-robert-dussey","status":"publish","type":"post","link":"https:\/\/macite.tg\/?p=12253","title":{"rendered":"SOMMET ITALIE-AFRIQUE\u00a0: \u00ab\u00a0Vous serez les bienvenus au Togo\u2026\u00a0\u00bb (Robert Dussey)"},"content":{"rendered":"\n<p class=\"wp-block-paragraph\"><strong><em>Une cinquantaine de d\u00e9l\u00e9gations des pays africains, dont celle du Togo, ont pris part, du 28 au 29 janvier dernier, \u00e0 Rome, au Sommet Italie \u2013 Afrique. Cette rencontre, selon les organisateurs, jette les bases d\u2019une nouvelle \u00e9tape de coop\u00e9ration entre l\u2019Afrique et l\u2019Europe dans le domaine de l\u2019\u00e9nergie, notamment.<\/em><\/strong><\/p>\n\n\n\n<p class=\"wp-block-paragraph\">En ouvrant les travaux de cette rencontre internationale, plac\u00e9e sous le slogan \u2018\u2019Plan Matteli pour l\u2019Afrique\u2019\u2019, le pr\u00e9sident du Conseil italien, Giorgia Meloni, a soulign\u00e9 que son pays souhaitait lancer une s\u00e9rie de projets sur le continent africain, notamment dans le domaine de l\u2019acc\u00e8s \u00e0 l\u2019eau mais aussi dans la formation agroalimentaire.<\/p>\n\n\n<div class=\"wp-block-image\">\n<figure class=\"aligncenter size-full\"><img loading=\"lazy\" decoding=\"async\" width=\"485\" height=\"607\" src=\"https:\/\/macite.tg\/wp-content\/uploads\/2024\/01\/421269101_894081102726697_4923617785280576181_n.jpg\" alt=\"\" class=\"wp-image-12058\" srcset=\"https:\/\/macite.tg\/wp-content\/uploads\/2024\/01\/421269101_894081102726697_4923617785280576181_n.jpg 485w, https:\/\/macite.tg\/wp-content\/uploads\/2024\/01\/421269101_894081102726697_4923617785280576181_n-240x300.jpg 240w\" sizes=\"auto, (max-width: 485px) 100vw, 485px\" \/><\/figure>\n<\/div>\n\n\n<p class=\"wp-block-paragraph\">Conscient que le destin de l\u2019Afrique et de l\u2019Europe<em> \u00ab&nbsp;est interconnect\u00e9&nbsp;\u00bb <\/em>et que les deux continents devaient<em> \u00ab&nbsp;grandir ensemble<\/em>&nbsp;\u00bb, le pr\u00e9sident du conseil italien a indiqu\u00e9 que <em>\u00ab&nbsp;nous voulons construire une coop\u00e9ration d&rsquo;\u00e9gal \u00e0 \u00e9gal, loin de toute tentation pr\u00e9datrice&nbsp;\u00bb. \u00ab&nbsp;L\u2019Europe doit rejeter l\u2019approche paternaliste dont elle a souvent fait preuve et l\u2019approche bienveillante qui n\u2019est pas compatible avec son potentiel exceptionnel pour le d\u00e9veloppement du continent<\/em>&nbsp;\u00bb, a-t-il martel\u00e9.<\/p>\n\n\n\n<p class=\"wp-block-paragraph\">Notons que l\u2019enjeu de cette rencontre \u00e9tait, pour le gouvernement italien, de renforcer la coop\u00e9ration avec le continent africain sur des sujets d\u2019int\u00e9r\u00eats communs, mais aussi et surtout de d\u00e9voiler sa nouvelle strat\u00e9gie, le \u2018\u2019<em>Plan Mattei pour l\u2019Afrique\u2019\u2019, <\/em>orient\u00e9 vers le d\u00e9veloppement des ressources naturelles.<\/p>\n\n\n\n<p class=\"wp-block-paragraph\">Pr\u00e9sent \u00e0 cette rencontre internationale, le chef de la diplomatie togolaise, Prof Robert Dussey, a, au nom du Pr\u00e9sident de la R\u00e9publique, Faure Essozina Gnassingb\u00e9, salu\u00e9 l\u2019initiative du sommet, avant d\u2019inviter l\u2019Italie \u00e0 renforcer sa coop\u00e9ration bilat\u00e9rale. \u00ab&nbsp;<em>Vous serez les bienvenus au Togo, terre d&rsquo;opportunit\u00e9s et de r\u00e9ussite pour vos entreprises<\/em>&nbsp;\u00bb, a-t-il soulign\u00e9.<\/p>\n\n\n<div class=\"wp-block-image\">\n<figure class=\"aligncenter size-large is-resized\"><img loading=\"lazy\" decoding=\"async\" src=\"https:\/\/macite.tg\/wp-content\/uploads\/2024\/01\/GBps6MVW8AAmcgK-3-819x1024.jpg\" alt=\"\" class=\"wp-image-12056\" width=\"493\" height=\"616\" srcset=\"https:\/\/macite.tg\/wp-content\/uploads\/2024\/01\/GBps6MVW8AAmcgK-3-819x1024.jpg 819w, https:\/\/macite.tg\/wp-content\/uploads\/2024\/01\/GBps6MVW8AAmcgK-3-240x300.jpg 240w, https:\/\/macite.tg\/wp-content\/uploads\/2024\/01\/GBps6MVW8AAmcgK-3-768x960.jpg 768w, https:\/\/macite.tg\/wp-content\/uploads\/2024\/01\/GBps6MVW8AAmcgK-3.jpg 864w\" sizes=\"auto, (max-width: 493px) 100vw, 493px\" \/><\/figure>\n<\/div>\n\n\n<p class=\"wp-block-paragraph\">Le pr\u00e9sident tunisien Ka\u00efs Sa\u00efed a, pour sa part, appel\u00e9 Rome \u00e0 la mise en place d\u2019une <em>\u00ab\u00a0soci\u00e9t\u00e9 humaine bas\u00e9e sur l\u2019\u00e9quit\u00e9 et la volont\u00e9 d\u2019\u00e9radiquer toute forme de discrimination, de mis\u00e8re et de pauvret\u00e9\u00a0<\/em><strong><em>\u00bb,<\/em> <\/strong>relevant, au passage, que cette nouvelle initiative devra permettre de trouver des approches visant \u00e0 <em>\u00ab\u00a0contrer les d\u00e9ceptions et les douleurs du pass\u00e9, aspirant \u00e0 un nouvel avenir bas\u00e9 sur la politique d\u2019\u00e9gal \u00e0 \u00e9gal\u00a0\u00bb<\/em><strong><em>.<\/em><\/strong><\/p>\n\n\n\n<p class=\"wp-block-paragraph\"><strong>JPB<\/strong><\/p>\n\n\n\n<p class=\"wp-block-paragraph\"><a><strong><em>@macite.tg&nbsp;&nbsp;&nbsp;&nbsp;&nbsp;&nbsp;&nbsp;&nbsp;<\/em><\/strong><\/a><\/p>\n\n\n\n<p class=\"wp-block-paragraph\"><strong><em>E-mail&nbsp;: <\/em><\/strong><a href=\"mailto:maciteinfo@gmail.com\"><strong><em>maciteinfo@gmail.com<\/em><\/strong><\/a><strong><em>; <\/em><\/strong><a href=\"mailto:bawela1@gmail.com\"><strong><em>bawela1@gmail.com<\/em><\/strong><\/a><strong><em><\/em><\/strong><\/p>\n\n\n\n<p class=\"wp-block-paragraph\"><strong><em>Pour vos annonces, (publi)reportages, etc., joignez-nous au (00228)91515309\/<strong>79872224 <\/strong>www.macite.tg, L\u2019information, la bonne&nbsp;!<\/em><\/strong><\/p>\n","protected":false},"excerpt":{"rendered":"<p class=\"text-justify mb-2\" >Une cinquantaine de d\u00e9l\u00e9gations des pays africains, dont celle du Togo, ont pris part, du 28 au 29 janvier dernier, \u00e0 Rome, au Sommet Italie \u2013 Afrique. Cette rencontre, selon les organisateurs, jette les bases d\u2019une nouvelle \u00e9tape de coop\u00e9ration entre l\u2019Afrique et l\u2019Europe dans [&hellip;]<\/p>\n","protected":false},"author":2,"featured_media":12257,"comment_status":"open","ping_status":"open","sticky":false,"template":"","format":"standard","meta":{"footnotes":""},"categories":[20,16],"tags":[],"class_list":["post-12253","post","type-post","status-publish","format-standard","has-post-thumbnail","hentry","category-actualite","category-cooperation"],"yoast_head":"<!-- This site is optimized with the Yoast SEO plugin v28.4 - https:\/\/yoast.com\/product\/yoast-seo-wordpress\/ -->\n<title>SOMMET ITALIE-AFRIQUE\u00a0: \u00ab\u00a0Vous serez les bienvenus au Togo\u2026\u00a0\u00bb (Robert Dussey) -<\/title>\n<meta name=\"robots\" content=\"index, follow, max-snippet:-1, max-image-preview:large, max-video-preview:-1\" \/>\n<link rel=\"canonical\" href=\"https:\/\/macite.tg\/?p=12253\" \/>\n<meta property=\"og:locale\" content=\"fr_FR\" \/>\n<meta property=\"og:type\" content=\"article\" \/>\n<meta property=\"og:title\" content=\"SOMMET ITALIE-AFRIQUE\u00a0: \u00ab\u00a0Vous serez les bienvenus au Togo\u2026\u00a0\u00bb (Robert Dussey) -\" \/>\n<meta property=\"og:description\" content=\"Une cinquantaine de d\u00e9l\u00e9gations des pays africains, dont celle du Togo, ont pris part, du 28 au 29 janvier dernier, \u00e0 Rome, au Sommet Italie \u2013 Afrique. Cette rencontre, selon les organisateurs, jette les bases d\u2019une nouvelle \u00e9tape de coop\u00e9ration entre l\u2019Afrique et l\u2019Europe dans [&hellip;]\" \/>\n<meta property=\"og:url\" content=\"https:\/\/macite.tg\/?p=12253\" \/>\n<meta property=\"article:published_time\" content=\"2024-01-30T18:03:07+00:00\" \/>\n<meta property=\"article:modified_time\" content=\"2024-01-30T18:03:09+00:00\" \/>\n<meta property=\"og:image\" content=\"https:\/\/macite.tg\/wp-content\/uploads\/2024\/01\/7italie-sommet-rd.jpg\" \/>\n\t<meta property=\"og:image:width\" content=\"1600\" \/>\n\t<meta property=\"og:image:height\" content=\"1067\" \/>\n\t<meta property=\"og:image:type\" content=\"image\/jpeg\" \/>\n<meta name=\"author\" content=\"Jean Pierre BAWELA\" \/>\n<meta name=\"twitter:card\" content=\"summary_large_image\" \/>\n<meta name=\"twitter:label1\" content=\"\u00c9crit par\" \/>\n\t<meta name=\"twitter:data1\" content=\"Jean Pierre BAWELA\" \/>\n\t<meta name=\"twitter:label2\" content=\"Dur\u00e9e de lecture estim\u00e9e\" \/>\n\t<meta name=\"twitter:data2\" content=\"2 minutes\" \/>\n<script type=\"application\/ld+json\" class=\"yoast-schema-graph\">{\"@context\":\"https:\\\/\\\/schema.org\",\"@graph\":[{\"@type\":\"Article\",\"@id\":\"https:\\\/\\\/macite.tg\\\/?p=12253#article\",\"isPartOf\":{\"@id\":\"https:\\\/\\\/macite.tg\\\/?p=12253\"},\"author\":{\"name\":\"Jean Pierre BAWELA\",\"@id\":\"https:\\\/\\\/macite.tg\\\/#\\\/schema\\\/person\\\/e9f2de7e5dbbe7770a9402c7ce82f5c2\"},\"headline\":\"SOMMET ITALIE-AFRIQUE\u00a0: \u00ab\u00a0Vous serez les bienvenus au Togo\u2026\u00a0\u00bb (Robert Dussey)\",\"datePublished\":\"2024-01-30T18:03:07+00:00\",\"dateModified\":\"2024-01-30T18:03:09+00:00\",\"mainEntityOfPage\":{\"@id\":\"https:\\\/\\\/macite.tg\\\/?p=12253\"},\"wordCount\":438,\"commentCount\":0,\"image\":{\"@id\":\"https:\\\/\\\/macite.tg\\\/?p=12253#primaryimage\"},\"thumbnailUrl\":\"https:\\\/\\\/macite.tg\\\/wp-content\\\/uploads\\\/2024\\\/01\\\/7italie-sommet-rd.jpg\",\"articleSection\":[\"ACTUALITE\",\"COOPERATION\"],\"inLanguage\":\"fr-FR\",\"potentialAction\":[{\"@type\":\"CommentAction\",\"name\":\"Comment\",\"target\":[\"https:\\\/\\\/macite.tg\\\/?p=12253#respond\"]}]},{\"@type\":\"WebPage\",\"@id\":\"https:\\\/\\\/macite.tg\\\/?p=12253\",\"url\":\"https:\\\/\\\/macite.tg\\\/?p=12253\",\"name\":\"SOMMET ITALIE-AFRIQUE\u00a0: \u00ab\u00a0Vous serez les bienvenus au Togo\u2026\u00a0\u00bb (Robert Dussey) -\",\"isPartOf\":{\"@id\":\"https:\\\/\\\/macite.tg\\\/#website\"},\"primaryImageOfPage\":{\"@id\":\"https:\\\/\\\/macite.tg\\\/?p=12253#primaryimage\"},\"image\":{\"@id\":\"https:\\\/\\\/macite.tg\\\/?p=12253#primaryimage\"},\"thumbnailUrl\":\"https:\\\/\\\/macite.tg\\\/wp-content\\\/uploads\\\/2024\\\/01\\\/7italie-sommet-rd.jpg\",\"datePublished\":\"2024-01-30T18:03:07+00:00\",\"dateModified\":\"2024-01-30T18:03:09+00:00\",\"author\":{\"@id\":\"https:\\\/\\\/macite.tg\\\/#\\\/schema\\\/person\\\/e9f2de7e5dbbe7770a9402c7ce82f5c2\"},\"breadcrumb\":{\"@id\":\"https:\\\/\\\/macite.tg\\\/?p=12253#breadcrumb\"},\"inLanguage\":\"fr-FR\",\"potentialAction\":[{\"@type\":\"ReadAction\",\"target\":[\"https:\\\/\\\/macite.tg\\\/?p=12253\"]}]},{\"@type\":\"ImageObject\",\"inLanguage\":\"fr-FR\",\"@id\":\"https:\\\/\\\/macite.tg\\\/?p=12253#primaryimage\",\"url\":\"https:\\\/\\\/macite.tg\\\/wp-content\\\/uploads\\\/2024\\\/01\\\/7italie-sommet-rd.jpg\",\"contentUrl\":\"https:\\\/\\\/macite.tg\\\/wp-content\\\/uploads\\\/2024\\\/01\\\/7italie-sommet-rd.jpg\",\"width\":1600,\"height\":1067},{\"@type\":\"BreadcrumbList\",\"@id\":\"https:\\\/\\\/macite.tg\\\/?p=12253#breadcrumb\",\"itemListElement\":[{\"@type\":\"ListItem\",\"position\":1,\"name\":\"Accueil\",\"item\":\"https:\\\/\\\/macite.tg\\\/\"},{\"@type\":\"ListItem\",\"position\":2,\"name\":\"SOMMET ITALIE-AFRIQUE\u00a0: \u00ab\u00a0Vous serez les bienvenus au Togo\u2026\u00a0\u00bb (Robert Dussey)\"}]},{\"@type\":\"WebSite\",\"@id\":\"https:\\\/\\\/macite.tg\\\/#website\",\"url\":\"https:\\\/\\\/macite.tg\\\/\",\"name\":\"\",\"description\":\"L&#039;information, la bonne!!!\",\"potentialAction\":[{\"@type\":\"SearchAction\",\"target\":{\"@type\":\"EntryPoint\",\"urlTemplate\":\"https:\\\/\\\/macite.tg\\\/?s={search_term_string}\"},\"query-input\":{\"@type\":\"PropertyValueSpecification\",\"valueRequired\":true,\"valueName\":\"search_term_string\"}}],\"inLanguage\":\"fr-FR\"},{\"@type\":\"Person\",\"@id\":\"https:\\\/\\\/macite.tg\\\/#\\\/schema\\\/person\\\/e9f2de7e5dbbe7770a9402c7ce82f5c2\",\"name\":\"Jean Pierre BAWELA\",\"image\":{\"@type\":\"ImageObject\",\"inLanguage\":\"fr-FR\",\"@id\":\"https:\\\/\\\/macite.tg\\\/wp-content\\\/uploads\\\/2023\\\/09\\\/WhatsApp-Image-2023-09-19-at-14.44.41-122x122.jpeg\",\"url\":\"https:\\\/\\\/macite.tg\\\/wp-content\\\/uploads\\\/2023\\\/09\\\/WhatsApp-Image-2023-09-19-at-14.44.41-122x122.jpeg\",\"contentUrl\":\"https:\\\/\\\/macite.tg\\\/wp-content\\\/uploads\\\/2023\\\/09\\\/WhatsApp-Image-2023-09-19-at-14.44.41-122x122.jpeg\",\"caption\":\"Jean Pierre BAWELA\"},\"url\":\"https:\\\/\\\/macite.tg\\\/?author=2\"}]}<\/script>\n<!-- \/ Yoast SEO plugin. -->","yoast_head_json":{"title":"SOMMET ITALIE-AFRIQUE\u00a0: \u00ab\u00a0Vous serez les bienvenus au Togo\u2026\u00a0\u00bb (Robert Dussey) -","robots":{"index":"index","follow":"follow","max-snippet":"max-snippet:-1","max-image-preview":"max-image-preview:large","max-video-preview":"max-video-preview:-1"},"canonical":"https:\/\/macite.tg\/?p=12253","og_locale":"fr_FR","og_type":"article","og_title":"SOMMET ITALIE-AFRIQUE\u00a0: \u00ab\u00a0Vous serez les bienvenus au Togo\u2026\u00a0\u00bb (Robert Dussey) -","og_description":"Une cinquantaine de d\u00e9l\u00e9gations des pays africains, dont celle du Togo, ont pris part, du 28 au 29 janvier dernier, \u00e0 Rome, au Sommet Italie \u2013 Afrique. Cette rencontre, selon les organisateurs, jette les bases d\u2019une nouvelle \u00e9tape de coop\u00e9ration entre l\u2019Afrique et l\u2019Europe dans [&hellip;]","og_url":"https:\/\/macite.tg\/?p=12253","article_published_time":"2024-01-30T18:03:07+00:00","article_modified_time":"2024-01-30T18:03:09+00:00","og_image":[{"width":1600,"height":1067,"url":"https:\/\/macite.tg\/wp-content\/uploads\/2024\/01\/7italie-sommet-rd.jpg","type":"image\/jpeg"}],"author":"Jean Pierre BAWELA","twitter_card":"summary_large_image","twitter_misc":{"\u00c9crit par":"Jean Pierre BAWELA","Dur\u00e9e de lecture estim\u00e9e":"2 minutes"},"schema":{"@context":"https:\/\/schema.org","@graph":[{"@type":"Article","@id":"https:\/\/macite.tg\/?p=12253#article","isPartOf":{"@id":"https:\/\/macite.tg\/?p=12253"},"author":{"name":"Jean Pierre BAWELA","@id":"https:\/\/macite.tg\/#\/schema\/person\/e9f2de7e5dbbe7770a9402c7ce82f5c2"},"headline":"SOMMET ITALIE-AFRIQUE\u00a0: \u00ab\u00a0Vous serez les bienvenus au Togo\u2026\u00a0\u00bb (Robert Dussey)","datePublished":"2024-01-30T18:03:07+00:00","dateModified":"2024-01-30T18:03:09+00:00","mainEntityOfPage":{"@id":"https:\/\/macite.tg\/?p=12253"},"wordCount":438,"commentCount":0,"image":{"@id":"https:\/\/macite.tg\/?p=12253#primaryimage"},"thumbnailUrl":"https:\/\/macite.tg\/wp-content\/uploads\/2024\/01\/7italie-sommet-rd.jpg","articleSection":["ACTUALITE","COOPERATION"],"inLanguage":"fr-FR","potentialAction":[{"@type":"CommentAction","name":"Comment","target":["https:\/\/macite.tg\/?p=12253#respond"]}]},{"@type":"WebPage","@id":"https:\/\/macite.tg\/?p=12253","url":"https:\/\/macite.tg\/?p=12253","name":"SOMMET ITALIE-AFRIQUE\u00a0: \u00ab\u00a0Vous serez les bienvenus au Togo\u2026\u00a0\u00bb (Robert Dussey) -","isPartOf":{"@id":"https:\/\/macite.tg\/#website"},"primaryImageOfPage":{"@id":"https:\/\/macite.tg\/?p=12253#primaryimage"},"image":{"@id":"https:\/\/macite.tg\/?p=12253#primaryimage"},"thumbnailUrl":"https:\/\/macite.tg\/wp-content\/uploads\/2024\/01\/7italie-sommet-rd.jpg","datePublished":"2024-01-30T18:03:07+00:00","dateModified":"2024-01-30T18:03:09+00:00","author":{"@id":"https:\/\/macite.tg\/#\/schema\/person\/e9f2de7e5dbbe7770a9402c7ce82f5c2"},"breadcrumb":{"@id":"https:\/\/macite.tg\/?p=12253#breadcrumb"},"inLanguage":"fr-FR","potentialAction":[{"@type":"ReadAction","target":["https:\/\/macite.tg\/?p=12253"]}]},{"@type":"ImageObject","inLanguage":"fr-FR","@id":"https:\/\/macite.tg\/?p=12253#primaryimage","url":"https:\/\/macite.tg\/wp-content\/uploads\/2024\/01\/7italie-sommet-rd.jpg","contentUrl":"https:\/\/macite.tg\/wp-content\/uploads\/2024\/01\/7italie-sommet-rd.jpg","width":1600,"height":1067},{"@type":"BreadcrumbList","@id":"https:\/\/macite.tg\/?p=12253#breadcrumb","itemListElement":[{"@type":"ListItem","position":1,"name":"Accueil","item":"https:\/\/macite.tg\/"},{"@type":"ListItem","position":2,"name":"SOMMET ITALIE-AFRIQUE\u00a0: \u00ab\u00a0Vous serez les bienvenus au Togo\u2026\u00a0\u00bb (Robert Dussey)"}]},{"@type":"WebSite","@id":"https:\/\/macite.tg\/#website","url":"https:\/\/macite.tg\/","name":"","description":"L&#039;information, la bonne!!!","potentialAction":[{"@type":"SearchAction","target":{"@type":"EntryPoint","urlTemplate":"https:\/\/macite.tg\/?s={search_term_string}"},"query-input":{"@type":"PropertyValueSpecification","valueRequired":true,"valueName":"search_term_string"}}],"inLanguage":"fr-FR"},{"@type":"Person","@id":"https:\/\/macite.tg\/#\/schema\/person\/e9f2de7e5dbbe7770a9402c7ce82f5c2","name":"Jean Pierre BAWELA","image":{"@type":"ImageObject","inLanguage":"fr-FR","@id":"https:\/\/macite.tg\/wp-content\/uploads\/2023\/09\/WhatsApp-Image-2023-09-19-at-14.44.41-122x122.jpeg","url":"https:\/\/macite.tg\/wp-content\/uploads\/2023\/09\/WhatsApp-Image-2023-09-19-at-14.44.41-122x122.jpeg","contentUrl":"https:\/\/macite.tg\/wp-content\/uploads\/2023\/09\/WhatsApp-Image-2023-09-19-at-14.44.41-122x122.jpeg","caption":"Jean Pierre BAWELA"},"url":"https:\/\/macite.tg\/?author=2"}]}},"_links":{"self":[{"href":"https:\/\/macite.tg\/index.php?rest_route=\/wp\/v2\/posts\/12253","targetHints":{"allow":["GET"]}}],"collection":[{"href":"https:\/\/macite.tg\/index.php?rest_route=\/wp\/v2\/posts"}],"about":[{"href":"https:\/\/macite.tg\/index.php?rest_route=\/wp\/v2\/types\/post"}],"author":[{"embeddable":true,"href":"https:\/\/macite.tg\/index.php?rest_route=\/wp\/v2\/users\/2"}],"replies":[{"embeddable":true,"href":"https:\/\/macite.tg\/index.php?rest_route=%2Fwp%2Fv2%2Fcomments&post=12253"}],"version-history":[{"count":0,"href":"https:\/\/macite.tg\/index.php?rest_route=\/wp\/v2\/posts\/12253\/revisions"}],"wp:featuredmedia":[{"embeddable":true,"href":"https:\/\/macite.tg\/index.php?rest_route=\/wp\/v2\/media\/12257"}],"wp:attachment":[{"href":"https:\/\/macite.tg\/index.php?rest_route=%2Fwp%2Fv2%2Fmedia&parent=12253"}],"wp:term":[{"taxonomy":"category","embeddable":true,"href":"https:\/\/macite.tg\/index.php?rest_route=%2Fwp%2Fv2%2Fcategories&post=12253"},{"taxonomy":"post_tag","embeddable":true,"href":"https:\/\/macite.tg\/index.php?rest_route=%2Fwp%2Fv2%2Ftags&post=12253"}],"curies":[{"name":"wp","href":"https:\/\/api.w.org\/{rel}","templated":true}]}}