{"id":1200,"date":"2022-10-27T11:07:25","date_gmt":"2022-10-27T11:07:25","guid":{"rendered":"https:\/\/macite.info\/?p=1200"},"modified":"2022-10-27T11:08:25","modified_gmt":"2022-10-27T11:08:25","slug":"securite-et-de-la-paix-en-afrique-lunrec-appelle-les-deputes-francophones-a-une-reflexion-approfondie","status":"publish","type":"post","link":"https:\/\/macite.tg\/?p=1200","title":{"rendered":"S\u00c9CURIT\u00c9 ET DE LA PAIX EN AFRIQUE : L\u2019UNREC appelle les d\u00e9put\u00e9s francophones \u00e0 une r\u00e9flexion approfondie"},"content":{"rendered":"\n<p class=\"wp-block-paragraph\"><strong><em>Le Centre R\u00e9gional des Nations Unies pour la Paix et le D\u00e9sarmement en Afrique (UNREC) a ouvert, hier mercredi 26 octobre \u00e0 Lom\u00e9, un atelier d\u2019\u00e9changes avec les parlementaires des pays francophones d\u2019Afrique.<\/em><\/strong><\/p>\n\n\n\n<p class=\"wp-block-paragraph\">L\u2019objectif de ces \u00e9changes, auxquels prennent part huit (8) d\u00e9put\u00e9s togolais, est de m\u00fbrir des r\u00e9flexions sur les r\u00e9ponses inter-\u00c9tats \u00e0 apporter au fl\u00e9au de l\u2019ins\u00e9curit\u00e9, surtout \u00e0 la lutte contre le terrorisme sur le continent.<\/p>\n\n\n\n<p class=\"wp-block-paragraph\">Pour le responsable de l\u2019UNREC-Lom\u00e9, Agblonon William, la question de la s\u00e9curit\u00e9 et de la paix est g\u00e9n\u00e9ralement trait\u00e9e comme une affaire de secret d\u00e9fense ce qui, \u00e0 l\u2019en croire, occulte les d\u00e9bats d\u00e9mocratiques. Or, lance-t-il, face \u00e0 la mont\u00e9e extr\u00eame du terrorisme il est important d\u2019ouvrir le d\u00e9bat et que les propositions soient faites compte-tenu du contexte crucial.<\/p>\n\n\n<div class=\"wp-block-image\">\n<figure class=\"aligncenter size-full is-resized\"><img loading=\"lazy\" decoding=\"async\" src=\"https:\/\/macite.tg\/wp-content\/uploads\/2022\/10\/Otr30b.jpeg\" alt=\"\" class=\"wp-image-696\" width=\"430\" height=\"430\" srcset=\"https:\/\/macite.tg\/wp-content\/uploads\/2022\/10\/Otr30b.jpeg 720w, https:\/\/macite.tg\/wp-content\/uploads\/2022\/10\/Otr30b-300x300.jpeg 300w, https:\/\/macite.tg\/wp-content\/uploads\/2022\/10\/Otr30b-150x150.jpeg 150w, https:\/\/macite.tg\/wp-content\/uploads\/2022\/10\/Otr30b-122x122.jpeg 122w\" sizes=\"auto, (max-width: 430px) 100vw, 430px\" \/><\/figure>\n<\/div>\n\n\n<p class=\"wp-block-paragraph\"><em>\u00ab Il ne faut plus aller \u00e0 t\u00e2tons (\u2026) Cet atelier d\u2019aujourd\u2019hui vi<\/em> <em>se \u00e0 cr\u00e9er un cadre de concertation pour permettre aux d\u00e9put\u00e9s de se retrouver dans un creuset pour renforcer les connaissances, m\u00fbrir les r\u00e9flexions et cr\u00e9er une synergie d\u2019actions \u00bb,<\/em> a-t-il d\u00e9clar\u00e9.<\/p>\n\n\n\n<p class=\"wp-block-paragraph\">Pour sa part, l\u2019honorable Yaovi Ihou, pr\u00e9sident de la Commission s\u00e9curit\u00e9 et paix de l\u2019Assembl\u00e9e nationale togolaise, les d\u00e9put\u00e9s ont un r\u00f4le tr\u00e8s important \u00e0 jouer dans la lutte contre l\u2019ins\u00e9curit\u00e9, en veillant \u00e0 ce que les actions gouvernementales soient mises aux vrais profits des populations. Le Togo qui habite le si\u00e8ge de cette structure onusienne est \u00e0 l\u2019avant-plan.<\/p>\n\n\n\n<p class=\"wp-block-paragraph\"><em>\u00ab Entant que parlementaire, notre r\u00f4le est de travailler fortement aux cot\u00e9s de nos autorit\u00e9s pour ramener la s\u00e9curit\u00e9 et la paix au plus pr\u00e8s de nos foyers. C\u2019est pourquoi nous accordons un int\u00e9r\u00eat tr\u00e8s particulier \u00e0 cet atelier \u00bb,<\/em> a-t-il indiqu\u00e9.<\/p>\n\n\n\n<p class=\"wp-block-paragraph\">Et d\u2019ajouter&nbsp;: <em>\u00ab Aujourd\u2019hui la lutte contre le terrorisme n\u2019est plus seulement une question militaire. Les donnes changent et aujourd\u2019hui l\u2019on insiste beaucoup plus sur le volet d\u00e9veloppement \u00e0 la base. Il faut m\u00e9langer le volet militaire et le volet d\u00e9veloppement local \u00bb.<\/em><\/p>\n\n\n\n<p class=\"wp-block-paragraph\">Dans ce sens, poursuit le d\u00e9put\u00e9, aujourd\u2019hui il y a un volet strictement important qui a \u00e9t\u00e9 donn\u00e9 au budget dans la r\u00e9gion des savanes pour prendre en compte les besoins d\u2019eau et pistes rurales au c\u00f4t\u00e9 du volet militaire. Selon lui, cette m\u00e9thode <em>\u00ab beaucoup plus prospective \u00bb<\/em> a pour fruit le ralentissement des attaques que le pays a connues.<\/p>\n\n\n\n<p class=\"wp-block-paragraph\"><strong><em>@macite.info<\/em><\/strong><\/p>\n\n\n\n<p class=\"wp-block-paragraph\"><strong><em>E-mail&nbsp;: <\/em><\/strong><a href=\"mailto:maciteinfo@gmail.com\"><strong><em>maciteinfo@gmail.com<\/em><\/strong><\/a><strong><em>; <\/em><\/strong><a href=\"mailto:bawela1@gmail.com\"><strong><em>bawela1@gmail.com<\/em><\/strong><\/a><strong><em><\/em><\/strong><\/p>\n\n\n\n<p class=\"wp-block-paragraph\"><strong><em>Pour vos annonces, (publi)reportages, etc., joignez nous au (00228) 91515309\/<strong>79872224<\/strong><\/em><\/strong><em><\/em><\/p>\n\n\n\n<p class=\"wp-block-paragraph\"><a href=\"http:\/\/www.macite.info\"><strong><em>www.macite.info<\/em><\/strong><\/a><strong><em>, L\u2019information, la bonne&nbsp;!<\/em><\/strong><\/p>\n","protected":false},"excerpt":{"rendered":"<p class=\"text-justify mb-2\" >Le Centre R\u00e9gional des Nations Unies pour la Paix et le D\u00e9sarmement en Afrique (UNREC) a ouvert, hier mercredi 26 octobre \u00e0 Lom\u00e9, un atelier d\u2019\u00e9changes avec les parlementaires des pays francophones d\u2019Afrique. L\u2019objectif de ces \u00e9changes, auxquels prennent part huit (8) d\u00e9put\u00e9s togolais, est [&hellip;]<\/p>\n","protected":false},"author":2,"featured_media":1202,"comment_status":"open","ping_status":"open","sticky":false,"template":"","format":"standard","meta":{"footnotes":""},"categories":[28],"tags":[],"class_list":["post-1200","post","type-post","status-publish","format-standard","has-post-thumbnail","hentry","category-securite"],"yoast_head":"<!-- This site is optimized with the Yoast SEO plugin v28.4 - https:\/\/yoast.com\/product\/yoast-seo-wordpress\/ -->\n<title>S\u00c9CURIT\u00c9 ET DE LA PAIX EN AFRIQUE : L\u2019UNREC appelle les d\u00e9put\u00e9s francophones \u00e0 une r\u00e9flexion approfondie -<\/title>\n<meta name=\"robots\" content=\"index, follow, max-snippet:-1, max-image-preview:large, max-video-preview:-1\" \/>\n<link rel=\"canonical\" href=\"https:\/\/macite.tg\/?p=1200\" \/>\n<meta property=\"og:locale\" content=\"fr_FR\" \/>\n<meta property=\"og:type\" content=\"article\" \/>\n<meta property=\"og:title\" content=\"S\u00c9CURIT\u00c9 ET DE LA PAIX EN AFRIQUE : L\u2019UNREC appelle les d\u00e9put\u00e9s francophones \u00e0 une r\u00e9flexion approfondie -\" \/>\n<meta property=\"og:description\" content=\"Le Centre R\u00e9gional des Nations Unies pour la Paix et le D\u00e9sarmement en Afrique (UNREC) a ouvert, hier mercredi 26 octobre \u00e0 Lom\u00e9, un atelier d\u2019\u00e9changes avec les parlementaires des pays francophones d\u2019Afrique. L\u2019objectif de ces \u00e9changes, auxquels prennent part huit (8) d\u00e9put\u00e9s togolais, est [&hellip;]\" \/>\n<meta property=\"og:url\" content=\"https:\/\/macite.tg\/?p=1200\" \/>\n<meta property=\"article:published_time\" content=\"2022-10-27T11:07:25+00:00\" \/>\n<meta property=\"article:modified_time\" content=\"2022-10-27T11:08:25+00:00\" \/>\n<meta property=\"og:image\" content=\"https:\/\/macite.tg\/wp-content\/uploads\/2022\/10\/IMG-20221026-WA0140.jpg\" \/>\n\t<meta property=\"og:image:width\" content=\"1000\" \/>\n\t<meta property=\"og:image:height\" content=\"450\" \/>\n\t<meta property=\"og:image:type\" content=\"image\/jpeg\" \/>\n<meta name=\"author\" content=\"Jean Pierre BAWELA\" \/>\n<meta name=\"twitter:card\" content=\"summary_large_image\" \/>\n<meta name=\"twitter:label1\" content=\"\u00c9crit par\" \/>\n\t<meta name=\"twitter:data1\" content=\"Jean Pierre BAWELA\" \/>\n\t<meta name=\"twitter:label2\" content=\"Dur\u00e9e de lecture estim\u00e9e\" \/>\n\t<meta name=\"twitter:data2\" content=\"3 minutes\" \/>\n<script type=\"application\/ld+json\" class=\"yoast-schema-graph\">{\"@context\":\"https:\\\/\\\/schema.org\",\"@graph\":[{\"@type\":\"Article\",\"@id\":\"https:\\\/\\\/macite.tg\\\/?p=1200#article\",\"isPartOf\":{\"@id\":\"https:\\\/\\\/macite.tg\\\/?p=1200\"},\"author\":{\"name\":\"Jean Pierre BAWELA\",\"@id\":\"https:\\\/\\\/macite.tg\\\/#\\\/schema\\\/person\\\/e9f2de7e5dbbe7770a9402c7ce82f5c2\"},\"headline\":\"S\u00c9CURIT\u00c9 ET DE LA PAIX EN AFRIQUE : L\u2019UNREC appelle les d\u00e9put\u00e9s francophones \u00e0 une r\u00e9flexion approfondie\",\"datePublished\":\"2022-10-27T11:07:25+00:00\",\"dateModified\":\"2022-10-27T11:08:25+00:00\",\"mainEntityOfPage\":{\"@id\":\"https:\\\/\\\/macite.tg\\\/?p=1200\"},\"wordCount\":477,\"commentCount\":0,\"image\":{\"@id\":\"https:\\\/\\\/macite.tg\\\/?p=1200#primaryimage\"},\"thumbnailUrl\":\"https:\\\/\\\/macite.tg\\\/wp-content\\\/uploads\\\/2022\\\/10\\\/IMG-20221026-WA0140.jpg\",\"articleSection\":[\"SECURITE\"],\"inLanguage\":\"fr-FR\",\"potentialAction\":[{\"@type\":\"CommentAction\",\"name\":\"Comment\",\"target\":[\"https:\\\/\\\/macite.tg\\\/?p=1200#respond\"]}]},{\"@type\":\"WebPage\",\"@id\":\"https:\\\/\\\/macite.tg\\\/?p=1200\",\"url\":\"https:\\\/\\\/macite.tg\\\/?p=1200\",\"name\":\"S\u00c9CURIT\u00c9 ET DE LA PAIX EN AFRIQUE : L\u2019UNREC appelle les d\u00e9put\u00e9s francophones \u00e0 une r\u00e9flexion approfondie -\",\"isPartOf\":{\"@id\":\"https:\\\/\\\/macite.tg\\\/#website\"},\"primaryImageOfPage\":{\"@id\":\"https:\\\/\\\/macite.tg\\\/?p=1200#primaryimage\"},\"image\":{\"@id\":\"https:\\\/\\\/macite.tg\\\/?p=1200#primaryimage\"},\"thumbnailUrl\":\"https:\\\/\\\/macite.tg\\\/wp-content\\\/uploads\\\/2022\\\/10\\\/IMG-20221026-WA0140.jpg\",\"datePublished\":\"2022-10-27T11:07:25+00:00\",\"dateModified\":\"2022-10-27T11:08:25+00:00\",\"author\":{\"@id\":\"https:\\\/\\\/macite.tg\\\/#\\\/schema\\\/person\\\/e9f2de7e5dbbe7770a9402c7ce82f5c2\"},\"breadcrumb\":{\"@id\":\"https:\\\/\\\/macite.tg\\\/?p=1200#breadcrumb\"},\"inLanguage\":\"fr-FR\",\"potentialAction\":[{\"@type\":\"ReadAction\",\"target\":[\"https:\\\/\\\/macite.tg\\\/?p=1200\"]}]},{\"@type\":\"ImageObject\",\"inLanguage\":\"fr-FR\",\"@id\":\"https:\\\/\\\/macite.tg\\\/?p=1200#primaryimage\",\"url\":\"https:\\\/\\\/macite.tg\\\/wp-content\\\/uploads\\\/2022\\\/10\\\/IMG-20221026-WA0140.jpg\",\"contentUrl\":\"https:\\\/\\\/macite.tg\\\/wp-content\\\/uploads\\\/2022\\\/10\\\/IMG-20221026-WA0140.jpg\",\"width\":1000,\"height\":450},{\"@type\":\"BreadcrumbList\",\"@id\":\"https:\\\/\\\/macite.tg\\\/?p=1200#breadcrumb\",\"itemListElement\":[{\"@type\":\"ListItem\",\"position\":1,\"name\":\"Accueil\",\"item\":\"https:\\\/\\\/macite.tg\\\/\"},{\"@type\":\"ListItem\",\"position\":2,\"name\":\"S\u00c9CURIT\u00c9 ET DE LA PAIX EN AFRIQUE : L\u2019UNREC appelle les d\u00e9put\u00e9s francophones \u00e0 une r\u00e9flexion approfondie\"}]},{\"@type\":\"WebSite\",\"@id\":\"https:\\\/\\\/macite.tg\\\/#website\",\"url\":\"https:\\\/\\\/macite.tg\\\/\",\"name\":\"\",\"description\":\"L&#039;information, la bonne!!!\",\"potentialAction\":[{\"@type\":\"SearchAction\",\"target\":{\"@type\":\"EntryPoint\",\"urlTemplate\":\"https:\\\/\\\/macite.tg\\\/?s={search_term_string}\"},\"query-input\":{\"@type\":\"PropertyValueSpecification\",\"valueRequired\":true,\"valueName\":\"search_term_string\"}}],\"inLanguage\":\"fr-FR\"},{\"@type\":\"Person\",\"@id\":\"https:\\\/\\\/macite.tg\\\/#\\\/schema\\\/person\\\/e9f2de7e5dbbe7770a9402c7ce82f5c2\",\"name\":\"Jean Pierre BAWELA\",\"image\":{\"@type\":\"ImageObject\",\"inLanguage\":\"fr-FR\",\"@id\":\"https:\\\/\\\/macite.tg\\\/wp-content\\\/uploads\\\/2023\\\/09\\\/WhatsApp-Image-2023-09-19-at-14.44.41-122x122.jpeg\",\"url\":\"https:\\\/\\\/macite.tg\\\/wp-content\\\/uploads\\\/2023\\\/09\\\/WhatsApp-Image-2023-09-19-at-14.44.41-122x122.jpeg\",\"contentUrl\":\"https:\\\/\\\/macite.tg\\\/wp-content\\\/uploads\\\/2023\\\/09\\\/WhatsApp-Image-2023-09-19-at-14.44.41-122x122.jpeg\",\"caption\":\"Jean Pierre BAWELA\"},\"url\":\"https:\\\/\\\/macite.tg\\\/?author=2\"}]}<\/script>\n<!-- \/ Yoast SEO plugin. -->","yoast_head_json":{"title":"S\u00c9CURIT\u00c9 ET DE LA PAIX EN AFRIQUE : L\u2019UNREC appelle les d\u00e9put\u00e9s francophones \u00e0 une r\u00e9flexion approfondie -","robots":{"index":"index","follow":"follow","max-snippet":"max-snippet:-1","max-image-preview":"max-image-preview:large","max-video-preview":"max-video-preview:-1"},"canonical":"https:\/\/macite.tg\/?p=1200","og_locale":"fr_FR","og_type":"article","og_title":"S\u00c9CURIT\u00c9 ET DE LA PAIX EN AFRIQUE : L\u2019UNREC appelle les d\u00e9put\u00e9s francophones \u00e0 une r\u00e9flexion approfondie -","og_description":"Le Centre R\u00e9gional des Nations Unies pour la Paix et le D\u00e9sarmement en Afrique (UNREC) a ouvert, hier mercredi 26 octobre \u00e0 Lom\u00e9, un atelier d\u2019\u00e9changes avec les parlementaires des pays francophones d\u2019Afrique. L\u2019objectif de ces \u00e9changes, auxquels prennent part huit (8) d\u00e9put\u00e9s togolais, est [&hellip;]","og_url":"https:\/\/macite.tg\/?p=1200","article_published_time":"2022-10-27T11:07:25+00:00","article_modified_time":"2022-10-27T11:08:25+00:00","og_image":[{"width":1000,"height":450,"url":"https:\/\/macite.tg\/wp-content\/uploads\/2022\/10\/IMG-20221026-WA0140.jpg","type":"image\/jpeg"}],"author":"Jean Pierre BAWELA","twitter_card":"summary_large_image","twitter_misc":{"\u00c9crit par":"Jean Pierre BAWELA","Dur\u00e9e de lecture estim\u00e9e":"3 minutes"},"schema":{"@context":"https:\/\/schema.org","@graph":[{"@type":"Article","@id":"https:\/\/macite.tg\/?p=1200#article","isPartOf":{"@id":"https:\/\/macite.tg\/?p=1200"},"author":{"name":"Jean Pierre BAWELA","@id":"https:\/\/macite.tg\/#\/schema\/person\/e9f2de7e5dbbe7770a9402c7ce82f5c2"},"headline":"S\u00c9CURIT\u00c9 ET DE LA PAIX EN AFRIQUE : L\u2019UNREC appelle les d\u00e9put\u00e9s francophones \u00e0 une r\u00e9flexion approfondie","datePublished":"2022-10-27T11:07:25+00:00","dateModified":"2022-10-27T11:08:25+00:00","mainEntityOfPage":{"@id":"https:\/\/macite.tg\/?p=1200"},"wordCount":477,"commentCount":0,"image":{"@id":"https:\/\/macite.tg\/?p=1200#primaryimage"},"thumbnailUrl":"https:\/\/macite.tg\/wp-content\/uploads\/2022\/10\/IMG-20221026-WA0140.jpg","articleSection":["SECURITE"],"inLanguage":"fr-FR","potentialAction":[{"@type":"CommentAction","name":"Comment","target":["https:\/\/macite.tg\/?p=1200#respond"]}]},{"@type":"WebPage","@id":"https:\/\/macite.tg\/?p=1200","url":"https:\/\/macite.tg\/?p=1200","name":"S\u00c9CURIT\u00c9 ET DE LA PAIX EN AFRIQUE : L\u2019UNREC appelle les d\u00e9put\u00e9s francophones \u00e0 une r\u00e9flexion approfondie -","isPartOf":{"@id":"https:\/\/macite.tg\/#website"},"primaryImageOfPage":{"@id":"https:\/\/macite.tg\/?p=1200#primaryimage"},"image":{"@id":"https:\/\/macite.tg\/?p=1200#primaryimage"},"thumbnailUrl":"https:\/\/macite.tg\/wp-content\/uploads\/2022\/10\/IMG-20221026-WA0140.jpg","datePublished":"2022-10-27T11:07:25+00:00","dateModified":"2022-10-27T11:08:25+00:00","author":{"@id":"https:\/\/macite.tg\/#\/schema\/person\/e9f2de7e5dbbe7770a9402c7ce82f5c2"},"breadcrumb":{"@id":"https:\/\/macite.tg\/?p=1200#breadcrumb"},"inLanguage":"fr-FR","potentialAction":[{"@type":"ReadAction","target":["https:\/\/macite.tg\/?p=1200"]}]},{"@type":"ImageObject","inLanguage":"fr-FR","@id":"https:\/\/macite.tg\/?p=1200#primaryimage","url":"https:\/\/macite.tg\/wp-content\/uploads\/2022\/10\/IMG-20221026-WA0140.jpg","contentUrl":"https:\/\/macite.tg\/wp-content\/uploads\/2022\/10\/IMG-20221026-WA0140.jpg","width":1000,"height":450},{"@type":"BreadcrumbList","@id":"https:\/\/macite.tg\/?p=1200#breadcrumb","itemListElement":[{"@type":"ListItem","position":1,"name":"Accueil","item":"https:\/\/macite.tg\/"},{"@type":"ListItem","position":2,"name":"S\u00c9CURIT\u00c9 ET DE LA PAIX EN AFRIQUE : L\u2019UNREC appelle les d\u00e9put\u00e9s francophones \u00e0 une r\u00e9flexion approfondie"}]},{"@type":"WebSite","@id":"https:\/\/macite.tg\/#website","url":"https:\/\/macite.tg\/","name":"","description":"L&#039;information, la bonne!!!","potentialAction":[{"@type":"SearchAction","target":{"@type":"EntryPoint","urlTemplate":"https:\/\/macite.tg\/?s={search_term_string}"},"query-input":{"@type":"PropertyValueSpecification","valueRequired":true,"valueName":"search_term_string"}}],"inLanguage":"fr-FR"},{"@type":"Person","@id":"https:\/\/macite.tg\/#\/schema\/person\/e9f2de7e5dbbe7770a9402c7ce82f5c2","name":"Jean Pierre BAWELA","image":{"@type":"ImageObject","inLanguage":"fr-FR","@id":"https:\/\/macite.tg\/wp-content\/uploads\/2023\/09\/WhatsApp-Image-2023-09-19-at-14.44.41-122x122.jpeg","url":"https:\/\/macite.tg\/wp-content\/uploads\/2023\/09\/WhatsApp-Image-2023-09-19-at-14.44.41-122x122.jpeg","contentUrl":"https:\/\/macite.tg\/wp-content\/uploads\/2023\/09\/WhatsApp-Image-2023-09-19-at-14.44.41-122x122.jpeg","caption":"Jean Pierre BAWELA"},"url":"https:\/\/macite.tg\/?author=2"}]}},"_links":{"self":[{"href":"https:\/\/macite.tg\/index.php?rest_route=\/wp\/v2\/posts\/1200","targetHints":{"allow":["GET"]}}],"collection":[{"href":"https:\/\/macite.tg\/index.php?rest_route=\/wp\/v2\/posts"}],"about":[{"href":"https:\/\/macite.tg\/index.php?rest_route=\/wp\/v2\/types\/post"}],"author":[{"embeddable":true,"href":"https:\/\/macite.tg\/index.php?rest_route=\/wp\/v2\/users\/2"}],"replies":[{"embeddable":true,"href":"https:\/\/macite.tg\/index.php?rest_route=%2Fwp%2Fv2%2Fcomments&post=1200"}],"version-history":[{"count":0,"href":"https:\/\/macite.tg\/index.php?rest_route=\/wp\/v2\/posts\/1200\/revisions"}],"wp:featuredmedia":[{"embeddable":true,"href":"https:\/\/macite.tg\/index.php?rest_route=\/wp\/v2\/media\/1202"}],"wp:attachment":[{"href":"https:\/\/macite.tg\/index.php?rest_route=%2Fwp%2Fv2%2Fmedia&parent=1200"}],"wp:term":[{"taxonomy":"category","embeddable":true,"href":"https:\/\/macite.tg\/index.php?rest_route=%2Fwp%2Fv2%2Fcategories&post=1200"},{"taxonomy":"post_tag","embeddable":true,"href":"https:\/\/macite.tg\/index.php?rest_route=%2Fwp%2Fv2%2Ftags&post=1200"}],"curies":[{"name":"wp","href":"https:\/\/api.w.org\/{rel}","templated":true}]}}