{"id":118,"date":"2022-09-16T15:52:00","date_gmt":"2022-09-16T15:52:00","guid":{"rendered":"https:\/\/macite.info\/?p=118"},"modified":"2022-09-16T15:52:02","modified_gmt":"2022-09-16T15:52:02","slug":"vie-chere-loffensive-du-president-faure-en-dix-points-pour-contenir-le-fleau","status":"publish","type":"post","link":"https:\/\/macite.tg\/?p=118","title":{"rendered":"VIE CHERE\u00a0: L\u2019offensive du Pr\u00e9sident Faure, en dix points, pour contenir le fl\u00e9au"},"content":{"rendered":"\n<p class=\"wp-block-paragraph\"><strong><em>Face au ph\u00e9nom\u00e8ne de la vie ch\u00e8re qui ne cesse de mettre \u00e0 mal le pouvoir d\u2019achat des populations togolaises, le Chef de l\u2019Etat, Faure Gnassingb\u00e9, vient de lancer une offensive contre ce fl\u00e9au.<\/em><\/strong><\/p>\n\n\n\n<p class=\"wp-block-paragraph\"><strong><em>Il s\u2019agit, en effet, d\u2019une s\u00e9rie de mesures, dix au total, qui devraient, tant soit peu, soulager les effets de la vie ch\u00e8re sur le pouvoir d\u2019achat des populations qui est \u00e0 l\u2019agonie, et prot\u00e9ger les couches vuln\u00e9rables\u2026<\/em><\/strong><\/p>\n\n\n\n<p class=\"wp-block-paragraph\"><strong><em>C\u2019est le ministre de l\u2019Economie et des finances, Sani Yaya, qui a annonc\u00e9 ces mesures, au journal de 13 h sur la t\u00e9l\u00e9vision national (TVT).<\/em><\/strong><\/p>\n\n\n\n<p class=\"wp-block-paragraph\"><strong><em>Dans la foul\u00e9e de cette annonce, le Chef de l\u2019Etat \u00ab\u00a0<\/em><\/strong><em><strong>J\u2019exhorte nos concitoyens \u00e0 plus d\u2019ardeur au travail par solidarit\u00e9\u00a0 et au renforcement de la coh\u00e9sion sociale par ces temps de crise afin de relever ensemble le d\u00e9fi du d\u00e9veloppement inclusif de notre pays\u00a0\u00bb.<\/strong><\/em><\/p>\n\n\n\n<p class=\"wp-block-paragraph\"><strong><em>Dans les lignes qui suivent, l\u2019ensemble des mesures prises par le Pr\u00e9sident Faure Gnassingb\u00e9.<a href=\"https:\/\/api.whatsapp.com\/send?text=Togo%C2%A0%3A+voici+les+10+mesures+prises+par+Faure+Gnassingb%C3%A9+contre+la+vie+ch%C3%A8re%20%0A%0A%20https:\/\/globalactu.com\/togo-voici-les-10-mesures-prises-par-faure-gnassingbe-contre-la-vie-chere\/\"><\/a><\/em><\/strong><\/p>\n\n\n<div class=\"wp-block-image\">\n<figure class=\"aligncenter size-full is-resized\"><img loading=\"lazy\" decoding=\"async\" src=\"https:\/\/macite.tg\/wp-content\/uploads\/2022\/09\/Otr30b.jpeg\" alt=\"\" class=\"wp-image-80\" width=\"440\" height=\"440\" srcset=\"https:\/\/macite.tg\/wp-content\/uploads\/2022\/09\/Otr30b.jpeg 720w, https:\/\/macite.tg\/wp-content\/uploads\/2022\/09\/Otr30b-300x300.jpeg 300w, https:\/\/macite.tg\/wp-content\/uploads\/2022\/09\/Otr30b-150x150.jpeg 150w\" sizes=\"auto, (max-width: 440px) 100vw, 440px\" \/><\/figure>\n<\/div>\n\n\n<p class=\"wp-block-paragraph\">1- Augmentation de 10% de la valeur indiciaire des salaires et pensions de retraite pour les fonctionnaires civils et militaires et les retrait\u00e9s du secteur public, soit un montant annuel de 22,5 milliards de francs CFA<\/p>\n\n\n\n<p class=\"wp-block-paragraph\">2- Revalorisation additionnelle de 5% de la pension de retraite pour tous les retrait\u00e9s du secteur public (civil et militaire) et du secteur priv\u00e9,<\/p>\n\n\n\n<p class=\"wp-block-paragraph\">3- Indemnit\u00e9 mensuelle de transport de 10.000 francs CFA \u00e0 titre exceptionnelle pour chaque fonctionnaire de l\u2019Etat, payable hors bulletin pour faire face \u00e0 la hausse des frais de d\u00e9placement par ces temps difficiles, soit un co\u00fbt annuel budg\u00e9taire de 8,8 milliards de francs CFA<\/p>\n\n\n\n<p class=\"wp-block-paragraph\">4- Gratification du reliquat de l\u2019avance sur salaire consentie en janvier 2022 aux fonctionnaires et retrait\u00e9s sur les 8 mois restants \u00e0 rembourser, soit 7,1 milliards de francs CFA afin de leur permettre de faire face \u00e0 la rentr\u00e9e scolaire et \u00e0 la chert\u00e9 de la vie<\/p>\n\n\n\n<p class=\"wp-block-paragraph\">5- Gratification sp\u00e9ciale de 3 milliards francs CFA par transfert mon\u00e9taire direct au profit des parents d\u2019\u00e9l\u00e8ves pour l\u2019achat des fournitures scolaires<\/p>\n\n\n\n<p class=\"wp-block-paragraph\">6- Subvention de 2,5 milliards de francs CFA pour l\u2019(acquisition des manuels d\u2019\u00e9criture et de lecture pour les \u00e9l\u00e8ves de l\u2019enseignement primaire<\/p>\n\n\n\n<p class=\"wp-block-paragraph\">7- Augmentation de la subvention pour les engrais de 6 milliards de francs CFA pour la porter \u00e0 7,5 milliards de francs CFA afin de permettre de stabiliser les prix tout au long de la campagne 2021-2022 au profit des agriculteurs<\/p>\n\n\n\n<p class=\"wp-block-paragraph\">8- Dotation additionnelle de la subvention aux produits p\u00e9troliers d 30 milliards d francs CFA pour la porter \u00e0 37,8 milliards de francs CFA afin de poursuivre le soutien de l\u2019Etat \u00e0 la flamb\u00e9e des prix des produits p\u00e9troliers induits par la situation g\u00e9opolitique au plan internationale et la hausse du co\u00fbt du dollar<\/p>\n\n\n\n<p class=\"wp-block-paragraph\">9- Dotation additionnelle de la subvention au gaz domestique de 7,7 milliards de francs CFA pour la porter \u00e0 9,3 milliards de francs CFA afin de continuer \u00e0 soutenir les m\u00e9nages<\/p>\n\n\n\n<p class=\"wp-block-paragraph\">10- poursuite de l\u2019application des mesures fiscales prises en faveur du secteur priv\u00e9 dans le cadre de l\u2019Etat d\u2019urgence sanitaire<\/p>\n\n\n\n<p class=\"wp-block-paragraph\"><em>\u00ab&nbsp;J\u2019ai instruit le gouvernement \u00e0 veiller \u00e0 l\u2019acc\u00e9l\u00e9ration et \u00e0 l\u2019aboutissement rapide des discussions avec les partenaires sociaux et le secteur priv\u00e9 en vue de la revalorisation du salaire minimum interprofessionnel garanti (SMIG). J\u2019exhorte nos concitoyens \u00e0 plus d\u2019ardeur au travail par solidarit\u00e9&nbsp; et au renforcement de la coh\u00e9sion sociale par ces temps de crise afin de relever ensemble le d\u00e9fi du d\u00e9veloppement inclusif de notre pays&nbsp;\u00bb,<\/em> dit le chef de l\u2019Etat.<\/p>\n\n\n\n<p class=\"wp-block-paragraph\"><strong><em>@macite.info<\/em><\/strong><\/p>\n\n\n\n<p class=\"wp-block-paragraph\"><strong><em>E-mail&nbsp;: <\/em><\/strong><a href=\"mailto:maciteinfo@gmail.com\"><em>maciteinfo@gmail.com<\/em><\/a><strong><em>; <\/em><\/strong><a href=\"mailto:bawela1@gmail.com\"><em>bawela1@gmail.com<\/em><\/a><strong><em><\/em><\/strong><\/p>\n\n\n\n<p class=\"wp-block-paragraph\"><strong><em>Pour vos annonces, (publi)reportages, etc., joignez nous au (00228) 91515309\/<strong>79872224<\/strong><\/em><\/strong><em><\/em><\/p>\n\n\n\n<p class=\"wp-block-paragraph\"><a href=\"http:\/\/www.macite.info\"><em>www.macite.info<\/em><\/a><strong><em>, l\u2019information, la bonne&nbsp;!<\/em><\/strong><\/p>\n","protected":false},"excerpt":{"rendered":"<p class=\"text-justify mb-2\" >Face au ph\u00e9nom\u00e8ne de la vie ch\u00e8re qui ne cesse de mettre \u00e0 mal le pouvoir d\u2019achat des populations togolaises, le Chef de l\u2019Etat, Faure Gnassingb\u00e9, vient de lancer une offensive contre ce fl\u00e9au. Il s\u2019agit, en effet, d\u2019une s\u00e9rie de mesures, dix au total, [&hellip;]<\/p>\n","protected":false},"author":2,"featured_media":129,"comment_status":"open","ping_status":"open","sticky":false,"template":"","format":"standard","meta":{"footnotes":""},"categories":[1],"tags":[],"class_list":["post-118","post","type-post","status-publish","format-standard","has-post-thumbnail","hentry","category-politique"],"yoast_head":"<!-- This site is optimized with the Yoast SEO plugin v28.4 - https:\/\/yoast.com\/product\/yoast-seo-wordpress\/ -->\n<title>VIE CHERE\u00a0: L\u2019offensive du Pr\u00e9sident Faure, en dix points, pour contenir le fl\u00e9au -<\/title>\n<meta name=\"robots\" content=\"index, follow, max-snippet:-1, max-image-preview:large, max-video-preview:-1\" \/>\n<link rel=\"canonical\" href=\"https:\/\/macite.tg\/?p=118\" \/>\n<meta property=\"og:locale\" content=\"fr_FR\" \/>\n<meta property=\"og:type\" content=\"article\" \/>\n<meta property=\"og:title\" content=\"VIE CHERE\u00a0: L\u2019offensive du Pr\u00e9sident Faure, en dix points, pour contenir le fl\u00e9au -\" \/>\n<meta property=\"og:description\" content=\"Face au ph\u00e9nom\u00e8ne de la vie ch\u00e8re qui ne cesse de mettre \u00e0 mal le pouvoir d\u2019achat des populations togolaises, le Chef de l\u2019Etat, Faure Gnassingb\u00e9, vient de lancer une offensive contre ce fl\u00e9au. Il s\u2019agit, en effet, d\u2019une s\u00e9rie de mesures, dix au total, [&hellip;]\" \/>\n<meta property=\"og:url\" content=\"https:\/\/macite.tg\/?p=118\" \/>\n<meta property=\"article:published_time\" content=\"2022-09-16T15:52:00+00:00\" \/>\n<meta property=\"article:modified_time\" content=\"2022-09-16T15:52:02+00:00\" \/>\n<meta property=\"og:image\" content=\"https:\/\/macite.tg\/wp-content\/uploads\/2022\/09\/IMG-20220916-WA0079.jpg\" \/>\n\t<meta property=\"og:image:width\" content=\"1080\" \/>\n\t<meta property=\"og:image:height\" content=\"810\" \/>\n\t<meta property=\"og:image:type\" content=\"image\/jpeg\" \/>\n<meta name=\"author\" content=\"Jean Pierre BAWELA\" \/>\n<meta name=\"twitter:card\" content=\"summary_large_image\" \/>\n<meta name=\"twitter:label1\" content=\"\u00c9crit par\" \/>\n\t<meta name=\"twitter:data1\" content=\"Jean Pierre BAWELA\" \/>\n\t<meta name=\"twitter:label2\" content=\"Dur\u00e9e de lecture estim\u00e9e\" \/>\n\t<meta name=\"twitter:data2\" content=\"4 minutes\" \/>\n<script type=\"application\/ld+json\" class=\"yoast-schema-graph\">{\"@context\":\"https:\\\/\\\/schema.org\",\"@graph\":[{\"@type\":\"Article\",\"@id\":\"https:\\\/\\\/macite.tg\\\/?p=118#article\",\"isPartOf\":{\"@id\":\"https:\\\/\\\/macite.tg\\\/?p=118\"},\"author\":{\"name\":\"Jean Pierre BAWELA\",\"@id\":\"https:\\\/\\\/macite.tg\\\/#\\\/schema\\\/person\\\/e9f2de7e5dbbe7770a9402c7ce82f5c2\"},\"headline\":\"VIE CHERE\u00a0: L\u2019offensive du Pr\u00e9sident Faure, en dix points, pour contenir le fl\u00e9au\",\"datePublished\":\"2022-09-16T15:52:00+00:00\",\"dateModified\":\"2022-09-16T15:52:02+00:00\",\"mainEntityOfPage\":{\"@id\":\"https:\\\/\\\/macite.tg\\\/?p=118\"},\"wordCount\":647,\"commentCount\":0,\"image\":{\"@id\":\"https:\\\/\\\/macite.tg\\\/?p=118#primaryimage\"},\"thumbnailUrl\":\"https:\\\/\\\/macite.tg\\\/wp-content\\\/uploads\\\/2022\\\/09\\\/IMG-20220916-WA0079.jpg\",\"articleSection\":[\"POLITIQUE\"],\"inLanguage\":\"fr-FR\",\"potentialAction\":[{\"@type\":\"CommentAction\",\"name\":\"Comment\",\"target\":[\"https:\\\/\\\/macite.tg\\\/?p=118#respond\"]}]},{\"@type\":\"WebPage\",\"@id\":\"https:\\\/\\\/macite.tg\\\/?p=118\",\"url\":\"https:\\\/\\\/macite.tg\\\/?p=118\",\"name\":\"VIE CHERE\u00a0: L\u2019offensive du Pr\u00e9sident Faure, en dix points, pour contenir le fl\u00e9au -\",\"isPartOf\":{\"@id\":\"https:\\\/\\\/macite.tg\\\/#website\"},\"primaryImageOfPage\":{\"@id\":\"https:\\\/\\\/macite.tg\\\/?p=118#primaryimage\"},\"image\":{\"@id\":\"https:\\\/\\\/macite.tg\\\/?p=118#primaryimage\"},\"thumbnailUrl\":\"https:\\\/\\\/macite.tg\\\/wp-content\\\/uploads\\\/2022\\\/09\\\/IMG-20220916-WA0079.jpg\",\"datePublished\":\"2022-09-16T15:52:00+00:00\",\"dateModified\":\"2022-09-16T15:52:02+00:00\",\"author\":{\"@id\":\"https:\\\/\\\/macite.tg\\\/#\\\/schema\\\/person\\\/e9f2de7e5dbbe7770a9402c7ce82f5c2\"},\"breadcrumb\":{\"@id\":\"https:\\\/\\\/macite.tg\\\/?p=118#breadcrumb\"},\"inLanguage\":\"fr-FR\",\"potentialAction\":[{\"@type\":\"ReadAction\",\"target\":[\"https:\\\/\\\/macite.tg\\\/?p=118\"]}]},{\"@type\":\"ImageObject\",\"inLanguage\":\"fr-FR\",\"@id\":\"https:\\\/\\\/macite.tg\\\/?p=118#primaryimage\",\"url\":\"https:\\\/\\\/macite.tg\\\/wp-content\\\/uploads\\\/2022\\\/09\\\/IMG-20220916-WA0079.jpg\",\"contentUrl\":\"https:\\\/\\\/macite.tg\\\/wp-content\\\/uploads\\\/2022\\\/09\\\/IMG-20220916-WA0079.jpg\",\"width\":1080,\"height\":810,\"caption\":\"Le Pr\u00e9sident Faure Gnassingb\u00e9.\"},{\"@type\":\"BreadcrumbList\",\"@id\":\"https:\\\/\\\/macite.tg\\\/?p=118#breadcrumb\",\"itemListElement\":[{\"@type\":\"ListItem\",\"position\":1,\"name\":\"Accueil\",\"item\":\"https:\\\/\\\/macite.tg\\\/\"},{\"@type\":\"ListItem\",\"position\":2,\"name\":\"VIE CHERE\u00a0: L\u2019offensive du Pr\u00e9sident Faure, en dix points, pour contenir le fl\u00e9au\"}]},{\"@type\":\"WebSite\",\"@id\":\"https:\\\/\\\/macite.tg\\\/#website\",\"url\":\"https:\\\/\\\/macite.tg\\\/\",\"name\":\"\",\"description\":\"L&#039;information, la bonne!!!\",\"potentialAction\":[{\"@type\":\"SearchAction\",\"target\":{\"@type\":\"EntryPoint\",\"urlTemplate\":\"https:\\\/\\\/macite.tg\\\/?s={search_term_string}\"},\"query-input\":{\"@type\":\"PropertyValueSpecification\",\"valueRequired\":true,\"valueName\":\"search_term_string\"}}],\"inLanguage\":\"fr-FR\"},{\"@type\":\"Person\",\"@id\":\"https:\\\/\\\/macite.tg\\\/#\\\/schema\\\/person\\\/e9f2de7e5dbbe7770a9402c7ce82f5c2\",\"name\":\"Jean Pierre BAWELA\",\"image\":{\"@type\":\"ImageObject\",\"inLanguage\":\"fr-FR\",\"@id\":\"https:\\\/\\\/macite.tg\\\/wp-content\\\/uploads\\\/2023\\\/09\\\/WhatsApp-Image-2023-09-19-at-14.44.41-122x122.jpeg\",\"url\":\"https:\\\/\\\/macite.tg\\\/wp-content\\\/uploads\\\/2023\\\/09\\\/WhatsApp-Image-2023-09-19-at-14.44.41-122x122.jpeg\",\"contentUrl\":\"https:\\\/\\\/macite.tg\\\/wp-content\\\/uploads\\\/2023\\\/09\\\/WhatsApp-Image-2023-09-19-at-14.44.41-122x122.jpeg\",\"caption\":\"Jean Pierre BAWELA\"},\"url\":\"https:\\\/\\\/macite.tg\\\/?author=2\"}]}<\/script>\n<!-- \/ Yoast SEO plugin. -->","yoast_head_json":{"title":"VIE CHERE\u00a0: L\u2019offensive du Pr\u00e9sident Faure, en dix points, pour contenir le fl\u00e9au -","robots":{"index":"index","follow":"follow","max-snippet":"max-snippet:-1","max-image-preview":"max-image-preview:large","max-video-preview":"max-video-preview:-1"},"canonical":"https:\/\/macite.tg\/?p=118","og_locale":"fr_FR","og_type":"article","og_title":"VIE CHERE\u00a0: L\u2019offensive du Pr\u00e9sident Faure, en dix points, pour contenir le fl\u00e9au -","og_description":"Face au ph\u00e9nom\u00e8ne de la vie ch\u00e8re qui ne cesse de mettre \u00e0 mal le pouvoir d\u2019achat des populations togolaises, le Chef de l\u2019Etat, Faure Gnassingb\u00e9, vient de lancer une offensive contre ce fl\u00e9au. Il s\u2019agit, en effet, d\u2019une s\u00e9rie de mesures, dix au total, [&hellip;]","og_url":"https:\/\/macite.tg\/?p=118","article_published_time":"2022-09-16T15:52:00+00:00","article_modified_time":"2022-09-16T15:52:02+00:00","og_image":[{"width":1080,"height":810,"url":"https:\/\/macite.tg\/wp-content\/uploads\/2022\/09\/IMG-20220916-WA0079.jpg","type":"image\/jpeg"}],"author":"Jean Pierre BAWELA","twitter_card":"summary_large_image","twitter_misc":{"\u00c9crit par":"Jean Pierre BAWELA","Dur\u00e9e de lecture estim\u00e9e":"4 minutes"},"schema":{"@context":"https:\/\/schema.org","@graph":[{"@type":"Article","@id":"https:\/\/macite.tg\/?p=118#article","isPartOf":{"@id":"https:\/\/macite.tg\/?p=118"},"author":{"name":"Jean Pierre BAWELA","@id":"https:\/\/macite.tg\/#\/schema\/person\/e9f2de7e5dbbe7770a9402c7ce82f5c2"},"headline":"VIE CHERE\u00a0: L\u2019offensive du Pr\u00e9sident Faure, en dix points, pour contenir le fl\u00e9au","datePublished":"2022-09-16T15:52:00+00:00","dateModified":"2022-09-16T15:52:02+00:00","mainEntityOfPage":{"@id":"https:\/\/macite.tg\/?p=118"},"wordCount":647,"commentCount":0,"image":{"@id":"https:\/\/macite.tg\/?p=118#primaryimage"},"thumbnailUrl":"https:\/\/macite.tg\/wp-content\/uploads\/2022\/09\/IMG-20220916-WA0079.jpg","articleSection":["POLITIQUE"],"inLanguage":"fr-FR","potentialAction":[{"@type":"CommentAction","name":"Comment","target":["https:\/\/macite.tg\/?p=118#respond"]}]},{"@type":"WebPage","@id":"https:\/\/macite.tg\/?p=118","url":"https:\/\/macite.tg\/?p=118","name":"VIE CHERE\u00a0: L\u2019offensive du Pr\u00e9sident Faure, en dix points, pour contenir le fl\u00e9au -","isPartOf":{"@id":"https:\/\/macite.tg\/#website"},"primaryImageOfPage":{"@id":"https:\/\/macite.tg\/?p=118#primaryimage"},"image":{"@id":"https:\/\/macite.tg\/?p=118#primaryimage"},"thumbnailUrl":"https:\/\/macite.tg\/wp-content\/uploads\/2022\/09\/IMG-20220916-WA0079.jpg","datePublished":"2022-09-16T15:52:00+00:00","dateModified":"2022-09-16T15:52:02+00:00","author":{"@id":"https:\/\/macite.tg\/#\/schema\/person\/e9f2de7e5dbbe7770a9402c7ce82f5c2"},"breadcrumb":{"@id":"https:\/\/macite.tg\/?p=118#breadcrumb"},"inLanguage":"fr-FR","potentialAction":[{"@type":"ReadAction","target":["https:\/\/macite.tg\/?p=118"]}]},{"@type":"ImageObject","inLanguage":"fr-FR","@id":"https:\/\/macite.tg\/?p=118#primaryimage","url":"https:\/\/macite.tg\/wp-content\/uploads\/2022\/09\/IMG-20220916-WA0079.jpg","contentUrl":"https:\/\/macite.tg\/wp-content\/uploads\/2022\/09\/IMG-20220916-WA0079.jpg","width":1080,"height":810,"caption":"Le Pr\u00e9sident Faure Gnassingb\u00e9."},{"@type":"BreadcrumbList","@id":"https:\/\/macite.tg\/?p=118#breadcrumb","itemListElement":[{"@type":"ListItem","position":1,"name":"Accueil","item":"https:\/\/macite.tg\/"},{"@type":"ListItem","position":2,"name":"VIE CHERE\u00a0: L\u2019offensive du Pr\u00e9sident Faure, en dix points, pour contenir le fl\u00e9au"}]},{"@type":"WebSite","@id":"https:\/\/macite.tg\/#website","url":"https:\/\/macite.tg\/","name":"","description":"L&#039;information, la bonne!!!","potentialAction":[{"@type":"SearchAction","target":{"@type":"EntryPoint","urlTemplate":"https:\/\/macite.tg\/?s={search_term_string}"},"query-input":{"@type":"PropertyValueSpecification","valueRequired":true,"valueName":"search_term_string"}}],"inLanguage":"fr-FR"},{"@type":"Person","@id":"https:\/\/macite.tg\/#\/schema\/person\/e9f2de7e5dbbe7770a9402c7ce82f5c2","name":"Jean Pierre BAWELA","image":{"@type":"ImageObject","inLanguage":"fr-FR","@id":"https:\/\/macite.tg\/wp-content\/uploads\/2023\/09\/WhatsApp-Image-2023-09-19-at-14.44.41-122x122.jpeg","url":"https:\/\/macite.tg\/wp-content\/uploads\/2023\/09\/WhatsApp-Image-2023-09-19-at-14.44.41-122x122.jpeg","contentUrl":"https:\/\/macite.tg\/wp-content\/uploads\/2023\/09\/WhatsApp-Image-2023-09-19-at-14.44.41-122x122.jpeg","caption":"Jean Pierre BAWELA"},"url":"https:\/\/macite.tg\/?author=2"}]}},"_links":{"self":[{"href":"https:\/\/macite.tg\/index.php?rest_route=\/wp\/v2\/posts\/118","targetHints":{"allow":["GET"]}}],"collection":[{"href":"https:\/\/macite.tg\/index.php?rest_route=\/wp\/v2\/posts"}],"about":[{"href":"https:\/\/macite.tg\/index.php?rest_route=\/wp\/v2\/types\/post"}],"author":[{"embeddable":true,"href":"https:\/\/macite.tg\/index.php?rest_route=\/wp\/v2\/users\/2"}],"replies":[{"embeddable":true,"href":"https:\/\/macite.tg\/index.php?rest_route=%2Fwp%2Fv2%2Fcomments&post=118"}],"version-history":[{"count":0,"href":"https:\/\/macite.tg\/index.php?rest_route=\/wp\/v2\/posts\/118\/revisions"}],"wp:featuredmedia":[{"embeddable":true,"href":"https:\/\/macite.tg\/index.php?rest_route=\/wp\/v2\/media\/129"}],"wp:attachment":[{"href":"https:\/\/macite.tg\/index.php?rest_route=%2Fwp%2Fv2%2Fmedia&parent=118"}],"wp:term":[{"taxonomy":"category","embeddable":true,"href":"https:\/\/macite.tg\/index.php?rest_route=%2Fwp%2Fv2%2Fcategories&post=118"},{"taxonomy":"post_tag","embeddable":true,"href":"https:\/\/macite.tg\/index.php?rest_route=%2Fwp%2Fv2%2Ftags&post=118"}],"curies":[{"name":"wp","href":"https:\/\/api.w.org\/{rel}","templated":true}]}}