{"id":11456,"date":"2024-01-02T16:12:46","date_gmt":"2024-01-02T16:12:46","guid":{"rendered":"https:\/\/macite.tg\/?p=11456"},"modified":"2024-01-02T16:12:48","modified_gmt":"2024-01-02T16:12:48","slug":"ministere-de-la-culture-et-du-tourisme-les-acteurs-saccordent-sur-la-perennisation-de-la-remise-a-niveau-des-agents","status":"publish","type":"post","link":"https:\/\/macite.tg\/?p=11456","title":{"rendered":"MINISTERE DE LA CULTURE ET DU TOURISME\u00a0: Les acteurs s\u2019accordent sur la p\u00e9rennisation de la remise \u00e0 niveau des agents"},"content":{"rendered":"\n<p class=\"wp-block-paragraph\"><strong><em>Du 27 au 29 d\u00e9cembre dernier, s\u2019est tenu dans la salle de r\u00e9union de l\u2019Institut national d\u2019hygi\u00e8ne (Inh), un atelier de renforcement de capacit\u00e9 \u00e0 l\u2019endroit des secr\u00e9taires du minist\u00e8re de la Culture et du Tourisme. A la fin des travaux de cette rencontre de trois (3) jours assur\u00e9s par l\u2019Institut de formation et d\u2019appui professionnel (Ifap), tous les acteurs s\u2019accordent sur la p\u00e9rennit\u00e9 de telles assises. La c\u00e9r\u00e9monie de cl\u00f4ture a \u00e9t\u00e9 pr\u00e9sid\u00e9e par le directeur des Affaires administrative et financi\u00e8re, Togb\u00e9 Yaovi Keke, au nom du ministre Lamadokou.<\/em><\/strong><\/p>\n\n\n\n<p class=\"wp-block-paragraph\">L\u2019objectif de l\u2019atelier qui avait pour th\u00e8me&nbsp;<em>: \u00ab Les fondamentaux du secr\u00e9tariat et la gestion automatis\u00e9e des courriers \u00bb<\/em> est de remettre \u00e0 niveau les secr\u00e9taires des d\u00e9partements de la culture et du tourisme.<\/p>\n\n\n<div class=\"wp-block-image\">\n<figure class=\"aligncenter size-large is-resized\"><img loading=\"lazy\" decoding=\"async\" src=\"https:\/\/macite.tg\/wp-content\/uploads\/2024\/01\/IMG-20240102-WA0073-1024x768.jpg\" alt=\"\" class=\"wp-image-11458\" width=\"518\" height=\"389\" srcset=\"https:\/\/macite.tg\/wp-content\/uploads\/2024\/01\/IMG-20240102-WA0073-1024x768.jpg 1024w, https:\/\/macite.tg\/wp-content\/uploads\/2024\/01\/IMG-20240102-WA0073-300x225.jpg 300w, https:\/\/macite.tg\/wp-content\/uploads\/2024\/01\/IMG-20240102-WA0073-768x576.jpg 768w, https:\/\/macite.tg\/wp-content\/uploads\/2024\/01\/IMG-20240102-WA0073.jpg 1280w\" sizes=\"auto, (max-width: 518px) 100vw, 518px\" \/><figcaption class=\"wp-element-caption\"><strong><em>La table d&rsquo;honneur&#8230;.<\/em><\/strong><\/figcaption><\/figure>\n<\/div>\n\n\n<p class=\"wp-block-paragraph\"><em>\u00ab&nbsp;Nous avons constat\u00e9 une carence au niveau des secr\u00e9taires dans toutes les directions. J\u2019esp\u00e8re que \u00e7a a \u00e9t\u00e9 le rendez-vous du donner et du recevoir comme propos\u00e9&nbsp;\u00bb,<\/em> a d\u00e9clar\u00e9 Togb\u00e9 Yaovi K\u00e9k\u00e9, directeur des Affaires administrative et financi\u00e8re du minist\u00e8re. <em>\u00ab&nbsp;J\u2019esp\u00e8re que vous avez bien assimil\u00e9s les travaux et que vous \u00eates mieux aguerris maintenant pour pouvoir affronter la gestion des courriers et la gestion automatis\u00e9e&nbsp;\u00bb<\/em>, a-t-il dit \u00e0 l\u2019endroit des participants.<\/p>\n\n\n\n<p class=\"wp-block-paragraph\">Le directeur des Affaires administrative et financi\u00e8re a poursuivi ses propos en souhaitant que cette formation soit renouvel\u00e9e de temps en temps. <em>\u00ab&nbsp;Nous allons perp\u00e9tuer cette rencontre et renouveler de temps en temps la formation des secr\u00e9taires. C\u2019est vrai qu\u2019il n\u2019y a pas que les secr\u00e9taires au minist\u00e8re. Il y a d\u2019autres corps aussi. Nous essayerons chaque ann\u00e9e de faire au moins la formation \u00e0 un corps. Cette ann\u00e9e c\u2019est pour les secr\u00e9taires. On verra si l\u2019ann\u00e9e prochaine \u00e7a va \u00eatre encore les secr\u00e9taires ou d\u2019autres&nbsp;\u00bb<\/em>, a-t-il inform\u00e9.<\/p>\n\n\n\n<p class=\"wp-block-paragraph\">Le formateur Ernest Egbenou pour sa part, s\u2019est d\u2019abord montr\u00e9 satisfait des travaux puisque selon lui, les modules au menu de la rencontre notamment les fondamentaux de l\u2019administration et du secr\u00e9tariat, la gestion automatis\u00e9e des courriers, l\u2019archivage, les bases de donn\u00e9es, les calculs en Excel ont \u00e9t\u00e9 bien assimil\u00e9es. Il a ensuite recommand\u00e9 la relecture des documents mis \u00e0 la disposition des participants<em>.<\/em><\/p>\n\n\n<div class=\"wp-block-image\">\n<figure class=\"aligncenter size-full is-resized\"><img loading=\"lazy\" decoding=\"async\" src=\"https:\/\/macite.tg\/wp-content\/uploads\/2024\/01\/IMG-20240101-WA0073.jpg\" alt=\"\" class=\"wp-image-11454\" width=\"456\" height=\"461\" srcset=\"https:\/\/macite.tg\/wp-content\/uploads\/2024\/01\/IMG-20240101-WA0073.jpg 890w, https:\/\/macite.tg\/wp-content\/uploads\/2024\/01\/IMG-20240101-WA0073-297x300.jpg 297w, https:\/\/macite.tg\/wp-content\/uploads\/2024\/01\/IMG-20240101-WA0073-768x777.jpg 768w, https:\/\/macite.tg\/wp-content\/uploads\/2024\/01\/IMG-20240101-WA0073-122x122.jpg 122w\" sizes=\"auto, (max-width: 456px) 100vw, 456px\" \/><\/figure>\n<\/div>\n\n\n<p class=\"wp-block-paragraph\"><em>\u00ab\u00a0Nous disons merci au cabinet, aux participants et \u00e0 l\u2019\u00c9ternel que tout s\u2019est pass\u00e9 dans les bonnes conditions\u00a0\u00bb,<\/em> a affirm\u00e9 le directeur g\u00e9n\u00e9ral de l\u2019Ifap avant de poursuivre\u00a0: <em>\u00ab\u00a0il faut que les participants apr\u00e8s cette formation essayent de revoir les documents que nous avons laiss\u00e9s \u00e0 leur actif afin qu\u2019ils fassent valoir du jour au jour ce qu\u2019on leur a transmis\u00a0\u00bb.<\/em><\/p>\n\n\n\n<p class=\"wp-block-paragraph\">Notons que cette formation qui a pris fin avec la remise d\u2019attestation aux secr\u00e9taires du minist\u00e8re, s\u2019inscrit dans le cadre de la modernisation de l\u2019administration publique mise en place par le gouvernement togolais.<\/p>\n\n\n\n<p class=\"wp-block-paragraph\"><strong><em>Michel AKOETE<\/em><\/strong><\/p>\n\n\n\n<p class=\"wp-block-paragraph\"><em><strong>@macite.tg&nbsp;&nbsp;&nbsp;&nbsp;&nbsp;&nbsp;&nbsp;&nbsp;<\/strong><\/em><\/p>\n\n\n\n<p class=\"wp-block-paragraph\"><em><strong>E-mail&nbsp;:&nbsp;<\/strong><\/em><a href=\"mailto:maciteinfo@gmail.com\"><em><strong>maciteinfo@gmail.com<\/strong><\/em><\/a><em><strong>;&nbsp;<\/strong><\/em><a href=\"mailto:bawela1@gmail.com\"><em><strong>bawela1@gmail.com<\/strong><\/em><\/a><\/p>\n\n\n\n<p class=\"wp-block-paragraph\"><em><strong>Pour vos annonces, (publi)reportages, etc., joignez-nous au (00228)91515309\/<\/strong><\/em><strong><em>79872224&nbsp;<\/em><\/strong><em><strong>www.macite.tg, L\u2019information, la bonne&nbsp;!<\/strong><\/em><\/p>\n","protected":false},"excerpt":{"rendered":"<p class=\"text-justify mb-2\" >Du 27 au 29 d\u00e9cembre dernier, s\u2019est tenu dans la salle de r\u00e9union de l\u2019Institut national d\u2019hygi\u00e8ne (Inh), un atelier de renforcement de capacit\u00e9 \u00e0 l\u2019endroit des secr\u00e9taires du minist\u00e8re de la Culture et du Tourisme. A la fin des travaux de cette rencontre de [&hellip;]<\/p>\n","protected":false},"author":2,"featured_media":11457,"comment_status":"open","ping_status":"open","sticky":false,"template":"","format":"standard","meta":{"footnotes":""},"categories":[20,48],"tags":[],"class_list":["post-11456","post","type-post","status-publish","format-standard","has-post-thumbnail","hentry","category-actualite","category-formation"],"yoast_head":"<!-- This site is optimized with the Yoast SEO plugin v28.4 - https:\/\/yoast.com\/product\/yoast-seo-wordpress\/ -->\n<title>MINISTERE DE LA CULTURE ET DU TOURISME\u00a0: Les acteurs s\u2019accordent sur la p\u00e9rennisation de la remise \u00e0 niveau des agents -<\/title>\n<meta name=\"robots\" content=\"index, follow, max-snippet:-1, max-image-preview:large, max-video-preview:-1\" \/>\n<link rel=\"canonical\" href=\"https:\/\/macite.tg\/?p=11456\" \/>\n<meta property=\"og:locale\" content=\"fr_FR\" \/>\n<meta property=\"og:type\" content=\"article\" \/>\n<meta property=\"og:title\" content=\"MINISTERE DE LA CULTURE ET DU TOURISME\u00a0: Les acteurs s\u2019accordent sur la p\u00e9rennisation de la remise \u00e0 niveau des agents -\" \/>\n<meta property=\"og:description\" content=\"Du 27 au 29 d\u00e9cembre dernier, s\u2019est tenu dans la salle de r\u00e9union de l\u2019Institut national d\u2019hygi\u00e8ne (Inh), un atelier de renforcement de capacit\u00e9 \u00e0 l\u2019endroit des secr\u00e9taires du minist\u00e8re de la Culture et du Tourisme. A la fin des travaux de cette rencontre de [&hellip;]\" \/>\n<meta property=\"og:url\" content=\"https:\/\/macite.tg\/?p=11456\" \/>\n<meta property=\"article:published_time\" content=\"2024-01-02T16:12:46+00:00\" \/>\n<meta property=\"article:modified_time\" content=\"2024-01-02T16:12:48+00:00\" \/>\n<meta property=\"og:image\" content=\"https:\/\/macite.tg\/wp-content\/uploads\/2024\/01\/IMG-20240102-WA0074.jpg\" \/>\n\t<meta property=\"og:image:width\" content=\"1280\" \/>\n\t<meta property=\"og:image:height\" content=\"960\" \/>\n\t<meta property=\"og:image:type\" content=\"image\/jpeg\" \/>\n<meta name=\"author\" content=\"Jean Pierre BAWELA\" \/>\n<meta name=\"twitter:card\" content=\"summary_large_image\" \/>\n<meta name=\"twitter:label1\" content=\"\u00c9crit par\" \/>\n\t<meta name=\"twitter:data1\" content=\"Jean Pierre BAWELA\" \/>\n\t<meta name=\"twitter:label2\" content=\"Dur\u00e9e de lecture estim\u00e9e\" \/>\n\t<meta name=\"twitter:data2\" content=\"3 minutes\" \/>\n<script type=\"application\/ld+json\" class=\"yoast-schema-graph\">{\"@context\":\"https:\\\/\\\/schema.org\",\"@graph\":[{\"@type\":\"Article\",\"@id\":\"https:\\\/\\\/macite.tg\\\/?p=11456#article\",\"isPartOf\":{\"@id\":\"https:\\\/\\\/macite.tg\\\/?p=11456\"},\"author\":{\"name\":\"Jean Pierre BAWELA\",\"@id\":\"https:\\\/\\\/macite.tg\\\/#\\\/schema\\\/person\\\/e9f2de7e5dbbe7770a9402c7ce82f5c2\"},\"headline\":\"MINISTERE DE LA CULTURE ET DU TOURISME\u00a0: Les acteurs s\u2019accordent sur la p\u00e9rennisation de la remise \u00e0 niveau des agents\",\"datePublished\":\"2024-01-02T16:12:46+00:00\",\"dateModified\":\"2024-01-02T16:12:48+00:00\",\"mainEntityOfPage\":{\"@id\":\"https:\\\/\\\/macite.tg\\\/?p=11456\"},\"wordCount\":579,\"commentCount\":0,\"image\":{\"@id\":\"https:\\\/\\\/macite.tg\\\/?p=11456#primaryimage\"},\"thumbnailUrl\":\"https:\\\/\\\/macite.tg\\\/wp-content\\\/uploads\\\/2024\\\/01\\\/IMG-20240102-WA0074.jpg\",\"articleSection\":[\"ACTUALITE\",\"FORMATION\"],\"inLanguage\":\"fr-FR\",\"potentialAction\":[{\"@type\":\"CommentAction\",\"name\":\"Comment\",\"target\":[\"https:\\\/\\\/macite.tg\\\/?p=11456#respond\"]}]},{\"@type\":\"WebPage\",\"@id\":\"https:\\\/\\\/macite.tg\\\/?p=11456\",\"url\":\"https:\\\/\\\/macite.tg\\\/?p=11456\",\"name\":\"MINISTERE DE LA CULTURE ET DU TOURISME\u00a0: Les acteurs s\u2019accordent sur la p\u00e9rennisation de la remise \u00e0 niveau des agents -\",\"isPartOf\":{\"@id\":\"https:\\\/\\\/macite.tg\\\/#website\"},\"primaryImageOfPage\":{\"@id\":\"https:\\\/\\\/macite.tg\\\/?p=11456#primaryimage\"},\"image\":{\"@id\":\"https:\\\/\\\/macite.tg\\\/?p=11456#primaryimage\"},\"thumbnailUrl\":\"https:\\\/\\\/macite.tg\\\/wp-content\\\/uploads\\\/2024\\\/01\\\/IMG-20240102-WA0074.jpg\",\"datePublished\":\"2024-01-02T16:12:46+00:00\",\"dateModified\":\"2024-01-02T16:12:48+00:00\",\"author\":{\"@id\":\"https:\\\/\\\/macite.tg\\\/#\\\/schema\\\/person\\\/e9f2de7e5dbbe7770a9402c7ce82f5c2\"},\"breadcrumb\":{\"@id\":\"https:\\\/\\\/macite.tg\\\/?p=11456#breadcrumb\"},\"inLanguage\":\"fr-FR\",\"potentialAction\":[{\"@type\":\"ReadAction\",\"target\":[\"https:\\\/\\\/macite.tg\\\/?p=11456\"]}]},{\"@type\":\"ImageObject\",\"inLanguage\":\"fr-FR\",\"@id\":\"https:\\\/\\\/macite.tg\\\/?p=11456#primaryimage\",\"url\":\"https:\\\/\\\/macite.tg\\\/wp-content\\\/uploads\\\/2024\\\/01\\\/IMG-20240102-WA0074.jpg\",\"contentUrl\":\"https:\\\/\\\/macite.tg\\\/wp-content\\\/uploads\\\/2024\\\/01\\\/IMG-20240102-WA0074.jpg\",\"width\":1280,\"height\":960},{\"@type\":\"BreadcrumbList\",\"@id\":\"https:\\\/\\\/macite.tg\\\/?p=11456#breadcrumb\",\"itemListElement\":[{\"@type\":\"ListItem\",\"position\":1,\"name\":\"Accueil\",\"item\":\"https:\\\/\\\/macite.tg\\\/\"},{\"@type\":\"ListItem\",\"position\":2,\"name\":\"MINISTERE DE LA CULTURE ET DU TOURISME\u00a0: Les acteurs s\u2019accordent sur la p\u00e9rennisation de la remise \u00e0 niveau des agents\"}]},{\"@type\":\"WebSite\",\"@id\":\"https:\\\/\\\/macite.tg\\\/#website\",\"url\":\"https:\\\/\\\/macite.tg\\\/\",\"name\":\"\",\"description\":\"L&#039;information, la bonne!!!\",\"potentialAction\":[{\"@type\":\"SearchAction\",\"target\":{\"@type\":\"EntryPoint\",\"urlTemplate\":\"https:\\\/\\\/macite.tg\\\/?s={search_term_string}\"},\"query-input\":{\"@type\":\"PropertyValueSpecification\",\"valueRequired\":true,\"valueName\":\"search_term_string\"}}],\"inLanguage\":\"fr-FR\"},{\"@type\":\"Person\",\"@id\":\"https:\\\/\\\/macite.tg\\\/#\\\/schema\\\/person\\\/e9f2de7e5dbbe7770a9402c7ce82f5c2\",\"name\":\"Jean Pierre BAWELA\",\"image\":{\"@type\":\"ImageObject\",\"inLanguage\":\"fr-FR\",\"@id\":\"https:\\\/\\\/macite.tg\\\/wp-content\\\/uploads\\\/2023\\\/09\\\/WhatsApp-Image-2023-09-19-at-14.44.41-122x122.jpeg\",\"url\":\"https:\\\/\\\/macite.tg\\\/wp-content\\\/uploads\\\/2023\\\/09\\\/WhatsApp-Image-2023-09-19-at-14.44.41-122x122.jpeg\",\"contentUrl\":\"https:\\\/\\\/macite.tg\\\/wp-content\\\/uploads\\\/2023\\\/09\\\/WhatsApp-Image-2023-09-19-at-14.44.41-122x122.jpeg\",\"caption\":\"Jean Pierre BAWELA\"},\"url\":\"https:\\\/\\\/macite.tg\\\/?author=2\"}]}<\/script>\n<!-- \/ Yoast SEO plugin. -->","yoast_head_json":{"title":"MINISTERE DE LA CULTURE ET DU TOURISME\u00a0: Les acteurs s\u2019accordent sur la p\u00e9rennisation de la remise \u00e0 niveau des agents -","robots":{"index":"index","follow":"follow","max-snippet":"max-snippet:-1","max-image-preview":"max-image-preview:large","max-video-preview":"max-video-preview:-1"},"canonical":"https:\/\/macite.tg\/?p=11456","og_locale":"fr_FR","og_type":"article","og_title":"MINISTERE DE LA CULTURE ET DU TOURISME\u00a0: Les acteurs s\u2019accordent sur la p\u00e9rennisation de la remise \u00e0 niveau des agents -","og_description":"Du 27 au 29 d\u00e9cembre dernier, s\u2019est tenu dans la salle de r\u00e9union de l\u2019Institut national d\u2019hygi\u00e8ne (Inh), un atelier de renforcement de capacit\u00e9 \u00e0 l\u2019endroit des secr\u00e9taires du minist\u00e8re de la Culture et du Tourisme. A la fin des travaux de cette rencontre de [&hellip;]","og_url":"https:\/\/macite.tg\/?p=11456","article_published_time":"2024-01-02T16:12:46+00:00","article_modified_time":"2024-01-02T16:12:48+00:00","og_image":[{"width":1280,"height":960,"url":"https:\/\/macite.tg\/wp-content\/uploads\/2024\/01\/IMG-20240102-WA0074.jpg","type":"image\/jpeg"}],"author":"Jean Pierre BAWELA","twitter_card":"summary_large_image","twitter_misc":{"\u00c9crit par":"Jean Pierre BAWELA","Dur\u00e9e de lecture estim\u00e9e":"3 minutes"},"schema":{"@context":"https:\/\/schema.org","@graph":[{"@type":"Article","@id":"https:\/\/macite.tg\/?p=11456#article","isPartOf":{"@id":"https:\/\/macite.tg\/?p=11456"},"author":{"name":"Jean Pierre BAWELA","@id":"https:\/\/macite.tg\/#\/schema\/person\/e9f2de7e5dbbe7770a9402c7ce82f5c2"},"headline":"MINISTERE DE LA CULTURE ET DU TOURISME\u00a0: Les acteurs s\u2019accordent sur la p\u00e9rennisation de la remise \u00e0 niveau des agents","datePublished":"2024-01-02T16:12:46+00:00","dateModified":"2024-01-02T16:12:48+00:00","mainEntityOfPage":{"@id":"https:\/\/macite.tg\/?p=11456"},"wordCount":579,"commentCount":0,"image":{"@id":"https:\/\/macite.tg\/?p=11456#primaryimage"},"thumbnailUrl":"https:\/\/macite.tg\/wp-content\/uploads\/2024\/01\/IMG-20240102-WA0074.jpg","articleSection":["ACTUALITE","FORMATION"],"inLanguage":"fr-FR","potentialAction":[{"@type":"CommentAction","name":"Comment","target":["https:\/\/macite.tg\/?p=11456#respond"]}]},{"@type":"WebPage","@id":"https:\/\/macite.tg\/?p=11456","url":"https:\/\/macite.tg\/?p=11456","name":"MINISTERE DE LA CULTURE ET DU TOURISME\u00a0: Les acteurs s\u2019accordent sur la p\u00e9rennisation de la remise \u00e0 niveau des agents -","isPartOf":{"@id":"https:\/\/macite.tg\/#website"},"primaryImageOfPage":{"@id":"https:\/\/macite.tg\/?p=11456#primaryimage"},"image":{"@id":"https:\/\/macite.tg\/?p=11456#primaryimage"},"thumbnailUrl":"https:\/\/macite.tg\/wp-content\/uploads\/2024\/01\/IMG-20240102-WA0074.jpg","datePublished":"2024-01-02T16:12:46+00:00","dateModified":"2024-01-02T16:12:48+00:00","author":{"@id":"https:\/\/macite.tg\/#\/schema\/person\/e9f2de7e5dbbe7770a9402c7ce82f5c2"},"breadcrumb":{"@id":"https:\/\/macite.tg\/?p=11456#breadcrumb"},"inLanguage":"fr-FR","potentialAction":[{"@type":"ReadAction","target":["https:\/\/macite.tg\/?p=11456"]}]},{"@type":"ImageObject","inLanguage":"fr-FR","@id":"https:\/\/macite.tg\/?p=11456#primaryimage","url":"https:\/\/macite.tg\/wp-content\/uploads\/2024\/01\/IMG-20240102-WA0074.jpg","contentUrl":"https:\/\/macite.tg\/wp-content\/uploads\/2024\/01\/IMG-20240102-WA0074.jpg","width":1280,"height":960},{"@type":"BreadcrumbList","@id":"https:\/\/macite.tg\/?p=11456#breadcrumb","itemListElement":[{"@type":"ListItem","position":1,"name":"Accueil","item":"https:\/\/macite.tg\/"},{"@type":"ListItem","position":2,"name":"MINISTERE DE LA CULTURE ET DU TOURISME\u00a0: Les acteurs s\u2019accordent sur la p\u00e9rennisation de la remise \u00e0 niveau des agents"}]},{"@type":"WebSite","@id":"https:\/\/macite.tg\/#website","url":"https:\/\/macite.tg\/","name":"","description":"L&#039;information, la bonne!!!","potentialAction":[{"@type":"SearchAction","target":{"@type":"EntryPoint","urlTemplate":"https:\/\/macite.tg\/?s={search_term_string}"},"query-input":{"@type":"PropertyValueSpecification","valueRequired":true,"valueName":"search_term_string"}}],"inLanguage":"fr-FR"},{"@type":"Person","@id":"https:\/\/macite.tg\/#\/schema\/person\/e9f2de7e5dbbe7770a9402c7ce82f5c2","name":"Jean Pierre BAWELA","image":{"@type":"ImageObject","inLanguage":"fr-FR","@id":"https:\/\/macite.tg\/wp-content\/uploads\/2023\/09\/WhatsApp-Image-2023-09-19-at-14.44.41-122x122.jpeg","url":"https:\/\/macite.tg\/wp-content\/uploads\/2023\/09\/WhatsApp-Image-2023-09-19-at-14.44.41-122x122.jpeg","contentUrl":"https:\/\/macite.tg\/wp-content\/uploads\/2023\/09\/WhatsApp-Image-2023-09-19-at-14.44.41-122x122.jpeg","caption":"Jean Pierre BAWELA"},"url":"https:\/\/macite.tg\/?author=2"}]}},"_links":{"self":[{"href":"https:\/\/macite.tg\/index.php?rest_route=\/wp\/v2\/posts\/11456","targetHints":{"allow":["GET"]}}],"collection":[{"href":"https:\/\/macite.tg\/index.php?rest_route=\/wp\/v2\/posts"}],"about":[{"href":"https:\/\/macite.tg\/index.php?rest_route=\/wp\/v2\/types\/post"}],"author":[{"embeddable":true,"href":"https:\/\/macite.tg\/index.php?rest_route=\/wp\/v2\/users\/2"}],"replies":[{"embeddable":true,"href":"https:\/\/macite.tg\/index.php?rest_route=%2Fwp%2Fv2%2Fcomments&post=11456"}],"version-history":[{"count":0,"href":"https:\/\/macite.tg\/index.php?rest_route=\/wp\/v2\/posts\/11456\/revisions"}],"wp:featuredmedia":[{"embeddable":true,"href":"https:\/\/macite.tg\/index.php?rest_route=\/wp\/v2\/media\/11457"}],"wp:attachment":[{"href":"https:\/\/macite.tg\/index.php?rest_route=%2Fwp%2Fv2%2Fmedia&parent=11456"}],"wp:term":[{"taxonomy":"category","embeddable":true,"href":"https:\/\/macite.tg\/index.php?rest_route=%2Fwp%2Fv2%2Fcategories&post=11456"},{"taxonomy":"post_tag","embeddable":true,"href":"https:\/\/macite.tg\/index.php?rest_route=%2Fwp%2Fv2%2Ftags&post=11456"}],"curies":[{"name":"wp","href":"https:\/\/api.w.org\/{rel}","templated":true}]}}