{"id":11429,"date":"2023-12-28T16:43:43","date_gmt":"2023-12-28T16:43:43","guid":{"rendered":"https:\/\/macite.tg\/?p=11429"},"modified":"2023-12-28T16:43:44","modified_gmt":"2023-12-28T16:43:44","slug":"benin-niger-levee-de-la-suspension-des-importations-vers-niamey","status":"publish","type":"post","link":"https:\/\/macite.tg\/?p=11429","title":{"rendered":"BENIN &#8211; NIGER : Lev\u00e9e de la suspension des importations vers Niamey"},"content":{"rendered":"\n<p class=\"wp-block-paragraph\"><strong><em>Le B\u00e9nin a annonc\u00e9 la lev\u00e9e de la suspension des importations de marchandises \u00e0 destination du Niger par le port de Cotonou.<\/em><\/strong><\/p>\n\n\n\n<p class=\"wp-block-paragraph\">La d\u00e9cision a \u00e9t\u00e9 prise apr\u00e8s cinq mois de sanctions impos\u00e9es en r\u00e9ponse au coup d\u2019\u00c9tat survenu au Niger. Le directeur g\u00e9n\u00e9ral du Port autonome de Cotonou, Bart Jozef Johan Van Eenoo, a justifi\u00e9 cette mesure par l\u2019am\u00e9lioration substantielle des conditions op\u00e9rationnelles au port, notamment la r\u00e9duction du taux de congestion.<\/p>\n\n\n<div class=\"wp-block-image\">\n<figure class=\"aligncenter size-full is-resized\"><img loading=\"lazy\" decoding=\"async\" src=\"https:\/\/macite.tg\/wp-content\/uploads\/2023\/12\/ANNONCES-1-768x319-1.jpg\" alt=\"\" class=\"wp-image-11408\" width=\"674\" height=\"280\" srcset=\"https:\/\/macite.tg\/wp-content\/uploads\/2023\/12\/ANNONCES-1-768x319-1.jpg 768w, https:\/\/macite.tg\/wp-content\/uploads\/2023\/12\/ANNONCES-1-768x319-1-300x125.jpg 300w\" sizes=\"auto, (max-width: 674px) 100vw, 674px\" \/><\/figure>\n<\/div>\n\n\n<p class=\"wp-block-paragraph\">En juillet dernier, le B\u00e9nin avait ferm\u00e9 sa fronti\u00e8re avec le Niger en r\u00e9ponse au coup d\u2019\u00c9tat, conform\u00e9ment aux sanctions de la Communaut\u00e9 \u00e9conomique des \u00c9tats de l\u2019Afrique de l\u2019Ouest (Cedeao).<\/p>\n\n\n\n<p class=\"wp-block-paragraph\">La lev\u00e9e de la suspension intervient apr\u00e8s une d\u00e9claration du pr\u00e9sident b\u00e9ninois, Patrice Talon, exprimant sa volont\u00e9 de r\u00e9tablir rapidement les relations avec le Niger.<\/p>\n\n\n\n<p class=\"wp-block-paragraph\">Les sanctions de la Cedeao ont eu des cons\u00e9quences \u00e9conomiques importantes pour le B\u00e9nin, enregistrant notamment une baisse de ses revenus portuaires. La r\u00e9ouverture de la fronti\u00e8re et la lev\u00e9e des restrictions sont des \u00e9tapes importantes vers la normalisation des relations entre les deux pays.<\/p>\n\n\n<div class=\"wp-block-image\">\n<figure class=\"aligncenter size-large is-resized\"><img loading=\"lazy\" decoding=\"async\" src=\"https:\/\/macite.tg\/wp-content\/uploads\/2023\/12\/GBps6MVW8AAmcgK-819x1024.jpg\" alt=\"\" class=\"wp-image-11215\" width=\"487\" height=\"609\" srcset=\"https:\/\/macite.tg\/wp-content\/uploads\/2023\/12\/GBps6MVW8AAmcgK-819x1024.jpg 819w, https:\/\/macite.tg\/wp-content\/uploads\/2023\/12\/GBps6MVW8AAmcgK-240x300.jpg 240w, https:\/\/macite.tg\/wp-content\/uploads\/2023\/12\/GBps6MVW8AAmcgK-768x960.jpg 768w, https:\/\/macite.tg\/wp-content\/uploads\/2023\/12\/GBps6MVW8AAmcgK.jpg 864w\" sizes=\"auto, (max-width: 487px) 100vw, 487px\" \/><\/figure>\n<\/div>\n\n\n<p class=\"wp-block-paragraph\">En outre, la mise en service d\u2019un ol\u00e9oduc reliant le Niger \u00e0 la c\u00f4te b\u00e9ninoise suscite \u00e9galement l\u2019attention, offrant des perspectives \u00e9conomiques li\u00e9es \u00e0 la commercialisation du brut nig\u00e9rien sur le march\u00e9 international.<\/p>\n\n\n\n<p class=\"wp-block-paragraph\"><strong>SeneNews<\/strong><\/p>\n\n\n\n<p class=\"wp-block-paragraph\"><a><strong><em>@macite.tg&nbsp;&nbsp;&nbsp;&nbsp;&nbsp;&nbsp;&nbsp;&nbsp;<\/em><\/strong><\/a><\/p>\n\n\n\n<p class=\"wp-block-paragraph\"><strong><em>E-mail&nbsp;: <\/em><\/strong><a href=\"mailto:maciteinfo@gmail.com\"><strong><em>maciteinfo@gmail.com<\/em><\/strong><\/a><strong><em>; <\/em><\/strong><a href=\"mailto:bawela1@gmail.com\"><strong><em>bawela1@gmail.com<\/em><\/strong><\/a><strong><em><\/em><\/strong><\/p>\n\n\n\n<p class=\"wp-block-paragraph\"><strong><em>Pour vos annonces, (publi)reportages, etc., joignez-nous au (00228)91515309\/<strong>79872224 <\/strong>www.macite.tg, L\u2019information, la bonne&nbsp;!<\/em><\/strong><\/p>\n","protected":false},"excerpt":{"rendered":"<p class=\"text-justify mb-2\" >Le B\u00e9nin a annonc\u00e9 la lev\u00e9e de la suspension des importations de marchandises \u00e0 destination du Niger par le port de Cotonou. La d\u00e9cision a \u00e9t\u00e9 prise apr\u00e8s cinq mois de sanctions impos\u00e9es en r\u00e9ponse au coup d\u2019\u00c9tat survenu au Niger. Le directeur g\u00e9n\u00e9ral du [&hellip;]<\/p>\n","protected":false},"author":2,"featured_media":11430,"comment_status":"open","ping_status":"open","sticky":false,"template":"","format":"standard","meta":{"footnotes":""},"categories":[20,16],"tags":[],"class_list":["post-11429","post","type-post","status-publish","format-standard","has-post-thumbnail","hentry","category-actualite","category-cooperation"],"yoast_head":"<!-- This site is optimized with the Yoast SEO plugin v28.4 - https:\/\/yoast.com\/product\/yoast-seo-wordpress\/ -->\n<title>BENIN - NIGER : Lev\u00e9e de la suspension des importations vers Niamey -<\/title>\n<meta name=\"robots\" content=\"index, follow, max-snippet:-1, max-image-preview:large, max-video-preview:-1\" \/>\n<link rel=\"canonical\" href=\"https:\/\/macite.tg\/?p=11429\" \/>\n<meta property=\"og:locale\" content=\"fr_FR\" \/>\n<meta property=\"og:type\" content=\"article\" \/>\n<meta property=\"og:title\" content=\"BENIN - NIGER : Lev\u00e9e de la suspension des importations vers Niamey -\" \/>\n<meta property=\"og:description\" content=\"Le B\u00e9nin a annonc\u00e9 la lev\u00e9e de la suspension des importations de marchandises \u00e0 destination du Niger par le port de Cotonou. La d\u00e9cision a \u00e9t\u00e9 prise apr\u00e8s cinq mois de sanctions impos\u00e9es en r\u00e9ponse au coup d\u2019\u00c9tat survenu au Niger. Le directeur g\u00e9n\u00e9ral du [&hellip;]\" \/>\n<meta property=\"og:url\" content=\"https:\/\/macite.tg\/?p=11429\" \/>\n<meta property=\"article:published_time\" content=\"2023-12-28T16:43:43+00:00\" \/>\n<meta property=\"article:modified_time\" content=\"2023-12-28T16:43:44+00:00\" \/>\n<meta property=\"og:image\" content=\"https:\/\/macite.tg\/wp-content\/uploads\/2023\/12\/image-68.png\" \/>\n\t<meta property=\"og:image:width\" content=\"696\" \/>\n\t<meta property=\"og:image:height\" content=\"373\" \/>\n\t<meta property=\"og:image:type\" content=\"image\/png\" \/>\n<meta name=\"author\" content=\"Jean Pierre BAWELA\" \/>\n<meta name=\"twitter:card\" content=\"summary_large_image\" \/>\n<meta name=\"twitter:label1\" content=\"\u00c9crit par\" \/>\n\t<meta name=\"twitter:data1\" content=\"Jean Pierre BAWELA\" \/>\n\t<meta name=\"twitter:label2\" content=\"Dur\u00e9e de lecture estim\u00e9e\" \/>\n\t<meta name=\"twitter:data2\" content=\"1 minute\" \/>\n<script type=\"application\/ld+json\" class=\"yoast-schema-graph\">{\"@context\":\"https:\\\/\\\/schema.org\",\"@graph\":[{\"@type\":\"Article\",\"@id\":\"https:\\\/\\\/macite.tg\\\/?p=11429#article\",\"isPartOf\":{\"@id\":\"https:\\\/\\\/macite.tg\\\/?p=11429\"},\"author\":{\"name\":\"Jean Pierre BAWELA\",\"@id\":\"https:\\\/\\\/macite.tg\\\/#\\\/schema\\\/person\\\/e9f2de7e5dbbe7770a9402c7ce82f5c2\"},\"headline\":\"BENIN &#8211; NIGER : Lev\u00e9e de la suspension des importations vers Niamey\",\"datePublished\":\"2023-12-28T16:43:43+00:00\",\"dateModified\":\"2023-12-28T16:43:44+00:00\",\"mainEntityOfPage\":{\"@id\":\"https:\\\/\\\/macite.tg\\\/?p=11429\"},\"wordCount\":289,\"commentCount\":0,\"image\":{\"@id\":\"https:\\\/\\\/macite.tg\\\/?p=11429#primaryimage\"},\"thumbnailUrl\":\"https:\\\/\\\/macite.tg\\\/wp-content\\\/uploads\\\/2023\\\/12\\\/image-68.png\",\"articleSection\":[\"ACTUALITE\",\"COOPERATION\"],\"inLanguage\":\"fr-FR\",\"potentialAction\":[{\"@type\":\"CommentAction\",\"name\":\"Comment\",\"target\":[\"https:\\\/\\\/macite.tg\\\/?p=11429#respond\"]}]},{\"@type\":\"WebPage\",\"@id\":\"https:\\\/\\\/macite.tg\\\/?p=11429\",\"url\":\"https:\\\/\\\/macite.tg\\\/?p=11429\",\"name\":\"BENIN - NIGER : Lev\u00e9e de la suspension des importations vers Niamey -\",\"isPartOf\":{\"@id\":\"https:\\\/\\\/macite.tg\\\/#website\"},\"primaryImageOfPage\":{\"@id\":\"https:\\\/\\\/macite.tg\\\/?p=11429#primaryimage\"},\"image\":{\"@id\":\"https:\\\/\\\/macite.tg\\\/?p=11429#primaryimage\"},\"thumbnailUrl\":\"https:\\\/\\\/macite.tg\\\/wp-content\\\/uploads\\\/2023\\\/12\\\/image-68.png\",\"datePublished\":\"2023-12-28T16:43:43+00:00\",\"dateModified\":\"2023-12-28T16:43:44+00:00\",\"author\":{\"@id\":\"https:\\\/\\\/macite.tg\\\/#\\\/schema\\\/person\\\/e9f2de7e5dbbe7770a9402c7ce82f5c2\"},\"breadcrumb\":{\"@id\":\"https:\\\/\\\/macite.tg\\\/?p=11429#breadcrumb\"},\"inLanguage\":\"fr-FR\",\"potentialAction\":[{\"@type\":\"ReadAction\",\"target\":[\"https:\\\/\\\/macite.tg\\\/?p=11429\"]}]},{\"@type\":\"ImageObject\",\"inLanguage\":\"fr-FR\",\"@id\":\"https:\\\/\\\/macite.tg\\\/?p=11429#primaryimage\",\"url\":\"https:\\\/\\\/macite.tg\\\/wp-content\\\/uploads\\\/2023\\\/12\\\/image-68.png\",\"contentUrl\":\"https:\\\/\\\/macite.tg\\\/wp-content\\\/uploads\\\/2023\\\/12\\\/image-68.png\",\"width\":696,\"height\":373},{\"@type\":\"BreadcrumbList\",\"@id\":\"https:\\\/\\\/macite.tg\\\/?p=11429#breadcrumb\",\"itemListElement\":[{\"@type\":\"ListItem\",\"position\":1,\"name\":\"Accueil\",\"item\":\"https:\\\/\\\/macite.tg\\\/\"},{\"@type\":\"ListItem\",\"position\":2,\"name\":\"BENIN &#8211; NIGER : Lev\u00e9e de la suspension des importations vers Niamey\"}]},{\"@type\":\"WebSite\",\"@id\":\"https:\\\/\\\/macite.tg\\\/#website\",\"url\":\"https:\\\/\\\/macite.tg\\\/\",\"name\":\"\",\"description\":\"L&#039;information, la bonne!!!\",\"potentialAction\":[{\"@type\":\"SearchAction\",\"target\":{\"@type\":\"EntryPoint\",\"urlTemplate\":\"https:\\\/\\\/macite.tg\\\/?s={search_term_string}\"},\"query-input\":{\"@type\":\"PropertyValueSpecification\",\"valueRequired\":true,\"valueName\":\"search_term_string\"}}],\"inLanguage\":\"fr-FR\"},{\"@type\":\"Person\",\"@id\":\"https:\\\/\\\/macite.tg\\\/#\\\/schema\\\/person\\\/e9f2de7e5dbbe7770a9402c7ce82f5c2\",\"name\":\"Jean Pierre BAWELA\",\"image\":{\"@type\":\"ImageObject\",\"inLanguage\":\"fr-FR\",\"@id\":\"https:\\\/\\\/macite.tg\\\/wp-content\\\/uploads\\\/2023\\\/09\\\/WhatsApp-Image-2023-09-19-at-14.44.41-122x122.jpeg\",\"url\":\"https:\\\/\\\/macite.tg\\\/wp-content\\\/uploads\\\/2023\\\/09\\\/WhatsApp-Image-2023-09-19-at-14.44.41-122x122.jpeg\",\"contentUrl\":\"https:\\\/\\\/macite.tg\\\/wp-content\\\/uploads\\\/2023\\\/09\\\/WhatsApp-Image-2023-09-19-at-14.44.41-122x122.jpeg\",\"caption\":\"Jean Pierre BAWELA\"},\"url\":\"https:\\\/\\\/macite.tg\\\/?author=2\"}]}<\/script>\n<!-- \/ Yoast SEO plugin. -->","yoast_head_json":{"title":"BENIN - NIGER : Lev\u00e9e de la suspension des importations vers Niamey -","robots":{"index":"index","follow":"follow","max-snippet":"max-snippet:-1","max-image-preview":"max-image-preview:large","max-video-preview":"max-video-preview:-1"},"canonical":"https:\/\/macite.tg\/?p=11429","og_locale":"fr_FR","og_type":"article","og_title":"BENIN - NIGER : Lev\u00e9e de la suspension des importations vers Niamey -","og_description":"Le B\u00e9nin a annonc\u00e9 la lev\u00e9e de la suspension des importations de marchandises \u00e0 destination du Niger par le port de Cotonou. La d\u00e9cision a \u00e9t\u00e9 prise apr\u00e8s cinq mois de sanctions impos\u00e9es en r\u00e9ponse au coup d\u2019\u00c9tat survenu au Niger. Le directeur g\u00e9n\u00e9ral du [&hellip;]","og_url":"https:\/\/macite.tg\/?p=11429","article_published_time":"2023-12-28T16:43:43+00:00","article_modified_time":"2023-12-28T16:43:44+00:00","og_image":[{"width":696,"height":373,"url":"https:\/\/macite.tg\/wp-content\/uploads\/2023\/12\/image-68.png","type":"image\/png"}],"author":"Jean Pierre BAWELA","twitter_card":"summary_large_image","twitter_misc":{"\u00c9crit par":"Jean Pierre BAWELA","Dur\u00e9e de lecture estim\u00e9e":"1 minute"},"schema":{"@context":"https:\/\/schema.org","@graph":[{"@type":"Article","@id":"https:\/\/macite.tg\/?p=11429#article","isPartOf":{"@id":"https:\/\/macite.tg\/?p=11429"},"author":{"name":"Jean Pierre BAWELA","@id":"https:\/\/macite.tg\/#\/schema\/person\/e9f2de7e5dbbe7770a9402c7ce82f5c2"},"headline":"BENIN &#8211; NIGER : Lev\u00e9e de la suspension des importations vers Niamey","datePublished":"2023-12-28T16:43:43+00:00","dateModified":"2023-12-28T16:43:44+00:00","mainEntityOfPage":{"@id":"https:\/\/macite.tg\/?p=11429"},"wordCount":289,"commentCount":0,"image":{"@id":"https:\/\/macite.tg\/?p=11429#primaryimage"},"thumbnailUrl":"https:\/\/macite.tg\/wp-content\/uploads\/2023\/12\/image-68.png","articleSection":["ACTUALITE","COOPERATION"],"inLanguage":"fr-FR","potentialAction":[{"@type":"CommentAction","name":"Comment","target":["https:\/\/macite.tg\/?p=11429#respond"]}]},{"@type":"WebPage","@id":"https:\/\/macite.tg\/?p=11429","url":"https:\/\/macite.tg\/?p=11429","name":"BENIN - NIGER : Lev\u00e9e de la suspension des importations vers Niamey -","isPartOf":{"@id":"https:\/\/macite.tg\/#website"},"primaryImageOfPage":{"@id":"https:\/\/macite.tg\/?p=11429#primaryimage"},"image":{"@id":"https:\/\/macite.tg\/?p=11429#primaryimage"},"thumbnailUrl":"https:\/\/macite.tg\/wp-content\/uploads\/2023\/12\/image-68.png","datePublished":"2023-12-28T16:43:43+00:00","dateModified":"2023-12-28T16:43:44+00:00","author":{"@id":"https:\/\/macite.tg\/#\/schema\/person\/e9f2de7e5dbbe7770a9402c7ce82f5c2"},"breadcrumb":{"@id":"https:\/\/macite.tg\/?p=11429#breadcrumb"},"inLanguage":"fr-FR","potentialAction":[{"@type":"ReadAction","target":["https:\/\/macite.tg\/?p=11429"]}]},{"@type":"ImageObject","inLanguage":"fr-FR","@id":"https:\/\/macite.tg\/?p=11429#primaryimage","url":"https:\/\/macite.tg\/wp-content\/uploads\/2023\/12\/image-68.png","contentUrl":"https:\/\/macite.tg\/wp-content\/uploads\/2023\/12\/image-68.png","width":696,"height":373},{"@type":"BreadcrumbList","@id":"https:\/\/macite.tg\/?p=11429#breadcrumb","itemListElement":[{"@type":"ListItem","position":1,"name":"Accueil","item":"https:\/\/macite.tg\/"},{"@type":"ListItem","position":2,"name":"BENIN &#8211; NIGER : Lev\u00e9e de la suspension des importations vers Niamey"}]},{"@type":"WebSite","@id":"https:\/\/macite.tg\/#website","url":"https:\/\/macite.tg\/","name":"","description":"L&#039;information, la bonne!!!","potentialAction":[{"@type":"SearchAction","target":{"@type":"EntryPoint","urlTemplate":"https:\/\/macite.tg\/?s={search_term_string}"},"query-input":{"@type":"PropertyValueSpecification","valueRequired":true,"valueName":"search_term_string"}}],"inLanguage":"fr-FR"},{"@type":"Person","@id":"https:\/\/macite.tg\/#\/schema\/person\/e9f2de7e5dbbe7770a9402c7ce82f5c2","name":"Jean Pierre BAWELA","image":{"@type":"ImageObject","inLanguage":"fr-FR","@id":"https:\/\/macite.tg\/wp-content\/uploads\/2023\/09\/WhatsApp-Image-2023-09-19-at-14.44.41-122x122.jpeg","url":"https:\/\/macite.tg\/wp-content\/uploads\/2023\/09\/WhatsApp-Image-2023-09-19-at-14.44.41-122x122.jpeg","contentUrl":"https:\/\/macite.tg\/wp-content\/uploads\/2023\/09\/WhatsApp-Image-2023-09-19-at-14.44.41-122x122.jpeg","caption":"Jean Pierre BAWELA"},"url":"https:\/\/macite.tg\/?author=2"}]}},"_links":{"self":[{"href":"https:\/\/macite.tg\/index.php?rest_route=\/wp\/v2\/posts\/11429","targetHints":{"allow":["GET"]}}],"collection":[{"href":"https:\/\/macite.tg\/index.php?rest_route=\/wp\/v2\/posts"}],"about":[{"href":"https:\/\/macite.tg\/index.php?rest_route=\/wp\/v2\/types\/post"}],"author":[{"embeddable":true,"href":"https:\/\/macite.tg\/index.php?rest_route=\/wp\/v2\/users\/2"}],"replies":[{"embeddable":true,"href":"https:\/\/macite.tg\/index.php?rest_route=%2Fwp%2Fv2%2Fcomments&post=11429"}],"version-history":[{"count":0,"href":"https:\/\/macite.tg\/index.php?rest_route=\/wp\/v2\/posts\/11429\/revisions"}],"wp:featuredmedia":[{"embeddable":true,"href":"https:\/\/macite.tg\/index.php?rest_route=\/wp\/v2\/media\/11430"}],"wp:attachment":[{"href":"https:\/\/macite.tg\/index.php?rest_route=%2Fwp%2Fv2%2Fmedia&parent=11429"}],"wp:term":[{"taxonomy":"category","embeddable":true,"href":"https:\/\/macite.tg\/index.php?rest_route=%2Fwp%2Fv2%2Fcategories&post=11429"},{"taxonomy":"post_tag","embeddable":true,"href":"https:\/\/macite.tg\/index.php?rest_route=%2Fwp%2Fv2%2Ftags&post=11429"}],"curies":[{"name":"wp","href":"https:\/\/api.w.org\/{rel}","templated":true}]}}