{"id":114,"date":"2022-09-16T15:43:03","date_gmt":"2022-09-16T15:43:03","guid":{"rendered":"https:\/\/macite.info\/?p=114"},"modified":"2022-09-16T16:05:56","modified_gmt":"2022-09-16T16:05:56","slug":"marcel-amon-tanoh-chez-faure-gnassingbe-la-finalisation-du-plan-strategique-quinquennal-du-conseil-de-lentente-a-lordre-du-jour","status":"publish","type":"post","link":"https:\/\/macite.tg\/?p=114","title":{"rendered":"MARCEL AMON-TANOH CHEZ FAURE GNASSINGBE\u00a0: La finalisation\u00a0 du Plan strat\u00e9gique quinquennal du Conseil de l\u2019Entente \u00e0 l\u2019ordre du jour"},"content":{"rendered":"\n<p class=\"wp-block-paragraph\"><strong><em>Le Chef de l\u2019Etat togolais, Faure Gnassingb\u00e9, pr\u00e9sident en exercice du Conseil de l\u2019Entente, a re\u00e7u en audience, hier jeudi 15 septembre, le Secr\u00e9taire ex\u00e9cutif du Conseil, Marcel Amon-Tanoh. Le premier responsable de l\u2019institution sous r\u00e9gionale est venu pr\u00e9senter, au num\u00e9ro 1 togolais, le Plan quinquennal de l\u2019institution, et recevoir en retour les derniers d\u00e9tails pour mieux le peaufiner.<\/em><\/strong><\/p>\n\n\n\n<p class=\"wp-block-paragraph\">\u00ab <em>J\u2019ai soumis au Pr\u00e9sident Faure Essozimna Gnassingb\u00e9, qui est \u00e9galement le Pr\u00e9sident en exercice de la Conf\u00e9rence des chefs d\u2019\u00c9tat et de gouvernement du Conseil de l\u2019Entente, le projet de Plan strat\u00e9gique 2023-2027 du Conseil de l\u2019Entente, ainsi que les r\u00e9formes qui vont en d\u00e9couler, en vue de recueillir ses observations<\/em> \u00bb, a soulign\u00e9 Marcel Amon-Tanoh, Secr\u00e9taire ex\u00e9cutif du Conseil de l\u2019Entente, au sortir de l\u2019audience avec le pr\u00e9sident togolais.<\/p>\n\n\n<div class=\"wp-block-image\">\n<figure class=\"aligncenter size-full is-resized\"><img loading=\"lazy\" decoding=\"async\" src=\"https:\/\/macite.tg\/wp-content\/uploads\/2022\/09\/Otr30b.jpeg\" alt=\"\" class=\"wp-image-80\" width=\"392\" height=\"392\" srcset=\"https:\/\/macite.tg\/wp-content\/uploads\/2022\/09\/Otr30b.jpeg 720w, https:\/\/macite.tg\/wp-content\/uploads\/2022\/09\/Otr30b-300x300.jpeg 300w, https:\/\/macite.tg\/wp-content\/uploads\/2022\/09\/Otr30b-150x150.jpeg 150w\" sizes=\"auto, (max-width: 392px) 100vw, 392px\" \/><\/figure>\n<\/div>\n\n\n<p class=\"wp-block-paragraph\">Avec le Chef de l\u2019\u00c9tat, il a \u00e9t\u00e9 question de recueillir les orientations en vue de la finalisation du document qui sera sous \u00e0 l\u2019approbation des chefs d\u2019Etat. La pr\u00e9sidence togolaise du Conseil de l\u2019Entente marqu\u00e9e par des r\u00e9formes profondes, notamment des transformations fonctionnelles et op\u00e9rationnelles, de l\u2019Institution, vise \u00e0 permettre au Conseil de contribuer davantage \u00e0 l\u2019int\u00e9gration entre les \u00c9tats membres.<\/p>\n\n\n\n<p class=\"wp-block-paragraph\">Compos\u00e9 de cinq pays ouest-africains, notamment le B\u00e9nin, le Burkina Faso, la C\u00f4te d\u2019Ivoire, le Niger et le Togo, le Conseil de l\u2019Entente, cr\u00e9\u00e9 en 1959, a pour mission la consolidation de la paix et de la stabilit\u00e9 dans les Etats membres, la promotion de l\u2019int\u00e9gration \u00e9conomique, politique et culturelle et le bien-\u00eatre des populations.<\/p>\n\n\n\n<p class=\"wp-block-paragraph\"><strong>JPB<\/strong><\/p>\n\n\n\n<p class=\"wp-block-paragraph\"><strong><em>@macite.info<\/em><\/strong><\/p>\n\n\n\n<p class=\"wp-block-paragraph\"><strong><em>E-mail&nbsp;: <\/em><\/strong><a href=\"mailto:maciteinfo@gmail.com\"><em>maciteinfo@gmail.com<\/em><\/a><strong><em>; <\/em><\/strong><a href=\"mailto:bawela1@gmail.com\"><em>bawela1@gmail.com<\/em><\/a><strong><em><\/em><\/strong><\/p>\n\n\n\n<p class=\"wp-block-paragraph\"><strong><em>Pour vos annonces, (publi)reportages, etc., joignez nous au (00228) 91515309\/<\/em><\/strong><strong>79872224<\/strong><em><\/em><\/p>\n\n\n\n<p class=\"wp-block-paragraph\"><a href=\"http:\/\/www.macite.info\"><em>www.macite.info<\/em><\/a><strong><em>, l\u2019information, la bonne&nbsp;!<\/em><\/strong><\/p>\n","protected":false},"excerpt":{"rendered":"<p class=\"text-justify mb-2\" >Le Chef de l\u2019Etat togolais, Faure Gnassingb\u00e9, pr\u00e9sident en exercice du Conseil de l\u2019Entente, a re\u00e7u en audience, hier jeudi 15 septembre, le Secr\u00e9taire ex\u00e9cutif du Conseil, Marcel Amon-Tanoh. Le premier responsable de l\u2019institution sous r\u00e9gionale est venu pr\u00e9senter, au num\u00e9ro 1 togolais, le Plan [&hellip;]<\/p>\n","protected":false},"author":2,"featured_media":122,"comment_status":"open","ping_status":"open","sticky":false,"template":"","format":"standard","meta":{"footnotes":""},"categories":[1],"tags":[],"class_list":["post-114","post","type-post","status-publish","format-standard","has-post-thumbnail","hentry","category-politique"],"yoast_head":"<!-- This site is optimized with the Yoast SEO plugin v28.4 - https:\/\/yoast.com\/product\/yoast-seo-wordpress\/ -->\n<title>MARCEL AMON-TANOH CHEZ FAURE GNASSINGBE\u00a0: La finalisation\u00a0 du Plan strat\u00e9gique quinquennal du Conseil de l\u2019Entente \u00e0 l\u2019ordre du jour -<\/title>\n<meta name=\"robots\" content=\"index, follow, max-snippet:-1, max-image-preview:large, max-video-preview:-1\" \/>\n<link rel=\"canonical\" href=\"https:\/\/macite.tg\/?p=114\" \/>\n<meta property=\"og:locale\" content=\"fr_FR\" \/>\n<meta property=\"og:type\" content=\"article\" \/>\n<meta property=\"og:title\" content=\"MARCEL AMON-TANOH CHEZ FAURE GNASSINGBE\u00a0: La finalisation\u00a0 du Plan strat\u00e9gique quinquennal du Conseil de l\u2019Entente \u00e0 l\u2019ordre du jour -\" \/>\n<meta property=\"og:description\" content=\"Le Chef de l\u2019Etat togolais, Faure Gnassingb\u00e9, pr\u00e9sident en exercice du Conseil de l\u2019Entente, a re\u00e7u en audience, hier jeudi 15 septembre, le Secr\u00e9taire ex\u00e9cutif du Conseil, Marcel Amon-Tanoh. Le premier responsable de l\u2019institution sous r\u00e9gionale est venu pr\u00e9senter, au num\u00e9ro 1 togolais, le Plan [&hellip;]\" \/>\n<meta property=\"og:url\" content=\"https:\/\/macite.tg\/?p=114\" \/>\n<meta property=\"article:published_time\" content=\"2022-09-16T15:43:03+00:00\" \/>\n<meta property=\"article:modified_time\" content=\"2022-09-16T16:05:56+00:00\" \/>\n<meta property=\"og:image\" content=\"https:\/\/macite.tg\/wp-content\/uploads\/2022\/09\/Le-Plan-strategique-quinquennal-du-Conseil-de-lEntente-presente-au-chef-de-lEtat.jpg\" \/>\n\t<meta property=\"og:image:width\" content=\"800\" \/>\n\t<meta property=\"og:image:height\" content=\"533\" \/>\n\t<meta property=\"og:image:type\" content=\"image\/jpeg\" \/>\n<meta name=\"author\" content=\"Jean Pierre BAWELA\" \/>\n<meta name=\"twitter:card\" content=\"summary_large_image\" \/>\n<meta name=\"twitter:label1\" content=\"\u00c9crit par\" \/>\n\t<meta name=\"twitter:data1\" content=\"Jean Pierre BAWELA\" \/>\n\t<meta name=\"twitter:label2\" content=\"Dur\u00e9e de lecture estim\u00e9e\" \/>\n\t<meta name=\"twitter:data2\" content=\"2 minutes\" \/>\n<script type=\"application\/ld+json\" class=\"yoast-schema-graph\">{\"@context\":\"https:\\\/\\\/schema.org\",\"@graph\":[{\"@type\":\"Article\",\"@id\":\"https:\\\/\\\/macite.tg\\\/?p=114#article\",\"isPartOf\":{\"@id\":\"https:\\\/\\\/macite.tg\\\/?p=114\"},\"author\":{\"name\":\"Jean Pierre BAWELA\",\"@id\":\"https:\\\/\\\/macite.tg\\\/#\\\/schema\\\/person\\\/e9f2de7e5dbbe7770a9402c7ce82f5c2\"},\"headline\":\"MARCEL AMON-TANOH CHEZ FAURE GNASSINGBE\u00a0: La finalisation\u00a0 du Plan strat\u00e9gique quinquennal du Conseil de l\u2019Entente \u00e0 l\u2019ordre du jour\",\"datePublished\":\"2022-09-16T15:43:03+00:00\",\"dateModified\":\"2022-09-16T16:05:56+00:00\",\"mainEntityOfPage\":{\"@id\":\"https:\\\/\\\/macite.tg\\\/?p=114\"},\"wordCount\":333,\"commentCount\":0,\"image\":{\"@id\":\"https:\\\/\\\/macite.tg\\\/?p=114#primaryimage\"},\"thumbnailUrl\":\"https:\\\/\\\/macite.tg\\\/wp-content\\\/uploads\\\/2022\\\/09\\\/Le-Plan-strategique-quinquennal-du-Conseil-de-lEntente-presente-au-chef-de-lEtat.jpg\",\"articleSection\":[\"POLITIQUE\"],\"inLanguage\":\"fr-FR\",\"potentialAction\":[{\"@type\":\"CommentAction\",\"name\":\"Comment\",\"target\":[\"https:\\\/\\\/macite.tg\\\/?p=114#respond\"]}]},{\"@type\":\"WebPage\",\"@id\":\"https:\\\/\\\/macite.tg\\\/?p=114\",\"url\":\"https:\\\/\\\/macite.tg\\\/?p=114\",\"name\":\"MARCEL AMON-TANOH CHEZ FAURE GNASSINGBE\u00a0: La finalisation\u00a0 du Plan strat\u00e9gique quinquennal du Conseil de l\u2019Entente \u00e0 l\u2019ordre du jour -\",\"isPartOf\":{\"@id\":\"https:\\\/\\\/macite.tg\\\/#website\"},\"primaryImageOfPage\":{\"@id\":\"https:\\\/\\\/macite.tg\\\/?p=114#primaryimage\"},\"image\":{\"@id\":\"https:\\\/\\\/macite.tg\\\/?p=114#primaryimage\"},\"thumbnailUrl\":\"https:\\\/\\\/macite.tg\\\/wp-content\\\/uploads\\\/2022\\\/09\\\/Le-Plan-strategique-quinquennal-du-Conseil-de-lEntente-presente-au-chef-de-lEtat.jpg\",\"datePublished\":\"2022-09-16T15:43:03+00:00\",\"dateModified\":\"2022-09-16T16:05:56+00:00\",\"author\":{\"@id\":\"https:\\\/\\\/macite.tg\\\/#\\\/schema\\\/person\\\/e9f2de7e5dbbe7770a9402c7ce82f5c2\"},\"breadcrumb\":{\"@id\":\"https:\\\/\\\/macite.tg\\\/?p=114#breadcrumb\"},\"inLanguage\":\"fr-FR\",\"potentialAction\":[{\"@type\":\"ReadAction\",\"target\":[\"https:\\\/\\\/macite.tg\\\/?p=114\"]}]},{\"@type\":\"ImageObject\",\"inLanguage\":\"fr-FR\",\"@id\":\"https:\\\/\\\/macite.tg\\\/?p=114#primaryimage\",\"url\":\"https:\\\/\\\/macite.tg\\\/wp-content\\\/uploads\\\/2022\\\/09\\\/Le-Plan-strategique-quinquennal-du-Conseil-de-lEntente-presente-au-chef-de-lEtat.jpg\",\"contentUrl\":\"https:\\\/\\\/macite.tg\\\/wp-content\\\/uploads\\\/2022\\\/09\\\/Le-Plan-strategique-quinquennal-du-Conseil-de-lEntente-presente-au-chef-de-lEtat.jpg\",\"width\":800,\"height\":533,\"caption\":\"Les deux personnalit\u00e9s lors de leurs \u00e9changes...\"},{\"@type\":\"BreadcrumbList\",\"@id\":\"https:\\\/\\\/macite.tg\\\/?p=114#breadcrumb\",\"itemListElement\":[{\"@type\":\"ListItem\",\"position\":1,\"name\":\"Accueil\",\"item\":\"https:\\\/\\\/macite.tg\\\/\"},{\"@type\":\"ListItem\",\"position\":2,\"name\":\"MARCEL AMON-TANOH CHEZ FAURE GNASSINGBE\u00a0: La finalisation\u00a0 du Plan strat\u00e9gique quinquennal du Conseil de l\u2019Entente \u00e0 l\u2019ordre du jour\"}]},{\"@type\":\"WebSite\",\"@id\":\"https:\\\/\\\/macite.tg\\\/#website\",\"url\":\"https:\\\/\\\/macite.tg\\\/\",\"name\":\"\",\"description\":\"L&#039;information, la bonne!!!\",\"potentialAction\":[{\"@type\":\"SearchAction\",\"target\":{\"@type\":\"EntryPoint\",\"urlTemplate\":\"https:\\\/\\\/macite.tg\\\/?s={search_term_string}\"},\"query-input\":{\"@type\":\"PropertyValueSpecification\",\"valueRequired\":true,\"valueName\":\"search_term_string\"}}],\"inLanguage\":\"fr-FR\"},{\"@type\":\"Person\",\"@id\":\"https:\\\/\\\/macite.tg\\\/#\\\/schema\\\/person\\\/e9f2de7e5dbbe7770a9402c7ce82f5c2\",\"name\":\"Jean Pierre BAWELA\",\"image\":{\"@type\":\"ImageObject\",\"inLanguage\":\"fr-FR\",\"@id\":\"https:\\\/\\\/macite.tg\\\/wp-content\\\/uploads\\\/2023\\\/09\\\/WhatsApp-Image-2023-09-19-at-14.44.41-122x122.jpeg\",\"url\":\"https:\\\/\\\/macite.tg\\\/wp-content\\\/uploads\\\/2023\\\/09\\\/WhatsApp-Image-2023-09-19-at-14.44.41-122x122.jpeg\",\"contentUrl\":\"https:\\\/\\\/macite.tg\\\/wp-content\\\/uploads\\\/2023\\\/09\\\/WhatsApp-Image-2023-09-19-at-14.44.41-122x122.jpeg\",\"caption\":\"Jean Pierre BAWELA\"},\"url\":\"https:\\\/\\\/macite.tg\\\/?author=2\"}]}<\/script>\n<!-- \/ Yoast SEO plugin. -->","yoast_head_json":{"title":"MARCEL AMON-TANOH CHEZ FAURE GNASSINGBE\u00a0: La finalisation\u00a0 du Plan strat\u00e9gique quinquennal du Conseil de l\u2019Entente \u00e0 l\u2019ordre du jour -","robots":{"index":"index","follow":"follow","max-snippet":"max-snippet:-1","max-image-preview":"max-image-preview:large","max-video-preview":"max-video-preview:-1"},"canonical":"https:\/\/macite.tg\/?p=114","og_locale":"fr_FR","og_type":"article","og_title":"MARCEL AMON-TANOH CHEZ FAURE GNASSINGBE\u00a0: La finalisation\u00a0 du Plan strat\u00e9gique quinquennal du Conseil de l\u2019Entente \u00e0 l\u2019ordre du jour -","og_description":"Le Chef de l\u2019Etat togolais, Faure Gnassingb\u00e9, pr\u00e9sident en exercice du Conseil de l\u2019Entente, a re\u00e7u en audience, hier jeudi 15 septembre, le Secr\u00e9taire ex\u00e9cutif du Conseil, Marcel Amon-Tanoh. Le premier responsable de l\u2019institution sous r\u00e9gionale est venu pr\u00e9senter, au num\u00e9ro 1 togolais, le Plan [&hellip;]","og_url":"https:\/\/macite.tg\/?p=114","article_published_time":"2022-09-16T15:43:03+00:00","article_modified_time":"2022-09-16T16:05:56+00:00","og_image":[{"width":800,"height":533,"url":"https:\/\/macite.tg\/wp-content\/uploads\/2022\/09\/Le-Plan-strategique-quinquennal-du-Conseil-de-lEntente-presente-au-chef-de-lEtat.jpg","type":"image\/jpeg"}],"author":"Jean Pierre BAWELA","twitter_card":"summary_large_image","twitter_misc":{"\u00c9crit par":"Jean Pierre BAWELA","Dur\u00e9e de lecture estim\u00e9e":"2 minutes"},"schema":{"@context":"https:\/\/schema.org","@graph":[{"@type":"Article","@id":"https:\/\/macite.tg\/?p=114#article","isPartOf":{"@id":"https:\/\/macite.tg\/?p=114"},"author":{"name":"Jean Pierre BAWELA","@id":"https:\/\/macite.tg\/#\/schema\/person\/e9f2de7e5dbbe7770a9402c7ce82f5c2"},"headline":"MARCEL AMON-TANOH CHEZ FAURE GNASSINGBE\u00a0: La finalisation\u00a0 du Plan strat\u00e9gique quinquennal du Conseil de l\u2019Entente \u00e0 l\u2019ordre du jour","datePublished":"2022-09-16T15:43:03+00:00","dateModified":"2022-09-16T16:05:56+00:00","mainEntityOfPage":{"@id":"https:\/\/macite.tg\/?p=114"},"wordCount":333,"commentCount":0,"image":{"@id":"https:\/\/macite.tg\/?p=114#primaryimage"},"thumbnailUrl":"https:\/\/macite.tg\/wp-content\/uploads\/2022\/09\/Le-Plan-strategique-quinquennal-du-Conseil-de-lEntente-presente-au-chef-de-lEtat.jpg","articleSection":["POLITIQUE"],"inLanguage":"fr-FR","potentialAction":[{"@type":"CommentAction","name":"Comment","target":["https:\/\/macite.tg\/?p=114#respond"]}]},{"@type":"WebPage","@id":"https:\/\/macite.tg\/?p=114","url":"https:\/\/macite.tg\/?p=114","name":"MARCEL AMON-TANOH CHEZ FAURE GNASSINGBE\u00a0: La finalisation\u00a0 du Plan strat\u00e9gique quinquennal du Conseil de l\u2019Entente \u00e0 l\u2019ordre du jour -","isPartOf":{"@id":"https:\/\/macite.tg\/#website"},"primaryImageOfPage":{"@id":"https:\/\/macite.tg\/?p=114#primaryimage"},"image":{"@id":"https:\/\/macite.tg\/?p=114#primaryimage"},"thumbnailUrl":"https:\/\/macite.tg\/wp-content\/uploads\/2022\/09\/Le-Plan-strategique-quinquennal-du-Conseil-de-lEntente-presente-au-chef-de-lEtat.jpg","datePublished":"2022-09-16T15:43:03+00:00","dateModified":"2022-09-16T16:05:56+00:00","author":{"@id":"https:\/\/macite.tg\/#\/schema\/person\/e9f2de7e5dbbe7770a9402c7ce82f5c2"},"breadcrumb":{"@id":"https:\/\/macite.tg\/?p=114#breadcrumb"},"inLanguage":"fr-FR","potentialAction":[{"@type":"ReadAction","target":["https:\/\/macite.tg\/?p=114"]}]},{"@type":"ImageObject","inLanguage":"fr-FR","@id":"https:\/\/macite.tg\/?p=114#primaryimage","url":"https:\/\/macite.tg\/wp-content\/uploads\/2022\/09\/Le-Plan-strategique-quinquennal-du-Conseil-de-lEntente-presente-au-chef-de-lEtat.jpg","contentUrl":"https:\/\/macite.tg\/wp-content\/uploads\/2022\/09\/Le-Plan-strategique-quinquennal-du-Conseil-de-lEntente-presente-au-chef-de-lEtat.jpg","width":800,"height":533,"caption":"Les deux personnalit\u00e9s lors de leurs \u00e9changes..."},{"@type":"BreadcrumbList","@id":"https:\/\/macite.tg\/?p=114#breadcrumb","itemListElement":[{"@type":"ListItem","position":1,"name":"Accueil","item":"https:\/\/macite.tg\/"},{"@type":"ListItem","position":2,"name":"MARCEL AMON-TANOH CHEZ FAURE GNASSINGBE\u00a0: La finalisation\u00a0 du Plan strat\u00e9gique quinquennal du Conseil de l\u2019Entente \u00e0 l\u2019ordre du jour"}]},{"@type":"WebSite","@id":"https:\/\/macite.tg\/#website","url":"https:\/\/macite.tg\/","name":"","description":"L&#039;information, la bonne!!!","potentialAction":[{"@type":"SearchAction","target":{"@type":"EntryPoint","urlTemplate":"https:\/\/macite.tg\/?s={search_term_string}"},"query-input":{"@type":"PropertyValueSpecification","valueRequired":true,"valueName":"search_term_string"}}],"inLanguage":"fr-FR"},{"@type":"Person","@id":"https:\/\/macite.tg\/#\/schema\/person\/e9f2de7e5dbbe7770a9402c7ce82f5c2","name":"Jean Pierre BAWELA","image":{"@type":"ImageObject","inLanguage":"fr-FR","@id":"https:\/\/macite.tg\/wp-content\/uploads\/2023\/09\/WhatsApp-Image-2023-09-19-at-14.44.41-122x122.jpeg","url":"https:\/\/macite.tg\/wp-content\/uploads\/2023\/09\/WhatsApp-Image-2023-09-19-at-14.44.41-122x122.jpeg","contentUrl":"https:\/\/macite.tg\/wp-content\/uploads\/2023\/09\/WhatsApp-Image-2023-09-19-at-14.44.41-122x122.jpeg","caption":"Jean Pierre BAWELA"},"url":"https:\/\/macite.tg\/?author=2"}]}},"_links":{"self":[{"href":"https:\/\/macite.tg\/index.php?rest_route=\/wp\/v2\/posts\/114","targetHints":{"allow":["GET"]}}],"collection":[{"href":"https:\/\/macite.tg\/index.php?rest_route=\/wp\/v2\/posts"}],"about":[{"href":"https:\/\/macite.tg\/index.php?rest_route=\/wp\/v2\/types\/post"}],"author":[{"embeddable":true,"href":"https:\/\/macite.tg\/index.php?rest_route=\/wp\/v2\/users\/2"}],"replies":[{"embeddable":true,"href":"https:\/\/macite.tg\/index.php?rest_route=%2Fwp%2Fv2%2Fcomments&post=114"}],"version-history":[{"count":0,"href":"https:\/\/macite.tg\/index.php?rest_route=\/wp\/v2\/posts\/114\/revisions"}],"wp:featuredmedia":[{"embeddable":true,"href":"https:\/\/macite.tg\/index.php?rest_route=\/wp\/v2\/media\/122"}],"wp:attachment":[{"href":"https:\/\/macite.tg\/index.php?rest_route=%2Fwp%2Fv2%2Fmedia&parent=114"}],"wp:term":[{"taxonomy":"category","embeddable":true,"href":"https:\/\/macite.tg\/index.php?rest_route=%2Fwp%2Fv2%2Fcategories&post=114"},{"taxonomy":"post_tag","embeddable":true,"href":"https:\/\/macite.tg\/index.php?rest_route=%2Fwp%2Fv2%2Ftags&post=114"}],"curies":[{"name":"wp","href":"https:\/\/api.w.org\/{rel}","templated":true}]}}