{"id":11394,"date":"2023-12-27T18:15:39","date_gmt":"2023-12-27T18:15:39","guid":{"rendered":"https:\/\/macite.tg\/?p=11394"},"modified":"2023-12-27T18:15:40","modified_gmt":"2023-12-27T18:15:40","slug":"bilan-2023-des-actions-royales-la-volonte-proactive-et-determinee-de-sa-majeste-le-roi-au-profit-du-renforcement-de-letat-social","status":"publish","type":"post","link":"https:\/\/macite.tg\/?p=11394","title":{"rendered":"BILAN 2023 DES ACTIONS ROYALES\u00a0: La \u2018\u2019volont\u00e9 proactive et d\u00e9termin\u00e9e\u2019\u2019 de Sa Majest\u00e9 le Roi au profit du renforcement de l\u2019Etat social"},"content":{"rendered":"\n<p class=\"wp-block-paragraph\"><strong><em>Plus que quelques jours et l\u2019on tournera le dos \u00e0 2023, une ann\u00e9e qui aura \u00e9t\u00e9 marqu\u00e9e par une action Royale proactive et d\u00e9termin\u00e9e. Anim\u00e9e d\u2019une foi profonde et in\u00e9branlable, Sa Majest\u00e9 le Roi Mohammed VI, que Dieu L\u2019assiste, depuis Son accession au Tr\u00f4ne de ses glorieux Anc\u00eatres, n\u2019a de cesse \u0153uvrer pour le renforcement de l\u2019\u00c9tat social et de la promotion d\u2019un d\u00e9veloppement \u00e9quilibr\u00e9, inclusif et durable. Pour cette ann\u00e9e finissante, les exemples sont parlant. Retour sur les grandes lignes de cette action Royale.<\/em><\/strong><\/p>\n\n\n\n<p class=\"wp-block-paragraph\">De toute \u00e9vidence, l\u2019ann\u00e9e 2023 a \u00e9t\u00e9 une ann\u00e9e exceptionnelle, en termes de projets et programmes lanc\u00e9s par le Souverain, soucieux non seulement d\u2019assurer davantage de justice sociale et d\u2019\u00e9quit\u00e9, d\u2019am\u00e9liorer l\u2019acc\u00e8s des citoyens aux services de sant\u00e9 de base, mais aussi de renforcer leur capacit\u00e9 \u00e0 l\u2019acc\u00e8s \u00e0 un logement d\u00e9cent. Ceci s\u2019est traduit, notamment \u00e0 travers plusieurs initiatives, dans le cadre d\u2019une <em>\u00ab&nbsp;politique de proximit\u00e9&nbsp;\u00bb <\/em>visant<em> \u00ab&nbsp;\u00e0 d\u00e9mocratiser l\u2019acc\u00e8s aux soins de sant\u00e9, dans le cadre d\u2019une politique de proximit\u00e9, d\u2019am\u00e9liorer la sant\u00e9 des personnes \u00e0 besoins sp\u00e9cifiques, \u00e2g\u00e9es, ou souffrant de maladies chroniques, et d\u2019assurer la souverainet\u00e9 sanitaire du Royaume&nbsp;\u00bb.<\/em><\/p>\n\n\n<div class=\"wp-block-image\">\n<figure class=\"aligncenter size-large is-resized\"><img loading=\"lazy\" decoding=\"async\" src=\"https:\/\/macite.tg\/wp-content\/uploads\/2023\/12\/IMG-20231224-WA0140-1024x1024.jpg\" alt=\"\" class=\"wp-image-11352\" width=\"585\" height=\"585\" srcset=\"https:\/\/macite.tg\/wp-content\/uploads\/2023\/12\/IMG-20231224-WA0140-1024x1024.jpg 1024w, https:\/\/macite.tg\/wp-content\/uploads\/2023\/12\/IMG-20231224-WA0140-300x300.jpg 300w, https:\/\/macite.tg\/wp-content\/uploads\/2023\/12\/IMG-20231224-WA0140-150x150.jpg 150w, https:\/\/macite.tg\/wp-content\/uploads\/2023\/12\/IMG-20231224-WA0140-768x768.jpg 768w, https:\/\/macite.tg\/wp-content\/uploads\/2023\/12\/IMG-20231224-WA0140-122x122.jpg 122w, https:\/\/macite.tg\/wp-content\/uploads\/2023\/12\/IMG-20231224-WA0140.jpg 1134w\" sizes=\"auto, (max-width: 585px) 100vw, 585px\" \/><\/figure>\n<\/div>\n\n\n<p class=\"wp-block-paragraph\">Le clou de ces belles initiatives a \u00e9t\u00e9 par l\u2019inauguration, le 28 avril dernier, du p\u00f4le m\u00e9dical d\u2019excellence que repr\u00e9sente le Centre Hospitalier Universitaire \u00ab\u00a0Mohammed VI\u00a0\u00bb de Tanger qui, gr\u00e2ce \u00e0 sa Facult\u00e9 de M\u00e9decine et de Pharmacie, se veut d\u2019offrir non seulement une formation de pointe aux nouvelles g\u00e9n\u00e9rations de professionnels, mais aussi <em>\u00ab d\u2019attirer les nouvelles comp\u00e9tences m\u00e9dicales&nbsp;\u00bb, <\/em>sans oublier<em> \u00ab&nbsp;de structurer l\u2019offre de soins au niveau de la r\u00e9gion Tanger-T\u00e9touan-Al Hoceima&nbsp;\u00bb.<\/em><\/p>\n\n\n\n<p class=\"wp-block-paragraph\">Dans la m\u00eame dynamique, plusieurs structures m\u00e9dicales ont \u00e9t\u00e9 inaugur\u00e9es dans ce m\u00eame mois d\u2019avril 2023, \u00e0 savoir&nbsp;: le Centre de r\u00e9habilitation psycho-sociale du Chu Ibn Rochd de Casablanca et d&rsquo;un Centre M\u00e9dical de Proximit\u00e9-Fondation Mohammed V. Ces infrastructures sanitaires de pointe r\u00e9alis\u00e9es pour la Solidarit\u00e9 \u00e0 la ville nouvelle d&rsquo;Errahma dans la Commune de Dar Bouaaza (Casablanca), est une concr\u00e9tisation de la volont\u00e9 du Souverain de rapprocher les services de sant\u00e9 de base des citoyens.<\/p>\n\n\n\n<p class=\"wp-block-paragraph\">A ces projets, il faut associer un vaste programme de d\u00e9ploiement des unit\u00e9s m\u00e9dicales mobiles, une innovation au profit des populations rurales. Ce dernier projet s\u2019inscrit dans le cadre <em>\u00ab&nbsp;du projet Royal de r\u00e9forme du syst\u00e8me de la sant\u00e9 et de g\u00e9n\u00e9ralisation de la protection sociale et repr\u00e9sente un nouveau mod\u00e8le d\u2019intervention qui combine soins de proximit\u00e9 et t\u00e9l\u00e9m\u00e9decine&nbsp;\u00bb<\/em>.<\/p>\n\n\n\n<p class=\"wp-block-paragraph\">Parlant de l\u2019acc\u00e8s \u00e0 un logement d\u00e9cent pour les citoyens, cela a \u00e9t\u00e9 rendu plus accessible via le lancement d\u2019un nouveau programme d\u2019aide au logement pour la p\u00e9riode de 2024-2028. En plus de <em>\u00ab&nbsp;venir en aide au pouvoir d\u2019achat des m\u00e9nages, \u00e0 travers une aide financi\u00e8re directe \u00e0 l\u2019acqu\u00e9reur&nbsp;\u00bb,<\/em> ce programme permet \u00e0 tout Marocains, r\u00e9sidant au Royaume ou vivant \u00e0 l\u2019\u00e9tranger, ne b\u00e9n\u00e9ficiant pas d\u2019une aide au logement pr\u00e9alable, d\u2019en b\u00e9n\u00e9ficier. Cette approche se veut de donner un coup de pouce aux classes sociales \u00e0 faible revenu mais aussi de la classe moyenne, et s\u2019inscrit dans le cadre du programme \u2018\u2019Villes Sans Bidonville\u2019\u2019. A termes, il participe \u00e0 la lutte contre la pauvret\u00e9 et la pr\u00e9carit\u00e9, et <em>\u00ab&nbsp;am\u00e9liore les indicateurs de d\u00e9veloppement social et humain&nbsp;\u00bb<\/em> gr\u00e2ce \u00e0 son impact direct sur des familles cibles.<\/p>\n\n\n<div class=\"wp-block-image\">\n<figure class=\"aligncenter size-large is-resized\"><img loading=\"lazy\" decoding=\"async\" src=\"https:\/\/macite.tg\/wp-content\/uploads\/2023\/12\/GBps6MVW8AAmcgK-819x1024.jpg\" alt=\"\" class=\"wp-image-11215\" width=\"590\" height=\"738\" srcset=\"https:\/\/macite.tg\/wp-content\/uploads\/2023\/12\/GBps6MVW8AAmcgK-819x1024.jpg 819w, https:\/\/macite.tg\/wp-content\/uploads\/2023\/12\/GBps6MVW8AAmcgK-240x300.jpg 240w, https:\/\/macite.tg\/wp-content\/uploads\/2023\/12\/GBps6MVW8AAmcgK-768x960.jpg 768w, https:\/\/macite.tg\/wp-content\/uploads\/2023\/12\/GBps6MVW8AAmcgK.jpg 864w\" sizes=\"auto, (max-width: 590px) 100vw, 590px\" \/><\/figure>\n<\/div>\n\n\n<p class=\"wp-block-paragraph\">Le programme en faveur de l\u2019acc\u00e8s \u00e0 un logement d\u00e9cent a touch\u00e9, selon le chef du gouvernement, M. Aziz Akhannouch, environ un million de familles, repr\u00e9sentant quelque 3,5 millions de Marocains.<\/p>\n\n\n\n<p class=\"wp-block-paragraph\">La famille, cellule de base de la soci\u00e9t\u00e9, tient \u00e0 c\u0153ur le Souverain qui a tenu \u00e0 la sanctuariser, en tant institution, <em>\u00ab&nbsp;en mettant en chantier de grands projets et des r\u00e9formes majeures en sa faveur et en veillant \u00e0 r\u00e9unir les conditions favorables pour en fortifier la coh\u00e9sion<\/em>&nbsp;\u00bb. C\u2019est dans ce sens que, conform\u00e9ment aux Instructions Royales, le chef du gouvernement a engag\u00e9 <em>\u00ab&nbsp;la r\u00e9vision du Code de la famille (la Moudawana), en s\u2019inspirant des valeurs nationales qui inscrivent la famille et les liens familiaux dans la sph\u00e8re du sacr\u00e9&nbsp;\u00bb<\/em>.<\/p>\n\n\n\n<p class=\"wp-block-paragraph\">Outre le secteur social qui tient \u00e0 c\u0153ur le Roi Mohammed VI, que Dieu L\u2019assiste, le secteur industriel est bien aussi une de Ses priorit\u00e9s car, Il est convaincu de la relation intrins\u00e8que entre le d\u00e9veloppement social et croissance \u00e9conomique. Ainsi, le Souverain porte une attention particuli\u00e8re \u00e0 la promotion du secteur industriel comme <em>\u00ab&nbsp;levier et catalyseur du d\u00e9veloppement socio-\u00e9conomique inclusif et durable&nbsp;\u00bb.<\/em><\/p>\n\n\n\n<p class=\"wp-block-paragraph\">Gr\u00e2ce \u00e0 la vision \u00e9clair\u00e9e du Souverain, le Royaume est devenu de nos jours, <em>\u00ab&nbsp;une destination mondiale incontournable dans des secteurs de pointe&nbsp;\u00bb,<\/em> notamment dans l&rsquo;industrie a\u00e9ronautique qui a fait du Royaume une plateforme attractive, l\u2019automobile qui place le Maroc au rang de leader continental. Et cette marque de reconnaissance au talent marocain, est la naissance de la premi\u00e8re marque automobile du Royaume grand public, dont le premier mod\u00e8le a \u00e9t\u00e9 pr\u00e9sent\u00e9 \u00e0 Sa Majest\u00e9 le Roi le 15 mai dernier.<\/p>\n\n\n\n<p class=\"wp-block-paragraph\">Notons que toutes ces r\u00e9alisations n\u2019auraient pas \u00e9t\u00e9 possibles <em>\u00ab&nbsp;sans un capital humain qualifi\u00e9 capable d\u2019accompagner la mise en \u0153uvre des diff\u00e9rentes strat\u00e9gies sectorielles de d\u00e9veloppement&nbsp;\u00bb<\/em>. Pour p\u00e9renniser cet \u00e9lan et afin de relever de nouveaux d\u00e9fis, il a \u00e9t\u00e9 concoct\u00e9 <em>\u00ab&nbsp;une nouvelle feuille de route relative au d\u00e9veloppement de la formation professionnelle dont le fer de lance est le programme des Cit\u00e9s des M\u00e9tiers et des Comp\u00e9tences (Cmc)<\/em>&nbsp;\u00bb.<\/p>\n\n\n<div class=\"wp-block-image\">\n<figure class=\"aligncenter size-large is-resized\"><img loading=\"lazy\" decoding=\"async\" src=\"https:\/\/macite.tg\/wp-content\/uploads\/2023\/12\/IMG-20231009-WA0178-1-1024x1024.jpg\" alt=\"\" class=\"wp-image-11275\" width=\"608\" height=\"608\" srcset=\"https:\/\/macite.tg\/wp-content\/uploads\/2023\/12\/IMG-20231009-WA0178-1-1024x1024.jpg 1024w, https:\/\/macite.tg\/wp-content\/uploads\/2023\/12\/IMG-20231009-WA0178-1-300x300.jpg 300w, https:\/\/macite.tg\/wp-content\/uploads\/2023\/12\/IMG-20231009-WA0178-1-150x150.jpg 150w, https:\/\/macite.tg\/wp-content\/uploads\/2023\/12\/IMG-20231009-WA0178-1-768x768.jpg 768w, https:\/\/macite.tg\/wp-content\/uploads\/2023\/12\/IMG-20231009-WA0178-1-122x122.jpg 122w, https:\/\/macite.tg\/wp-content\/uploads\/2023\/12\/IMG-20231009-WA0178-1.jpg 1280w\" sizes=\"auto, (max-width: 608px) 100vw, 608px\" \/><\/figure>\n<\/div>\n\n\n<p class=\"wp-block-paragraph\">Dot\u00e9 d\u2019un investissement pr\u00e9visionnel global de 4,4 milliards de dirhams, ce programme ambitionne de r\u00e9aliser, dans les r\u00e9gions du Royaume, 12 CMC devant accueillir quelque 34.000 stagiaires dans les plateformes de formations professionnelles multisectorielles. Ces cit\u00e9s viendront renforcer celles d\u00e9j\u00e0 existantes, notamment \u00e0 Souss-Massa dans l\u2019Oriental et \u00e0 La\u00e2youne-Sakia-El Hamra, qui ont d\u00e9marr\u00e9 la formation entre octobre et novembre 2022, sans oubli\u00e9e la derni\u00e8re inaugur\u00e9e cette ann\u00e9e, par le Souverain, \u00e0 Tamesna, dans la r\u00e9gion de Rabat-Sal\u00e9-K\u00e9nitra.<\/p>\n\n\n\n<p class=\"wp-block-paragraph\"><strong>MC<\/strong><\/p>\n\n\n\n<p class=\"wp-block-paragraph\"><a><strong><em>@macite.tg&nbsp;&nbsp;&nbsp;&nbsp;&nbsp;&nbsp;&nbsp;&nbsp;<\/em><\/strong><\/a><\/p>\n\n\n\n<p class=\"wp-block-paragraph\"><strong><em>E-mail&nbsp;: <\/em><\/strong><a href=\"mailto:maciteinfo@gmail.com\"><em>maciteinfo@gmail.com<\/em><\/a><strong><em>; <\/em><\/strong><a href=\"mailto:bawela1@gmail.com\"><em>bawela1@gmail.com<\/em><\/a><em><\/em><\/p>\n\n\n\n<p class=\"wp-block-paragraph\"><strong><em>Pour vos annonces, (publi)reportages, etc., joignez-nous au (00228)91515309\/<strong>79872224 <\/strong>www.macite.tg, L\u2019information, la bonne&nbsp;!<\/em><\/strong><\/p>\n\n\n\n<p class=\"wp-block-paragraph\">.<\/p>\n","protected":false},"excerpt":{"rendered":"<p class=\"text-justify mb-2\" >Plus que quelques jours et l\u2019on tournera le dos \u00e0 2023, une ann\u00e9e qui aura \u00e9t\u00e9 marqu\u00e9e par une action Royale proactive et d\u00e9termin\u00e9e. Anim\u00e9e d\u2019une foi profonde et in\u00e9branlable, Sa Majest\u00e9 le Roi Mohammed VI, que Dieu L\u2019assiste, depuis Son accession au Tr\u00f4ne de [&hellip;]<\/p>\n","protected":false},"author":2,"featured_media":11395,"comment_status":"open","ping_status":"open","sticky":false,"template":"","format":"standard","meta":{"footnotes":""},"categories":[20,15],"tags":[],"class_list":["post-11394","post","type-post","status-publish","format-standard","has-post-thumbnail","hentry","category-actualite","category-developpement"],"yoast_head":"<!-- This site is optimized with the Yoast SEO plugin v28.4 - https:\/\/yoast.com\/product\/yoast-seo-wordpress\/ -->\n<title>BILAN 2023 DES ACTIONS ROYALES\u00a0: La \u2018\u2019volont\u00e9 proactive et d\u00e9termin\u00e9e\u2019\u2019 de Sa Majest\u00e9 le Roi au profit du renforcement de l\u2019Etat social -<\/title>\n<meta name=\"robots\" content=\"index, follow, max-snippet:-1, max-image-preview:large, max-video-preview:-1\" \/>\n<link rel=\"canonical\" href=\"https:\/\/macite.tg\/?p=11394\" \/>\n<meta property=\"og:locale\" content=\"fr_FR\" \/>\n<meta property=\"og:type\" content=\"article\" \/>\n<meta property=\"og:title\" content=\"BILAN 2023 DES ACTIONS ROYALES\u00a0: La \u2018\u2019volont\u00e9 proactive et d\u00e9termin\u00e9e\u2019\u2019 de Sa Majest\u00e9 le Roi au profit du renforcement de l\u2019Etat social -\" \/>\n<meta property=\"og:description\" content=\"Plus que quelques jours et l\u2019on tournera le dos \u00e0 2023, une ann\u00e9e qui aura \u00e9t\u00e9 marqu\u00e9e par une action Royale proactive et d\u00e9termin\u00e9e. Anim\u00e9e d\u2019une foi profonde et in\u00e9branlable, Sa Majest\u00e9 le Roi Mohammed VI, que Dieu L\u2019assiste, depuis Son accession au Tr\u00f4ne de [&hellip;]\" \/>\n<meta property=\"og:url\" content=\"https:\/\/macite.tg\/?p=11394\" \/>\n<meta property=\"article:published_time\" content=\"2023-12-27T18:15:39+00:00\" \/>\n<meta property=\"article:modified_time\" content=\"2023-12-27T18:15:40+00:00\" \/>\n<meta property=\"og:image\" content=\"https:\/\/macite.tg\/wp-content\/uploads\/2023\/12\/IMG-20231227-WA0095.jpg\" \/>\n\t<meta property=\"og:image:width\" content=\"1189\" \/>\n\t<meta property=\"og:image:height\" content=\"713\" \/>\n\t<meta property=\"og:image:type\" content=\"image\/jpeg\" \/>\n<meta name=\"author\" content=\"Jean Pierre BAWELA\" \/>\n<meta name=\"twitter:card\" content=\"summary_large_image\" \/>\n<meta name=\"twitter:label1\" content=\"\u00c9crit par\" \/>\n\t<meta name=\"twitter:data1\" content=\"Jean Pierre BAWELA\" \/>\n\t<meta name=\"twitter:label2\" content=\"Dur\u00e9e de lecture estim\u00e9e\" \/>\n\t<meta name=\"twitter:data2\" content=\"6 minutes\" \/>\n<script type=\"application\/ld+json\" class=\"yoast-schema-graph\">{\"@context\":\"https:\\\/\\\/schema.org\",\"@graph\":[{\"@type\":\"Article\",\"@id\":\"https:\\\/\\\/macite.tg\\\/?p=11394#article\",\"isPartOf\":{\"@id\":\"https:\\\/\\\/macite.tg\\\/?p=11394\"},\"author\":{\"name\":\"Jean Pierre BAWELA\",\"@id\":\"https:\\\/\\\/macite.tg\\\/#\\\/schema\\\/person\\\/e9f2de7e5dbbe7770a9402c7ce82f5c2\"},\"headline\":\"BILAN 2023 DES ACTIONS ROYALES\u00a0: La \u2018\u2019volont\u00e9 proactive et d\u00e9termin\u00e9e\u2019\u2019 de Sa Majest\u00e9 le Roi au profit du renforcement de l\u2019Etat social\",\"datePublished\":\"2023-12-27T18:15:39+00:00\",\"dateModified\":\"2023-12-27T18:15:40+00:00\",\"mainEntityOfPage\":{\"@id\":\"https:\\\/\\\/macite.tg\\\/?p=11394\"},\"wordCount\":1156,\"commentCount\":0,\"image\":{\"@id\":\"https:\\\/\\\/macite.tg\\\/?p=11394#primaryimage\"},\"thumbnailUrl\":\"https:\\\/\\\/macite.tg\\\/wp-content\\\/uploads\\\/2023\\\/12\\\/IMG-20231227-WA0095.jpg\",\"articleSection\":[\"ACTUALITE\",\"DEVELOPPEMENT\"],\"inLanguage\":\"fr-FR\",\"potentialAction\":[{\"@type\":\"CommentAction\",\"name\":\"Comment\",\"target\":[\"https:\\\/\\\/macite.tg\\\/?p=11394#respond\"]}]},{\"@type\":\"WebPage\",\"@id\":\"https:\\\/\\\/macite.tg\\\/?p=11394\",\"url\":\"https:\\\/\\\/macite.tg\\\/?p=11394\",\"name\":\"BILAN 2023 DES ACTIONS ROYALES\u00a0: La \u2018\u2019volont\u00e9 proactive et d\u00e9termin\u00e9e\u2019\u2019 de Sa Majest\u00e9 le Roi au profit du renforcement de l\u2019Etat social -\",\"isPartOf\":{\"@id\":\"https:\\\/\\\/macite.tg\\\/#website\"},\"primaryImageOfPage\":{\"@id\":\"https:\\\/\\\/macite.tg\\\/?p=11394#primaryimage\"},\"image\":{\"@id\":\"https:\\\/\\\/macite.tg\\\/?p=11394#primaryimage\"},\"thumbnailUrl\":\"https:\\\/\\\/macite.tg\\\/wp-content\\\/uploads\\\/2023\\\/12\\\/IMG-20231227-WA0095.jpg\",\"datePublished\":\"2023-12-27T18:15:39+00:00\",\"dateModified\":\"2023-12-27T18:15:40+00:00\",\"author\":{\"@id\":\"https:\\\/\\\/macite.tg\\\/#\\\/schema\\\/person\\\/e9f2de7e5dbbe7770a9402c7ce82f5c2\"},\"breadcrumb\":{\"@id\":\"https:\\\/\\\/macite.tg\\\/?p=11394#breadcrumb\"},\"inLanguage\":\"fr-FR\",\"potentialAction\":[{\"@type\":\"ReadAction\",\"target\":[\"https:\\\/\\\/macite.tg\\\/?p=11394\"]}]},{\"@type\":\"ImageObject\",\"inLanguage\":\"fr-FR\",\"@id\":\"https:\\\/\\\/macite.tg\\\/?p=11394#primaryimage\",\"url\":\"https:\\\/\\\/macite.tg\\\/wp-content\\\/uploads\\\/2023\\\/12\\\/IMG-20231227-WA0095.jpg\",\"contentUrl\":\"https:\\\/\\\/macite.tg\\\/wp-content\\\/uploads\\\/2023\\\/12\\\/IMG-20231227-WA0095.jpg\",\"width\":1189,\"height\":713},{\"@type\":\"BreadcrumbList\",\"@id\":\"https:\\\/\\\/macite.tg\\\/?p=11394#breadcrumb\",\"itemListElement\":[{\"@type\":\"ListItem\",\"position\":1,\"name\":\"Accueil\",\"item\":\"https:\\\/\\\/macite.tg\\\/\"},{\"@type\":\"ListItem\",\"position\":2,\"name\":\"BILAN 2023 DES ACTIONS ROYALES\u00a0: La \u2018\u2019volont\u00e9 proactive et d\u00e9termin\u00e9e\u2019\u2019 de Sa Majest\u00e9 le Roi au profit du renforcement de l\u2019Etat social\"}]},{\"@type\":\"WebSite\",\"@id\":\"https:\\\/\\\/macite.tg\\\/#website\",\"url\":\"https:\\\/\\\/macite.tg\\\/\",\"name\":\"\",\"description\":\"L&#039;information, la bonne!!!\",\"potentialAction\":[{\"@type\":\"SearchAction\",\"target\":{\"@type\":\"EntryPoint\",\"urlTemplate\":\"https:\\\/\\\/macite.tg\\\/?s={search_term_string}\"},\"query-input\":{\"@type\":\"PropertyValueSpecification\",\"valueRequired\":true,\"valueName\":\"search_term_string\"}}],\"inLanguage\":\"fr-FR\"},{\"@type\":\"Person\",\"@id\":\"https:\\\/\\\/macite.tg\\\/#\\\/schema\\\/person\\\/e9f2de7e5dbbe7770a9402c7ce82f5c2\",\"name\":\"Jean Pierre BAWELA\",\"image\":{\"@type\":\"ImageObject\",\"inLanguage\":\"fr-FR\",\"@id\":\"https:\\\/\\\/macite.tg\\\/wp-content\\\/uploads\\\/2023\\\/09\\\/WhatsApp-Image-2023-09-19-at-14.44.41-122x122.jpeg\",\"url\":\"https:\\\/\\\/macite.tg\\\/wp-content\\\/uploads\\\/2023\\\/09\\\/WhatsApp-Image-2023-09-19-at-14.44.41-122x122.jpeg\",\"contentUrl\":\"https:\\\/\\\/macite.tg\\\/wp-content\\\/uploads\\\/2023\\\/09\\\/WhatsApp-Image-2023-09-19-at-14.44.41-122x122.jpeg\",\"caption\":\"Jean Pierre BAWELA\"},\"url\":\"https:\\\/\\\/macite.tg\\\/?author=2\"}]}<\/script>\n<!-- \/ Yoast SEO plugin. -->","yoast_head_json":{"title":"BILAN 2023 DES ACTIONS ROYALES\u00a0: La \u2018\u2019volont\u00e9 proactive et d\u00e9termin\u00e9e\u2019\u2019 de Sa Majest\u00e9 le Roi au profit du renforcement de l\u2019Etat social -","robots":{"index":"index","follow":"follow","max-snippet":"max-snippet:-1","max-image-preview":"max-image-preview:large","max-video-preview":"max-video-preview:-1"},"canonical":"https:\/\/macite.tg\/?p=11394","og_locale":"fr_FR","og_type":"article","og_title":"BILAN 2023 DES ACTIONS ROYALES\u00a0: La \u2018\u2019volont\u00e9 proactive et d\u00e9termin\u00e9e\u2019\u2019 de Sa Majest\u00e9 le Roi au profit du renforcement de l\u2019Etat social -","og_description":"Plus que quelques jours et l\u2019on tournera le dos \u00e0 2023, une ann\u00e9e qui aura \u00e9t\u00e9 marqu\u00e9e par une action Royale proactive et d\u00e9termin\u00e9e. Anim\u00e9e d\u2019une foi profonde et in\u00e9branlable, Sa Majest\u00e9 le Roi Mohammed VI, que Dieu L\u2019assiste, depuis Son accession au Tr\u00f4ne de [&hellip;]","og_url":"https:\/\/macite.tg\/?p=11394","article_published_time":"2023-12-27T18:15:39+00:00","article_modified_time":"2023-12-27T18:15:40+00:00","og_image":[{"width":1189,"height":713,"url":"https:\/\/macite.tg\/wp-content\/uploads\/2023\/12\/IMG-20231227-WA0095.jpg","type":"image\/jpeg"}],"author":"Jean Pierre BAWELA","twitter_card":"summary_large_image","twitter_misc":{"\u00c9crit par":"Jean Pierre BAWELA","Dur\u00e9e de lecture estim\u00e9e":"6 minutes"},"schema":{"@context":"https:\/\/schema.org","@graph":[{"@type":"Article","@id":"https:\/\/macite.tg\/?p=11394#article","isPartOf":{"@id":"https:\/\/macite.tg\/?p=11394"},"author":{"name":"Jean Pierre BAWELA","@id":"https:\/\/macite.tg\/#\/schema\/person\/e9f2de7e5dbbe7770a9402c7ce82f5c2"},"headline":"BILAN 2023 DES ACTIONS ROYALES\u00a0: La \u2018\u2019volont\u00e9 proactive et d\u00e9termin\u00e9e\u2019\u2019 de Sa Majest\u00e9 le Roi au profit du renforcement de l\u2019Etat social","datePublished":"2023-12-27T18:15:39+00:00","dateModified":"2023-12-27T18:15:40+00:00","mainEntityOfPage":{"@id":"https:\/\/macite.tg\/?p=11394"},"wordCount":1156,"commentCount":0,"image":{"@id":"https:\/\/macite.tg\/?p=11394#primaryimage"},"thumbnailUrl":"https:\/\/macite.tg\/wp-content\/uploads\/2023\/12\/IMG-20231227-WA0095.jpg","articleSection":["ACTUALITE","DEVELOPPEMENT"],"inLanguage":"fr-FR","potentialAction":[{"@type":"CommentAction","name":"Comment","target":["https:\/\/macite.tg\/?p=11394#respond"]}]},{"@type":"WebPage","@id":"https:\/\/macite.tg\/?p=11394","url":"https:\/\/macite.tg\/?p=11394","name":"BILAN 2023 DES ACTIONS ROYALES\u00a0: La \u2018\u2019volont\u00e9 proactive et d\u00e9termin\u00e9e\u2019\u2019 de Sa Majest\u00e9 le Roi au profit du renforcement de l\u2019Etat social -","isPartOf":{"@id":"https:\/\/macite.tg\/#website"},"primaryImageOfPage":{"@id":"https:\/\/macite.tg\/?p=11394#primaryimage"},"image":{"@id":"https:\/\/macite.tg\/?p=11394#primaryimage"},"thumbnailUrl":"https:\/\/macite.tg\/wp-content\/uploads\/2023\/12\/IMG-20231227-WA0095.jpg","datePublished":"2023-12-27T18:15:39+00:00","dateModified":"2023-12-27T18:15:40+00:00","author":{"@id":"https:\/\/macite.tg\/#\/schema\/person\/e9f2de7e5dbbe7770a9402c7ce82f5c2"},"breadcrumb":{"@id":"https:\/\/macite.tg\/?p=11394#breadcrumb"},"inLanguage":"fr-FR","potentialAction":[{"@type":"ReadAction","target":["https:\/\/macite.tg\/?p=11394"]}]},{"@type":"ImageObject","inLanguage":"fr-FR","@id":"https:\/\/macite.tg\/?p=11394#primaryimage","url":"https:\/\/macite.tg\/wp-content\/uploads\/2023\/12\/IMG-20231227-WA0095.jpg","contentUrl":"https:\/\/macite.tg\/wp-content\/uploads\/2023\/12\/IMG-20231227-WA0095.jpg","width":1189,"height":713},{"@type":"BreadcrumbList","@id":"https:\/\/macite.tg\/?p=11394#breadcrumb","itemListElement":[{"@type":"ListItem","position":1,"name":"Accueil","item":"https:\/\/macite.tg\/"},{"@type":"ListItem","position":2,"name":"BILAN 2023 DES ACTIONS ROYALES\u00a0: La \u2018\u2019volont\u00e9 proactive et d\u00e9termin\u00e9e\u2019\u2019 de Sa Majest\u00e9 le Roi au profit du renforcement de l\u2019Etat social"}]},{"@type":"WebSite","@id":"https:\/\/macite.tg\/#website","url":"https:\/\/macite.tg\/","name":"","description":"L&#039;information, la bonne!!!","potentialAction":[{"@type":"SearchAction","target":{"@type":"EntryPoint","urlTemplate":"https:\/\/macite.tg\/?s={search_term_string}"},"query-input":{"@type":"PropertyValueSpecification","valueRequired":true,"valueName":"search_term_string"}}],"inLanguage":"fr-FR"},{"@type":"Person","@id":"https:\/\/macite.tg\/#\/schema\/person\/e9f2de7e5dbbe7770a9402c7ce82f5c2","name":"Jean Pierre BAWELA","image":{"@type":"ImageObject","inLanguage":"fr-FR","@id":"https:\/\/macite.tg\/wp-content\/uploads\/2023\/09\/WhatsApp-Image-2023-09-19-at-14.44.41-122x122.jpeg","url":"https:\/\/macite.tg\/wp-content\/uploads\/2023\/09\/WhatsApp-Image-2023-09-19-at-14.44.41-122x122.jpeg","contentUrl":"https:\/\/macite.tg\/wp-content\/uploads\/2023\/09\/WhatsApp-Image-2023-09-19-at-14.44.41-122x122.jpeg","caption":"Jean Pierre BAWELA"},"url":"https:\/\/macite.tg\/?author=2"}]}},"_links":{"self":[{"href":"https:\/\/macite.tg\/index.php?rest_route=\/wp\/v2\/posts\/11394","targetHints":{"allow":["GET"]}}],"collection":[{"href":"https:\/\/macite.tg\/index.php?rest_route=\/wp\/v2\/posts"}],"about":[{"href":"https:\/\/macite.tg\/index.php?rest_route=\/wp\/v2\/types\/post"}],"author":[{"embeddable":true,"href":"https:\/\/macite.tg\/index.php?rest_route=\/wp\/v2\/users\/2"}],"replies":[{"embeddable":true,"href":"https:\/\/macite.tg\/index.php?rest_route=%2Fwp%2Fv2%2Fcomments&post=11394"}],"version-history":[{"count":0,"href":"https:\/\/macite.tg\/index.php?rest_route=\/wp\/v2\/posts\/11394\/revisions"}],"wp:featuredmedia":[{"embeddable":true,"href":"https:\/\/macite.tg\/index.php?rest_route=\/wp\/v2\/media\/11395"}],"wp:attachment":[{"href":"https:\/\/macite.tg\/index.php?rest_route=%2Fwp%2Fv2%2Fmedia&parent=11394"}],"wp:term":[{"taxonomy":"category","embeddable":true,"href":"https:\/\/macite.tg\/index.php?rest_route=%2Fwp%2Fv2%2Fcategories&post=11394"},{"taxonomy":"post_tag","embeddable":true,"href":"https:\/\/macite.tg\/index.php?rest_route=%2Fwp%2Fv2%2Ftags&post=11394"}],"curies":[{"name":"wp","href":"https:\/\/api.w.org\/{rel}","templated":true}]}}