{"id":11389,"date":"2023-12-27T17:16:27","date_gmt":"2023-12-27T17:16:27","guid":{"rendered":"https:\/\/macite.tg\/?p=11389"},"modified":"2023-12-27T17:16:28","modified_gmt":"2023-12-27T17:16:28","slug":"modernisation-de-ladministration-ifap-met-son-expertise-au-profit-du-ministere-de-la-culture-et-du-tourisme","status":"publish","type":"post","link":"https:\/\/macite.tg\/?p=11389","title":{"rendered":"MODERNISATION DE L\u2019ADMINISTRATION : IFAP met son expertise au profit du minist\u00e8re de la Culture et du Tourisme"},"content":{"rendered":"\n<p class=\"wp-block-paragraph\"><strong><em>Le minist\u00e8re de la Culture et du Tourisme organise, du 27 au 29 d\u00e9cembre 2023, un atelier de renforcement de capacit\u00e9s \u00e0 l\u2019endroit de ses secr\u00e9taires. Assur\u00e9e par les techniciens de l\u2019Institut de formation et d\u2019appui professionnel (Ifap), cette formation vise \u00e0 outiller ce personnel sur les fondamentaux du secr\u00e9tariat et la gestion automatis\u00e9e des courriers. Les travaux de cet atelier ont \u00e9t\u00e9 ouverts mercredi \u00e0 Lom\u00e9, par le Directeur de cabinet, Bakayota Koffi Kpaye, au nom du ministre Dr Kossi Gbegnon Lamadokou.<\/em><\/strong><\/p>\n\n\n\n<p class=\"wp-block-paragraph\">Ils sont une vingtaine \u00e0 prendre part \u00e0 l\u2019atelier de renforcement des capacit\u00e9s. Eux, ce sont les secr\u00e9taires des d\u00e9partements de la culture et du tourisme. Ils viennent renforcer leur connaissance en m\u00e9thodes administratives et Technologies de l\u2019information et de la communication (Tic), bref les fondamentaux du secr\u00e9tariat.<\/p>\n\n\n<div class=\"wp-block-image\">\n<figure class=\"aligncenter size-large is-resized\"><img loading=\"lazy\" decoding=\"async\" src=\"https:\/\/macite.tg\/wp-content\/uploads\/2023\/12\/IMG-20231227-WA0082-1024x768.jpg\" alt=\"\" class=\"wp-image-11391\" width=\"410\" height=\"308\" srcset=\"https:\/\/macite.tg\/wp-content\/uploads\/2023\/12\/IMG-20231227-WA0082-1024x768.jpg 1024w, https:\/\/macite.tg\/wp-content\/uploads\/2023\/12\/IMG-20231227-WA0082-300x225.jpg 300w, https:\/\/macite.tg\/wp-content\/uploads\/2023\/12\/IMG-20231227-WA0082-768x576.jpg 768w, https:\/\/macite.tg\/wp-content\/uploads\/2023\/12\/IMG-20231227-WA0082.jpg 1280w\" sizes=\"auto, (max-width: 410px) 100vw, 410px\" \/><figcaption class=\"wp-element-caption\"><em><strong>La table d&rsquo;honneur lors de l&rsquo;atelier&#8230;<\/strong><\/em><\/figcaption><\/figure>\n<\/div>\n\n\n<p class=\"wp-block-paragraph\"><em>\u00ab\u00a0Depuis un certain temps, l\u2019administration publique togolaise est en pleine modernisation surtout au regard des nouvelles technologies qui ont fait leur entr\u00e9e avec fracas dans la gestion quotidienne de l\u2019administration. Il est donc imp\u00e9rieux que le personnel de cette administration s\u2019adapte \u00e0 cette nouvelle r\u00e9alit\u00e9\u00a0\u00bb,<\/em> a confi\u00e9 le directeur de cabinet Koffi Kpaye. Aussi pr\u00e9cise-t-il<em>, \u00abla r\u00e9p\u00e9tition est p\u00e9dagogique. On n\u2019a beau avoir des dipl\u00f4mes, mais lorsqu\u2019on ne se rappelle pas souvent les b.a-bas de l\u2019administration, on les oublie. Et quand on oublie, on tombe dans l\u2019incomp\u00e9tence. Ce qui n\u2019est pas bon pour une administration publique\u00a0\u00bb<\/em>.<\/p>\n\n\n<div class=\"wp-block-image\">\n<figure class=\"aligncenter size-large is-resized\"><img loading=\"lazy\" decoding=\"async\" src=\"https:\/\/macite.tg\/wp-content\/uploads\/2023\/12\/IMG-20231227-WA0081-1024x768.jpg\" alt=\"\" class=\"wp-image-11392\" width=\"406\" height=\"306\" srcset=\"https:\/\/macite.tg\/wp-content\/uploads\/2023\/12\/IMG-20231227-WA0081-1024x768.jpg 1024w, https:\/\/macite.tg\/wp-content\/uploads\/2023\/12\/IMG-20231227-WA0081-300x225.jpg 300w, https:\/\/macite.tg\/wp-content\/uploads\/2023\/12\/IMG-20231227-WA0081-768x576.jpg 768w, https:\/\/macite.tg\/wp-content\/uploads\/2023\/12\/IMG-20231227-WA0081.jpg 1280w\" sizes=\"auto, (max-width: 406px) 100vw, 406px\" \/><figcaption class=\"wp-element-caption\"><em><strong>Une vue de l&rsquo;assistance lors de la formation.<\/strong><\/em><\/figcaption><\/figure>\n<\/div>\n\n\n<p class=\"wp-block-paragraph\">Cette formation selon Lantame Bassabi, Chef division affaires administratives et financi\u00e8res, a tout son sens parce qu\u2019a-t-il dit, <em>\u00ab&nbsp;le poste de secr\u00e9tariat est une vitrine pour toute organisation. Dans ce cadre, il fallait de temps en temps recycler ce personnel pour qu\u2019il soit \u00e0 niveau&nbsp;\u00bb. \u00ab&nbsp;Nous sommes \u00e0 l\u2019heure des Tic. L\u2019information va vite. Il y a lieu de faire un recyclage afin que ceux-ci soient bien outill\u00e9s pour qu\u2019ils arrivent \u00e0 g\u00e9rer non seulement les coll\u00e8gues en interne mais aussi les visiteurs et tout ce qui concerne les actes administratifs qui sont produits \u00e0 l\u2019int\u00e9rieur ou qui arrivent de l\u2019ext\u00e9rieur de nos diff\u00e9rents services&nbsp;\u00bb,<\/em> a-t-il poursuivi.<\/p>\n\n\n<div class=\"wp-block-image\">\n<figure class=\"aligncenter size-large is-resized\"><img loading=\"lazy\" decoding=\"async\" src=\"https:\/\/macite.tg\/wp-content\/uploads\/2023\/12\/IMG-20231224-WA0140-1024x1024.jpg\" alt=\"\" class=\"wp-image-11352\" width=\"516\" height=\"516\" srcset=\"https:\/\/macite.tg\/wp-content\/uploads\/2023\/12\/IMG-20231224-WA0140-1024x1024.jpg 1024w, https:\/\/macite.tg\/wp-content\/uploads\/2023\/12\/IMG-20231224-WA0140-300x300.jpg 300w, https:\/\/macite.tg\/wp-content\/uploads\/2023\/12\/IMG-20231224-WA0140-150x150.jpg 150w, https:\/\/macite.tg\/wp-content\/uploads\/2023\/12\/IMG-20231224-WA0140-768x768.jpg 768w, https:\/\/macite.tg\/wp-content\/uploads\/2023\/12\/IMG-20231224-WA0140-122x122.jpg 122w, https:\/\/macite.tg\/wp-content\/uploads\/2023\/12\/IMG-20231224-WA0140.jpg 1134w\" sizes=\"auto, (max-width: 516px) 100vw, 516px\" \/><\/figure>\n<\/div>\n\n\n<p class=\"wp-block-paragraph\">Pour le Formateur Ernest Egbenou, Directeur g\u00e9n\u00e9ral de l\u2019Ifap, c\u2019est un privil\u00e8ge que le choix soit port\u00e9 sur son institut pour la formation du personnel du minist\u00e8re de la culture et du tourisme avec lequel il a un partenariat. Il s\u2019agit, \u00e0 en croire les propos du directeur g\u00e9n\u00e9ral de l\u2019Ifap, d\u2019une rencontre du donner et de recevoir qui va aboutir sur les m\u00e9thodes et techniques administratives et les domaines des Tic. <em>\u00ab&nbsp;Nous aurons \u00e0 d\u00e9velopper sinon \u00e0 apprendre les notions sur l\u2019archivage, le domaine informatique, les fichiers rattach\u00e9s, les courriers re\u00e7us et les courriers envoy\u00e9s, entre autres&nbsp;\u00bb,<\/em> a soulign\u00e9 le formateur.<\/p>\n\n\n\n<p class=\"wp-block-paragraph\">Rappelons que le partenariat minist\u00e8re de la Culture et du Tourisme-Ifap permet \u00e0 l\u2019Institut d\u2019envoyer \u00e0 chaque fin de formation, une partie de ses \u00e9tudiants en stage au sein du minist\u00e8re.<\/p>\n\n\n\n<p class=\"wp-block-paragraph\"><strong><em>Michel AKOETE<\/em><\/strong><\/p>\n\n\n\n<p class=\"wp-block-paragraph\"><a><strong><em>@macite.tg&nbsp;&nbsp;&nbsp;&nbsp;&nbsp;&nbsp;&nbsp;&nbsp;<\/em><\/strong><\/a><\/p>\n\n\n\n<p class=\"wp-block-paragraph\"><strong><em>E-mail&nbsp;: <\/em><\/strong><a href=\"mailto:maciteinfo@gmail.com\"><strong><em>maciteinfo@gmail.com<\/em><\/strong><\/a><strong><em>; <\/em><\/strong><a href=\"mailto:bawela1@gmail.com\"><strong><em>bawela1@gmail.com<\/em><\/strong><\/a><strong><em><\/em><\/strong><\/p>\n\n\n\n<p class=\"wp-block-paragraph\"><strong><em>Pour vos annonces, (publi)reportages, etc., joignez-nous au (00228)91515309\/<strong>79872224 <\/strong>www.macite.tg, L\u2019information, la bonne&nbsp;!<\/em><\/strong><\/p>\n","protected":false},"excerpt":{"rendered":"<p class=\"text-justify mb-2\" >Le minist\u00e8re de la Culture et du Tourisme organise, du 27 au 29 d\u00e9cembre 2023, un atelier de renforcement de capacit\u00e9s \u00e0 l\u2019endroit de ses secr\u00e9taires. Assur\u00e9e par les techniciens de l\u2019Institut de formation et d\u2019appui professionnel (Ifap), cette formation vise \u00e0 outiller ce personnel [&hellip;]<\/p>\n","protected":false},"author":2,"featured_media":11390,"comment_status":"open","ping_status":"open","sticky":false,"template":"","format":"standard","meta":{"footnotes":""},"categories":[20,48],"tags":[],"class_list":["post-11389","post","type-post","status-publish","format-standard","has-post-thumbnail","hentry","category-actualite","category-formation"],"yoast_head":"<!-- This site is optimized with the Yoast SEO plugin v28.4 - https:\/\/yoast.com\/product\/yoast-seo-wordpress\/ -->\n<title>MODERNISATION DE L\u2019ADMINISTRATION : IFAP met son expertise au profit du minist\u00e8re de la Culture et du Tourisme -<\/title>\n<meta name=\"robots\" content=\"index, follow, max-snippet:-1, max-image-preview:large, max-video-preview:-1\" \/>\n<link rel=\"canonical\" href=\"https:\/\/macite.tg\/?p=11389\" \/>\n<meta property=\"og:locale\" content=\"fr_FR\" \/>\n<meta property=\"og:type\" content=\"article\" \/>\n<meta property=\"og:title\" content=\"MODERNISATION DE L\u2019ADMINISTRATION : IFAP met son expertise au profit du minist\u00e8re de la Culture et du Tourisme -\" \/>\n<meta property=\"og:description\" content=\"Le minist\u00e8re de la Culture et du Tourisme organise, du 27 au 29 d\u00e9cembre 2023, un atelier de renforcement de capacit\u00e9s \u00e0 l\u2019endroit de ses secr\u00e9taires. Assur\u00e9e par les techniciens de l\u2019Institut de formation et d\u2019appui professionnel (Ifap), cette formation vise \u00e0 outiller ce personnel [&hellip;]\" \/>\n<meta property=\"og:url\" content=\"https:\/\/macite.tg\/?p=11389\" \/>\n<meta property=\"article:published_time\" content=\"2023-12-27T17:16:27+00:00\" \/>\n<meta property=\"article:modified_time\" content=\"2023-12-27T17:16:28+00:00\" \/>\n<meta property=\"og:image\" content=\"https:\/\/macite.tg\/wp-content\/uploads\/2023\/12\/IMG-20231227-WA0080.jpg\" \/>\n\t<meta property=\"og:image:width\" content=\"1280\" \/>\n\t<meta property=\"og:image:height\" content=\"960\" \/>\n\t<meta property=\"og:image:type\" content=\"image\/jpeg\" \/>\n<meta name=\"author\" content=\"Jean Pierre BAWELA\" \/>\n<meta name=\"twitter:card\" content=\"summary_large_image\" \/>\n<meta name=\"twitter:label1\" content=\"\u00c9crit par\" \/>\n\t<meta name=\"twitter:data1\" content=\"Jean Pierre BAWELA\" \/>\n\t<meta name=\"twitter:label2\" content=\"Dur\u00e9e de lecture estim\u00e9e\" \/>\n\t<meta name=\"twitter:data2\" content=\"3 minutes\" \/>\n<script type=\"application\/ld+json\" class=\"yoast-schema-graph\">{\"@context\":\"https:\\\/\\\/schema.org\",\"@graph\":[{\"@type\":\"Article\",\"@id\":\"https:\\\/\\\/macite.tg\\\/?p=11389#article\",\"isPartOf\":{\"@id\":\"https:\\\/\\\/macite.tg\\\/?p=11389\"},\"author\":{\"name\":\"Jean Pierre BAWELA\",\"@id\":\"https:\\\/\\\/macite.tg\\\/#\\\/schema\\\/person\\\/e9f2de7e5dbbe7770a9402c7ce82f5c2\"},\"headline\":\"MODERNISATION DE L\u2019ADMINISTRATION : IFAP met son expertise au profit du minist\u00e8re de la Culture et du Tourisme\",\"datePublished\":\"2023-12-27T17:16:27+00:00\",\"dateModified\":\"2023-12-27T17:16:28+00:00\",\"mainEntityOfPage\":{\"@id\":\"https:\\\/\\\/macite.tg\\\/?p=11389\"},\"wordCount\":598,\"commentCount\":0,\"image\":{\"@id\":\"https:\\\/\\\/macite.tg\\\/?p=11389#primaryimage\"},\"thumbnailUrl\":\"https:\\\/\\\/macite.tg\\\/wp-content\\\/uploads\\\/2023\\\/12\\\/IMG-20231227-WA0080.jpg\",\"articleSection\":[\"ACTUALITE\",\"FORMATION\"],\"inLanguage\":\"fr-FR\",\"potentialAction\":[{\"@type\":\"CommentAction\",\"name\":\"Comment\",\"target\":[\"https:\\\/\\\/macite.tg\\\/?p=11389#respond\"]}]},{\"@type\":\"WebPage\",\"@id\":\"https:\\\/\\\/macite.tg\\\/?p=11389\",\"url\":\"https:\\\/\\\/macite.tg\\\/?p=11389\",\"name\":\"MODERNISATION DE L\u2019ADMINISTRATION : IFAP met son expertise au profit du minist\u00e8re de la Culture et du Tourisme -\",\"isPartOf\":{\"@id\":\"https:\\\/\\\/macite.tg\\\/#website\"},\"primaryImageOfPage\":{\"@id\":\"https:\\\/\\\/macite.tg\\\/?p=11389#primaryimage\"},\"image\":{\"@id\":\"https:\\\/\\\/macite.tg\\\/?p=11389#primaryimage\"},\"thumbnailUrl\":\"https:\\\/\\\/macite.tg\\\/wp-content\\\/uploads\\\/2023\\\/12\\\/IMG-20231227-WA0080.jpg\",\"datePublished\":\"2023-12-27T17:16:27+00:00\",\"dateModified\":\"2023-12-27T17:16:28+00:00\",\"author\":{\"@id\":\"https:\\\/\\\/macite.tg\\\/#\\\/schema\\\/person\\\/e9f2de7e5dbbe7770a9402c7ce82f5c2\"},\"breadcrumb\":{\"@id\":\"https:\\\/\\\/macite.tg\\\/?p=11389#breadcrumb\"},\"inLanguage\":\"fr-FR\",\"potentialAction\":[{\"@type\":\"ReadAction\",\"target\":[\"https:\\\/\\\/macite.tg\\\/?p=11389\"]}]},{\"@type\":\"ImageObject\",\"inLanguage\":\"fr-FR\",\"@id\":\"https:\\\/\\\/macite.tg\\\/?p=11389#primaryimage\",\"url\":\"https:\\\/\\\/macite.tg\\\/wp-content\\\/uploads\\\/2023\\\/12\\\/IMG-20231227-WA0080.jpg\",\"contentUrl\":\"https:\\\/\\\/macite.tg\\\/wp-content\\\/uploads\\\/2023\\\/12\\\/IMG-20231227-WA0080.jpg\",\"width\":1280,\"height\":960},{\"@type\":\"BreadcrumbList\",\"@id\":\"https:\\\/\\\/macite.tg\\\/?p=11389#breadcrumb\",\"itemListElement\":[{\"@type\":\"ListItem\",\"position\":1,\"name\":\"Accueil\",\"item\":\"https:\\\/\\\/macite.tg\\\/\"},{\"@type\":\"ListItem\",\"position\":2,\"name\":\"MODERNISATION DE L\u2019ADMINISTRATION : IFAP met son expertise au profit du minist\u00e8re de la Culture et du Tourisme\"}]},{\"@type\":\"WebSite\",\"@id\":\"https:\\\/\\\/macite.tg\\\/#website\",\"url\":\"https:\\\/\\\/macite.tg\\\/\",\"name\":\"\",\"description\":\"L&#039;information, la bonne!!!\",\"potentialAction\":[{\"@type\":\"SearchAction\",\"target\":{\"@type\":\"EntryPoint\",\"urlTemplate\":\"https:\\\/\\\/macite.tg\\\/?s={search_term_string}\"},\"query-input\":{\"@type\":\"PropertyValueSpecification\",\"valueRequired\":true,\"valueName\":\"search_term_string\"}}],\"inLanguage\":\"fr-FR\"},{\"@type\":\"Person\",\"@id\":\"https:\\\/\\\/macite.tg\\\/#\\\/schema\\\/person\\\/e9f2de7e5dbbe7770a9402c7ce82f5c2\",\"name\":\"Jean Pierre BAWELA\",\"image\":{\"@type\":\"ImageObject\",\"inLanguage\":\"fr-FR\",\"@id\":\"https:\\\/\\\/macite.tg\\\/wp-content\\\/uploads\\\/2023\\\/09\\\/WhatsApp-Image-2023-09-19-at-14.44.41-122x122.jpeg\",\"url\":\"https:\\\/\\\/macite.tg\\\/wp-content\\\/uploads\\\/2023\\\/09\\\/WhatsApp-Image-2023-09-19-at-14.44.41-122x122.jpeg\",\"contentUrl\":\"https:\\\/\\\/macite.tg\\\/wp-content\\\/uploads\\\/2023\\\/09\\\/WhatsApp-Image-2023-09-19-at-14.44.41-122x122.jpeg\",\"caption\":\"Jean Pierre BAWELA\"},\"url\":\"https:\\\/\\\/macite.tg\\\/?author=2\"}]}<\/script>\n<!-- \/ Yoast SEO plugin. -->","yoast_head_json":{"title":"MODERNISATION DE L\u2019ADMINISTRATION : IFAP met son expertise au profit du minist\u00e8re de la Culture et du Tourisme -","robots":{"index":"index","follow":"follow","max-snippet":"max-snippet:-1","max-image-preview":"max-image-preview:large","max-video-preview":"max-video-preview:-1"},"canonical":"https:\/\/macite.tg\/?p=11389","og_locale":"fr_FR","og_type":"article","og_title":"MODERNISATION DE L\u2019ADMINISTRATION : IFAP met son expertise au profit du minist\u00e8re de la Culture et du Tourisme -","og_description":"Le minist\u00e8re de la Culture et du Tourisme organise, du 27 au 29 d\u00e9cembre 2023, un atelier de renforcement de capacit\u00e9s \u00e0 l\u2019endroit de ses secr\u00e9taires. Assur\u00e9e par les techniciens de l\u2019Institut de formation et d\u2019appui professionnel (Ifap), cette formation vise \u00e0 outiller ce personnel [&hellip;]","og_url":"https:\/\/macite.tg\/?p=11389","article_published_time":"2023-12-27T17:16:27+00:00","article_modified_time":"2023-12-27T17:16:28+00:00","og_image":[{"width":1280,"height":960,"url":"https:\/\/macite.tg\/wp-content\/uploads\/2023\/12\/IMG-20231227-WA0080.jpg","type":"image\/jpeg"}],"author":"Jean Pierre BAWELA","twitter_card":"summary_large_image","twitter_misc":{"\u00c9crit par":"Jean Pierre BAWELA","Dur\u00e9e de lecture estim\u00e9e":"3 minutes"},"schema":{"@context":"https:\/\/schema.org","@graph":[{"@type":"Article","@id":"https:\/\/macite.tg\/?p=11389#article","isPartOf":{"@id":"https:\/\/macite.tg\/?p=11389"},"author":{"name":"Jean Pierre BAWELA","@id":"https:\/\/macite.tg\/#\/schema\/person\/e9f2de7e5dbbe7770a9402c7ce82f5c2"},"headline":"MODERNISATION DE L\u2019ADMINISTRATION : IFAP met son expertise au profit du minist\u00e8re de la Culture et du Tourisme","datePublished":"2023-12-27T17:16:27+00:00","dateModified":"2023-12-27T17:16:28+00:00","mainEntityOfPage":{"@id":"https:\/\/macite.tg\/?p=11389"},"wordCount":598,"commentCount":0,"image":{"@id":"https:\/\/macite.tg\/?p=11389#primaryimage"},"thumbnailUrl":"https:\/\/macite.tg\/wp-content\/uploads\/2023\/12\/IMG-20231227-WA0080.jpg","articleSection":["ACTUALITE","FORMATION"],"inLanguage":"fr-FR","potentialAction":[{"@type":"CommentAction","name":"Comment","target":["https:\/\/macite.tg\/?p=11389#respond"]}]},{"@type":"WebPage","@id":"https:\/\/macite.tg\/?p=11389","url":"https:\/\/macite.tg\/?p=11389","name":"MODERNISATION DE L\u2019ADMINISTRATION : IFAP met son expertise au profit du minist\u00e8re de la Culture et du Tourisme -","isPartOf":{"@id":"https:\/\/macite.tg\/#website"},"primaryImageOfPage":{"@id":"https:\/\/macite.tg\/?p=11389#primaryimage"},"image":{"@id":"https:\/\/macite.tg\/?p=11389#primaryimage"},"thumbnailUrl":"https:\/\/macite.tg\/wp-content\/uploads\/2023\/12\/IMG-20231227-WA0080.jpg","datePublished":"2023-12-27T17:16:27+00:00","dateModified":"2023-12-27T17:16:28+00:00","author":{"@id":"https:\/\/macite.tg\/#\/schema\/person\/e9f2de7e5dbbe7770a9402c7ce82f5c2"},"breadcrumb":{"@id":"https:\/\/macite.tg\/?p=11389#breadcrumb"},"inLanguage":"fr-FR","potentialAction":[{"@type":"ReadAction","target":["https:\/\/macite.tg\/?p=11389"]}]},{"@type":"ImageObject","inLanguage":"fr-FR","@id":"https:\/\/macite.tg\/?p=11389#primaryimage","url":"https:\/\/macite.tg\/wp-content\/uploads\/2023\/12\/IMG-20231227-WA0080.jpg","contentUrl":"https:\/\/macite.tg\/wp-content\/uploads\/2023\/12\/IMG-20231227-WA0080.jpg","width":1280,"height":960},{"@type":"BreadcrumbList","@id":"https:\/\/macite.tg\/?p=11389#breadcrumb","itemListElement":[{"@type":"ListItem","position":1,"name":"Accueil","item":"https:\/\/macite.tg\/"},{"@type":"ListItem","position":2,"name":"MODERNISATION DE L\u2019ADMINISTRATION : IFAP met son expertise au profit du minist\u00e8re de la Culture et du Tourisme"}]},{"@type":"WebSite","@id":"https:\/\/macite.tg\/#website","url":"https:\/\/macite.tg\/","name":"","description":"L&#039;information, la bonne!!!","potentialAction":[{"@type":"SearchAction","target":{"@type":"EntryPoint","urlTemplate":"https:\/\/macite.tg\/?s={search_term_string}"},"query-input":{"@type":"PropertyValueSpecification","valueRequired":true,"valueName":"search_term_string"}}],"inLanguage":"fr-FR"},{"@type":"Person","@id":"https:\/\/macite.tg\/#\/schema\/person\/e9f2de7e5dbbe7770a9402c7ce82f5c2","name":"Jean Pierre BAWELA","image":{"@type":"ImageObject","inLanguage":"fr-FR","@id":"https:\/\/macite.tg\/wp-content\/uploads\/2023\/09\/WhatsApp-Image-2023-09-19-at-14.44.41-122x122.jpeg","url":"https:\/\/macite.tg\/wp-content\/uploads\/2023\/09\/WhatsApp-Image-2023-09-19-at-14.44.41-122x122.jpeg","contentUrl":"https:\/\/macite.tg\/wp-content\/uploads\/2023\/09\/WhatsApp-Image-2023-09-19-at-14.44.41-122x122.jpeg","caption":"Jean Pierre BAWELA"},"url":"https:\/\/macite.tg\/?author=2"}]}},"_links":{"self":[{"href":"https:\/\/macite.tg\/index.php?rest_route=\/wp\/v2\/posts\/11389","targetHints":{"allow":["GET"]}}],"collection":[{"href":"https:\/\/macite.tg\/index.php?rest_route=\/wp\/v2\/posts"}],"about":[{"href":"https:\/\/macite.tg\/index.php?rest_route=\/wp\/v2\/types\/post"}],"author":[{"embeddable":true,"href":"https:\/\/macite.tg\/index.php?rest_route=\/wp\/v2\/users\/2"}],"replies":[{"embeddable":true,"href":"https:\/\/macite.tg\/index.php?rest_route=%2Fwp%2Fv2%2Fcomments&post=11389"}],"version-history":[{"count":0,"href":"https:\/\/macite.tg\/index.php?rest_route=\/wp\/v2\/posts\/11389\/revisions"}],"wp:featuredmedia":[{"embeddable":true,"href":"https:\/\/macite.tg\/index.php?rest_route=\/wp\/v2\/media\/11390"}],"wp:attachment":[{"href":"https:\/\/macite.tg\/index.php?rest_route=%2Fwp%2Fv2%2Fmedia&parent=11389"}],"wp:term":[{"taxonomy":"category","embeddable":true,"href":"https:\/\/macite.tg\/index.php?rest_route=%2Fwp%2Fv2%2Fcategories&post=11389"},{"taxonomy":"post_tag","embeddable":true,"href":"https:\/\/macite.tg\/index.php?rest_route=%2Fwp%2Fv2%2Ftags&post=11389"}],"curies":[{"name":"wp","href":"https:\/\/api.w.org\/{rel}","templated":true}]}}