{"id":11383,"date":"2023-12-27T15:42:56","date_gmt":"2023-12-27T15:42:56","guid":{"rendered":"https:\/\/macite.tg\/?p=11383"},"modified":"2023-12-27T15:42:57","modified_gmt":"2023-12-27T15:42:57","slug":"vie-de-star-mohamed-salah-au-coeur-dune-grosse-polemique","status":"publish","type":"post","link":"https:\/\/macite.tg\/?p=11383","title":{"rendered":"VIE DE STAR\u00a0: Mohamed Salah au c\u0153ur d\u2019une grosse pol\u00e9mique\u2026"},"content":{"rendered":"\n<p class=\"wp-block-paragraph\"><strong><em>Dejan Lovren vole au secours de son ancien co\u00e9quipier \u00e0 Liverpool. Le d\u00e9fenseur croate, aujourd\u2019hui joueur de l\u2019Olympique Lyonnais, a tenu \u00e0 prendre la parole sur les r\u00e9seaux sociaux pour d\u00e9fendre l\u2019attaquant des Reds. Ce dernier est au c\u0153ur d\u2019une pol\u00e9mique apr\u00e8s avoir affich\u00e9 une photo d\u2019un sapin sur ses r\u00e9seaux sociaux, accompagn\u00e9 de ce message :<\/em><\/strong><\/p>\n\n\n\n<p class=\"wp-block-paragraph\"><em>\u00ab No\u00ebl est un moment o\u00f9 les familles se r\u00e9unissent et c\u00e9l\u00e8brent.<\/em><\/p>\n\n\n<div class=\"wp-block-image\">\n<figure class=\"aligncenter size-large is-resized\"><img loading=\"lazy\" decoding=\"async\" src=\"https:\/\/macite.tg\/wp-content\/uploads\/2023\/12\/IMG-20231224-WA0140-1024x1024.jpg\" alt=\"\" class=\"wp-image-11352\" width=\"508\" height=\"508\" srcset=\"https:\/\/macite.tg\/wp-content\/uploads\/2023\/12\/IMG-20231224-WA0140-1024x1024.jpg 1024w, https:\/\/macite.tg\/wp-content\/uploads\/2023\/12\/IMG-20231224-WA0140-300x300.jpg 300w, https:\/\/macite.tg\/wp-content\/uploads\/2023\/12\/IMG-20231224-WA0140-150x150.jpg 150w, https:\/\/macite.tg\/wp-content\/uploads\/2023\/12\/IMG-20231224-WA0140-768x768.jpg 768w, https:\/\/macite.tg\/wp-content\/uploads\/2023\/12\/IMG-20231224-WA0140-122x122.jpg 122w, https:\/\/macite.tg\/wp-content\/uploads\/2023\/12\/IMG-20231224-WA0140.jpg 1134w\" sizes=\"auto, (max-width: 508px) 100vw, 508px\" \/><\/figure>\n<\/div>\n\n\n<p class=\"wp-block-paragraph\"><em>Avec la guerre brutale qui fait rage au Moyen-Orient, en particulier les morts et les destructions \u00e0 Gaza, cette ann\u00e9e, nous arrivons \u00e0 No\u00ebl le c\u0153ur tr\u00e8s lourd et nous partageons la douleur de ces familles qui pleurent la perte de leurs proches.<\/em><\/p>\n\n\n\n<p class=\"wp-block-paragraph\"><em>S\u2019il vous pla\u00eet, ne les oubliez pas et ne vous habituez pas \u00e0 leurs souffrances. Joyeux No\u00ebl \u00bb.<\/em><\/p>\n\n\n\n<p class=\"wp-block-paragraph\">Ce qui n\u2019est pas pass\u00e9 inaper\u00e7u pour certains fans de l\u2019Egyptien et ce dernier est donc au c\u0153ur d\u2019une pol\u00e9mique. Mais D\u00e9j\u00e0 Lovren a tenu \u00e0 d\u00e9fendre le joueur des Reds, assurant que ce dernier a un grand c\u0153ur et qu\u2019il sait ce qu\u2019il fait.<\/p>\n\n\n\n<p class=\"wp-block-paragraph\"><em>\u00ab Je savais que Mo (Salah) avait un bon c\u0153ur, mais le fait qu\u2019il se mette \u00e0 afficher un arbre de No\u00ebl dans sa maison montre \u00e0 quel point son c\u0153ur et son esprit sont ouverts \u00e0 chacun d\u2019entre vous, mes chers amis. Il montre de l\u2019amour et de l\u2019affection pour des gens qui n\u2019ont pas de famille dans des moments de guerre et de haine.<\/em><\/p>\n\n\n<div class=\"wp-block-image\">\n<figure class=\"aligncenter size-large is-resized\"><img loading=\"lazy\" decoding=\"async\" src=\"https:\/\/macite.tg\/wp-content\/uploads\/2023\/12\/GBps6MVW8AAmcgK-819x1024.jpg\" alt=\"\" class=\"wp-image-11215\" width=\"610\" height=\"763\" srcset=\"https:\/\/macite.tg\/wp-content\/uploads\/2023\/12\/GBps6MVW8AAmcgK-819x1024.jpg 819w, https:\/\/macite.tg\/wp-content\/uploads\/2023\/12\/GBps6MVW8AAmcgK-240x300.jpg 240w, https:\/\/macite.tg\/wp-content\/uploads\/2023\/12\/GBps6MVW8AAmcgK-768x960.jpg 768w, https:\/\/macite.tg\/wp-content\/uploads\/2023\/12\/GBps6MVW8AAmcgK.jpg 864w\" sizes=\"auto, (max-width: 610px) 100vw, 610px\" \/><\/figure>\n<\/div>\n\n\n<p class=\"wp-block-paragraph\"><em>Son amour et sa force le rendront toujours sp\u00e9cial, c\u2019est pourquoi Dieu l\u2019a b\u00e9ni. Il sait qu\u2019il fait ce qu\u2019il faut.<\/em><\/p>\n\n\n\n<p class=\"wp-block-paragraph\"><em>Ne le jugez donc pas. Au contraire, montrez-lui du respect. Que Dieu te b\u00e9nisse Mo \u00bb,<\/em> a ajout\u00e9 le joueur lyonnais.<\/p>\n\n\n\n<p class=\"wp-block-paragraph\"><strong>SeneNews<\/strong><\/p>\n\n\n\n<p class=\"wp-block-paragraph\"><a><strong><em>@macite.tg&nbsp;&nbsp;&nbsp;&nbsp;&nbsp;&nbsp;&nbsp;&nbsp;<\/em><\/strong><\/a><\/p>\n\n\n\n<p class=\"wp-block-paragraph\"><strong><em>E-mail&nbsp;: <\/em><\/strong><a href=\"mailto:maciteinfo@gmail.com\"><strong><em>maciteinfo@gmail.com<\/em><\/strong><\/a><strong><em>; <\/em><\/strong><a href=\"mailto:bawela1@gmail.com\"><strong><em>bawela1@gmail.com<\/em><\/strong><\/a><strong><em><\/em><\/strong><\/p>\n\n\n\n<p class=\"wp-block-paragraph\"><strong><em>Pour vos annonces, (publi)reportages, etc., joignez-nous au (00228)91515309\/<strong>79872224 <\/strong>www.macite.tg, L\u2019information, la bonne&nbsp;!<\/em><\/strong><\/p>\n","protected":false},"excerpt":{"rendered":"<p class=\"text-justify mb-2\" >Dejan Lovren vole au secours de son ancien co\u00e9quipier \u00e0 Liverpool. Le d\u00e9fenseur croate, aujourd\u2019hui joueur de l\u2019Olympique Lyonnais, a tenu \u00e0 prendre la parole sur les r\u00e9seaux sociaux pour d\u00e9fendre l\u2019attaquant des Reds. Ce dernier est au c\u0153ur d\u2019une pol\u00e9mique apr\u00e8s avoir affich\u00e9 une [&hellip;]<\/p>\n","protected":false},"author":2,"featured_media":11384,"comment_status":"open","ping_status":"open","sticky":false,"template":"","format":"standard","meta":{"footnotes":""},"categories":[20,11],"tags":[],"class_list":["post-11383","post","type-post","status-publish","format-standard","has-post-thumbnail","hentry","category-actualite","category-fait-divers"],"yoast_head":"<!-- This site is optimized with the Yoast SEO plugin v28.4 - https:\/\/yoast.com\/product\/yoast-seo-wordpress\/ -->\n<title>VIE DE STAR\u00a0: Mohamed Salah au c\u0153ur d\u2019une grosse pol\u00e9mique\u2026 -<\/title>\n<meta name=\"robots\" content=\"index, follow, max-snippet:-1, max-image-preview:large, max-video-preview:-1\" \/>\n<link rel=\"canonical\" href=\"https:\/\/macite.tg\/?p=11383\" \/>\n<meta property=\"og:locale\" content=\"fr_FR\" \/>\n<meta property=\"og:type\" content=\"article\" \/>\n<meta property=\"og:title\" content=\"VIE DE STAR\u00a0: Mohamed Salah au c\u0153ur d\u2019une grosse pol\u00e9mique\u2026 -\" \/>\n<meta property=\"og:description\" content=\"Dejan Lovren vole au secours de son ancien co\u00e9quipier \u00e0 Liverpool. Le d\u00e9fenseur croate, aujourd\u2019hui joueur de l\u2019Olympique Lyonnais, a tenu \u00e0 prendre la parole sur les r\u00e9seaux sociaux pour d\u00e9fendre l\u2019attaquant des Reds. Ce dernier est au c\u0153ur d\u2019une pol\u00e9mique apr\u00e8s avoir affich\u00e9 une [&hellip;]\" \/>\n<meta property=\"og:url\" content=\"https:\/\/macite.tg\/?p=11383\" \/>\n<meta property=\"article:published_time\" content=\"2023-12-27T15:42:56+00:00\" \/>\n<meta property=\"article:modified_time\" content=\"2023-12-27T15:42:57+00:00\" \/>\n<meta property=\"og:image\" content=\"https:\/\/macite.tg\/wp-content\/uploads\/2023\/12\/image-60.png\" \/>\n\t<meta property=\"og:image:width\" content=\"696\" \/>\n\t<meta property=\"og:image:height\" content=\"464\" \/>\n\t<meta property=\"og:image:type\" content=\"image\/png\" \/>\n<meta name=\"author\" content=\"Jean Pierre BAWELA\" \/>\n<meta name=\"twitter:card\" content=\"summary_large_image\" \/>\n<meta name=\"twitter:label1\" content=\"\u00c9crit par\" \/>\n\t<meta name=\"twitter:data1\" content=\"Jean Pierre BAWELA\" \/>\n\t<meta name=\"twitter:label2\" content=\"Dur\u00e9e de lecture estim\u00e9e\" \/>\n\t<meta name=\"twitter:data2\" content=\"2 minutes\" \/>\n<script type=\"application\/ld+json\" class=\"yoast-schema-graph\">{\"@context\":\"https:\\\/\\\/schema.org\",\"@graph\":[{\"@type\":\"Article\",\"@id\":\"https:\\\/\\\/macite.tg\\\/?p=11383#article\",\"isPartOf\":{\"@id\":\"https:\\\/\\\/macite.tg\\\/?p=11383\"},\"author\":{\"name\":\"Jean Pierre BAWELA\",\"@id\":\"https:\\\/\\\/macite.tg\\\/#\\\/schema\\\/person\\\/e9f2de7e5dbbe7770a9402c7ce82f5c2\"},\"headline\":\"VIE DE STAR\u00a0: Mohamed Salah au c\u0153ur d\u2019une grosse pol\u00e9mique\u2026\",\"datePublished\":\"2023-12-27T15:42:56+00:00\",\"dateModified\":\"2023-12-27T15:42:57+00:00\",\"mainEntityOfPage\":{\"@id\":\"https:\\\/\\\/macite.tg\\\/?p=11383\"},\"wordCount\":367,\"commentCount\":0,\"image\":{\"@id\":\"https:\\\/\\\/macite.tg\\\/?p=11383#primaryimage\"},\"thumbnailUrl\":\"https:\\\/\\\/macite.tg\\\/wp-content\\\/uploads\\\/2023\\\/12\\\/image-60.png\",\"articleSection\":[\"ACTUALITE\",\"FAIT DIVERS\"],\"inLanguage\":\"fr-FR\",\"potentialAction\":[{\"@type\":\"CommentAction\",\"name\":\"Comment\",\"target\":[\"https:\\\/\\\/macite.tg\\\/?p=11383#respond\"]}]},{\"@type\":\"WebPage\",\"@id\":\"https:\\\/\\\/macite.tg\\\/?p=11383\",\"url\":\"https:\\\/\\\/macite.tg\\\/?p=11383\",\"name\":\"VIE DE STAR\u00a0: Mohamed Salah au c\u0153ur d\u2019une grosse pol\u00e9mique\u2026 -\",\"isPartOf\":{\"@id\":\"https:\\\/\\\/macite.tg\\\/#website\"},\"primaryImageOfPage\":{\"@id\":\"https:\\\/\\\/macite.tg\\\/?p=11383#primaryimage\"},\"image\":{\"@id\":\"https:\\\/\\\/macite.tg\\\/?p=11383#primaryimage\"},\"thumbnailUrl\":\"https:\\\/\\\/macite.tg\\\/wp-content\\\/uploads\\\/2023\\\/12\\\/image-60.png\",\"datePublished\":\"2023-12-27T15:42:56+00:00\",\"dateModified\":\"2023-12-27T15:42:57+00:00\",\"author\":{\"@id\":\"https:\\\/\\\/macite.tg\\\/#\\\/schema\\\/person\\\/e9f2de7e5dbbe7770a9402c7ce82f5c2\"},\"breadcrumb\":{\"@id\":\"https:\\\/\\\/macite.tg\\\/?p=11383#breadcrumb\"},\"inLanguage\":\"fr-FR\",\"potentialAction\":[{\"@type\":\"ReadAction\",\"target\":[\"https:\\\/\\\/macite.tg\\\/?p=11383\"]}]},{\"@type\":\"ImageObject\",\"inLanguage\":\"fr-FR\",\"@id\":\"https:\\\/\\\/macite.tg\\\/?p=11383#primaryimage\",\"url\":\"https:\\\/\\\/macite.tg\\\/wp-content\\\/uploads\\\/2023\\\/12\\\/image-60.png\",\"contentUrl\":\"https:\\\/\\\/macite.tg\\\/wp-content\\\/uploads\\\/2023\\\/12\\\/image-60.png\",\"width\":696,\"height\":464},{\"@type\":\"BreadcrumbList\",\"@id\":\"https:\\\/\\\/macite.tg\\\/?p=11383#breadcrumb\",\"itemListElement\":[{\"@type\":\"ListItem\",\"position\":1,\"name\":\"Accueil\",\"item\":\"https:\\\/\\\/macite.tg\\\/\"},{\"@type\":\"ListItem\",\"position\":2,\"name\":\"VIE DE STAR\u00a0: Mohamed Salah au c\u0153ur d\u2019une grosse pol\u00e9mique\u2026\"}]},{\"@type\":\"WebSite\",\"@id\":\"https:\\\/\\\/macite.tg\\\/#website\",\"url\":\"https:\\\/\\\/macite.tg\\\/\",\"name\":\"\",\"description\":\"L&#039;information, la bonne!!!\",\"potentialAction\":[{\"@type\":\"SearchAction\",\"target\":{\"@type\":\"EntryPoint\",\"urlTemplate\":\"https:\\\/\\\/macite.tg\\\/?s={search_term_string}\"},\"query-input\":{\"@type\":\"PropertyValueSpecification\",\"valueRequired\":true,\"valueName\":\"search_term_string\"}}],\"inLanguage\":\"fr-FR\"},{\"@type\":\"Person\",\"@id\":\"https:\\\/\\\/macite.tg\\\/#\\\/schema\\\/person\\\/e9f2de7e5dbbe7770a9402c7ce82f5c2\",\"name\":\"Jean Pierre BAWELA\",\"image\":{\"@type\":\"ImageObject\",\"inLanguage\":\"fr-FR\",\"@id\":\"https:\\\/\\\/macite.tg\\\/wp-content\\\/uploads\\\/2023\\\/09\\\/WhatsApp-Image-2023-09-19-at-14.44.41-122x122.jpeg\",\"url\":\"https:\\\/\\\/macite.tg\\\/wp-content\\\/uploads\\\/2023\\\/09\\\/WhatsApp-Image-2023-09-19-at-14.44.41-122x122.jpeg\",\"contentUrl\":\"https:\\\/\\\/macite.tg\\\/wp-content\\\/uploads\\\/2023\\\/09\\\/WhatsApp-Image-2023-09-19-at-14.44.41-122x122.jpeg\",\"caption\":\"Jean Pierre BAWELA\"},\"url\":\"https:\\\/\\\/macite.tg\\\/?author=2\"}]}<\/script>\n<!-- \/ Yoast SEO plugin. -->","yoast_head_json":{"title":"VIE DE STAR\u00a0: Mohamed Salah au c\u0153ur d\u2019une grosse pol\u00e9mique\u2026 -","robots":{"index":"index","follow":"follow","max-snippet":"max-snippet:-1","max-image-preview":"max-image-preview:large","max-video-preview":"max-video-preview:-1"},"canonical":"https:\/\/macite.tg\/?p=11383","og_locale":"fr_FR","og_type":"article","og_title":"VIE DE STAR\u00a0: Mohamed Salah au c\u0153ur d\u2019une grosse pol\u00e9mique\u2026 -","og_description":"Dejan Lovren vole au secours de son ancien co\u00e9quipier \u00e0 Liverpool. Le d\u00e9fenseur croate, aujourd\u2019hui joueur de l\u2019Olympique Lyonnais, a tenu \u00e0 prendre la parole sur les r\u00e9seaux sociaux pour d\u00e9fendre l\u2019attaquant des Reds. Ce dernier est au c\u0153ur d\u2019une pol\u00e9mique apr\u00e8s avoir affich\u00e9 une [&hellip;]","og_url":"https:\/\/macite.tg\/?p=11383","article_published_time":"2023-12-27T15:42:56+00:00","article_modified_time":"2023-12-27T15:42:57+00:00","og_image":[{"width":696,"height":464,"url":"https:\/\/macite.tg\/wp-content\/uploads\/2023\/12\/image-60.png","type":"image\/png"}],"author":"Jean Pierre BAWELA","twitter_card":"summary_large_image","twitter_misc":{"\u00c9crit par":"Jean Pierre BAWELA","Dur\u00e9e de lecture estim\u00e9e":"2 minutes"},"schema":{"@context":"https:\/\/schema.org","@graph":[{"@type":"Article","@id":"https:\/\/macite.tg\/?p=11383#article","isPartOf":{"@id":"https:\/\/macite.tg\/?p=11383"},"author":{"name":"Jean Pierre BAWELA","@id":"https:\/\/macite.tg\/#\/schema\/person\/e9f2de7e5dbbe7770a9402c7ce82f5c2"},"headline":"VIE DE STAR\u00a0: Mohamed Salah au c\u0153ur d\u2019une grosse pol\u00e9mique\u2026","datePublished":"2023-12-27T15:42:56+00:00","dateModified":"2023-12-27T15:42:57+00:00","mainEntityOfPage":{"@id":"https:\/\/macite.tg\/?p=11383"},"wordCount":367,"commentCount":0,"image":{"@id":"https:\/\/macite.tg\/?p=11383#primaryimage"},"thumbnailUrl":"https:\/\/macite.tg\/wp-content\/uploads\/2023\/12\/image-60.png","articleSection":["ACTUALITE","FAIT DIVERS"],"inLanguage":"fr-FR","potentialAction":[{"@type":"CommentAction","name":"Comment","target":["https:\/\/macite.tg\/?p=11383#respond"]}]},{"@type":"WebPage","@id":"https:\/\/macite.tg\/?p=11383","url":"https:\/\/macite.tg\/?p=11383","name":"VIE DE STAR\u00a0: Mohamed Salah au c\u0153ur d\u2019une grosse pol\u00e9mique\u2026 -","isPartOf":{"@id":"https:\/\/macite.tg\/#website"},"primaryImageOfPage":{"@id":"https:\/\/macite.tg\/?p=11383#primaryimage"},"image":{"@id":"https:\/\/macite.tg\/?p=11383#primaryimage"},"thumbnailUrl":"https:\/\/macite.tg\/wp-content\/uploads\/2023\/12\/image-60.png","datePublished":"2023-12-27T15:42:56+00:00","dateModified":"2023-12-27T15:42:57+00:00","author":{"@id":"https:\/\/macite.tg\/#\/schema\/person\/e9f2de7e5dbbe7770a9402c7ce82f5c2"},"breadcrumb":{"@id":"https:\/\/macite.tg\/?p=11383#breadcrumb"},"inLanguage":"fr-FR","potentialAction":[{"@type":"ReadAction","target":["https:\/\/macite.tg\/?p=11383"]}]},{"@type":"ImageObject","inLanguage":"fr-FR","@id":"https:\/\/macite.tg\/?p=11383#primaryimage","url":"https:\/\/macite.tg\/wp-content\/uploads\/2023\/12\/image-60.png","contentUrl":"https:\/\/macite.tg\/wp-content\/uploads\/2023\/12\/image-60.png","width":696,"height":464},{"@type":"BreadcrumbList","@id":"https:\/\/macite.tg\/?p=11383#breadcrumb","itemListElement":[{"@type":"ListItem","position":1,"name":"Accueil","item":"https:\/\/macite.tg\/"},{"@type":"ListItem","position":2,"name":"VIE DE STAR\u00a0: Mohamed Salah au c\u0153ur d\u2019une grosse pol\u00e9mique\u2026"}]},{"@type":"WebSite","@id":"https:\/\/macite.tg\/#website","url":"https:\/\/macite.tg\/","name":"","description":"L&#039;information, la bonne!!!","potentialAction":[{"@type":"SearchAction","target":{"@type":"EntryPoint","urlTemplate":"https:\/\/macite.tg\/?s={search_term_string}"},"query-input":{"@type":"PropertyValueSpecification","valueRequired":true,"valueName":"search_term_string"}}],"inLanguage":"fr-FR"},{"@type":"Person","@id":"https:\/\/macite.tg\/#\/schema\/person\/e9f2de7e5dbbe7770a9402c7ce82f5c2","name":"Jean Pierre BAWELA","image":{"@type":"ImageObject","inLanguage":"fr-FR","@id":"https:\/\/macite.tg\/wp-content\/uploads\/2023\/09\/WhatsApp-Image-2023-09-19-at-14.44.41-122x122.jpeg","url":"https:\/\/macite.tg\/wp-content\/uploads\/2023\/09\/WhatsApp-Image-2023-09-19-at-14.44.41-122x122.jpeg","contentUrl":"https:\/\/macite.tg\/wp-content\/uploads\/2023\/09\/WhatsApp-Image-2023-09-19-at-14.44.41-122x122.jpeg","caption":"Jean Pierre BAWELA"},"url":"https:\/\/macite.tg\/?author=2"}]}},"_links":{"self":[{"href":"https:\/\/macite.tg\/index.php?rest_route=\/wp\/v2\/posts\/11383","targetHints":{"allow":["GET"]}}],"collection":[{"href":"https:\/\/macite.tg\/index.php?rest_route=\/wp\/v2\/posts"}],"about":[{"href":"https:\/\/macite.tg\/index.php?rest_route=\/wp\/v2\/types\/post"}],"author":[{"embeddable":true,"href":"https:\/\/macite.tg\/index.php?rest_route=\/wp\/v2\/users\/2"}],"replies":[{"embeddable":true,"href":"https:\/\/macite.tg\/index.php?rest_route=%2Fwp%2Fv2%2Fcomments&post=11383"}],"version-history":[{"count":0,"href":"https:\/\/macite.tg\/index.php?rest_route=\/wp\/v2\/posts\/11383\/revisions"}],"wp:featuredmedia":[{"embeddable":true,"href":"https:\/\/macite.tg\/index.php?rest_route=\/wp\/v2\/media\/11384"}],"wp:attachment":[{"href":"https:\/\/macite.tg\/index.php?rest_route=%2Fwp%2Fv2%2Fmedia&parent=11383"}],"wp:term":[{"taxonomy":"category","embeddable":true,"href":"https:\/\/macite.tg\/index.php?rest_route=%2Fwp%2Fv2%2Fcategories&post=11383"},{"taxonomy":"post_tag","embeddable":true,"href":"https:\/\/macite.tg\/index.php?rest_route=%2Fwp%2Fv2%2Ftags&post=11383"}],"curies":[{"name":"wp","href":"https:\/\/api.w.org\/{rel}","templated":true}]}}