{"id":11375,"date":"2023-12-27T14:52:26","date_gmt":"2023-12-27T14:52:26","guid":{"rendered":"https:\/\/macite.tg\/?p=11375"},"modified":"2023-12-27T14:52:27","modified_gmt":"2023-12-27T14:52:27","slug":"fifa-les-equipes-nationales-et-clubs-du-bresil-menaces-dexclusion-des-competitions-internationales-si","status":"publish","type":"post","link":"https:\/\/macite.tg\/?p=11375","title":{"rendered":"FIFA\u00a0: Les \u00e9quipes nationales et clubs du Br\u00e9sil menac\u00e9s d\u2019exclusion des comp\u00e9titions internationales si\u2026"},"content":{"rendered":"\n<h1 class=\"wp-block-heading\"><i class=\"fas fa-pencil-alt\"> <\/i><span><\/h1>\n\n\n\n<p class=\"wp-block-paragraph\"><strong><em>La Fifa a averti la Conf\u00e9d\u00e9ration br\u00e9silienne de football (Cbf) qu\u2019elle pourrait suspendre les \u00e9quipes nationales et les clubs du pays des comp\u00e9titions internationales si une intervention de l\u2019instance de football n\u2019aboutit pas \u00e0 l\u2019\u00e9lection d\u2019un nouveau pr\u00e9sident en janvier 2024.<\/em><\/strong><\/p>\n\n\n\n<p class=\"wp-block-paragraph\">La Fifa a d\u00e9clar\u00e9 dans une lettre adress\u00e9e \u00e0 l\u2019instance de football br\u00e9silienne que la Cbf pourrait \u00eatre suspendue si elle n\u2019organisait pas rapidement des \u00e9lections pour remplacer Ednaldo Rodrigues \u00e0 la pr\u00e9sidence de l\u2019instance.<\/p>\n\n\n\n<p class=\"wp-block-paragraph\">Un tribunal de Rio de Janeiro a d\u00e9mis Rodrigues et tous ses membres nomm\u00e9s \u00e0 la Cbf le 7 d\u00e9cembre en raison d\u2019irr\u00e9gularit\u00e9s dans son \u00e9lection l\u2019ann\u00e9e derni\u00e8re. Les deux plus hautes juridictions du Br\u00e9sil ont confirm\u00e9 cette d\u00e9cision la semaine derni\u00e8re. Le jugement du tribunal de Rio a \u00e9galement d\u00e9sign\u00e9 Jos\u00e9 Perdiz, pr\u00e9sident du plus haut tribunal sportif du Br\u00e9sil, comme intervenant pour organiser de nouvelles \u00e9lections pr\u00e9sidentielles dans un d\u00e9lai de 30 jours ouvrables.<\/p>\n\n\n<div class=\"wp-block-image\">\n<figure class=\"aligncenter size-large is-resized\"><img loading=\"lazy\" decoding=\"async\" src=\"https:\/\/macite.tg\/wp-content\/uploads\/2023\/12\/IMG-20231224-WA0140-1024x1024.jpg\" alt=\"\" class=\"wp-image-11352\" width=\"523\" height=\"523\" srcset=\"https:\/\/macite.tg\/wp-content\/uploads\/2023\/12\/IMG-20231224-WA0140-1024x1024.jpg 1024w, https:\/\/macite.tg\/wp-content\/uploads\/2023\/12\/IMG-20231224-WA0140-300x300.jpg 300w, https:\/\/macite.tg\/wp-content\/uploads\/2023\/12\/IMG-20231224-WA0140-150x150.jpg 150w, https:\/\/macite.tg\/wp-content\/uploads\/2023\/12\/IMG-20231224-WA0140-768x768.jpg 768w, https:\/\/macite.tg\/wp-content\/uploads\/2023\/12\/IMG-20231224-WA0140-122x122.jpg 122w, https:\/\/macite.tg\/wp-content\/uploads\/2023\/12\/IMG-20231224-WA0140.jpg 1134w\" sizes=\"auto, (max-width: 523px) 100vw, 523px\" \/><\/figure>\n<\/div>\n\n\n<p class=\"wp-block-paragraph\">La Fifa a d\u00e9clar\u00e9 dans des lettres pr\u00e9c\u00e9dentes \u00e0 la Cbf qu\u2019elle consid\u00e9rait cette intervention comme injustifi\u00e9e. La lettre a \u00e9t\u00e9 sign\u00e9e par Kenny Jean-Marie de la FIFA, responsable de l\u2019association des membres de la Fifa, et par le secr\u00e9taire g\u00e9n\u00e9ral adjoint de la Conmebol, Monserrat Jim\u00e9nez Garcia. La Fifa et la Conmebol, l\u2019organisme sud-am\u00e9ricain de football, ont \u00e9galement indiqu\u00e9 dans la lettre qu\u2019elles formeraient une commission pour discuter de la question au Br\u00e9sil le 8 janvier.<\/p>\n\n\n\n<p class=\"wp-block-paragraph\">La FIFA, l\u2019instance dirigeante du football, a toujours rejet\u00e9 l\u2019ing\u00e9rence du gouvernement et de tiers dans ses associations membres, ce qui pourrait finalement exclure le Br\u00e9sil, quintuple vainqueur de la Coupe du monde, des comp\u00e9titions majeures jusqu\u2019\u00e0 ce que la crise soit r\u00e9solue.<\/p>\n\n\n\n<p class=\"wp-block-paragraph\"><em>\u00ab La Fifa et la Conmebol tiennent \u00e0 souligner fortement que, jusqu\u2019\u00e0 ce qu\u2019une telle mission ait lieu, aucune d\u00e9cision affectant la Cbf, y compris des \u00e9lections ou un appel \u00e0 des \u00e9lections, ne sera prise. Si cela n\u2019est pas respect\u00e9, la Fifa n\u2019aura d\u2019autre choix que de soumettre l\u2019affaire \u00e0 son organe d\u00e9cisionnel comp\u00e9tent pour examen et d\u00e9cision, qui pourrait \u00e9galement inclure une suspension \u00bb,<\/em> indique la lettre.<\/p>\n\n\n\n<p class=\"wp-block-paragraph\"><em>\u00ab Dans un souci de bon ordre, nous tenons \u00e9galement \u00e0 souligner que si la Cbf \u00e9tait finalement suspendue par l\u2019organe comp\u00e9tent de la Fifa, elle perdrait tous ses droits de membre avec effet imm\u00e9diat et jusqu\u2019\u00e0 ce que la suspension soit lev\u00e9e par la Fifa. Cela signifierait \u00e9galement que les \u00e9quipes repr\u00e9sentatives et les clubs de la Cbf ne seraient plus autoris\u00e9s \u00e0 participer \u00e0 une comp\u00e9tition internationale tant que celle-ci est suspendue&nbsp;\u00bb,<\/em> ajoute le texte.<\/p>\n\n\n<div class=\"wp-block-image\">\n<figure class=\"aligncenter size-large is-resized\"><img loading=\"lazy\" decoding=\"async\" src=\"https:\/\/macite.tg\/wp-content\/uploads\/2023\/12\/GBps6MVW8AAmcgK-819x1024.jpg\" alt=\"\" class=\"wp-image-11215\" width=\"583\" height=\"729\" srcset=\"https:\/\/macite.tg\/wp-content\/uploads\/2023\/12\/GBps6MVW8AAmcgK-819x1024.jpg 819w, https:\/\/macite.tg\/wp-content\/uploads\/2023\/12\/GBps6MVW8AAmcgK-240x300.jpg 240w, https:\/\/macite.tg\/wp-content\/uploads\/2023\/12\/GBps6MVW8AAmcgK-768x960.jpg 768w, https:\/\/macite.tg\/wp-content\/uploads\/2023\/12\/GBps6MVW8AAmcgK.jpg 864w\" sizes=\"auto, (max-width: 583px) 100vw, 583px\" \/><\/figure>\n<\/div>\n\n\n<p class=\"wp-block-paragraph\">Le document pr\u00e9cise \u00e9galement que toute ing\u00e9rence irr\u00e9guli\u00e8re dans ses associations membres \u00ab peut entra\u00eener des sanctions telles que pr\u00e9vues par les Statuts de la Fifa, y compris une suspension, et ce m\u00eame si l\u2019influence de tiers n\u2019\u00e9tait\/n\u2019est pas la faute de l\u2019association membre concern\u00e9e. \u00bb<\/p>\n\n\n\n<p class=\"wp-block-paragraph\">Perdiz a d\u00e9clar\u00e9 dans un communiqu\u00e9 qu\u2019il consid\u00e9rait la lettre de la Fifa <em>\u00ab&nbsp;comme un signe positif&nbsp;\u00bb.<\/em> Il a \u00e9galement ajout\u00e9 <em>qu\u2019il \u00ab convoquerait des \u00e9lections dans les d\u00e9lais fix\u00e9s, avec la transparence et l\u2019int\u00e9grit\u00e9 exig\u00e9es \u00bb.<\/em><\/p>\n\n\n\n<p class=\"wp-block-paragraph\">Rodrigues a pris ses fonctions de pr\u00e9sident par int\u00e9rim pour la premi\u00e8re fois en 2021 apr\u00e8s la suspension de son pr\u00e9d\u00e9cesseur Rog\u00e9rio Caboclo. Les m\u00e9dias locaux ont rapport\u00e9 qu\u2019il \u00e9tait actuellement en n\u00e9gociations avec d\u2019autres dirigeants du football br\u00e9silien, soit pour se pr\u00e9senter \u00e0 nouveau \u00e0 la pr\u00e9sidence lors de nouvelles \u00e9lections, soit pour soutenir un autre candidat.<\/p>\n\n\n\n<p class=\"wp-block-paragraph\"><strong>MSN<\/strong><\/p>\n\n\n\n<p class=\"wp-block-paragraph\"><strong><em>@macite.tg&nbsp;&nbsp;&nbsp;&nbsp;&nbsp;&nbsp;&nbsp;&nbsp;<\/em><\/strong><\/p>\n\n\n\n<p class=\"wp-block-paragraph\"><strong><em>E-mail&nbsp;: <\/em><\/strong><a href=\"mailto:maciteinfo@gmail.com\"><strong><em>maciteinfo@gmail.com<\/em><\/strong><\/a><strong><em>; <\/em><\/strong><a href=\"mailto:bawela1@gmail.com\"><strong><em>bawela1@gmail.com<\/em><\/strong><\/a><strong><em><\/em><\/strong><\/p>\n\n\n\n<p class=\"wp-block-paragraph\"><strong><em>Pour vos annonces, (publi)reportages, etc., joignez-nous au (00228)91515309\/<strong>79872224 <\/strong>www.macite.tg, L\u2019information, la bonne&nbsp;!<\/em><\/strong><\/p>\n\n\n\n<figure class=\"wp-block-image size-full\"><img loading=\"lazy\" decoding=\"async\" width=\"534\" height=\"300\" src=\"https:\/\/macite.tg\/wp-content\/uploads\/2023\/12\/image-59.png\" alt=\"\" class=\"wp-image-11377\" srcset=\"https:\/\/macite.tg\/wp-content\/uploads\/2023\/12\/image-59.png 534w, https:\/\/macite.tg\/wp-content\/uploads\/2023\/12\/image-59-300x169.png 300w\" sizes=\"auto, (max-width: 534px) 100vw, 534px\" \/><\/figure>\n","protected":false},"excerpt":{"rendered":"<p class=\"text-justify mb-2\" >La Fifa a averti la Conf\u00e9d\u00e9ration br\u00e9silienne de football (Cbf) qu\u2019elle pourrait suspendre les \u00e9quipes nationales et les clubs du pays des comp\u00e9titions internationales si une intervention de l\u2019instance de football n\u2019aboutit pas \u00e0 l\u2019\u00e9lection d\u2019un nouveau pr\u00e9sident en janvier 2024. La Fifa a d\u00e9clar\u00e9 [&hellip;]<\/p>\n","protected":false},"author":2,"featured_media":11377,"comment_status":"open","ping_status":"open","sticky":false,"template":"","format":"standard","meta":{"footnotes":""},"categories":[20,7],"tags":[],"class_list":["post-11375","post","type-post","status-publish","format-standard","has-post-thumbnail","hentry","category-actualite","category-sports"],"yoast_head":"<!-- This site is optimized with the Yoast SEO plugin v28.4 - https:\/\/yoast.com\/product\/yoast-seo-wordpress\/ -->\n<title>FIFA\u00a0: Les \u00e9quipes nationales et clubs du Br\u00e9sil menac\u00e9s d\u2019exclusion des comp\u00e9titions internationales si\u2026 -<\/title>\n<meta name=\"robots\" content=\"index, follow, max-snippet:-1, max-image-preview:large, max-video-preview:-1\" \/>\n<link rel=\"canonical\" href=\"https:\/\/macite.tg\/?p=11375\" \/>\n<meta property=\"og:locale\" content=\"fr_FR\" \/>\n<meta property=\"og:type\" content=\"article\" \/>\n<meta property=\"og:title\" content=\"FIFA\u00a0: Les \u00e9quipes nationales et clubs du Br\u00e9sil menac\u00e9s d\u2019exclusion des comp\u00e9titions internationales si\u2026 -\" \/>\n<meta property=\"og:description\" content=\"La Fifa a averti la Conf\u00e9d\u00e9ration br\u00e9silienne de football (Cbf) qu\u2019elle pourrait suspendre les \u00e9quipes nationales et les clubs du pays des comp\u00e9titions internationales si une intervention de l\u2019instance de football n\u2019aboutit pas \u00e0 l\u2019\u00e9lection d\u2019un nouveau pr\u00e9sident en janvier 2024. La Fifa a d\u00e9clar\u00e9 [&hellip;]\" \/>\n<meta property=\"og:url\" content=\"https:\/\/macite.tg\/?p=11375\" \/>\n<meta property=\"article:published_time\" content=\"2023-12-27T14:52:26+00:00\" \/>\n<meta property=\"article:modified_time\" content=\"2023-12-27T14:52:27+00:00\" \/>\n<meta property=\"og:image\" content=\"https:\/\/macite.tg\/wp-content\/uploads\/2023\/12\/image-59.png\" \/>\n\t<meta property=\"og:image:width\" content=\"534\" \/>\n\t<meta property=\"og:image:height\" content=\"300\" \/>\n\t<meta property=\"og:image:type\" content=\"image\/png\" \/>\n<meta name=\"author\" content=\"Jean Pierre BAWELA\" \/>\n<meta name=\"twitter:card\" content=\"summary_large_image\" \/>\n<meta name=\"twitter:label1\" content=\"\u00c9crit par\" \/>\n\t<meta name=\"twitter:data1\" content=\"Jean Pierre BAWELA\" \/>\n\t<meta name=\"twitter:label2\" content=\"Dur\u00e9e de lecture estim\u00e9e\" \/>\n\t<meta name=\"twitter:data2\" content=\"3 minutes\" \/>\n<script type=\"application\/ld+json\" class=\"yoast-schema-graph\">{\"@context\":\"https:\\\/\\\/schema.org\",\"@graph\":[{\"@type\":\"Article\",\"@id\":\"https:\\\/\\\/macite.tg\\\/?p=11375#article\",\"isPartOf\":{\"@id\":\"https:\\\/\\\/macite.tg\\\/?p=11375\"},\"author\":{\"name\":\"Jean Pierre BAWELA\",\"@id\":\"https:\\\/\\\/macite.tg\\\/#\\\/schema\\\/person\\\/e9f2de7e5dbbe7770a9402c7ce82f5c2\"},\"headline\":\"FIFA\u00a0: Les \u00e9quipes nationales et clubs du Br\u00e9sil menac\u00e9s d\u2019exclusion des comp\u00e9titions internationales si\u2026\",\"datePublished\":\"2023-12-27T14:52:26+00:00\",\"dateModified\":\"2023-12-27T14:52:27+00:00\",\"mainEntityOfPage\":{\"@id\":\"https:\\\/\\\/macite.tg\\\/?p=11375\"},\"wordCount\":698,\"commentCount\":0,\"image\":{\"@id\":\"https:\\\/\\\/macite.tg\\\/?p=11375#primaryimage\"},\"thumbnailUrl\":\"https:\\\/\\\/macite.tg\\\/wp-content\\\/uploads\\\/2023\\\/12\\\/image-59.png\",\"articleSection\":[\"ACTUALITE\",\"SPORTS\"],\"inLanguage\":\"fr-FR\",\"potentialAction\":[{\"@type\":\"CommentAction\",\"name\":\"Comment\",\"target\":[\"https:\\\/\\\/macite.tg\\\/?p=11375#respond\"]}]},{\"@type\":\"WebPage\",\"@id\":\"https:\\\/\\\/macite.tg\\\/?p=11375\",\"url\":\"https:\\\/\\\/macite.tg\\\/?p=11375\",\"name\":\"FIFA\u00a0: Les \u00e9quipes nationales et clubs du Br\u00e9sil menac\u00e9s d\u2019exclusion des comp\u00e9titions internationales si\u2026 -\",\"isPartOf\":{\"@id\":\"https:\\\/\\\/macite.tg\\\/#website\"},\"primaryImageOfPage\":{\"@id\":\"https:\\\/\\\/macite.tg\\\/?p=11375#primaryimage\"},\"image\":{\"@id\":\"https:\\\/\\\/macite.tg\\\/?p=11375#primaryimage\"},\"thumbnailUrl\":\"https:\\\/\\\/macite.tg\\\/wp-content\\\/uploads\\\/2023\\\/12\\\/image-59.png\",\"datePublished\":\"2023-12-27T14:52:26+00:00\",\"dateModified\":\"2023-12-27T14:52:27+00:00\",\"author\":{\"@id\":\"https:\\\/\\\/macite.tg\\\/#\\\/schema\\\/person\\\/e9f2de7e5dbbe7770a9402c7ce82f5c2\"},\"breadcrumb\":{\"@id\":\"https:\\\/\\\/macite.tg\\\/?p=11375#breadcrumb\"},\"inLanguage\":\"fr-FR\",\"potentialAction\":[{\"@type\":\"ReadAction\",\"target\":[\"https:\\\/\\\/macite.tg\\\/?p=11375\"]}]},{\"@type\":\"ImageObject\",\"inLanguage\":\"fr-FR\",\"@id\":\"https:\\\/\\\/macite.tg\\\/?p=11375#primaryimage\",\"url\":\"https:\\\/\\\/macite.tg\\\/wp-content\\\/uploads\\\/2023\\\/12\\\/image-59.png\",\"contentUrl\":\"https:\\\/\\\/macite.tg\\\/wp-content\\\/uploads\\\/2023\\\/12\\\/image-59.png\",\"width\":534,\"height\":300},{\"@type\":\"BreadcrumbList\",\"@id\":\"https:\\\/\\\/macite.tg\\\/?p=11375#breadcrumb\",\"itemListElement\":[{\"@type\":\"ListItem\",\"position\":1,\"name\":\"Accueil\",\"item\":\"https:\\\/\\\/macite.tg\\\/\"},{\"@type\":\"ListItem\",\"position\":2,\"name\":\"FIFA\u00a0: Les \u00e9quipes nationales et clubs du Br\u00e9sil menac\u00e9s d\u2019exclusion des comp\u00e9titions internationales si\u2026\"}]},{\"@type\":\"WebSite\",\"@id\":\"https:\\\/\\\/macite.tg\\\/#website\",\"url\":\"https:\\\/\\\/macite.tg\\\/\",\"name\":\"\",\"description\":\"L&#039;information, la bonne!!!\",\"potentialAction\":[{\"@type\":\"SearchAction\",\"target\":{\"@type\":\"EntryPoint\",\"urlTemplate\":\"https:\\\/\\\/macite.tg\\\/?s={search_term_string}\"},\"query-input\":{\"@type\":\"PropertyValueSpecification\",\"valueRequired\":true,\"valueName\":\"search_term_string\"}}],\"inLanguage\":\"fr-FR\"},{\"@type\":\"Person\",\"@id\":\"https:\\\/\\\/macite.tg\\\/#\\\/schema\\\/person\\\/e9f2de7e5dbbe7770a9402c7ce82f5c2\",\"name\":\"Jean Pierre BAWELA\",\"image\":{\"@type\":\"ImageObject\",\"inLanguage\":\"fr-FR\",\"@id\":\"https:\\\/\\\/macite.tg\\\/wp-content\\\/uploads\\\/2023\\\/09\\\/WhatsApp-Image-2023-09-19-at-14.44.41-122x122.jpeg\",\"url\":\"https:\\\/\\\/macite.tg\\\/wp-content\\\/uploads\\\/2023\\\/09\\\/WhatsApp-Image-2023-09-19-at-14.44.41-122x122.jpeg\",\"contentUrl\":\"https:\\\/\\\/macite.tg\\\/wp-content\\\/uploads\\\/2023\\\/09\\\/WhatsApp-Image-2023-09-19-at-14.44.41-122x122.jpeg\",\"caption\":\"Jean Pierre BAWELA\"},\"url\":\"https:\\\/\\\/macite.tg\\\/?author=2\"}]}<\/script>\n<!-- \/ Yoast SEO plugin. -->","yoast_head_json":{"title":"FIFA\u00a0: Les \u00e9quipes nationales et clubs du Br\u00e9sil menac\u00e9s d\u2019exclusion des comp\u00e9titions internationales si\u2026 -","robots":{"index":"index","follow":"follow","max-snippet":"max-snippet:-1","max-image-preview":"max-image-preview:large","max-video-preview":"max-video-preview:-1"},"canonical":"https:\/\/macite.tg\/?p=11375","og_locale":"fr_FR","og_type":"article","og_title":"FIFA\u00a0: Les \u00e9quipes nationales et clubs du Br\u00e9sil menac\u00e9s d\u2019exclusion des comp\u00e9titions internationales si\u2026 -","og_description":"La Fifa a averti la Conf\u00e9d\u00e9ration br\u00e9silienne de football (Cbf) qu\u2019elle pourrait suspendre les \u00e9quipes nationales et les clubs du pays des comp\u00e9titions internationales si une intervention de l\u2019instance de football n\u2019aboutit pas \u00e0 l\u2019\u00e9lection d\u2019un nouveau pr\u00e9sident en janvier 2024. La Fifa a d\u00e9clar\u00e9 [&hellip;]","og_url":"https:\/\/macite.tg\/?p=11375","article_published_time":"2023-12-27T14:52:26+00:00","article_modified_time":"2023-12-27T14:52:27+00:00","og_image":[{"width":534,"height":300,"url":"https:\/\/macite.tg\/wp-content\/uploads\/2023\/12\/image-59.png","type":"image\/png"}],"author":"Jean Pierre BAWELA","twitter_card":"summary_large_image","twitter_misc":{"\u00c9crit par":"Jean Pierre BAWELA","Dur\u00e9e de lecture estim\u00e9e":"3 minutes"},"schema":{"@context":"https:\/\/schema.org","@graph":[{"@type":"Article","@id":"https:\/\/macite.tg\/?p=11375#article","isPartOf":{"@id":"https:\/\/macite.tg\/?p=11375"},"author":{"name":"Jean Pierre BAWELA","@id":"https:\/\/macite.tg\/#\/schema\/person\/e9f2de7e5dbbe7770a9402c7ce82f5c2"},"headline":"FIFA\u00a0: Les \u00e9quipes nationales et clubs du Br\u00e9sil menac\u00e9s d\u2019exclusion des comp\u00e9titions internationales si\u2026","datePublished":"2023-12-27T14:52:26+00:00","dateModified":"2023-12-27T14:52:27+00:00","mainEntityOfPage":{"@id":"https:\/\/macite.tg\/?p=11375"},"wordCount":698,"commentCount":0,"image":{"@id":"https:\/\/macite.tg\/?p=11375#primaryimage"},"thumbnailUrl":"https:\/\/macite.tg\/wp-content\/uploads\/2023\/12\/image-59.png","articleSection":["ACTUALITE","SPORTS"],"inLanguage":"fr-FR","potentialAction":[{"@type":"CommentAction","name":"Comment","target":["https:\/\/macite.tg\/?p=11375#respond"]}]},{"@type":"WebPage","@id":"https:\/\/macite.tg\/?p=11375","url":"https:\/\/macite.tg\/?p=11375","name":"FIFA\u00a0: Les \u00e9quipes nationales et clubs du Br\u00e9sil menac\u00e9s d\u2019exclusion des comp\u00e9titions internationales si\u2026 -","isPartOf":{"@id":"https:\/\/macite.tg\/#website"},"primaryImageOfPage":{"@id":"https:\/\/macite.tg\/?p=11375#primaryimage"},"image":{"@id":"https:\/\/macite.tg\/?p=11375#primaryimage"},"thumbnailUrl":"https:\/\/macite.tg\/wp-content\/uploads\/2023\/12\/image-59.png","datePublished":"2023-12-27T14:52:26+00:00","dateModified":"2023-12-27T14:52:27+00:00","author":{"@id":"https:\/\/macite.tg\/#\/schema\/person\/e9f2de7e5dbbe7770a9402c7ce82f5c2"},"breadcrumb":{"@id":"https:\/\/macite.tg\/?p=11375#breadcrumb"},"inLanguage":"fr-FR","potentialAction":[{"@type":"ReadAction","target":["https:\/\/macite.tg\/?p=11375"]}]},{"@type":"ImageObject","inLanguage":"fr-FR","@id":"https:\/\/macite.tg\/?p=11375#primaryimage","url":"https:\/\/macite.tg\/wp-content\/uploads\/2023\/12\/image-59.png","contentUrl":"https:\/\/macite.tg\/wp-content\/uploads\/2023\/12\/image-59.png","width":534,"height":300},{"@type":"BreadcrumbList","@id":"https:\/\/macite.tg\/?p=11375#breadcrumb","itemListElement":[{"@type":"ListItem","position":1,"name":"Accueil","item":"https:\/\/macite.tg\/"},{"@type":"ListItem","position":2,"name":"FIFA\u00a0: Les \u00e9quipes nationales et clubs du Br\u00e9sil menac\u00e9s d\u2019exclusion des comp\u00e9titions internationales si\u2026"}]},{"@type":"WebSite","@id":"https:\/\/macite.tg\/#website","url":"https:\/\/macite.tg\/","name":"","description":"L&#039;information, la bonne!!!","potentialAction":[{"@type":"SearchAction","target":{"@type":"EntryPoint","urlTemplate":"https:\/\/macite.tg\/?s={search_term_string}"},"query-input":{"@type":"PropertyValueSpecification","valueRequired":true,"valueName":"search_term_string"}}],"inLanguage":"fr-FR"},{"@type":"Person","@id":"https:\/\/macite.tg\/#\/schema\/person\/e9f2de7e5dbbe7770a9402c7ce82f5c2","name":"Jean Pierre BAWELA","image":{"@type":"ImageObject","inLanguage":"fr-FR","@id":"https:\/\/macite.tg\/wp-content\/uploads\/2023\/09\/WhatsApp-Image-2023-09-19-at-14.44.41-122x122.jpeg","url":"https:\/\/macite.tg\/wp-content\/uploads\/2023\/09\/WhatsApp-Image-2023-09-19-at-14.44.41-122x122.jpeg","contentUrl":"https:\/\/macite.tg\/wp-content\/uploads\/2023\/09\/WhatsApp-Image-2023-09-19-at-14.44.41-122x122.jpeg","caption":"Jean Pierre BAWELA"},"url":"https:\/\/macite.tg\/?author=2"}]}},"_links":{"self":[{"href":"https:\/\/macite.tg\/index.php?rest_route=\/wp\/v2\/posts\/11375","targetHints":{"allow":["GET"]}}],"collection":[{"href":"https:\/\/macite.tg\/index.php?rest_route=\/wp\/v2\/posts"}],"about":[{"href":"https:\/\/macite.tg\/index.php?rest_route=\/wp\/v2\/types\/post"}],"author":[{"embeddable":true,"href":"https:\/\/macite.tg\/index.php?rest_route=\/wp\/v2\/users\/2"}],"replies":[{"embeddable":true,"href":"https:\/\/macite.tg\/index.php?rest_route=%2Fwp%2Fv2%2Fcomments&post=11375"}],"version-history":[{"count":0,"href":"https:\/\/macite.tg\/index.php?rest_route=\/wp\/v2\/posts\/11375\/revisions"}],"wp:featuredmedia":[{"embeddable":true,"href":"https:\/\/macite.tg\/index.php?rest_route=\/wp\/v2\/media\/11377"}],"wp:attachment":[{"href":"https:\/\/macite.tg\/index.php?rest_route=%2Fwp%2Fv2%2Fmedia&parent=11375"}],"wp:term":[{"taxonomy":"category","embeddable":true,"href":"https:\/\/macite.tg\/index.php?rest_route=%2Fwp%2Fv2%2Fcategories&post=11375"},{"taxonomy":"post_tag","embeddable":true,"href":"https:\/\/macite.tg\/index.php?rest_route=%2Fwp%2Fv2%2Ftags&post=11375"}],"curies":[{"name":"wp","href":"https:\/\/api.w.org\/{rel}","templated":true}]}}