{"id":11366,"date":"2023-12-27T12:35:58","date_gmt":"2023-12-27T12:35:58","guid":{"rendered":"https:\/\/macite.tg\/?p=11366"},"modified":"2023-12-27T12:36:19","modified_gmt":"2023-12-27T12:36:19","slug":"cameroun-nouvelle-distinction-pour-francis-ngannou","status":"publish","type":"post","link":"https:\/\/macite.tg\/?p=11366","title":{"rendered":"CAMEROUN : Nouvelle distinction pour Francis Ngannou"},"content":{"rendered":"\n<p class=\"wp-block-paragraph\"><strong><em>Pour de nombreux Camerounais, Francis Ngannou, l\u2019ancien champion du monde de Mma, demeure incontestablement le sportif de l\u2019ann\u00e9e 2023. Cette ann\u00e9e a \u00e9t\u00e9 marqu\u00e9e par son combat historique contre Tyson Fury, un \u00e9v\u00e9nement qui a captiv\u00e9 l\u2019attention mondiale malgr\u00e9 la d\u00e9faite du \u00ab\u00a0Predator\u00a0\u00bb.<\/em><\/strong><\/p>\n\n\n\n<p class=\"wp-block-paragraph\">Le 28 octobre \u00e0 Riyad, en Arabie saoudite, Ngannou\u00a0a affront\u00e9 Tyson Fury dans une <em>\u00ab\u00a0Battle of the baddest\u00a0\u00bb<\/em> qui a attir\u00e9 20.000 spectateurs. Ce combat repr\u00e9sentait un d\u00e9fi consid\u00e9rable pour Ngannou, moins exp\u00e9riment\u00e9, plus petit et plus vieux que Fury.<\/p>\n\n\n<div class=\"wp-block-image\">\n<figure class=\"aligncenter size-large is-resized\"><img loading=\"lazy\" decoding=\"async\" src=\"https:\/\/macite.tg\/wp-content\/uploads\/2023\/12\/IMG-20231224-WA0140-1024x1024.jpg\" alt=\"\" class=\"wp-image-11352\" width=\"453\" height=\"453\" srcset=\"https:\/\/macite.tg\/wp-content\/uploads\/2023\/12\/IMG-20231224-WA0140-1024x1024.jpg 1024w, https:\/\/macite.tg\/wp-content\/uploads\/2023\/12\/IMG-20231224-WA0140-300x300.jpg 300w, https:\/\/macite.tg\/wp-content\/uploads\/2023\/12\/IMG-20231224-WA0140-150x150.jpg 150w, https:\/\/macite.tg\/wp-content\/uploads\/2023\/12\/IMG-20231224-WA0140-768x768.jpg 768w, https:\/\/macite.tg\/wp-content\/uploads\/2023\/12\/IMG-20231224-WA0140-122x122.jpg 122w, https:\/\/macite.tg\/wp-content\/uploads\/2023\/12\/IMG-20231224-WA0140.jpg 1134w\" sizes=\"auto, (max-width: 453px) 100vw, 453px\" \/><\/figure>\n<\/div>\n\n\n<p class=\"wp-block-paragraph\">Malgr\u00e9 la d\u00e9faite, Ngannou a impressionn\u00e9 en mettant Fury au tapis au troisi\u00e8me round, cr\u00e9ant ainsi une image m\u00e9morable de l\u2019ann\u00e9e 2023.<\/p>\n\n\n\n<p class=\"wp-block-paragraph\">Au Cameroun, Francis Ngannou est devenu un h\u00e9ros national, symbolisant l\u2019audace, l\u2019endurance et la pers\u00e9v\u00e9rance pour les jeunes. Nomm\u00e9 sportif de l\u2019ann\u00e9e par plusieurs journaux, il a \u00e9galement re\u00e7u la m\u00e9daille de commandeur de l\u2019Ordre de la valeur du pr\u00e9sident Paul Biya en novembre.<\/p>\n\n\n\n<p class=\"wp-block-paragraph\">Francis Ngannou a transcend\u00e9 le monde du MMA au Cameroun en favorisant la cr\u00e9ation d\u2019une f\u00e9d\u00e9ration d\u00e9di\u00e9e \u00e0 la discipline en mai. Parall\u00e8lement, il initie la construction d\u2019arenas \u00e0 Douala et \u00e0 Bati\u00e9 pour promouvoir le d\u00e9veloppement et la pratique des sports de combat.<\/p>\n\n\n<div class=\"wp-block-image\">\n<figure class=\"aligncenter size-large is-resized\"><img loading=\"lazy\" decoding=\"async\" src=\"https:\/\/macite.tg\/wp-content\/uploads\/2023\/12\/GBps6MVW8AAmcgK-819x1024.jpg\" alt=\"\" class=\"wp-image-11215\" width=\"538\" height=\"673\" srcset=\"https:\/\/macite.tg\/wp-content\/uploads\/2023\/12\/GBps6MVW8AAmcgK-819x1024.jpg 819w, https:\/\/macite.tg\/wp-content\/uploads\/2023\/12\/GBps6MVW8AAmcgK-240x300.jpg 240w, https:\/\/macite.tg\/wp-content\/uploads\/2023\/12\/GBps6MVW8AAmcgK-768x960.jpg 768w, https:\/\/macite.tg\/wp-content\/uploads\/2023\/12\/GBps6MVW8AAmcgK.jpg 864w\" sizes=\"auto, (max-width: 538px) 100vw, 538px\" \/><\/figure>\n<\/div>\n\n\n<p class=\"wp-block-paragraph\">Sa simplicit\u00e9 et ses actions philanthropiques font de Francis Ngannou l\u2019un des sportifs les plus appr\u00e9ci\u00e9s au Cameroun.<\/p>\n\n\n\n<p class=\"wp-block-paragraph\"><strong>SeneNews<\/strong><\/p>\n\n\n\n<p class=\"wp-block-paragraph\"><a><strong><em>@macite.tg&nbsp;&nbsp;&nbsp;&nbsp;&nbsp;&nbsp;&nbsp;&nbsp;<\/em><\/strong><\/a><\/p>\n\n\n\n<p class=\"wp-block-paragraph\"><strong><em>E-mail&nbsp;: <\/em><\/strong><a href=\"mailto:maciteinfo@gmail.com\"><strong><em>maciteinfo@gmail.com<\/em><\/strong><\/a><strong><em>; <\/em><\/strong><a href=\"mailto:bawela1@gmail.com\"><strong><em>bawela1@gmail.com<\/em><\/strong><\/a><strong><em><\/em><\/strong><\/p>\n\n\n\n<p class=\"wp-block-paragraph\"><strong><em>Pour vos annonces, (publi)reportages, etc., joignez-nous au (00228)91515309\/<strong>79872224 <\/strong>www.macite.tg, L\u2019information, la bonne&nbsp;!<\/em><\/strong><\/p>\n","protected":false},"excerpt":{"rendered":"<p class=\"text-justify mb-2\" >Pour de nombreux Camerounais, Francis Ngannou, l\u2019ancien champion du monde de Mma, demeure incontestablement le sportif de l\u2019ann\u00e9e 2023. Cette ann\u00e9e a \u00e9t\u00e9 marqu\u00e9e par son combat historique contre Tyson Fury, un \u00e9v\u00e9nement qui a captiv\u00e9 l\u2019attention mondiale malgr\u00e9 la d\u00e9faite du \u00ab\u00a0Predator\u00a0\u00bb. Le 28 [&hellip;]<\/p>\n","protected":false},"author":2,"featured_media":11367,"comment_status":"open","ping_status":"open","sticky":false,"template":"","format":"standard","meta":{"footnotes":""},"categories":[20,7],"tags":[],"class_list":["post-11366","post","type-post","status-publish","format-standard","has-post-thumbnail","hentry","category-actualite","category-sports"],"yoast_head":"<!-- This site is optimized with the Yoast SEO plugin v28.4 - https:\/\/yoast.com\/product\/yoast-seo-wordpress\/ -->\n<title>CAMEROUN : Nouvelle distinction pour Francis Ngannou -<\/title>\n<meta name=\"robots\" content=\"index, follow, max-snippet:-1, max-image-preview:large, max-video-preview:-1\" \/>\n<link rel=\"canonical\" href=\"https:\/\/macite.tg\/?p=11366\" \/>\n<meta property=\"og:locale\" content=\"fr_FR\" \/>\n<meta property=\"og:type\" content=\"article\" \/>\n<meta property=\"og:title\" content=\"CAMEROUN : Nouvelle distinction pour Francis Ngannou -\" \/>\n<meta property=\"og:description\" content=\"Pour de nombreux Camerounais, Francis Ngannou, l\u2019ancien champion du monde de Mma, demeure incontestablement le sportif de l\u2019ann\u00e9e 2023. Cette ann\u00e9e a \u00e9t\u00e9 marqu\u00e9e par son combat historique contre Tyson Fury, un \u00e9v\u00e9nement qui a captiv\u00e9 l\u2019attention mondiale malgr\u00e9 la d\u00e9faite du \u00ab\u00a0Predator\u00a0\u00bb. Le 28 [&hellip;]\" \/>\n<meta property=\"og:url\" content=\"https:\/\/macite.tg\/?p=11366\" \/>\n<meta property=\"article:published_time\" content=\"2023-12-27T12:35:58+00:00\" \/>\n<meta property=\"article:modified_time\" content=\"2023-12-27T12:36:19+00:00\" \/>\n<meta property=\"og:image\" content=\"https:\/\/macite.tg\/wp-content\/uploads\/2023\/12\/image-57.png\" \/>\n\t<meta property=\"og:image:width\" content=\"640\" \/>\n\t<meta property=\"og:image:height\" content=\"360\" \/>\n\t<meta property=\"og:image:type\" content=\"image\/png\" \/>\n<meta name=\"author\" content=\"Jean Pierre BAWELA\" \/>\n<meta name=\"twitter:card\" content=\"summary_large_image\" \/>\n<meta name=\"twitter:label1\" content=\"\u00c9crit par\" \/>\n\t<meta name=\"twitter:data1\" content=\"Jean Pierre BAWELA\" \/>\n\t<meta name=\"twitter:label2\" content=\"Dur\u00e9e de lecture estim\u00e9e\" \/>\n\t<meta name=\"twitter:data2\" content=\"1 minute\" \/>\n<script type=\"application\/ld+json\" class=\"yoast-schema-graph\">{\"@context\":\"https:\\\/\\\/schema.org\",\"@graph\":[{\"@type\":\"Article\",\"@id\":\"https:\\\/\\\/macite.tg\\\/?p=11366#article\",\"isPartOf\":{\"@id\":\"https:\\\/\\\/macite.tg\\\/?p=11366\"},\"author\":{\"name\":\"Jean Pierre BAWELA\",\"@id\":\"https:\\\/\\\/macite.tg\\\/#\\\/schema\\\/person\\\/e9f2de7e5dbbe7770a9402c7ce82f5c2\"},\"headline\":\"CAMEROUN : Nouvelle distinction pour Francis Ngannou\",\"datePublished\":\"2023-12-27T12:35:58+00:00\",\"dateModified\":\"2023-12-27T12:36:19+00:00\",\"mainEntityOfPage\":{\"@id\":\"https:\\\/\\\/macite.tg\\\/?p=11366\"},\"wordCount\":286,\"commentCount\":0,\"image\":{\"@id\":\"https:\\\/\\\/macite.tg\\\/?p=11366#primaryimage\"},\"thumbnailUrl\":\"https:\\\/\\\/macite.tg\\\/wp-content\\\/uploads\\\/2023\\\/12\\\/image-57.png\",\"articleSection\":[\"ACTUALITE\",\"SPORTS\"],\"inLanguage\":\"fr-FR\",\"potentialAction\":[{\"@type\":\"CommentAction\",\"name\":\"Comment\",\"target\":[\"https:\\\/\\\/macite.tg\\\/?p=11366#respond\"]}]},{\"@type\":\"WebPage\",\"@id\":\"https:\\\/\\\/macite.tg\\\/?p=11366\",\"url\":\"https:\\\/\\\/macite.tg\\\/?p=11366\",\"name\":\"CAMEROUN : Nouvelle distinction pour Francis Ngannou -\",\"isPartOf\":{\"@id\":\"https:\\\/\\\/macite.tg\\\/#website\"},\"primaryImageOfPage\":{\"@id\":\"https:\\\/\\\/macite.tg\\\/?p=11366#primaryimage\"},\"image\":{\"@id\":\"https:\\\/\\\/macite.tg\\\/?p=11366#primaryimage\"},\"thumbnailUrl\":\"https:\\\/\\\/macite.tg\\\/wp-content\\\/uploads\\\/2023\\\/12\\\/image-57.png\",\"datePublished\":\"2023-12-27T12:35:58+00:00\",\"dateModified\":\"2023-12-27T12:36:19+00:00\",\"author\":{\"@id\":\"https:\\\/\\\/macite.tg\\\/#\\\/schema\\\/person\\\/e9f2de7e5dbbe7770a9402c7ce82f5c2\"},\"breadcrumb\":{\"@id\":\"https:\\\/\\\/macite.tg\\\/?p=11366#breadcrumb\"},\"inLanguage\":\"fr-FR\",\"potentialAction\":[{\"@type\":\"ReadAction\",\"target\":[\"https:\\\/\\\/macite.tg\\\/?p=11366\"]}]},{\"@type\":\"ImageObject\",\"inLanguage\":\"fr-FR\",\"@id\":\"https:\\\/\\\/macite.tg\\\/?p=11366#primaryimage\",\"url\":\"https:\\\/\\\/macite.tg\\\/wp-content\\\/uploads\\\/2023\\\/12\\\/image-57.png\",\"contentUrl\":\"https:\\\/\\\/macite.tg\\\/wp-content\\\/uploads\\\/2023\\\/12\\\/image-57.png\",\"width\":640,\"height\":360},{\"@type\":\"BreadcrumbList\",\"@id\":\"https:\\\/\\\/macite.tg\\\/?p=11366#breadcrumb\",\"itemListElement\":[{\"@type\":\"ListItem\",\"position\":1,\"name\":\"Accueil\",\"item\":\"https:\\\/\\\/macite.tg\\\/\"},{\"@type\":\"ListItem\",\"position\":2,\"name\":\"CAMEROUN : Nouvelle distinction pour Francis Ngannou\"}]},{\"@type\":\"WebSite\",\"@id\":\"https:\\\/\\\/macite.tg\\\/#website\",\"url\":\"https:\\\/\\\/macite.tg\\\/\",\"name\":\"\",\"description\":\"L&#039;information, la bonne!!!\",\"potentialAction\":[{\"@type\":\"SearchAction\",\"target\":{\"@type\":\"EntryPoint\",\"urlTemplate\":\"https:\\\/\\\/macite.tg\\\/?s={search_term_string}\"},\"query-input\":{\"@type\":\"PropertyValueSpecification\",\"valueRequired\":true,\"valueName\":\"search_term_string\"}}],\"inLanguage\":\"fr-FR\"},{\"@type\":\"Person\",\"@id\":\"https:\\\/\\\/macite.tg\\\/#\\\/schema\\\/person\\\/e9f2de7e5dbbe7770a9402c7ce82f5c2\",\"name\":\"Jean Pierre BAWELA\",\"image\":{\"@type\":\"ImageObject\",\"inLanguage\":\"fr-FR\",\"@id\":\"https:\\\/\\\/macite.tg\\\/wp-content\\\/uploads\\\/2023\\\/09\\\/WhatsApp-Image-2023-09-19-at-14.44.41-122x122.jpeg\",\"url\":\"https:\\\/\\\/macite.tg\\\/wp-content\\\/uploads\\\/2023\\\/09\\\/WhatsApp-Image-2023-09-19-at-14.44.41-122x122.jpeg\",\"contentUrl\":\"https:\\\/\\\/macite.tg\\\/wp-content\\\/uploads\\\/2023\\\/09\\\/WhatsApp-Image-2023-09-19-at-14.44.41-122x122.jpeg\",\"caption\":\"Jean Pierre BAWELA\"},\"url\":\"https:\\\/\\\/macite.tg\\\/?author=2\"}]}<\/script>\n<!-- \/ Yoast SEO plugin. -->","yoast_head_json":{"title":"CAMEROUN : Nouvelle distinction pour Francis Ngannou -","robots":{"index":"index","follow":"follow","max-snippet":"max-snippet:-1","max-image-preview":"max-image-preview:large","max-video-preview":"max-video-preview:-1"},"canonical":"https:\/\/macite.tg\/?p=11366","og_locale":"fr_FR","og_type":"article","og_title":"CAMEROUN : Nouvelle distinction pour Francis Ngannou -","og_description":"Pour de nombreux Camerounais, Francis Ngannou, l\u2019ancien champion du monde de Mma, demeure incontestablement le sportif de l\u2019ann\u00e9e 2023. Cette ann\u00e9e a \u00e9t\u00e9 marqu\u00e9e par son combat historique contre Tyson Fury, un \u00e9v\u00e9nement qui a captiv\u00e9 l\u2019attention mondiale malgr\u00e9 la d\u00e9faite du \u00ab\u00a0Predator\u00a0\u00bb. Le 28 [&hellip;]","og_url":"https:\/\/macite.tg\/?p=11366","article_published_time":"2023-12-27T12:35:58+00:00","article_modified_time":"2023-12-27T12:36:19+00:00","og_image":[{"width":640,"height":360,"url":"https:\/\/macite.tg\/wp-content\/uploads\/2023\/12\/image-57.png","type":"image\/png"}],"author":"Jean Pierre BAWELA","twitter_card":"summary_large_image","twitter_misc":{"\u00c9crit par":"Jean Pierre BAWELA","Dur\u00e9e de lecture estim\u00e9e":"1 minute"},"schema":{"@context":"https:\/\/schema.org","@graph":[{"@type":"Article","@id":"https:\/\/macite.tg\/?p=11366#article","isPartOf":{"@id":"https:\/\/macite.tg\/?p=11366"},"author":{"name":"Jean Pierre BAWELA","@id":"https:\/\/macite.tg\/#\/schema\/person\/e9f2de7e5dbbe7770a9402c7ce82f5c2"},"headline":"CAMEROUN : Nouvelle distinction pour Francis Ngannou","datePublished":"2023-12-27T12:35:58+00:00","dateModified":"2023-12-27T12:36:19+00:00","mainEntityOfPage":{"@id":"https:\/\/macite.tg\/?p=11366"},"wordCount":286,"commentCount":0,"image":{"@id":"https:\/\/macite.tg\/?p=11366#primaryimage"},"thumbnailUrl":"https:\/\/macite.tg\/wp-content\/uploads\/2023\/12\/image-57.png","articleSection":["ACTUALITE","SPORTS"],"inLanguage":"fr-FR","potentialAction":[{"@type":"CommentAction","name":"Comment","target":["https:\/\/macite.tg\/?p=11366#respond"]}]},{"@type":"WebPage","@id":"https:\/\/macite.tg\/?p=11366","url":"https:\/\/macite.tg\/?p=11366","name":"CAMEROUN : Nouvelle distinction pour Francis Ngannou -","isPartOf":{"@id":"https:\/\/macite.tg\/#website"},"primaryImageOfPage":{"@id":"https:\/\/macite.tg\/?p=11366#primaryimage"},"image":{"@id":"https:\/\/macite.tg\/?p=11366#primaryimage"},"thumbnailUrl":"https:\/\/macite.tg\/wp-content\/uploads\/2023\/12\/image-57.png","datePublished":"2023-12-27T12:35:58+00:00","dateModified":"2023-12-27T12:36:19+00:00","author":{"@id":"https:\/\/macite.tg\/#\/schema\/person\/e9f2de7e5dbbe7770a9402c7ce82f5c2"},"breadcrumb":{"@id":"https:\/\/macite.tg\/?p=11366#breadcrumb"},"inLanguage":"fr-FR","potentialAction":[{"@type":"ReadAction","target":["https:\/\/macite.tg\/?p=11366"]}]},{"@type":"ImageObject","inLanguage":"fr-FR","@id":"https:\/\/macite.tg\/?p=11366#primaryimage","url":"https:\/\/macite.tg\/wp-content\/uploads\/2023\/12\/image-57.png","contentUrl":"https:\/\/macite.tg\/wp-content\/uploads\/2023\/12\/image-57.png","width":640,"height":360},{"@type":"BreadcrumbList","@id":"https:\/\/macite.tg\/?p=11366#breadcrumb","itemListElement":[{"@type":"ListItem","position":1,"name":"Accueil","item":"https:\/\/macite.tg\/"},{"@type":"ListItem","position":2,"name":"CAMEROUN : Nouvelle distinction pour Francis Ngannou"}]},{"@type":"WebSite","@id":"https:\/\/macite.tg\/#website","url":"https:\/\/macite.tg\/","name":"","description":"L&#039;information, la bonne!!!","potentialAction":[{"@type":"SearchAction","target":{"@type":"EntryPoint","urlTemplate":"https:\/\/macite.tg\/?s={search_term_string}"},"query-input":{"@type":"PropertyValueSpecification","valueRequired":true,"valueName":"search_term_string"}}],"inLanguage":"fr-FR"},{"@type":"Person","@id":"https:\/\/macite.tg\/#\/schema\/person\/e9f2de7e5dbbe7770a9402c7ce82f5c2","name":"Jean Pierre BAWELA","image":{"@type":"ImageObject","inLanguage":"fr-FR","@id":"https:\/\/macite.tg\/wp-content\/uploads\/2023\/09\/WhatsApp-Image-2023-09-19-at-14.44.41-122x122.jpeg","url":"https:\/\/macite.tg\/wp-content\/uploads\/2023\/09\/WhatsApp-Image-2023-09-19-at-14.44.41-122x122.jpeg","contentUrl":"https:\/\/macite.tg\/wp-content\/uploads\/2023\/09\/WhatsApp-Image-2023-09-19-at-14.44.41-122x122.jpeg","caption":"Jean Pierre BAWELA"},"url":"https:\/\/macite.tg\/?author=2"}]}},"_links":{"self":[{"href":"https:\/\/macite.tg\/index.php?rest_route=\/wp\/v2\/posts\/11366","targetHints":{"allow":["GET"]}}],"collection":[{"href":"https:\/\/macite.tg\/index.php?rest_route=\/wp\/v2\/posts"}],"about":[{"href":"https:\/\/macite.tg\/index.php?rest_route=\/wp\/v2\/types\/post"}],"author":[{"embeddable":true,"href":"https:\/\/macite.tg\/index.php?rest_route=\/wp\/v2\/users\/2"}],"replies":[{"embeddable":true,"href":"https:\/\/macite.tg\/index.php?rest_route=%2Fwp%2Fv2%2Fcomments&post=11366"}],"version-history":[{"count":0,"href":"https:\/\/macite.tg\/index.php?rest_route=\/wp\/v2\/posts\/11366\/revisions"}],"wp:featuredmedia":[{"embeddable":true,"href":"https:\/\/macite.tg\/index.php?rest_route=\/wp\/v2\/media\/11367"}],"wp:attachment":[{"href":"https:\/\/macite.tg\/index.php?rest_route=%2Fwp%2Fv2%2Fmedia&parent=11366"}],"wp:term":[{"taxonomy":"category","embeddable":true,"href":"https:\/\/macite.tg\/index.php?rest_route=%2Fwp%2Fv2%2Fcategories&post=11366"},{"taxonomy":"post_tag","embeddable":true,"href":"https:\/\/macite.tg\/index.php?rest_route=%2Fwp%2Fv2%2Ftags&post=11366"}],"curies":[{"name":"wp","href":"https:\/\/api.w.org\/{rel}","templated":true}]}}