{"id":11365,"date":"2023-12-27T13:50:36","date_gmt":"2023-12-27T13:50:36","guid":{"rendered":"https:\/\/macite.tg\/?p=11365"},"modified":"2023-12-27T13:50:40","modified_gmt":"2023-12-27T13:50:40","slug":"soutien-aux-commercantes-du-marche-dagoe-assiyeye-les-grossistes-et-importateurs-mis-a-contribution","status":"publish","type":"post","link":"https:\/\/macite.tg\/?p=11365","title":{"rendered":"SOUTIEN AUX COMMER\u00c7ANTES DU MARCHE D\u2019AGOE-ASSIYEYE\u00a0: Les grossistes et importateurs mis \u00e0 contribution"},"content":{"rendered":"\n<p class=\"wp-block-paragraph\"><strong><em>Moins d\u2019une semaine apr\u00e8s le drame qui a mis \u00e0 genou les commer\u00e7ante ses commer\u00e7ants du mach\u00e9 d\u2019Ago-Assiy\u00e9y\u00e9, l\u2019ex\u00e9cutif poursuit des initiatives dans l\u2019optique de soulager les victimes et leur permettre de reprendre progressivement leurs activit\u00e9s.<\/em><\/strong><\/p>\n\n\n\n<p class=\"wp-block-paragraph\">Hier mardi 26 d\u00e9cembre, la ministre en charge du commerce, Rose Kayi Mivedor, a \u00e9chang\u00e9 avec les grossistes et importateurs, ceci en pr\u00e9sence d\u2019une d\u00e9l\u00e9gation des commer\u00e7antes du march\u00e9 d\u2019ago\u00e8-Assiy\u00e9y\u00e9 sinistr\u00e9.<\/p>\n\n\n<div class=\"wp-block-image\">\n<figure class=\"aligncenter size-large is-resized\"><img loading=\"lazy\" decoding=\"async\" src=\"https:\/\/macite.tg\/wp-content\/uploads\/2023\/12\/IMG-20231224-WA0140-1024x1024.jpg\" alt=\"\" class=\"wp-image-11352\" width=\"563\" height=\"563\" srcset=\"https:\/\/macite.tg\/wp-content\/uploads\/2023\/12\/IMG-20231224-WA0140-1024x1024.jpg 1024w, https:\/\/macite.tg\/wp-content\/uploads\/2023\/12\/IMG-20231224-WA0140-300x300.jpg 300w, https:\/\/macite.tg\/wp-content\/uploads\/2023\/12\/IMG-20231224-WA0140-150x150.jpg 150w, https:\/\/macite.tg\/wp-content\/uploads\/2023\/12\/IMG-20231224-WA0140-768x768.jpg 768w, https:\/\/macite.tg\/wp-content\/uploads\/2023\/12\/IMG-20231224-WA0140-122x122.jpg 122w, https:\/\/macite.tg\/wp-content\/uploads\/2023\/12\/IMG-20231224-WA0140.jpg 1134w\" sizes=\"auto, (max-width: 563px) 100vw, 563px\" \/><\/figure>\n<\/div>\n\n\n<p class=\"wp-block-paragraph\">Pour l\u2019officiel, cette d\u00e9marche s\u2019inscrit dans le cadre l\u2019appel \u00e0 solidarit\u00e9 et de soutien lanc\u00e9 par les plus hautes autorit\u00e9s du pays \u00e0 l\u2019endroit des Togolais, et surtout des acteurs de premiers plans li\u00e9s \u00e0 ces revendeuses. Elle intervient quelques jours apr\u00e8s celle qui a eu lieu avec les microfinances toujours dans la m\u00eame dynamique voulue par le Chef de l\u2019Etat, Faure Gnassingb\u00e9.<\/p>\n\n\n\n<p class=\"wp-block-paragraph\">Selon la ministre Kayi-Mivedor, la rencontre avec <em>\u00ab&nbsp;tous les acteurs confondus&nbsp;\u00bb,<\/em> vise \u00e0 leur <em>\u00ab&nbsp;demander<\/em> <em>dans leurs r\u00f4les de citoyens, de les accompagner. Nous sommes en p\u00e9riode de fin d\u2019ann\u00e9e et nos revendeuses reviendront vers vous pour acheter de nouveaux produits. Evitons les bulles sp\u00e9culatives, aidons-les \u00e0 se relever et \u00e0 reprendre l\u2019activit\u00e9<\/em>&nbsp;\u00bb.<\/p>\n\n\n\n<p class=\"wp-block-paragraph\">Les diff\u00e9rents acteurs ont bien accueilli cette d\u00e9marche et se sont engag\u00e9s \u00e0 donner un coup de pouce, de diverses mani\u00e8res, \u00e0 ces commer\u00e7antes qui ont tout perdu dans ces flammes.<\/p>\n\n\n\n<p class=\"wp-block-paragraph\">Le Groupe des importateurs et exportateurs lib\u00e9raux a promis de <em>\u00ab&nbsp;faire ce qu\u2019il faut pour att\u00e9nuer la souffrance&nbsp;\u00bb<\/em> de ces femmes.<\/p>\n\n\n<div class=\"wp-block-image\">\n<figure class=\"aligncenter size-large is-resized\"><img loading=\"lazy\" decoding=\"async\" src=\"https:\/\/macite.tg\/wp-content\/uploads\/2023\/12\/GBps6MVW8AAmcgK-819x1024.jpg\" alt=\"\" class=\"wp-image-11215\" width=\"569\" height=\"711\" srcset=\"https:\/\/macite.tg\/wp-content\/uploads\/2023\/12\/GBps6MVW8AAmcgK-819x1024.jpg 819w, https:\/\/macite.tg\/wp-content\/uploads\/2023\/12\/GBps6MVW8AAmcgK-240x300.jpg 240w, https:\/\/macite.tg\/wp-content\/uploads\/2023\/12\/GBps6MVW8AAmcgK-768x960.jpg 768w, https:\/\/macite.tg\/wp-content\/uploads\/2023\/12\/GBps6MVW8AAmcgK.jpg 864w\" sizes=\"auto, (max-width: 569px) 100vw, 569px\" \/><\/figure>\n<\/div>\n\n\n<p class=\"wp-block-paragraph\">L\u2019Agence nationale de la s\u00e9curit\u00e9 alimentaire (Ansat) a, pour sa part, annonc\u00e9 qu\u2019elle mettra \u00e0 disposition un stock de 140 tonnes de c\u00e9r\u00e9ales, notamment du riz, du sorgho, et du haricot.<\/p>\n\n\n\n<p class=\"wp-block-paragraph\">Pour rappel, c&rsquo;est dans la nuit du 21 au 22 d\u00e9cembre 2023 qu ele march\u00e9 d&rsquo;Ago\u00e8-Assiy\u00e9y\u00e9 a \u00e9t\u00e9 victime d&rsquo;un violent incendie qui a ravag\u00e9 les 3\/4 de sa superfice.<\/p>\n\n\n\n<p class=\"wp-block-paragraph\"><strong>JPB<\/strong><strong><\/strong><\/p>\n\n\n\n<p class=\"wp-block-paragraph\"><strong><em>@macite.tg&nbsp;&nbsp;&nbsp;&nbsp;&nbsp;&nbsp;&nbsp;&nbsp;<\/em><\/strong><\/p>\n\n\n\n<p class=\"wp-block-paragraph\"><strong><em>E-mail&nbsp;: <\/em><\/strong><a href=\"mailto:maciteinfo@gmail.com\"><strong><em>maciteinfo@gmail.com<\/em><\/strong><\/a><strong><em>; <\/em><\/strong><a href=\"mailto:bawela1@gmail.com\"><strong><em>bawela1@gmail.com<\/em><\/strong><\/a><strong><em><\/em><\/strong><\/p>\n\n\n\n<p class=\"wp-block-paragraph\"><strong><em>Pour vos annonces, (publi)reportages, etc., joignez-nous au (00228)91515309\/<strong>79872224 <\/strong>www.macite.tg, L\u2019information, la bonne&nbsp;!<\/em><\/strong><\/p>\n","protected":false},"excerpt":{"rendered":"<p class=\"text-justify mb-2\" >Moins d\u2019une semaine apr\u00e8s le drame qui a mis \u00e0 genou les commer\u00e7ante ses commer\u00e7ants du mach\u00e9 d\u2019Ago-Assiy\u00e9y\u00e9, l\u2019ex\u00e9cutif poursuit des initiatives dans l\u2019optique de soulager les victimes et leur permettre de reprendre progressivement leurs activit\u00e9s. Hier mardi 26 d\u00e9cembre, la ministre en charge du [&hellip;]<\/p>\n","protected":false},"author":2,"featured_media":11370,"comment_status":"open","ping_status":"open","sticky":false,"template":"","format":"standard","meta":{"footnotes":""},"categories":[20],"tags":[],"class_list":["post-11365","post","type-post","status-publish","format-standard","has-post-thumbnail","hentry","category-actualite"],"yoast_head":"<!-- This site is optimized with the Yoast SEO plugin v28.4 - https:\/\/yoast.com\/product\/yoast-seo-wordpress\/ -->\n<title>SOUTIEN AUX COMMER\u00c7ANTES DU MARCHE D\u2019AGOE-ASSIYEYE\u00a0: Les grossistes et importateurs mis \u00e0 contribution -<\/title>\n<meta name=\"robots\" content=\"index, follow, max-snippet:-1, max-image-preview:large, max-video-preview:-1\" \/>\n<link rel=\"canonical\" href=\"https:\/\/macite.tg\/?p=11365\" \/>\n<meta property=\"og:locale\" content=\"fr_FR\" \/>\n<meta property=\"og:type\" content=\"article\" \/>\n<meta property=\"og:title\" content=\"SOUTIEN AUX COMMER\u00c7ANTES DU MARCHE D\u2019AGOE-ASSIYEYE\u00a0: Les grossistes et importateurs mis \u00e0 contribution -\" \/>\n<meta property=\"og:description\" content=\"Moins d\u2019une semaine apr\u00e8s le drame qui a mis \u00e0 genou les commer\u00e7ante ses commer\u00e7ants du mach\u00e9 d\u2019Ago-Assiy\u00e9y\u00e9, l\u2019ex\u00e9cutif poursuit des initiatives dans l\u2019optique de soulager les victimes et leur permettre de reprendre progressivement leurs activit\u00e9s. Hier mardi 26 d\u00e9cembre, la ministre en charge du [&hellip;]\" \/>\n<meta property=\"og:url\" content=\"https:\/\/macite.tg\/?p=11365\" \/>\n<meta property=\"article:published_time\" content=\"2023-12-27T13:50:36+00:00\" \/>\n<meta property=\"article:modified_time\" content=\"2023-12-27T13:50:40+00:00\" \/>\n<meta property=\"og:image\" content=\"https:\/\/macite.tg\/wp-content\/uploads\/2023\/12\/a67639a2908a28c240bd6cfe8fd528d3_XL.jpg\" \/>\n\t<meta property=\"og:image:width\" content=\"1080\" \/>\n\t<meta property=\"og:image:height\" content=\"720\" \/>\n\t<meta property=\"og:image:type\" content=\"image\/jpeg\" \/>\n<meta name=\"author\" content=\"Jean Pierre BAWELA\" \/>\n<meta name=\"twitter:card\" content=\"summary_large_image\" \/>\n<meta name=\"twitter:label1\" content=\"\u00c9crit par\" \/>\n\t<meta name=\"twitter:data1\" content=\"Jean Pierre BAWELA\" \/>\n\t<meta name=\"twitter:label2\" content=\"Dur\u00e9e de lecture estim\u00e9e\" \/>\n\t<meta name=\"twitter:data2\" content=\"2 minutes\" \/>\n<script type=\"application\/ld+json\" class=\"yoast-schema-graph\">{\"@context\":\"https:\\\/\\\/schema.org\",\"@graph\":[{\"@type\":\"Article\",\"@id\":\"https:\\\/\\\/macite.tg\\\/?p=11365#article\",\"isPartOf\":{\"@id\":\"https:\\\/\\\/macite.tg\\\/?p=11365\"},\"author\":{\"name\":\"Jean Pierre BAWELA\",\"@id\":\"https:\\\/\\\/macite.tg\\\/#\\\/schema\\\/person\\\/e9f2de7e5dbbe7770a9402c7ce82f5c2\"},\"headline\":\"SOUTIEN AUX COMMER\u00c7ANTES DU MARCHE D\u2019AGOE-ASSIYEYE\u00a0: Les grossistes et importateurs mis \u00e0 contribution\",\"datePublished\":\"2023-12-27T13:50:36+00:00\",\"dateModified\":\"2023-12-27T13:50:40+00:00\",\"mainEntityOfPage\":{\"@id\":\"https:\\\/\\\/macite.tg\\\/?p=11365\"},\"wordCount\":389,\"commentCount\":0,\"image\":{\"@id\":\"https:\\\/\\\/macite.tg\\\/?p=11365#primaryimage\"},\"thumbnailUrl\":\"https:\\\/\\\/macite.tg\\\/wp-content\\\/uploads\\\/2023\\\/12\\\/a67639a2908a28c240bd6cfe8fd528d3_XL.jpg\",\"articleSection\":[\"ACTUALITE\"],\"inLanguage\":\"fr-FR\",\"potentialAction\":[{\"@type\":\"CommentAction\",\"name\":\"Comment\",\"target\":[\"https:\\\/\\\/macite.tg\\\/?p=11365#respond\"]}]},{\"@type\":\"WebPage\",\"@id\":\"https:\\\/\\\/macite.tg\\\/?p=11365\",\"url\":\"https:\\\/\\\/macite.tg\\\/?p=11365\",\"name\":\"SOUTIEN AUX COMMER\u00c7ANTES DU MARCHE D\u2019AGOE-ASSIYEYE\u00a0: Les grossistes et importateurs mis \u00e0 contribution -\",\"isPartOf\":{\"@id\":\"https:\\\/\\\/macite.tg\\\/#website\"},\"primaryImageOfPage\":{\"@id\":\"https:\\\/\\\/macite.tg\\\/?p=11365#primaryimage\"},\"image\":{\"@id\":\"https:\\\/\\\/macite.tg\\\/?p=11365#primaryimage\"},\"thumbnailUrl\":\"https:\\\/\\\/macite.tg\\\/wp-content\\\/uploads\\\/2023\\\/12\\\/a67639a2908a28c240bd6cfe8fd528d3_XL.jpg\",\"datePublished\":\"2023-12-27T13:50:36+00:00\",\"dateModified\":\"2023-12-27T13:50:40+00:00\",\"author\":{\"@id\":\"https:\\\/\\\/macite.tg\\\/#\\\/schema\\\/person\\\/e9f2de7e5dbbe7770a9402c7ce82f5c2\"},\"breadcrumb\":{\"@id\":\"https:\\\/\\\/macite.tg\\\/?p=11365#breadcrumb\"},\"inLanguage\":\"fr-FR\",\"potentialAction\":[{\"@type\":\"ReadAction\",\"target\":[\"https:\\\/\\\/macite.tg\\\/?p=11365\"]}]},{\"@type\":\"ImageObject\",\"inLanguage\":\"fr-FR\",\"@id\":\"https:\\\/\\\/macite.tg\\\/?p=11365#primaryimage\",\"url\":\"https:\\\/\\\/macite.tg\\\/wp-content\\\/uploads\\\/2023\\\/12\\\/a67639a2908a28c240bd6cfe8fd528d3_XL.jpg\",\"contentUrl\":\"https:\\\/\\\/macite.tg\\\/wp-content\\\/uploads\\\/2023\\\/12\\\/a67639a2908a28c240bd6cfe8fd528d3_XL.jpg\",\"width\":1080,\"height\":720},{\"@type\":\"BreadcrumbList\",\"@id\":\"https:\\\/\\\/macite.tg\\\/?p=11365#breadcrumb\",\"itemListElement\":[{\"@type\":\"ListItem\",\"position\":1,\"name\":\"Accueil\",\"item\":\"https:\\\/\\\/macite.tg\\\/\"},{\"@type\":\"ListItem\",\"position\":2,\"name\":\"SOUTIEN AUX COMMER\u00c7ANTES DU MARCHE D\u2019AGOE-ASSIYEYE\u00a0: Les grossistes et importateurs mis \u00e0 contribution\"}]},{\"@type\":\"WebSite\",\"@id\":\"https:\\\/\\\/macite.tg\\\/#website\",\"url\":\"https:\\\/\\\/macite.tg\\\/\",\"name\":\"\",\"description\":\"L&#039;information, la bonne!!!\",\"potentialAction\":[{\"@type\":\"SearchAction\",\"target\":{\"@type\":\"EntryPoint\",\"urlTemplate\":\"https:\\\/\\\/macite.tg\\\/?s={search_term_string}\"},\"query-input\":{\"@type\":\"PropertyValueSpecification\",\"valueRequired\":true,\"valueName\":\"search_term_string\"}}],\"inLanguage\":\"fr-FR\"},{\"@type\":\"Person\",\"@id\":\"https:\\\/\\\/macite.tg\\\/#\\\/schema\\\/person\\\/e9f2de7e5dbbe7770a9402c7ce82f5c2\",\"name\":\"Jean Pierre BAWELA\",\"image\":{\"@type\":\"ImageObject\",\"inLanguage\":\"fr-FR\",\"@id\":\"https:\\\/\\\/macite.tg\\\/wp-content\\\/uploads\\\/2023\\\/09\\\/WhatsApp-Image-2023-09-19-at-14.44.41-122x122.jpeg\",\"url\":\"https:\\\/\\\/macite.tg\\\/wp-content\\\/uploads\\\/2023\\\/09\\\/WhatsApp-Image-2023-09-19-at-14.44.41-122x122.jpeg\",\"contentUrl\":\"https:\\\/\\\/macite.tg\\\/wp-content\\\/uploads\\\/2023\\\/09\\\/WhatsApp-Image-2023-09-19-at-14.44.41-122x122.jpeg\",\"caption\":\"Jean Pierre BAWELA\"},\"url\":\"https:\\\/\\\/macite.tg\\\/?author=2\"}]}<\/script>\n<!-- \/ Yoast SEO plugin. -->","yoast_head_json":{"title":"SOUTIEN AUX COMMER\u00c7ANTES DU MARCHE D\u2019AGOE-ASSIYEYE\u00a0: Les grossistes et importateurs mis \u00e0 contribution -","robots":{"index":"index","follow":"follow","max-snippet":"max-snippet:-1","max-image-preview":"max-image-preview:large","max-video-preview":"max-video-preview:-1"},"canonical":"https:\/\/macite.tg\/?p=11365","og_locale":"fr_FR","og_type":"article","og_title":"SOUTIEN AUX COMMER\u00c7ANTES DU MARCHE D\u2019AGOE-ASSIYEYE\u00a0: Les grossistes et importateurs mis \u00e0 contribution -","og_description":"Moins d\u2019une semaine apr\u00e8s le drame qui a mis \u00e0 genou les commer\u00e7ante ses commer\u00e7ants du mach\u00e9 d\u2019Ago-Assiy\u00e9y\u00e9, l\u2019ex\u00e9cutif poursuit des initiatives dans l\u2019optique de soulager les victimes et leur permettre de reprendre progressivement leurs activit\u00e9s. Hier mardi 26 d\u00e9cembre, la ministre en charge du [&hellip;]","og_url":"https:\/\/macite.tg\/?p=11365","article_published_time":"2023-12-27T13:50:36+00:00","article_modified_time":"2023-12-27T13:50:40+00:00","og_image":[{"width":1080,"height":720,"url":"https:\/\/macite.tg\/wp-content\/uploads\/2023\/12\/a67639a2908a28c240bd6cfe8fd528d3_XL.jpg","type":"image\/jpeg"}],"author":"Jean Pierre BAWELA","twitter_card":"summary_large_image","twitter_misc":{"\u00c9crit par":"Jean Pierre BAWELA","Dur\u00e9e de lecture estim\u00e9e":"2 minutes"},"schema":{"@context":"https:\/\/schema.org","@graph":[{"@type":"Article","@id":"https:\/\/macite.tg\/?p=11365#article","isPartOf":{"@id":"https:\/\/macite.tg\/?p=11365"},"author":{"name":"Jean Pierre BAWELA","@id":"https:\/\/macite.tg\/#\/schema\/person\/e9f2de7e5dbbe7770a9402c7ce82f5c2"},"headline":"SOUTIEN AUX COMMER\u00c7ANTES DU MARCHE D\u2019AGOE-ASSIYEYE\u00a0: Les grossistes et importateurs mis \u00e0 contribution","datePublished":"2023-12-27T13:50:36+00:00","dateModified":"2023-12-27T13:50:40+00:00","mainEntityOfPage":{"@id":"https:\/\/macite.tg\/?p=11365"},"wordCount":389,"commentCount":0,"image":{"@id":"https:\/\/macite.tg\/?p=11365#primaryimage"},"thumbnailUrl":"https:\/\/macite.tg\/wp-content\/uploads\/2023\/12\/a67639a2908a28c240bd6cfe8fd528d3_XL.jpg","articleSection":["ACTUALITE"],"inLanguage":"fr-FR","potentialAction":[{"@type":"CommentAction","name":"Comment","target":["https:\/\/macite.tg\/?p=11365#respond"]}]},{"@type":"WebPage","@id":"https:\/\/macite.tg\/?p=11365","url":"https:\/\/macite.tg\/?p=11365","name":"SOUTIEN AUX COMMER\u00c7ANTES DU MARCHE D\u2019AGOE-ASSIYEYE\u00a0: Les grossistes et importateurs mis \u00e0 contribution -","isPartOf":{"@id":"https:\/\/macite.tg\/#website"},"primaryImageOfPage":{"@id":"https:\/\/macite.tg\/?p=11365#primaryimage"},"image":{"@id":"https:\/\/macite.tg\/?p=11365#primaryimage"},"thumbnailUrl":"https:\/\/macite.tg\/wp-content\/uploads\/2023\/12\/a67639a2908a28c240bd6cfe8fd528d3_XL.jpg","datePublished":"2023-12-27T13:50:36+00:00","dateModified":"2023-12-27T13:50:40+00:00","author":{"@id":"https:\/\/macite.tg\/#\/schema\/person\/e9f2de7e5dbbe7770a9402c7ce82f5c2"},"breadcrumb":{"@id":"https:\/\/macite.tg\/?p=11365#breadcrumb"},"inLanguage":"fr-FR","potentialAction":[{"@type":"ReadAction","target":["https:\/\/macite.tg\/?p=11365"]}]},{"@type":"ImageObject","inLanguage":"fr-FR","@id":"https:\/\/macite.tg\/?p=11365#primaryimage","url":"https:\/\/macite.tg\/wp-content\/uploads\/2023\/12\/a67639a2908a28c240bd6cfe8fd528d3_XL.jpg","contentUrl":"https:\/\/macite.tg\/wp-content\/uploads\/2023\/12\/a67639a2908a28c240bd6cfe8fd528d3_XL.jpg","width":1080,"height":720},{"@type":"BreadcrumbList","@id":"https:\/\/macite.tg\/?p=11365#breadcrumb","itemListElement":[{"@type":"ListItem","position":1,"name":"Accueil","item":"https:\/\/macite.tg\/"},{"@type":"ListItem","position":2,"name":"SOUTIEN AUX COMMER\u00c7ANTES DU MARCHE D\u2019AGOE-ASSIYEYE\u00a0: Les grossistes et importateurs mis \u00e0 contribution"}]},{"@type":"WebSite","@id":"https:\/\/macite.tg\/#website","url":"https:\/\/macite.tg\/","name":"","description":"L&#039;information, la bonne!!!","potentialAction":[{"@type":"SearchAction","target":{"@type":"EntryPoint","urlTemplate":"https:\/\/macite.tg\/?s={search_term_string}"},"query-input":{"@type":"PropertyValueSpecification","valueRequired":true,"valueName":"search_term_string"}}],"inLanguage":"fr-FR"},{"@type":"Person","@id":"https:\/\/macite.tg\/#\/schema\/person\/e9f2de7e5dbbe7770a9402c7ce82f5c2","name":"Jean Pierre BAWELA","image":{"@type":"ImageObject","inLanguage":"fr-FR","@id":"https:\/\/macite.tg\/wp-content\/uploads\/2023\/09\/WhatsApp-Image-2023-09-19-at-14.44.41-122x122.jpeg","url":"https:\/\/macite.tg\/wp-content\/uploads\/2023\/09\/WhatsApp-Image-2023-09-19-at-14.44.41-122x122.jpeg","contentUrl":"https:\/\/macite.tg\/wp-content\/uploads\/2023\/09\/WhatsApp-Image-2023-09-19-at-14.44.41-122x122.jpeg","caption":"Jean Pierre BAWELA"},"url":"https:\/\/macite.tg\/?author=2"}]}},"_links":{"self":[{"href":"https:\/\/macite.tg\/index.php?rest_route=\/wp\/v2\/posts\/11365","targetHints":{"allow":["GET"]}}],"collection":[{"href":"https:\/\/macite.tg\/index.php?rest_route=\/wp\/v2\/posts"}],"about":[{"href":"https:\/\/macite.tg\/index.php?rest_route=\/wp\/v2\/types\/post"}],"author":[{"embeddable":true,"href":"https:\/\/macite.tg\/index.php?rest_route=\/wp\/v2\/users\/2"}],"replies":[{"embeddable":true,"href":"https:\/\/macite.tg\/index.php?rest_route=%2Fwp%2Fv2%2Fcomments&post=11365"}],"version-history":[{"count":0,"href":"https:\/\/macite.tg\/index.php?rest_route=\/wp\/v2\/posts\/11365\/revisions"}],"wp:featuredmedia":[{"embeddable":true,"href":"https:\/\/macite.tg\/index.php?rest_route=\/wp\/v2\/media\/11370"}],"wp:attachment":[{"href":"https:\/\/macite.tg\/index.php?rest_route=%2Fwp%2Fv2%2Fmedia&parent=11365"}],"wp:term":[{"taxonomy":"category","embeddable":true,"href":"https:\/\/macite.tg\/index.php?rest_route=%2Fwp%2Fv2%2Fcategories&post=11365"},{"taxonomy":"post_tag","embeddable":true,"href":"https:\/\/macite.tg\/index.php?rest_route=%2Fwp%2Fv2%2Ftags&post=11365"}],"curies":[{"name":"wp","href":"https:\/\/api.w.org\/{rel}","templated":true}]}}