{"id":11359,"date":"2023-12-26T17:54:05","date_gmt":"2023-12-26T17:54:05","guid":{"rendered":"https:\/\/macite.tg\/?p=11359"},"modified":"2023-12-26T17:54:28","modified_gmt":"2023-12-26T17:54:28","slug":"50eme-anniversaire-du-deces-de-bella-bellow-une-rue-qui-porte-le-nom-de-la-vedette-le-voeu-de-la-famille","status":"publish","type":"post","link":"https:\/\/macite.tg\/?p=11359","title":{"rendered":"50EME\u00a0ANNIVERSAIRE DU D\u00c9C\u00c8S DE BELLA BELLOW\u00a0: Une rue qui porte le nom de la vedette, le v\u0153u de la famille"},"content":{"rendered":"\n<p class=\"wp-block-paragraph\"><strong><em>10 d\u00e9cembre 1973-10 d\u00e9cembre 2023. Voici 50 ans que la diva togolaise Bella Bellow a quitt\u00e9 le monde des vivants. Plac\u00e9 sous le haut patronage du pr\u00e9sident Faure Gnassingb\u00e9, pour ce 50e anniversaire, le Gouvernement a pris les choses en main. Il organise, \u00e0 travers le minist\u00e8re de la Culture et du Tourisme, plusieurs activit\u00e9s, en collaboration avec la famille biologique de l\u2019illustre disparue et l\u2019appui d\u2019Ecobank Togo. Le programme a \u00e9t\u00e9 communiqu\u00e9 \u00e0 l\u2019opinion le 11 d\u00e9cembre 2023, au cours d\u2019une conf\u00e9rence de presse organis\u00e9e au si\u00e8ge d\u2019Ecobank Transnational Incorporated (ETI) \u00e0 Lom\u00e9. C\u2019\u00e9tait en pr\u00e9sence de Dr Kossi Lamadokou, ministre en charge de la culture, ainsi que la famille biologique de Bella Bellow, notamment sa fille et son petit fr\u00e8re.<\/em><\/strong><\/p>\n\n\n\n<p class=\"wp-block-paragraph\">Cette conf\u00e9rence de presse visant \u00e0 annoncer les manifestations comm\u00e9moratives du jubil\u00e9 d\u2019or de la disparition de la diva Bella Bellow a r\u00e9uni \u00e9galement des journalistes, membres de la famille de Bella Bellow et artistes de la chanson. Selon le programme de la c\u00e9l\u00e9bration, qui vise \u00e0 rendre un hommage \u00e0 cet artiste qui est l\u2019une des pionni\u00e8res de la musique togolaise, il y aura plusieurs activit\u00e9s, notamment des concerts.<\/p>\n\n\n<div class=\"wp-block-image\">\n<figure class=\"aligncenter size-large is-resized\"><img loading=\"lazy\" decoding=\"async\" src=\"https:\/\/macite.tg\/wp-content\/uploads\/2023\/12\/IMG-20231224-WA0140-1024x1024.jpg\" alt=\"\" class=\"wp-image-11352\" width=\"445\" height=\"445\" srcset=\"https:\/\/macite.tg\/wp-content\/uploads\/2023\/12\/IMG-20231224-WA0140-1024x1024.jpg 1024w, https:\/\/macite.tg\/wp-content\/uploads\/2023\/12\/IMG-20231224-WA0140-300x300.jpg 300w, https:\/\/macite.tg\/wp-content\/uploads\/2023\/12\/IMG-20231224-WA0140-150x150.jpg 150w, https:\/\/macite.tg\/wp-content\/uploads\/2023\/12\/IMG-20231224-WA0140-768x768.jpg 768w, https:\/\/macite.tg\/wp-content\/uploads\/2023\/12\/IMG-20231224-WA0140-122x122.jpg 122w, https:\/\/macite.tg\/wp-content\/uploads\/2023\/12\/IMG-20231224-WA0140.jpg 1134w\" sizes=\"auto, (max-width: 445px) 100vw, 445px\" \/><\/figure>\n<\/div>\n\n\n<p class=\"wp-block-paragraph\">Pour la circonstance, le ministre de la Culture et du Tourisme, M. Kossi Gb\u00e9nyo Lamadokou, a exprim\u00e9 la joie et la satisfaction de tout le gouvernement pour l\u2019engagement personnel et la d\u00e9termination du chef de l\u2019\u00c9tat \u00e0 faire de ce cinquanti\u00e8me anniversaire de la disparition de cette diva, un \u00e9v\u00e9nement national. <em>\u00abNous allons c\u00e9l\u00e9brer cet anniversaire de la mani\u00e8re la plus digne possible, parce qu\u2019ainsi en a d\u00e9cid\u00e9 le chef de l\u2019\u00c9tat. Nous allons mettre tout en \u0153uvre pour que cette comm\u00e9moration puisse avoir l\u2019\u00e9clat voulu par lui \u00bb<\/em>, a-t-il pr\u00e9cis\u00e9.<\/p>\n\n\n\n<p class=\"wp-block-paragraph\">Le ministre Lamadokou a signal\u00e9 qu\u2019au niveau du gouvernement, cette comm\u00e9moration se pr\u00e9parait d\u00e9j\u00e0 et les actes se feront en trois \u00e9tapes. \u00ab Au niveau du gouvernement, sur les orientations du chef de l\u2019Etat, nous avons compris qu\u2019\u00e0 cinquante ans cette ann\u00e9e, les \u0153uvres de notre Diva tomberaient dans le domaine public. Cela veut dire que les textes qui prot\u00e8gent les \u0153uvres prescrivent la dur\u00e9e de cinquante ans post mortem \u00e0 l\u2019issue de laquelle l\u2019\u0153uvre tombe dans le domaine public. On ne peut plus percevoir les droits sur l\u2019\u0153uvre. Donc, le gouvernement sentant cela venir, a d\u00fb adopter en proc\u00e9dure d\u2019urgence la loi sur les droits d\u2019auteurs, les droits voisins et les expressions du folklore. Ainsi, \u00e0 partir de cette ann\u00e9e, la jouissance des droits patrimoniaux post mortem passe \u00e0 soixante-dix ans. Ce qui veut dire qu\u2019\u00e0 partir de cette ann\u00e9e, toutes les \u0153uvres de notre Diva ne tomberont pas dans le domaine public, mais, survivront vingt ans encore \u00bb, a-t-il annonc\u00e9, tout en signalant que d\u2019autres actes et d\u00e9cisions seront prises.<\/p>\n\n\n\n<p class=\"wp-block-paragraph\">Au programme de la c\u00e9l\u00e9bration annonc\u00e9e par le ministre, figure&nbsp; un premier concert grand public, tenu le jeudi 14 d\u00e9cembre sur la sc\u00e8ne Bella Bellow de l\u2019Universit\u00e9 de Lom\u00e9 suivi le vendredi 15 d\u00e9cembre, par la pri\u00e8re musulmane \u00e0 la mosqu\u00e9e centrale de Lom\u00e9 et dans la soir\u00e9e, un concert-d\u00eener \u00e0 l\u2019h\u00f4tel 2 F\u00e9vrier. Le dimanche 17 d\u00e9cembre, il \u00e9tait pr\u00e9vus un culte protestant \u00e0 Ap\u00e9gam\u00e9 et le soir \u00e0 19h, le deuxi\u00e8me concert grand public&nbsp; sur l\u2019esplanade du Palais des Congr\u00e8s de Lom\u00e9. A noter aussi, le 26 janvier 2024, la d\u00e9dicace du livre \u00ab Bella Bellow, une l\u00e9gende africaine \u00bb \u00e9crit par le Togolais Jules Ahadji Komla.<\/p>\n\n\n<div class=\"wp-block-image\">\n<figure class=\"aligncenter size-large is-resized\"><img loading=\"lazy\" decoding=\"async\" src=\"https:\/\/macite.tg\/wp-content\/uploads\/2023\/12\/GBps6MVW8AAmcgK-819x1024.jpg\" alt=\"\" class=\"wp-image-11215\" width=\"523\" height=\"654\" srcset=\"https:\/\/macite.tg\/wp-content\/uploads\/2023\/12\/GBps6MVW8AAmcgK-819x1024.jpg 819w, https:\/\/macite.tg\/wp-content\/uploads\/2023\/12\/GBps6MVW8AAmcgK-240x300.jpg 240w, https:\/\/macite.tg\/wp-content\/uploads\/2023\/12\/GBps6MVW8AAmcgK-768x960.jpg 768w, https:\/\/macite.tg\/wp-content\/uploads\/2023\/12\/GBps6MVW8AAmcgK.jpg 864w\" sizes=\"auto, (max-width: 523px) 100vw, 523px\" \/><\/figure>\n<\/div>\n\n\n<p class=\"wp-block-paragraph\">&nbsp;A en croire le ministre, le troisi\u00e8me volet des activit\u00e9s, ce sont les mesures qui rel\u00e8vent de la discr\u00e9tion du chef de l\u2019Etat qui sont en maturation avanc\u00e9e et sont destin\u00e9es \u00e0 immortaliser et mat\u00e9rialiser la m\u00e9moire de notre illustre.<\/p>\n\n\n\n<p class=\"wp-block-paragraph\">Apr\u00e8s la pr\u00e9sentation du programme, Mme Nadia Agbodjan-Jamier a pris la parole, pour exprimer sa profonde gratitude au public. \u00ab Je tiens \u00e0 exprimer ma gratitude au pr\u00e9sident de la R\u00e9publique, Faure Essosimna Gnassingb\u00e9, pour son implication personnelle et ses efforts pour la culture dans notre pays. L\u2019intention de rendre hommage \u00e0 l\u2019h\u00e9ritage culturel laiss\u00e9 par ma m\u00e8re, Bella Bellow, a \u00e9t\u00e9 une d\u00e9marche touchante\u2026 \u00bb. Elle a \u00e9t\u00e9 impressionn\u00e9e du fait que cinquante\u00a0ans apr\u00e8s l\u2019amour pour sa m\u00e8re, ses \u0153uvres continuent par toucher des c\u0153urs.<\/p>\n\n\n\n<p class=\"wp-block-paragraph\">Emmanuel Bellow, petit fr\u00e8re de Bella Bellow, a, pour sa part, exprim\u00e9, au nom de toute la famille biologique, ses remerciements au Gouvernement pour son engagement dans la comm\u00e9moration du 50e anniversaire du d\u00e9c\u00e8s de sa feue s\u0153ur. \u00ab Si au bout de 50 ans, l\u2019\u00c9tat togolais a d\u00e9cid\u00e9 de prendre les choses en main, je crois que c\u2019est d\u00e9j\u00e0 un pas monumental. Je ne peux que remercier infiniment cette initiative du chef de l\u2019\u00c9tat. Mais le souhait r\u00e9el de toute ma famille, c\u2019est que nous esp\u00e9rons maintenant en toute sinc\u00e9rit\u00e9 que dans la fameuse 3e \u00e9tape dont le ministre nous a parl\u00e9, qu\u2019au moins un carrefour, une rue ou peut-\u00eatre un boulevard soit renomm\u00e9(e ) au nom de notre feue s\u0153ur Bella Bellow\u00bb, a-t-il souhait\u00e9.<\/p>\n\n\n\n<p class=\"wp-block-paragraph\">Il a chut\u00e9 dans son speech en racontant une anecdote sur sa s\u0153ur. \u00ab Elle disait toujours qu\u2019elle ferait tout pour faire conna\u00eetre son tout petit pays, le Togo \u00bb. Il a dit aussi que Bella, c\u2019est la t\u00e9nacit\u00e9. \u00ab Ce qui m\u2019a le plus marqu\u00e9 en elle, c\u2019est sa t\u00e9nacit\u00e9. Travailler, encore et encore\u2026Elle dit que c\u2019est en travaillant qu\u2019on r\u00e9ussit \u00bb.<\/p>\n\n\n\n<p class=\"wp-block-paragraph\"><strong>Qui est Bella Bellow?<\/strong><\/p>\n\n\n\n<p class=\"wp-block-paragraph\">De son vrai nom Georgette Nafiatou Adjoavi Bellow cette chanteuse, compositrice et paroli\u00e8re togolaise est n\u00e9e en janvier 1945 \u00e0 Ts\u00e9vi\u00e9. Elle a eu l\u2019occasion de se produire sur des sc\u00e8nes internationales, comme l\u2019Olympia de Paris et le Stade Maracana de Rio de Janeiro. Toujours habill\u00e9e en pagne wax, elle chante majoritairement dans sa langue maternelle, le mina (ou gen). De sa voix rauque, elle a particip\u00e9 \u00e0 la diffusion de la musique populaire togolaise et africaine.<\/p>\n\n\n\n<p class=\"wp-block-paragraph\">Une fois ses \u00e9tudes primaires et secondaires effectu\u00e9es, elle gagne Abidjan pour une formation en secr\u00e9tariat, et en profite pour suivre des cours de solf\u00e8ge \u00e0 l\u2019Institut des Arts.<\/p>\n\n\n<div class=\"wp-block-image\">\n<figure class=\"aligncenter size-large is-resized\"><img loading=\"lazy\" decoding=\"async\" src=\"https:\/\/macite.tg\/wp-content\/uploads\/2023\/12\/IMG-20231009-WA0178-1-1024x1024.jpg\" alt=\"\" class=\"wp-image-11275\" width=\"526\" height=\"526\" srcset=\"https:\/\/macite.tg\/wp-content\/uploads\/2023\/12\/IMG-20231009-WA0178-1-1024x1024.jpg 1024w, https:\/\/macite.tg\/wp-content\/uploads\/2023\/12\/IMG-20231009-WA0178-1-300x300.jpg 300w, https:\/\/macite.tg\/wp-content\/uploads\/2023\/12\/IMG-20231009-WA0178-1-150x150.jpg 150w, https:\/\/macite.tg\/wp-content\/uploads\/2023\/12\/IMG-20231009-WA0178-1-768x768.jpg 768w, https:\/\/macite.tg\/wp-content\/uploads\/2023\/12\/IMG-20231009-WA0178-1-122x122.jpg 122w, https:\/\/macite.tg\/wp-content\/uploads\/2023\/12\/IMG-20231009-WA0178-1.jpg 1280w\" sizes=\"auto, (max-width: 526px) 100vw, 526px\" \/><\/figure>\n<\/div>\n\n\n<p class=\"wp-block-paragraph\">En 1965, elle chante \u00e0 Cotonou \u00e0 l\u2019occasion de la f\u00eate de l\u2019ind\u00e9pendance du B\u00e9nin, l\u2019ex-Dahomey Festival mondial des arts n\u00e8gres \u00e0 Dakar au S\u00e9n\u00e9gal lui ouvre la voie d\u2019une cons\u00e9cration internationale. Son ancien professeur de dessin au Lyc\u00e9e de Sokod\u00e9, Paul Ahyi, peintre togolais, lui organise une rencontre avec G\u00e9rard Akueson qui devient son impresario. Il rassemble autour d\u2019elle une \u00e9quipe de musiciens aguerris : Slim Pezin \u00e0 la guitare, Jeannot Madingu\u00e9, \u00e0 la basse, Ben\u2019s \u00e0 la batterie et Manu Dibango au clavier et \u00e0 l\u2019arrangement. Elle enregistre en 1969 Rockya, son premier album sous le nom d\u2019artiste de Bella Bellow. Elle met ensuite sur pied son propre groupe, Gabada.<\/p>\n\n\n\n<p class=\"wp-block-paragraph\">Apr\u00e8s le Festival panafricain d\u2019Alger o\u00f9 elle rencontre la Sud- africaine Myriam Makeba,elle se produit \u00e0 l\u2019Olympia \u00e0 Paris. Elle participe ensuite \u00e0 plusieurs concerts en Europe, aux Antilles (Guadeloupe et Guyane), et au Festival de chanson populaire de Rio de Janeiro au Br\u00e9sil.<\/p>\n\n\n\n<p class=\"wp-block-paragraph\">En janvier 1972, elle se marie avec un magistrat togolais Th\u00e9ophile Jamier- L\u00e9vy, et donne naissance quelques mois plus tard \u00e0 Nadia Elsa, la fille unique du couple. Elle fait sa rentr\u00e9e au Centre culturel fran\u00e7ais de Lom\u00e9 et pr\u00e9pare une tourn\u00e9e musicale aux \u00c9tats-Unis avec le Camerounais Manu Dibango. Mais en revenant d\u2019Atakpam\u00e9 le 10 d\u00e9cembre 1973 en direction de Lom\u00e9, elle meurt dans un accident de circulation \u00e0 Lilikop\u00e9, non loin de Ts\u00e9vi\u00e9<\/p>\n\n\n\n<p class=\"wp-block-paragraph\"><strong>Daniel A. (In CHRONIQUE DE LA SEMAINE n\u00b0705 DU 21 D\u00c9CEMBRE 2023)<\/strong><\/p>\n\n\n\n<p class=\"wp-block-paragraph\"><strong><em>@macite.tg&nbsp;&nbsp;&nbsp;&nbsp;&nbsp;&nbsp;&nbsp;&nbsp;<\/em><\/strong><\/p>\n\n\n\n<p class=\"wp-block-paragraph\"><strong><em>E-mail&nbsp;: <\/em><\/strong><a href=\"mailto:maciteinfo@gmail.com\"><strong><em>maciteinfo@gmail.com<\/em><\/strong><\/a><strong><em>; <\/em><\/strong><a href=\"mailto:bawela1@gmail.com\"><strong><em>bawela1@gmail.com<\/em><\/strong><\/a><strong><em><\/em><\/strong><\/p>\n\n\n\n<p class=\"wp-block-paragraph\"><strong><em>Pour vos annonces, (publi)reportages, etc., joignez-nous au (00228)91515309\/<strong>79872224 <\/strong>www.macite.tg, L\u2019information, la bonne&nbsp;!<\/em><\/strong><\/p>\n","protected":false},"excerpt":{"rendered":"<p class=\"text-justify mb-2\" >10 d\u00e9cembre 1973-10 d\u00e9cembre 2023. Voici 50 ans que la diva togolaise Bella Bellow a quitt\u00e9 le monde des vivants. Plac\u00e9 sous le haut patronage du pr\u00e9sident Faure Gnassingb\u00e9, pour ce 50e anniversaire, le Gouvernement a pris les choses en main. Il organise, \u00e0 travers [&hellip;]<\/p>\n","protected":false},"author":2,"featured_media":11360,"comment_status":"open","ping_status":"open","sticky":false,"template":"","format":"standard","meta":{"footnotes":""},"categories":[18],"tags":[],"class_list":["post-11359","post","type-post","status-publish","format-standard","has-post-thumbnail","hentry","category-culture"],"yoast_head":"<!-- This site is optimized with the Yoast SEO plugin v28.4 - https:\/\/yoast.com\/product\/yoast-seo-wordpress\/ -->\n<title>50EME\u00a0ANNIVERSAIRE DU D\u00c9C\u00c8S DE BELLA BELLOW\u00a0: Une rue qui porte le nom de la vedette, le v\u0153u de la famille -<\/title>\n<meta name=\"robots\" content=\"index, follow, max-snippet:-1, max-image-preview:large, max-video-preview:-1\" \/>\n<link rel=\"canonical\" href=\"https:\/\/macite.tg\/?p=11359\" \/>\n<meta property=\"og:locale\" content=\"fr_FR\" \/>\n<meta property=\"og:type\" content=\"article\" \/>\n<meta property=\"og:title\" content=\"50EME\u00a0ANNIVERSAIRE DU D\u00c9C\u00c8S DE BELLA BELLOW\u00a0: Une rue qui porte le nom de la vedette, le v\u0153u de la famille -\" \/>\n<meta property=\"og:description\" content=\"10 d\u00e9cembre 1973-10 d\u00e9cembre 2023. Voici 50 ans que la diva togolaise Bella Bellow a quitt\u00e9 le monde des vivants. Plac\u00e9 sous le haut patronage du pr\u00e9sident Faure Gnassingb\u00e9, pour ce 50e anniversaire, le Gouvernement a pris les choses en main. Il organise, \u00e0 travers [&hellip;]\" \/>\n<meta property=\"og:url\" content=\"https:\/\/macite.tg\/?p=11359\" \/>\n<meta property=\"article:published_time\" content=\"2023-12-26T17:54:05+00:00\" \/>\n<meta property=\"article:modified_time\" content=\"2023-12-26T17:54:28+00:00\" \/>\n<meta property=\"og:image\" content=\"https:\/\/macite.tg\/wp-content\/uploads\/2023\/12\/Togo-le-50e-anniversaire-de-la-mort-de-Bella-Bellow-celebre-en-grande-pompe1.jpeg\" \/>\n\t<meta property=\"og:image:width\" content=\"1280\" \/>\n\t<meta property=\"og:image:height\" content=\"960\" \/>\n\t<meta property=\"og:image:type\" content=\"image\/jpeg\" \/>\n<meta name=\"author\" content=\"Jean Pierre BAWELA\" \/>\n<meta name=\"twitter:card\" content=\"summary_large_image\" \/>\n<meta name=\"twitter:label1\" content=\"\u00c9crit par\" \/>\n\t<meta name=\"twitter:data1\" content=\"Jean Pierre BAWELA\" \/>\n\t<meta name=\"twitter:label2\" content=\"Dur\u00e9e de lecture estim\u00e9e\" \/>\n\t<meta name=\"twitter:data2\" content=\"7 minutes\" \/>\n<script type=\"application\/ld+json\" class=\"yoast-schema-graph\">{\"@context\":\"https:\\\/\\\/schema.org\",\"@graph\":[{\"@type\":\"Article\",\"@id\":\"https:\\\/\\\/macite.tg\\\/?p=11359#article\",\"isPartOf\":{\"@id\":\"https:\\\/\\\/macite.tg\\\/?p=11359\"},\"author\":{\"name\":\"Jean Pierre BAWELA\",\"@id\":\"https:\\\/\\\/macite.tg\\\/#\\\/schema\\\/person\\\/e9f2de7e5dbbe7770a9402c7ce82f5c2\"},\"headline\":\"50EME\u00a0ANNIVERSAIRE DU D\u00c9C\u00c8S DE BELLA BELLOW\u00a0: Une rue qui porte le nom de la vedette, le v\u0153u de la famille\",\"datePublished\":\"2023-12-26T17:54:05+00:00\",\"dateModified\":\"2023-12-26T17:54:28+00:00\",\"mainEntityOfPage\":{\"@id\":\"https:\\\/\\\/macite.tg\\\/?p=11359\"},\"wordCount\":1406,\"commentCount\":0,\"image\":{\"@id\":\"https:\\\/\\\/macite.tg\\\/?p=11359#primaryimage\"},\"thumbnailUrl\":\"https:\\\/\\\/macite.tg\\\/wp-content\\\/uploads\\\/2023\\\/12\\\/Togo-le-50e-anniversaire-de-la-mort-de-Bella-Bellow-celebre-en-grande-pompe1.jpeg\",\"articleSection\":[\"CULTURE\"],\"inLanguage\":\"fr-FR\",\"potentialAction\":[{\"@type\":\"CommentAction\",\"name\":\"Comment\",\"target\":[\"https:\\\/\\\/macite.tg\\\/?p=11359#respond\"]}]},{\"@type\":\"WebPage\",\"@id\":\"https:\\\/\\\/macite.tg\\\/?p=11359\",\"url\":\"https:\\\/\\\/macite.tg\\\/?p=11359\",\"name\":\"50EME\u00a0ANNIVERSAIRE DU D\u00c9C\u00c8S DE BELLA BELLOW\u00a0: Une rue qui porte le nom de la vedette, le v\u0153u de la famille -\",\"isPartOf\":{\"@id\":\"https:\\\/\\\/macite.tg\\\/#website\"},\"primaryImageOfPage\":{\"@id\":\"https:\\\/\\\/macite.tg\\\/?p=11359#primaryimage\"},\"image\":{\"@id\":\"https:\\\/\\\/macite.tg\\\/?p=11359#primaryimage\"},\"thumbnailUrl\":\"https:\\\/\\\/macite.tg\\\/wp-content\\\/uploads\\\/2023\\\/12\\\/Togo-le-50e-anniversaire-de-la-mort-de-Bella-Bellow-celebre-en-grande-pompe1.jpeg\",\"datePublished\":\"2023-12-26T17:54:05+00:00\",\"dateModified\":\"2023-12-26T17:54:28+00:00\",\"author\":{\"@id\":\"https:\\\/\\\/macite.tg\\\/#\\\/schema\\\/person\\\/e9f2de7e5dbbe7770a9402c7ce82f5c2\"},\"breadcrumb\":{\"@id\":\"https:\\\/\\\/macite.tg\\\/?p=11359#breadcrumb\"},\"inLanguage\":\"fr-FR\",\"potentialAction\":[{\"@type\":\"ReadAction\",\"target\":[\"https:\\\/\\\/macite.tg\\\/?p=11359\"]}]},{\"@type\":\"ImageObject\",\"inLanguage\":\"fr-FR\",\"@id\":\"https:\\\/\\\/macite.tg\\\/?p=11359#primaryimage\",\"url\":\"https:\\\/\\\/macite.tg\\\/wp-content\\\/uploads\\\/2023\\\/12\\\/Togo-le-50e-anniversaire-de-la-mort-de-Bella-Bellow-celebre-en-grande-pompe1.jpeg\",\"contentUrl\":\"https:\\\/\\\/macite.tg\\\/wp-content\\\/uploads\\\/2023\\\/12\\\/Togo-le-50e-anniversaire-de-la-mort-de-Bella-Bellow-celebre-en-grande-pompe1.jpeg\",\"width\":1280,\"height\":960},{\"@type\":\"BreadcrumbList\",\"@id\":\"https:\\\/\\\/macite.tg\\\/?p=11359#breadcrumb\",\"itemListElement\":[{\"@type\":\"ListItem\",\"position\":1,\"name\":\"Accueil\",\"item\":\"https:\\\/\\\/macite.tg\\\/\"},{\"@type\":\"ListItem\",\"position\":2,\"name\":\"50EME\u00a0ANNIVERSAIRE DU D\u00c9C\u00c8S DE BELLA BELLOW\u00a0: Une rue qui porte le nom de la vedette, le v\u0153u de la famille\"}]},{\"@type\":\"WebSite\",\"@id\":\"https:\\\/\\\/macite.tg\\\/#website\",\"url\":\"https:\\\/\\\/macite.tg\\\/\",\"name\":\"\",\"description\":\"L&#039;information, la bonne!!!\",\"potentialAction\":[{\"@type\":\"SearchAction\",\"target\":{\"@type\":\"EntryPoint\",\"urlTemplate\":\"https:\\\/\\\/macite.tg\\\/?s={search_term_string}\"},\"query-input\":{\"@type\":\"PropertyValueSpecification\",\"valueRequired\":true,\"valueName\":\"search_term_string\"}}],\"inLanguage\":\"fr-FR\"},{\"@type\":\"Person\",\"@id\":\"https:\\\/\\\/macite.tg\\\/#\\\/schema\\\/person\\\/e9f2de7e5dbbe7770a9402c7ce82f5c2\",\"name\":\"Jean Pierre BAWELA\",\"image\":{\"@type\":\"ImageObject\",\"inLanguage\":\"fr-FR\",\"@id\":\"https:\\\/\\\/macite.tg\\\/wp-content\\\/uploads\\\/2023\\\/09\\\/WhatsApp-Image-2023-09-19-at-14.44.41-122x122.jpeg\",\"url\":\"https:\\\/\\\/macite.tg\\\/wp-content\\\/uploads\\\/2023\\\/09\\\/WhatsApp-Image-2023-09-19-at-14.44.41-122x122.jpeg\",\"contentUrl\":\"https:\\\/\\\/macite.tg\\\/wp-content\\\/uploads\\\/2023\\\/09\\\/WhatsApp-Image-2023-09-19-at-14.44.41-122x122.jpeg\",\"caption\":\"Jean Pierre BAWELA\"},\"url\":\"https:\\\/\\\/macite.tg\\\/?author=2\"}]}<\/script>\n<!-- \/ Yoast SEO plugin. -->","yoast_head_json":{"title":"50EME\u00a0ANNIVERSAIRE DU D\u00c9C\u00c8S DE BELLA BELLOW\u00a0: Une rue qui porte le nom de la vedette, le v\u0153u de la famille -","robots":{"index":"index","follow":"follow","max-snippet":"max-snippet:-1","max-image-preview":"max-image-preview:large","max-video-preview":"max-video-preview:-1"},"canonical":"https:\/\/macite.tg\/?p=11359","og_locale":"fr_FR","og_type":"article","og_title":"50EME\u00a0ANNIVERSAIRE DU D\u00c9C\u00c8S DE BELLA BELLOW\u00a0: Une rue qui porte le nom de la vedette, le v\u0153u de la famille -","og_description":"10 d\u00e9cembre 1973-10 d\u00e9cembre 2023. Voici 50 ans que la diva togolaise Bella Bellow a quitt\u00e9 le monde des vivants. Plac\u00e9 sous le haut patronage du pr\u00e9sident Faure Gnassingb\u00e9, pour ce 50e anniversaire, le Gouvernement a pris les choses en main. Il organise, \u00e0 travers [&hellip;]","og_url":"https:\/\/macite.tg\/?p=11359","article_published_time":"2023-12-26T17:54:05+00:00","article_modified_time":"2023-12-26T17:54:28+00:00","og_image":[{"width":1280,"height":960,"url":"https:\/\/macite.tg\/wp-content\/uploads\/2023\/12\/Togo-le-50e-anniversaire-de-la-mort-de-Bella-Bellow-celebre-en-grande-pompe1.jpeg","type":"image\/jpeg"}],"author":"Jean Pierre BAWELA","twitter_card":"summary_large_image","twitter_misc":{"\u00c9crit par":"Jean Pierre BAWELA","Dur\u00e9e de lecture estim\u00e9e":"7 minutes"},"schema":{"@context":"https:\/\/schema.org","@graph":[{"@type":"Article","@id":"https:\/\/macite.tg\/?p=11359#article","isPartOf":{"@id":"https:\/\/macite.tg\/?p=11359"},"author":{"name":"Jean Pierre BAWELA","@id":"https:\/\/macite.tg\/#\/schema\/person\/e9f2de7e5dbbe7770a9402c7ce82f5c2"},"headline":"50EME\u00a0ANNIVERSAIRE DU D\u00c9C\u00c8S DE BELLA BELLOW\u00a0: Une rue qui porte le nom de la vedette, le v\u0153u de la famille","datePublished":"2023-12-26T17:54:05+00:00","dateModified":"2023-12-26T17:54:28+00:00","mainEntityOfPage":{"@id":"https:\/\/macite.tg\/?p=11359"},"wordCount":1406,"commentCount":0,"image":{"@id":"https:\/\/macite.tg\/?p=11359#primaryimage"},"thumbnailUrl":"https:\/\/macite.tg\/wp-content\/uploads\/2023\/12\/Togo-le-50e-anniversaire-de-la-mort-de-Bella-Bellow-celebre-en-grande-pompe1.jpeg","articleSection":["CULTURE"],"inLanguage":"fr-FR","potentialAction":[{"@type":"CommentAction","name":"Comment","target":["https:\/\/macite.tg\/?p=11359#respond"]}]},{"@type":"WebPage","@id":"https:\/\/macite.tg\/?p=11359","url":"https:\/\/macite.tg\/?p=11359","name":"50EME\u00a0ANNIVERSAIRE DU D\u00c9C\u00c8S DE BELLA BELLOW\u00a0: Une rue qui porte le nom de la vedette, le v\u0153u de la famille -","isPartOf":{"@id":"https:\/\/macite.tg\/#website"},"primaryImageOfPage":{"@id":"https:\/\/macite.tg\/?p=11359#primaryimage"},"image":{"@id":"https:\/\/macite.tg\/?p=11359#primaryimage"},"thumbnailUrl":"https:\/\/macite.tg\/wp-content\/uploads\/2023\/12\/Togo-le-50e-anniversaire-de-la-mort-de-Bella-Bellow-celebre-en-grande-pompe1.jpeg","datePublished":"2023-12-26T17:54:05+00:00","dateModified":"2023-12-26T17:54:28+00:00","author":{"@id":"https:\/\/macite.tg\/#\/schema\/person\/e9f2de7e5dbbe7770a9402c7ce82f5c2"},"breadcrumb":{"@id":"https:\/\/macite.tg\/?p=11359#breadcrumb"},"inLanguage":"fr-FR","potentialAction":[{"@type":"ReadAction","target":["https:\/\/macite.tg\/?p=11359"]}]},{"@type":"ImageObject","inLanguage":"fr-FR","@id":"https:\/\/macite.tg\/?p=11359#primaryimage","url":"https:\/\/macite.tg\/wp-content\/uploads\/2023\/12\/Togo-le-50e-anniversaire-de-la-mort-de-Bella-Bellow-celebre-en-grande-pompe1.jpeg","contentUrl":"https:\/\/macite.tg\/wp-content\/uploads\/2023\/12\/Togo-le-50e-anniversaire-de-la-mort-de-Bella-Bellow-celebre-en-grande-pompe1.jpeg","width":1280,"height":960},{"@type":"BreadcrumbList","@id":"https:\/\/macite.tg\/?p=11359#breadcrumb","itemListElement":[{"@type":"ListItem","position":1,"name":"Accueil","item":"https:\/\/macite.tg\/"},{"@type":"ListItem","position":2,"name":"50EME\u00a0ANNIVERSAIRE DU D\u00c9C\u00c8S DE BELLA BELLOW\u00a0: Une rue qui porte le nom de la vedette, le v\u0153u de la famille"}]},{"@type":"WebSite","@id":"https:\/\/macite.tg\/#website","url":"https:\/\/macite.tg\/","name":"","description":"L&#039;information, la bonne!!!","potentialAction":[{"@type":"SearchAction","target":{"@type":"EntryPoint","urlTemplate":"https:\/\/macite.tg\/?s={search_term_string}"},"query-input":{"@type":"PropertyValueSpecification","valueRequired":true,"valueName":"search_term_string"}}],"inLanguage":"fr-FR"},{"@type":"Person","@id":"https:\/\/macite.tg\/#\/schema\/person\/e9f2de7e5dbbe7770a9402c7ce82f5c2","name":"Jean Pierre BAWELA","image":{"@type":"ImageObject","inLanguage":"fr-FR","@id":"https:\/\/macite.tg\/wp-content\/uploads\/2023\/09\/WhatsApp-Image-2023-09-19-at-14.44.41-122x122.jpeg","url":"https:\/\/macite.tg\/wp-content\/uploads\/2023\/09\/WhatsApp-Image-2023-09-19-at-14.44.41-122x122.jpeg","contentUrl":"https:\/\/macite.tg\/wp-content\/uploads\/2023\/09\/WhatsApp-Image-2023-09-19-at-14.44.41-122x122.jpeg","caption":"Jean Pierre BAWELA"},"url":"https:\/\/macite.tg\/?author=2"}]}},"_links":{"self":[{"href":"https:\/\/macite.tg\/index.php?rest_route=\/wp\/v2\/posts\/11359","targetHints":{"allow":["GET"]}}],"collection":[{"href":"https:\/\/macite.tg\/index.php?rest_route=\/wp\/v2\/posts"}],"about":[{"href":"https:\/\/macite.tg\/index.php?rest_route=\/wp\/v2\/types\/post"}],"author":[{"embeddable":true,"href":"https:\/\/macite.tg\/index.php?rest_route=\/wp\/v2\/users\/2"}],"replies":[{"embeddable":true,"href":"https:\/\/macite.tg\/index.php?rest_route=%2Fwp%2Fv2%2Fcomments&post=11359"}],"version-history":[{"count":0,"href":"https:\/\/macite.tg\/index.php?rest_route=\/wp\/v2\/posts\/11359\/revisions"}],"wp:featuredmedia":[{"embeddable":true,"href":"https:\/\/macite.tg\/index.php?rest_route=\/wp\/v2\/media\/11360"}],"wp:attachment":[{"href":"https:\/\/macite.tg\/index.php?rest_route=%2Fwp%2Fv2%2Fmedia&parent=11359"}],"wp:term":[{"taxonomy":"category","embeddable":true,"href":"https:\/\/macite.tg\/index.php?rest_route=%2Fwp%2Fv2%2Fcategories&post=11359"},{"taxonomy":"post_tag","embeddable":true,"href":"https:\/\/macite.tg\/index.php?rest_route=%2Fwp%2Fv2%2Ftags&post=11359"}],"curies":[{"name":"wp","href":"https:\/\/api.w.org\/{rel}","templated":true}]}}