{"id":11355,"date":"2023-12-26T16:20:52","date_gmt":"2023-12-26T16:20:52","guid":{"rendered":"https:\/\/macite.tg\/?p=11355"},"modified":"2023-12-26T16:21:46","modified_gmt":"2023-12-26T16:21:46","slug":"presidence-noel-enfants-joie-et-renouveau-desperance","status":"publish","type":"post","link":"https:\/\/macite.tg\/?p=11355","title":{"rendered":"PR\u00c9SIDENCE- NO\u00cbL -ENFANTS\u00a0: JOIE ET RENOUVEAU D\u2019ESP\u00c9RANCE"},"content":{"rendered":"\n<p class=\"wp-block-paragraph\"><strong>\u00ab\u00a0<em>En cette p\u00e9riode festive, je souhaite \u00e0 chacun de nos concitoyens un No\u00ebl empreint de paix, de moments chaleureux et de convivialit\u00e9 partag\u00e9e.\u00a0 Que cette c\u00e9l\u00e9bration apporte \u00e0 tous de la joie et un renouveau d&rsquo;esp\u00e9rance.\u00a0 Joyeux No\u00ebl \u00e0 toutes et \u00e0 tous<\/em>\u00a0\u00bb. C\u2019est le message du Pr\u00e9sident de la R\u00e9publique Faure Gnassingb\u00e9 \u00e0 l\u2019endroit des Togolais \u00e0 l\u2019occasion de la f\u00eate de la nativit\u00e9.<\/strong><\/p>\n\n\n\n<p class=\"wp-block-paragraph\">Dans ce cadre, ils \u00e9taient des milliers d\u2019enfants \u00e0 fouler les couloirs de la Pr\u00e9sidence de la R\u00e9publique, invit\u00e9s par le Chef de l\u2019\u00c9tat Faure Gnassingb\u00e9, pour partager les joies de la f\u00eate de No\u00ebl. \u00a0C\u2019est Sandra Ablamba Johnson, Ministre, Secr\u00e9taire g\u00e9n\u00e9ral de la Pr\u00e9sidence de la R\u00e9publique, qui a proc\u00e9d\u00e9 \u00e0 la remise de kits alimentaires et de jouets aux enfants du personnel de l\u2019institution, au nom du chef de l\u2019\u00c9tat.<\/p>\n\n\n<div class=\"wp-block-image\">\n<figure class=\"aligncenter size-large is-resized\"><img loading=\"lazy\" decoding=\"async\" src=\"https:\/\/macite.tg\/wp-content\/uploads\/2023\/12\/IMG-20231225-WA0097-1024x819.jpg\" alt=\"\" class=\"wp-image-11357\" width=\"671\" height=\"536\" srcset=\"https:\/\/macite.tg\/wp-content\/uploads\/2023\/12\/IMG-20231225-WA0097-1024x819.jpg 1024w, https:\/\/macite.tg\/wp-content\/uploads\/2023\/12\/IMG-20231225-WA0097-300x240.jpg 300w, https:\/\/macite.tg\/wp-content\/uploads\/2023\/12\/IMG-20231225-WA0097-768x614.jpg 768w, https:\/\/macite.tg\/wp-content\/uploads\/2023\/12\/IMG-20231225-WA0097-1536x1229.jpg 1536w, https:\/\/macite.tg\/wp-content\/uploads\/2023\/12\/IMG-20231225-WA0097-664x530.jpg 664w, https:\/\/macite.tg\/wp-content\/uploads\/2023\/12\/IMG-20231225-WA0097.jpg 1600w\" sizes=\"auto, (max-width: 671px) 100vw, 671px\" \/><figcaption class=\"wp-element-caption\"><strong><em>La Ministre-SG de la Pr\u00e9sidence de la R\u00e9publique, Sandra Ablamba Johnson, aux c\u00f4t\u00e9s des enfants&#8230;<\/em><\/strong><\/figcaption><\/figure>\n<\/div>\n\n\n<p class=\"wp-block-paragraph\"> <em>\u00ab\u00a0C&rsquo;est un honneur et un plaisir de pouvoir apporter du sourire et du bonheur aux enfants. J\u2019ai, au nom du Chef de l\u2019\u00c9tat, proc\u00e9d\u00e9 \u00e0 la traditionnelle remise de kits alimentaires et des jouets aux enfants du personnel du Palais, ainsi qu&rsquo;aux jeunes des orphelinats et \u00e0 ceux hospitalis\u00e9s dans les centres de sant\u00e9, en cette p\u00e9riode festive. Ces petits h\u00e9ros qui, repr\u00e9sentent l&rsquo;avenir et l&rsquo;espoir de notre nation, m\u00e9ritent de se r\u00e9jouir en ces temps festifs, quelle que soit la situation. Nous saisissons chaque opportunit\u00e9 pour leur rappeler leur importance pour notre pays et celle de la r\u00e9ussite par le travail, contribuant ainsi en toute libert\u00e9 \u00e0 l&rsquo;\u00e9dification de notre patrie le Togo\u00a0<\/em>\u00bb, a \u00e9crit Sandra Johnson sur ces r\u00e9seaux sociaux.<\/p>\n\n\n\n<p class=\"wp-block-paragraph\">A la Pr\u00e9sidence de la R\u00e9publique, on indique que l\u2019action du Chef de l\u2019\u00c9tat vise \u00e0 donner de la joie aux enfants en ces moments de f\u00eates de fin d\u2019ann\u00e9e. Le bien-\u00eatre des enfants compte \u00e9norm\u00e9ment pour le Chef de l\u2019\u00c9tat. C\u2019est pour cela qu\u2019il a d\u00e9cid\u00e9 d\u2019offrir aux enfants du personnel du Palais, des orphelinats et aux enfants qui sont malheureusement sur les lits des centres de sant\u00e9, des kits alimentaires et des jouets, en plus de cette ambiance festive.\u00a0\u00ab\u00a0J\u2019ai aim\u00e9 les d\u00e9corations, les artistes et surtout les cadeaux\u00a0\u00bb, a laiss\u00e9 entendre un enfant, tout joyeux d\u2019\u00eatre au centre des int\u00e9r\u00eats du Pr\u00e9sident de la R\u00e9publique.\u00a0 Les parents n\u2019\u00e9taient pas du reste.<\/p>\n\n\n<div class=\"wp-block-image\">\n<figure class=\"aligncenter size-large is-resized\"><img loading=\"lazy\" decoding=\"async\" src=\"https:\/\/macite.tg\/wp-content\/uploads\/2023\/12\/IMG-20231224-WA0140-1024x1024.jpg\" alt=\"\" class=\"wp-image-11352\" width=\"504\" height=\"504\" srcset=\"https:\/\/macite.tg\/wp-content\/uploads\/2023\/12\/IMG-20231224-WA0140-1024x1024.jpg 1024w, https:\/\/macite.tg\/wp-content\/uploads\/2023\/12\/IMG-20231224-WA0140-300x300.jpg 300w, https:\/\/macite.tg\/wp-content\/uploads\/2023\/12\/IMG-20231224-WA0140-150x150.jpg 150w, https:\/\/macite.tg\/wp-content\/uploads\/2023\/12\/IMG-20231224-WA0140-768x768.jpg 768w, https:\/\/macite.tg\/wp-content\/uploads\/2023\/12\/IMG-20231224-WA0140-122x122.jpg 122w, https:\/\/macite.tg\/wp-content\/uploads\/2023\/12\/IMG-20231224-WA0140.jpg 1134w\" sizes=\"auto, (max-width: 504px) 100vw, 504px\" \/><\/figure>\n<\/div>\n\n\n<p class=\"wp-block-paragraph\">Sandra Ablamba Johnson, a remerci\u00e9 le chef de l\u2019\u00c9tat pour sa politique de protection des enfants et de promotion des valeurs sociales notamment l\u2019amour, la solidarit\u00e9, le partage et le vivre ensemble. \u00ab\u00a0<em>Nous exprimons au nom des enfants notre reconnaissance au Pr\u00e9sident de la R\u00e9publique pour l\u2019organisation de cette c\u00e9r\u00e9monie. Les enfants repr\u00e9sentent notre espoir. C\u2019est la rel\u00e8ve de demain. Il est de notre devoir de leur donner la joie \u00e0 chaque fois que l\u2019occasion s\u2019y pr\u00eate et de partager avec eux les valeurs sociales tr\u00e8s ch\u00e8res au chef de l\u2019\u00c9tat<\/em>\u00a0\u00bb, a-t-elle ajout\u00e9. \u00a0 Les enfants b\u00e9n\u00e9ficiaires ont exprim\u00e9 leur gratitude au chef de l\u2019\u00c9tat pour son sens de g\u00e9n\u00e9rosit\u00e9 et l\u2019int\u00e9r\u00eat particulier qu\u2019il porte au bien-\u00eatre des enfants du pays.<\/p>\n\n\n\n<p class=\"wp-block-paragraph\"><strong>Solidarit\u00e9 avec enfants hospitalis\u00e9s et des orphelinats<\/strong><\/p>\n\n\n\n<p class=\"wp-block-paragraph\">Une d\u00e9l\u00e9gation de la Pr\u00e9sidence de la R\u00e9publique, conduite par Madame Esse Tatagan, Conseill\u00e8re \u00e0 la Pr\u00e9sidence de la R\u00e9publique, et Madame Aicha P\u00e9r\u00e9, Coordonnateur a.i. de la Cellule pr\u00e9sidentielle d\u2019ex\u00e9cution et de suivi des projets prioritaires (Cpes),\u00a0\u00e9tait notamment aux c\u00f4t\u00e9s des enfants hospitalis\u00e9s aux Cms d\u2019Adidogom\u00e9, de Cacav\u00e9li et au Centre hospitalier universitaire Sylvanus Olympio (Chu SO).<\/p>\n\n\n\n<p class=\"wp-block-paragraph\">Au nom du Chef de l\u2019\u00c9tat, elles ont remis des kits alimentaires et de jouets aux enfants hospitalis\u00e9s. <em>\u00ab\u00a0Pour le Chef de l\u2019\u00c9tat, la p\u00e9riode No\u00ebl est une p\u00e9riode qui doit \u00eatre de joie pour tout le monde, pour toute la population, quel que soit la couche sociale. Et ici (centres de sant\u00e9), nous avons des enfants qui sont malades, dont les parents sont d\u00e9j\u00e0 pr\u00e9occup\u00e9s par l\u2019\u00c9tat de sant\u00e9. Le Chef de l\u2019\u00c9tat, en dehors de ce qui se fait au quotidien pour am\u00e9liorer le quotidien de tout un chacun, a voulu apporter son soutien et dire aux parents qu\u2019il est avec eux, qu\u2019il les soutient et leur transmet toute sa compassion\u00a0<\/em>\u00bb, a fait savoir Aicha P\u00e9r\u00e9.<\/p>\n\n\n\n<p class=\"wp-block-paragraph\">Les parents des enfants b\u00e9n\u00e9ficiaires ont exprim\u00e9 leur reconnaissance au chef de l\u2019\u00c9tat pour ces dons qui les soulagent et apportent du sourire \u00e0 leurs enfants en cette p\u00e9riode de f\u00eates de fin d\u2019ann\u00e9e. \u00ab&nbsp;<em>Merci infiniment au Pr\u00e9sident de la R\u00e9publique pour tout ce qu\u2019il fait pour nous les femmes togolaises et pour nos enfants, surtout pour ce geste de g\u00e9n\u00e9rosit\u00e9 \u00e0 l\u2019or\u00e9e des f\u00eates de fin d\u2019ann\u00e9e. Ces dons nous donnent la joie&nbsp;<\/em>\u00bb, a d\u00e9clar\u00e9 un parent.<\/p>\n\n\n<div class=\"wp-block-image\">\n<figure class=\"aligncenter size-large is-resized\"><img loading=\"lazy\" decoding=\"async\" src=\"https:\/\/macite.tg\/wp-content\/uploads\/2023\/12\/GBps6MVW8AAmcgK-819x1024.jpg\" alt=\"\" class=\"wp-image-11215\" width=\"533\" height=\"666\" srcset=\"https:\/\/macite.tg\/wp-content\/uploads\/2023\/12\/GBps6MVW8AAmcgK-819x1024.jpg 819w, https:\/\/macite.tg\/wp-content\/uploads\/2023\/12\/GBps6MVW8AAmcgK-240x300.jpg 240w, https:\/\/macite.tg\/wp-content\/uploads\/2023\/12\/GBps6MVW8AAmcgK-768x960.jpg 768w, https:\/\/macite.tg\/wp-content\/uploads\/2023\/12\/GBps6MVW8AAmcgK.jpg 864w\" sizes=\"auto, (max-width: 533px) 100vw, 533px\" \/><\/figure>\n<\/div>\n\n\n<p class=\"wp-block-paragraph\">En pr\u00e9sence des repr\u00e9sentants des collectivit\u00e9s territoriales et du personnel et des responsables de ces formations sanitaires, les envoy\u00e9es du Pr\u00e9sident de la R\u00e9publique ont transmis aux enfants et \u00e0 leurs familles un message de paix, de solidarit\u00e9 et de r\u00e9confort de la part du Pr\u00e9sident de la R\u00e9publique.<\/p>\n\n\n\n<p class=\"wp-block-paragraph\">Le bien-\u00eatre des populations togolaises, surtout celui des enfants, a toujours \u00e9t\u00e9 l\u2019un des axes majeurs des actions sociales de Faure Essozimna Gnassingb\u00e9, d\u2019o\u00f9 l\u2019importance de ces gestes d\u2019amour et de g\u00e9n\u00e9rosit\u00e9 qui se multiplient d\u2019ann\u00e9e en ann\u00e9e. Il faut souligner que des orphelinats de Lom\u00e9 ont aussi re\u00e7u des kits pour la c\u00e9l\u00e9bration. Les m\u00eames actions se poursuivront dans les autres centres de sant\u00e9 du pays.<\/p>\n\n\n\n<p class=\"wp-block-paragraph\"><strong>Ali Samba<\/strong> <strong>(In LE MEDIUM n\u00b0585 du 26 D\u00e9cembre 2023 au 1<sup>er<\/sup> D\u00e9cembre 2024)<\/strong><\/p>\n\n\n\n<p class=\"wp-block-paragraph\"><strong><em>@macite.tg&nbsp;&nbsp;&nbsp;&nbsp;&nbsp;&nbsp;&nbsp;&nbsp;<\/em><\/strong><\/p>\n\n\n\n<p class=\"wp-block-paragraph\"><strong><em>E-mail&nbsp;: <\/em><\/strong><a href=\"mailto:maciteinfo@gmail.com\"><strong><em>maciteinfo@gmail.com<\/em><\/strong><\/a><strong><em>; <\/em><\/strong><a href=\"mailto:bawela1@gmail.com\"><strong><em>bawela1@gmail.com<\/em><\/strong><\/a><strong><em><\/em><\/strong><\/p>\n\n\n\n<p class=\"wp-block-paragraph\"><strong><em>Pour vos annonces, (publi)reportages, etc., joignez-nous au (00228)91515309\/<strong>79872224 <\/strong>www.macite.tg, L\u2019information, la bonne&nbsp;!<\/em><\/strong><strong><em><\/em><\/strong><\/p>\n","protected":false},"excerpt":{"rendered":"<p class=\"text-justify mb-2\" >\u00ab\u00a0En cette p\u00e9riode festive, je souhaite \u00e0 chacun de nos concitoyens un No\u00ebl empreint de paix, de moments chaleureux et de convivialit\u00e9 partag\u00e9e.\u00a0 Que cette c\u00e9l\u00e9bration apporte \u00e0 tous de la joie et un renouveau d&rsquo;esp\u00e9rance.\u00a0 Joyeux No\u00ebl \u00e0 toutes et \u00e0 tous\u00a0\u00bb. C\u2019est le [&hellip;]<\/p>\n","protected":false},"author":2,"featured_media":11356,"comment_status":"open","ping_status":"open","sticky":false,"template":"","format":"standard","meta":{"footnotes":""},"categories":[6],"tags":[],"class_list":["post-11355","post","type-post","status-publish","format-standard","has-post-thumbnail","hentry","category-societe"],"yoast_head":"<!-- This site is optimized with the Yoast SEO plugin v28.4 - https:\/\/yoast.com\/product\/yoast-seo-wordpress\/ -->\n<title>PR\u00c9SIDENCE- NO\u00cbL -ENFANTS\u00a0: JOIE ET RENOUVEAU D\u2019ESP\u00c9RANCE -<\/title>\n<meta name=\"robots\" content=\"index, follow, max-snippet:-1, max-image-preview:large, max-video-preview:-1\" \/>\n<link rel=\"canonical\" href=\"https:\/\/macite.tg\/?p=11355\" \/>\n<meta property=\"og:locale\" content=\"fr_FR\" \/>\n<meta property=\"og:type\" content=\"article\" \/>\n<meta property=\"og:title\" content=\"PR\u00c9SIDENCE- NO\u00cbL -ENFANTS\u00a0: JOIE ET RENOUVEAU D\u2019ESP\u00c9RANCE -\" \/>\n<meta property=\"og:description\" content=\"\u00ab\u00a0En cette p\u00e9riode festive, je souhaite \u00e0 chacun de nos concitoyens un No\u00ebl empreint de paix, de moments chaleureux et de convivialit\u00e9 partag\u00e9e.\u00a0 Que cette c\u00e9l\u00e9bration apporte \u00e0 tous de la joie et un renouveau d&rsquo;esp\u00e9rance.\u00a0 Joyeux No\u00ebl \u00e0 toutes et \u00e0 tous\u00a0\u00bb. C\u2019est le [&hellip;]\" \/>\n<meta property=\"og:url\" content=\"https:\/\/macite.tg\/?p=11355\" \/>\n<meta property=\"article:published_time\" content=\"2023-12-26T16:20:52+00:00\" \/>\n<meta property=\"article:modified_time\" content=\"2023-12-26T16:21:46+00:00\" \/>\n<meta property=\"og:image\" content=\"https:\/\/macite.tg\/wp-content\/uploads\/2023\/12\/IMG-20231225-WA0098.jpg\" \/>\n\t<meta property=\"og:image:width\" content=\"1600\" \/>\n\t<meta property=\"og:image:height\" content=\"1280\" \/>\n\t<meta property=\"og:image:type\" content=\"image\/jpeg\" \/>\n<meta name=\"author\" content=\"Jean Pierre BAWELA\" \/>\n<meta name=\"twitter:card\" content=\"summary_large_image\" \/>\n<meta name=\"twitter:label1\" content=\"\u00c9crit par\" \/>\n\t<meta name=\"twitter:data1\" content=\"Jean Pierre BAWELA\" \/>\n\t<meta name=\"twitter:label2\" content=\"Dur\u00e9e de lecture estim\u00e9e\" \/>\n\t<meta name=\"twitter:data2\" content=\"5 minutes\" \/>\n<script type=\"application\/ld+json\" class=\"yoast-schema-graph\">{\"@context\":\"https:\\\/\\\/schema.org\",\"@graph\":[{\"@type\":\"Article\",\"@id\":\"https:\\\/\\\/macite.tg\\\/?p=11355#article\",\"isPartOf\":{\"@id\":\"https:\\\/\\\/macite.tg\\\/?p=11355\"},\"author\":{\"name\":\"Jean Pierre BAWELA\",\"@id\":\"https:\\\/\\\/macite.tg\\\/#\\\/schema\\\/person\\\/e9f2de7e5dbbe7770a9402c7ce82f5c2\"},\"headline\":\"PR\u00c9SIDENCE- NO\u00cbL -ENFANTS\u00a0: JOIE ET RENOUVEAU D\u2019ESP\u00c9RANCE\",\"datePublished\":\"2023-12-26T16:20:52+00:00\",\"dateModified\":\"2023-12-26T16:21:46+00:00\",\"mainEntityOfPage\":{\"@id\":\"https:\\\/\\\/macite.tg\\\/?p=11355\"},\"wordCount\":1101,\"commentCount\":0,\"image\":{\"@id\":\"https:\\\/\\\/macite.tg\\\/?p=11355#primaryimage\"},\"thumbnailUrl\":\"https:\\\/\\\/macite.tg\\\/wp-content\\\/uploads\\\/2023\\\/12\\\/IMG-20231225-WA0098.jpg\",\"articleSection\":[\"SOCIETE\"],\"inLanguage\":\"fr-FR\",\"potentialAction\":[{\"@type\":\"CommentAction\",\"name\":\"Comment\",\"target\":[\"https:\\\/\\\/macite.tg\\\/?p=11355#respond\"]}]},{\"@type\":\"WebPage\",\"@id\":\"https:\\\/\\\/macite.tg\\\/?p=11355\",\"url\":\"https:\\\/\\\/macite.tg\\\/?p=11355\",\"name\":\"PR\u00c9SIDENCE- NO\u00cbL -ENFANTS\u00a0: JOIE ET RENOUVEAU D\u2019ESP\u00c9RANCE -\",\"isPartOf\":{\"@id\":\"https:\\\/\\\/macite.tg\\\/#website\"},\"primaryImageOfPage\":{\"@id\":\"https:\\\/\\\/macite.tg\\\/?p=11355#primaryimage\"},\"image\":{\"@id\":\"https:\\\/\\\/macite.tg\\\/?p=11355#primaryimage\"},\"thumbnailUrl\":\"https:\\\/\\\/macite.tg\\\/wp-content\\\/uploads\\\/2023\\\/12\\\/IMG-20231225-WA0098.jpg\",\"datePublished\":\"2023-12-26T16:20:52+00:00\",\"dateModified\":\"2023-12-26T16:21:46+00:00\",\"author\":{\"@id\":\"https:\\\/\\\/macite.tg\\\/#\\\/schema\\\/person\\\/e9f2de7e5dbbe7770a9402c7ce82f5c2\"},\"breadcrumb\":{\"@id\":\"https:\\\/\\\/macite.tg\\\/?p=11355#breadcrumb\"},\"inLanguage\":\"fr-FR\",\"potentialAction\":[{\"@type\":\"ReadAction\",\"target\":[\"https:\\\/\\\/macite.tg\\\/?p=11355\"]}]},{\"@type\":\"ImageObject\",\"inLanguage\":\"fr-FR\",\"@id\":\"https:\\\/\\\/macite.tg\\\/?p=11355#primaryimage\",\"url\":\"https:\\\/\\\/macite.tg\\\/wp-content\\\/uploads\\\/2023\\\/12\\\/IMG-20231225-WA0098.jpg\",\"contentUrl\":\"https:\\\/\\\/macite.tg\\\/wp-content\\\/uploads\\\/2023\\\/12\\\/IMG-20231225-WA0098.jpg\",\"width\":1600,\"height\":1280},{\"@type\":\"BreadcrumbList\",\"@id\":\"https:\\\/\\\/macite.tg\\\/?p=11355#breadcrumb\",\"itemListElement\":[{\"@type\":\"ListItem\",\"position\":1,\"name\":\"Accueil\",\"item\":\"https:\\\/\\\/macite.tg\\\/\"},{\"@type\":\"ListItem\",\"position\":2,\"name\":\"PR\u00c9SIDENCE- NO\u00cbL -ENFANTS\u00a0: JOIE ET RENOUVEAU D\u2019ESP\u00c9RANCE\"}]},{\"@type\":\"WebSite\",\"@id\":\"https:\\\/\\\/macite.tg\\\/#website\",\"url\":\"https:\\\/\\\/macite.tg\\\/\",\"name\":\"\",\"description\":\"L&#039;information, la bonne!!!\",\"potentialAction\":[{\"@type\":\"SearchAction\",\"target\":{\"@type\":\"EntryPoint\",\"urlTemplate\":\"https:\\\/\\\/macite.tg\\\/?s={search_term_string}\"},\"query-input\":{\"@type\":\"PropertyValueSpecification\",\"valueRequired\":true,\"valueName\":\"search_term_string\"}}],\"inLanguage\":\"fr-FR\"},{\"@type\":\"Person\",\"@id\":\"https:\\\/\\\/macite.tg\\\/#\\\/schema\\\/person\\\/e9f2de7e5dbbe7770a9402c7ce82f5c2\",\"name\":\"Jean Pierre BAWELA\",\"image\":{\"@type\":\"ImageObject\",\"inLanguage\":\"fr-FR\",\"@id\":\"https:\\\/\\\/macite.tg\\\/wp-content\\\/uploads\\\/2023\\\/09\\\/WhatsApp-Image-2023-09-19-at-14.44.41-122x122.jpeg\",\"url\":\"https:\\\/\\\/macite.tg\\\/wp-content\\\/uploads\\\/2023\\\/09\\\/WhatsApp-Image-2023-09-19-at-14.44.41-122x122.jpeg\",\"contentUrl\":\"https:\\\/\\\/macite.tg\\\/wp-content\\\/uploads\\\/2023\\\/09\\\/WhatsApp-Image-2023-09-19-at-14.44.41-122x122.jpeg\",\"caption\":\"Jean Pierre BAWELA\"},\"url\":\"https:\\\/\\\/macite.tg\\\/?author=2\"}]}<\/script>\n<!-- \/ Yoast SEO plugin. -->","yoast_head_json":{"title":"PR\u00c9SIDENCE- NO\u00cbL -ENFANTS\u00a0: JOIE ET RENOUVEAU D\u2019ESP\u00c9RANCE -","robots":{"index":"index","follow":"follow","max-snippet":"max-snippet:-1","max-image-preview":"max-image-preview:large","max-video-preview":"max-video-preview:-1"},"canonical":"https:\/\/macite.tg\/?p=11355","og_locale":"fr_FR","og_type":"article","og_title":"PR\u00c9SIDENCE- NO\u00cbL -ENFANTS\u00a0: JOIE ET RENOUVEAU D\u2019ESP\u00c9RANCE -","og_description":"\u00ab\u00a0En cette p\u00e9riode festive, je souhaite \u00e0 chacun de nos concitoyens un No\u00ebl empreint de paix, de moments chaleureux et de convivialit\u00e9 partag\u00e9e.\u00a0 Que cette c\u00e9l\u00e9bration apporte \u00e0 tous de la joie et un renouveau d&rsquo;esp\u00e9rance.\u00a0 Joyeux No\u00ebl \u00e0 toutes et \u00e0 tous\u00a0\u00bb. C\u2019est le [&hellip;]","og_url":"https:\/\/macite.tg\/?p=11355","article_published_time":"2023-12-26T16:20:52+00:00","article_modified_time":"2023-12-26T16:21:46+00:00","og_image":[{"width":1600,"height":1280,"url":"https:\/\/macite.tg\/wp-content\/uploads\/2023\/12\/IMG-20231225-WA0098.jpg","type":"image\/jpeg"}],"author":"Jean Pierre BAWELA","twitter_card":"summary_large_image","twitter_misc":{"\u00c9crit par":"Jean Pierre BAWELA","Dur\u00e9e de lecture estim\u00e9e":"5 minutes"},"schema":{"@context":"https:\/\/schema.org","@graph":[{"@type":"Article","@id":"https:\/\/macite.tg\/?p=11355#article","isPartOf":{"@id":"https:\/\/macite.tg\/?p=11355"},"author":{"name":"Jean Pierre BAWELA","@id":"https:\/\/macite.tg\/#\/schema\/person\/e9f2de7e5dbbe7770a9402c7ce82f5c2"},"headline":"PR\u00c9SIDENCE- NO\u00cbL -ENFANTS\u00a0: JOIE ET RENOUVEAU D\u2019ESP\u00c9RANCE","datePublished":"2023-12-26T16:20:52+00:00","dateModified":"2023-12-26T16:21:46+00:00","mainEntityOfPage":{"@id":"https:\/\/macite.tg\/?p=11355"},"wordCount":1101,"commentCount":0,"image":{"@id":"https:\/\/macite.tg\/?p=11355#primaryimage"},"thumbnailUrl":"https:\/\/macite.tg\/wp-content\/uploads\/2023\/12\/IMG-20231225-WA0098.jpg","articleSection":["SOCIETE"],"inLanguage":"fr-FR","potentialAction":[{"@type":"CommentAction","name":"Comment","target":["https:\/\/macite.tg\/?p=11355#respond"]}]},{"@type":"WebPage","@id":"https:\/\/macite.tg\/?p=11355","url":"https:\/\/macite.tg\/?p=11355","name":"PR\u00c9SIDENCE- NO\u00cbL -ENFANTS\u00a0: JOIE ET RENOUVEAU D\u2019ESP\u00c9RANCE -","isPartOf":{"@id":"https:\/\/macite.tg\/#website"},"primaryImageOfPage":{"@id":"https:\/\/macite.tg\/?p=11355#primaryimage"},"image":{"@id":"https:\/\/macite.tg\/?p=11355#primaryimage"},"thumbnailUrl":"https:\/\/macite.tg\/wp-content\/uploads\/2023\/12\/IMG-20231225-WA0098.jpg","datePublished":"2023-12-26T16:20:52+00:00","dateModified":"2023-12-26T16:21:46+00:00","author":{"@id":"https:\/\/macite.tg\/#\/schema\/person\/e9f2de7e5dbbe7770a9402c7ce82f5c2"},"breadcrumb":{"@id":"https:\/\/macite.tg\/?p=11355#breadcrumb"},"inLanguage":"fr-FR","potentialAction":[{"@type":"ReadAction","target":["https:\/\/macite.tg\/?p=11355"]}]},{"@type":"ImageObject","inLanguage":"fr-FR","@id":"https:\/\/macite.tg\/?p=11355#primaryimage","url":"https:\/\/macite.tg\/wp-content\/uploads\/2023\/12\/IMG-20231225-WA0098.jpg","contentUrl":"https:\/\/macite.tg\/wp-content\/uploads\/2023\/12\/IMG-20231225-WA0098.jpg","width":1600,"height":1280},{"@type":"BreadcrumbList","@id":"https:\/\/macite.tg\/?p=11355#breadcrumb","itemListElement":[{"@type":"ListItem","position":1,"name":"Accueil","item":"https:\/\/macite.tg\/"},{"@type":"ListItem","position":2,"name":"PR\u00c9SIDENCE- NO\u00cbL -ENFANTS\u00a0: JOIE ET RENOUVEAU D\u2019ESP\u00c9RANCE"}]},{"@type":"WebSite","@id":"https:\/\/macite.tg\/#website","url":"https:\/\/macite.tg\/","name":"","description":"L&#039;information, la bonne!!!","potentialAction":[{"@type":"SearchAction","target":{"@type":"EntryPoint","urlTemplate":"https:\/\/macite.tg\/?s={search_term_string}"},"query-input":{"@type":"PropertyValueSpecification","valueRequired":true,"valueName":"search_term_string"}}],"inLanguage":"fr-FR"},{"@type":"Person","@id":"https:\/\/macite.tg\/#\/schema\/person\/e9f2de7e5dbbe7770a9402c7ce82f5c2","name":"Jean Pierre BAWELA","image":{"@type":"ImageObject","inLanguage":"fr-FR","@id":"https:\/\/macite.tg\/wp-content\/uploads\/2023\/09\/WhatsApp-Image-2023-09-19-at-14.44.41-122x122.jpeg","url":"https:\/\/macite.tg\/wp-content\/uploads\/2023\/09\/WhatsApp-Image-2023-09-19-at-14.44.41-122x122.jpeg","contentUrl":"https:\/\/macite.tg\/wp-content\/uploads\/2023\/09\/WhatsApp-Image-2023-09-19-at-14.44.41-122x122.jpeg","caption":"Jean Pierre BAWELA"},"url":"https:\/\/macite.tg\/?author=2"}]}},"_links":{"self":[{"href":"https:\/\/macite.tg\/index.php?rest_route=\/wp\/v2\/posts\/11355","targetHints":{"allow":["GET"]}}],"collection":[{"href":"https:\/\/macite.tg\/index.php?rest_route=\/wp\/v2\/posts"}],"about":[{"href":"https:\/\/macite.tg\/index.php?rest_route=\/wp\/v2\/types\/post"}],"author":[{"embeddable":true,"href":"https:\/\/macite.tg\/index.php?rest_route=\/wp\/v2\/users\/2"}],"replies":[{"embeddable":true,"href":"https:\/\/macite.tg\/index.php?rest_route=%2Fwp%2Fv2%2Fcomments&post=11355"}],"version-history":[{"count":0,"href":"https:\/\/macite.tg\/index.php?rest_route=\/wp\/v2\/posts\/11355\/revisions"}],"wp:featuredmedia":[{"embeddable":true,"href":"https:\/\/macite.tg\/index.php?rest_route=\/wp\/v2\/media\/11356"}],"wp:attachment":[{"href":"https:\/\/macite.tg\/index.php?rest_route=%2Fwp%2Fv2%2Fmedia&parent=11355"}],"wp:term":[{"taxonomy":"category","embeddable":true,"href":"https:\/\/macite.tg\/index.php?rest_route=%2Fwp%2Fv2%2Fcategories&post=11355"},{"taxonomy":"post_tag","embeddable":true,"href":"https:\/\/macite.tg\/index.php?rest_route=%2Fwp%2Fv2%2Ftags&post=11355"}],"curies":[{"name":"wp","href":"https:\/\/api.w.org\/{rel}","templated":true}]}}