{"id":11341,"date":"2023-12-26T14:32:28","date_gmt":"2023-12-26T14:32:28","guid":{"rendered":"https:\/\/macite.tg\/?p=11341"},"modified":"2023-12-26T14:32:30","modified_gmt":"2023-12-26T14:32:30","slug":"incendie-du-marche-dagoe-assiyeye-le-chef-de-letat-aux-cotes-des-commercantes","status":"publish","type":"post","link":"https:\/\/macite.tg\/?p=11341","title":{"rendered":"INCENDIE DU MARCHE D\u2019AGOE-ASSIY\u00c9Y\u00c9\u00a0: le Chef de l\u2019\u00c9tat aux c\u00f4t\u00e9s des commer\u00e7antes"},"content":{"rendered":"\n<p class=\"wp-block-paragraph\"><strong><em>Visiblement, on le sentait tr\u00e8s affect\u00e9 lorsqu\u2019il recevait au palais de la pr\u00e9sidence, la d\u00e9l\u00e9gation des femmes revendeuses du march\u00e9 d\u2019Ago\u00e8-Assiy\u00e9y\u00e9, victimes de l\u2019incendie qui a ravag\u00e9 le march\u00e9 dans la nuit du Jeudi \u00e0 Vendredi. \u00c9coute, compassion, r\u00e9confort et soutien \u00e9taient les attitudes de Faure Gnassingb\u00e9 envers ces femmes qui ont tout perdu dans le sinistre, fortement impact\u00e9es par les cons\u00e9quences de ce drame en cette p\u00e9riode de fortes activit\u00e9s commerciales, \u00e0 l\u2019occasion des f\u00eates de fin d\u2019ann\u00e9e.<\/em><\/strong><\/p>\n\n\n\n<p class=\"wp-block-paragraph\">\u00ab <em>Dans notre douleur, le chef de l\u2019\u00c9tat ne nous a pas oubli\u00e9es. Nous sommes r\u00e9confort\u00e9es de l\u2019avoir rencontr\u00e9 et rassur\u00e9es par le message qu\u2019il nous a d\u00e9livr\u00e9. Il nous a rassur\u00e9es de sa disponibilit\u00e9. Nos c\u0153urs sont apais\u00e9s et nous appelons tous nos membres \u00e0 ne pas se d\u00e9courager. Cette situation est tragique mais nous sommes confiants que ce n\u2019est pas la fin. Nous trouverons une issue avec l\u2019appui des autorit\u00e9s<\/em> \u00bb, a d\u00e9clar\u00e9 la pr\u00e9sidente des femmes revendeuses du march\u00e9 d\u2019Ago\u00e8-Assiy\u00e9y\u00e9.<\/p>\n\n\n<div class=\"wp-block-image\">\n<figure class=\"aligncenter size-large is-resized\"><img loading=\"lazy\" decoding=\"async\" src=\"https:\/\/macite.tg\/wp-content\/uploads\/2023\/12\/GBps6MVW8AAmcgK-819x1024.jpg\" alt=\"\" class=\"wp-image-11215\" width=\"460\" height=\"575\" srcset=\"https:\/\/macite.tg\/wp-content\/uploads\/2023\/12\/GBps6MVW8AAmcgK-819x1024.jpg 819w, https:\/\/macite.tg\/wp-content\/uploads\/2023\/12\/GBps6MVW8AAmcgK-240x300.jpg 240w, https:\/\/macite.tg\/wp-content\/uploads\/2023\/12\/GBps6MVW8AAmcgK-768x960.jpg 768w, https:\/\/macite.tg\/wp-content\/uploads\/2023\/12\/GBps6MVW8AAmcgK.jpg 864w\" sizes=\"auto, (max-width: 460px) 100vw, 460px\" \/><\/figure>\n<\/div>\n\n\n<p class=\"wp-block-paragraph\">En effet, aussit\u00f4t le sinistre d\u00e9clar\u00e9, le Chef de l\u2019Etat a donn\u00e9 des instructions fermes pour que toutes les commer\u00e7antes soient enregistr\u00e9es et qu\u2019un site provisoire soit mis \u00e0 leur disposition afin qu\u2019elles reprennent rapidement leur activit\u00e9. Aussi, le Gouvernement discute avec les responsables des institutions de micro finances chez lesquelles les femmes revendeuses et autres commer\u00e7ants ont souscrit des pr\u00eats.<\/p>\n\n\n\n<p class=\"wp-block-paragraph\">\u00ab <em>La question de fond c\u2019est de voir dans quelle mesure nous allons accompagner les clients. Tout d\u2019abord, il faut rassurer, apaiser les clients, que rien ne se fera \u00e0 la h\u00e2te. C\u2019est de relations d\u2019affaires de nombreuses ann\u00e9es. Ce sont nos clients, on ne va pas se ruer sur eux, surtout quand ils sont en difficult\u00e9s. Nous allons travailler au cas par cas pour que les activit\u00e9s puissent se relancer. Nous sommes des repr\u00e9sentants de 60 institutions de microfinances. Nous allons travailler avec nos membres pour voir comment op\u00e9rationnaliser les d\u00e9cisions&nbsp;<\/em>\u00bb, a dit Ange K\u00e9tor, Pr\u00e9sident de l\u2019Association des professionnels des syst\u00e8mes financiers d\u00e9centralis\u00e9s.<\/p>\n\n\n\n<p class=\"wp-block-paragraph\">Toutes ses actions du Chef de l\u2019Etat et du Gouvernement sont all\u00e9es droit au c\u0153ur des sinistr\u00e9es qui les remercient vivement. Ils esp\u00e8rent la mise en \u0153uvre rapide des d\u00e9cisions afin que les commer\u00e7antes retrouvent leurs esprits.<\/p>\n\n\n<div class=\"wp-block-image\">\n<figure class=\"aligncenter size-large is-resized\"><img loading=\"lazy\" decoding=\"async\" src=\"https:\/\/macite.tg\/wp-content\/uploads\/2023\/12\/IMG-20231009-WA0178-1-1024x1024.jpg\" alt=\"\" class=\"wp-image-11275\" width=\"486\" height=\"486\" srcset=\"https:\/\/macite.tg\/wp-content\/uploads\/2023\/12\/IMG-20231009-WA0178-1-1024x1024.jpg 1024w, https:\/\/macite.tg\/wp-content\/uploads\/2023\/12\/IMG-20231009-WA0178-1-300x300.jpg 300w, https:\/\/macite.tg\/wp-content\/uploads\/2023\/12\/IMG-20231009-WA0178-1-150x150.jpg 150w, https:\/\/macite.tg\/wp-content\/uploads\/2023\/12\/IMG-20231009-WA0178-1-768x768.jpg 768w, https:\/\/macite.tg\/wp-content\/uploads\/2023\/12\/IMG-20231009-WA0178-1-122x122.jpg 122w, https:\/\/macite.tg\/wp-content\/uploads\/2023\/12\/IMG-20231009-WA0178-1.jpg 1280w\" sizes=\"auto, (max-width: 486px) 100vw, 486px\" \/><\/figure>\n<\/div>\n\n\n<p class=\"wp-block-paragraph\">Dans un communiqu\u00e9, le Gouvernement a annonc\u00e9 que l\u2019incendie qui s\u2019est d\u00e9clench\u00e9 au march\u00e9 d\u2019Ago\u00e8-Assiy\u00e9y\u00e9 dans la nuit du jeudi 21 au vendredi 22 d\u00e9cembre 2023 a ravag\u00e9 les \u00be de l\u2019infrastructure marchande et caus\u00e9 d\u2019importants d\u00e9g\u00e2ts mat\u00e9riels. Cependant, aucune perte en vie humaine n\u2019est \u00e0 d\u00e9plorer. La gendarmerie a ouvert une enqu\u00eate.<\/p>\n\n\n\n<p class=\"wp-block-paragraph\"><strong>Koudjoukabalo (In LE MEDIUM n\u00b0585 du 26 D\u00e9cembre 2023 au 1<sup>er<\/sup> D\u00e9cembre 2024)<\/strong><\/p>\n\n\n\n<p class=\"wp-block-paragraph\"><strong><em>@macite.tg&nbsp;&nbsp;&nbsp;&nbsp;&nbsp;&nbsp;&nbsp;&nbsp;<\/em><\/strong><\/p>\n\n\n\n<p class=\"wp-block-paragraph\"><strong><em>E-mail&nbsp;: <\/em><\/strong><a href=\"mailto:maciteinfo@gmail.com\"><strong><em>maciteinfo@gmail.com<\/em><\/strong><\/a><strong><em>; <\/em><\/strong><a href=\"mailto:bawela1@gmail.com\"><strong><em>bawela1@gmail.com<\/em><\/strong><\/a><strong><em><\/em><\/strong><\/p>\n\n\n\n<p class=\"wp-block-paragraph\"><strong><em>Pour vos annonces, (publi)reportages, etc., joignez-nous au (00228)91515309\/<strong>79872224 <\/strong>www.macite.tg, L\u2019information, la bonne&nbsp;!<\/em><\/strong><strong><em><\/em><\/strong><\/p>\n","protected":false},"excerpt":{"rendered":"<p class=\"text-justify mb-2\" >Visiblement, on le sentait tr\u00e8s affect\u00e9 lorsqu\u2019il recevait au palais de la pr\u00e9sidence, la d\u00e9l\u00e9gation des femmes revendeuses du march\u00e9 d\u2019Ago\u00e8-Assiy\u00e9y\u00e9, victimes de l\u2019incendie qui a ravag\u00e9 le march\u00e9 dans la nuit du Jeudi \u00e0 Vendredi. \u00c9coute, compassion, r\u00e9confort et soutien \u00e9taient les attitudes de [&hellip;]<\/p>\n","protected":false},"author":2,"featured_media":11347,"comment_status":"open","ping_status":"open","sticky":false,"template":"","format":"standard","meta":{"footnotes":""},"categories":[20,3],"tags":[],"class_list":["post-11341","post","type-post","status-publish","format-standard","has-post-thumbnail","hentry","category-actualite","category-economie"],"yoast_head":"<!-- This site is optimized with the Yoast SEO plugin v28.4 - https:\/\/yoast.com\/product\/yoast-seo-wordpress\/ -->\n<title>INCENDIE DU MARCHE D\u2019AGOE-ASSIY\u00c9Y\u00c9\u00a0: le Chef de l\u2019\u00c9tat aux c\u00f4t\u00e9s des commer\u00e7antes -<\/title>\n<meta name=\"robots\" content=\"index, follow, max-snippet:-1, max-image-preview:large, max-video-preview:-1\" \/>\n<link rel=\"canonical\" href=\"https:\/\/macite.tg\/?p=11341\" \/>\n<meta property=\"og:locale\" content=\"fr_FR\" \/>\n<meta property=\"og:type\" content=\"article\" \/>\n<meta property=\"og:title\" content=\"INCENDIE DU MARCHE D\u2019AGOE-ASSIY\u00c9Y\u00c9\u00a0: le Chef de l\u2019\u00c9tat aux c\u00f4t\u00e9s des commer\u00e7antes -\" \/>\n<meta property=\"og:description\" content=\"Visiblement, on le sentait tr\u00e8s affect\u00e9 lorsqu\u2019il recevait au palais de la pr\u00e9sidence, la d\u00e9l\u00e9gation des femmes revendeuses du march\u00e9 d\u2019Ago\u00e8-Assiy\u00e9y\u00e9, victimes de l\u2019incendie qui a ravag\u00e9 le march\u00e9 dans la nuit du Jeudi \u00e0 Vendredi. \u00c9coute, compassion, r\u00e9confort et soutien \u00e9taient les attitudes de [&hellip;]\" \/>\n<meta property=\"og:url\" content=\"https:\/\/macite.tg\/?p=11341\" \/>\n<meta property=\"article:published_time\" content=\"2023-12-26T14:32:28+00:00\" \/>\n<meta property=\"article:modified_time\" content=\"2023-12-26T14:32:30+00:00\" \/>\n<meta property=\"og:image\" content=\"https:\/\/macite.tg\/wp-content\/uploads\/2023\/12\/IMG-20231225-WA0101.jpg\" \/>\n\t<meta property=\"og:image:width\" content=\"1600\" \/>\n\t<meta property=\"og:image:height\" content=\"1280\" \/>\n\t<meta property=\"og:image:type\" content=\"image\/jpeg\" \/>\n<meta name=\"author\" content=\"Jean Pierre BAWELA\" \/>\n<meta name=\"twitter:card\" content=\"summary_large_image\" \/>\n<meta name=\"twitter:label1\" content=\"\u00c9crit par\" \/>\n\t<meta name=\"twitter:data1\" content=\"Jean Pierre BAWELA\" \/>\n\t<meta name=\"twitter:label2\" content=\"Dur\u00e9e de lecture estim\u00e9e\" \/>\n\t<meta name=\"twitter:data2\" content=\"3 minutes\" \/>\n<script type=\"application\/ld+json\" class=\"yoast-schema-graph\">{\"@context\":\"https:\\\/\\\/schema.org\",\"@graph\":[{\"@type\":\"Article\",\"@id\":\"https:\\\/\\\/macite.tg\\\/?p=11341#article\",\"isPartOf\":{\"@id\":\"https:\\\/\\\/macite.tg\\\/?p=11341\"},\"author\":{\"name\":\"Jean Pierre BAWELA\",\"@id\":\"https:\\\/\\\/macite.tg\\\/#\\\/schema\\\/person\\\/e9f2de7e5dbbe7770a9402c7ce82f5c2\"},\"headline\":\"INCENDIE DU MARCHE D\u2019AGOE-ASSIY\u00c9Y\u00c9\u00a0: le Chef de l\u2019\u00c9tat aux c\u00f4t\u00e9s des commer\u00e7antes\",\"datePublished\":\"2023-12-26T14:32:28+00:00\",\"dateModified\":\"2023-12-26T14:32:30+00:00\",\"mainEntityOfPage\":{\"@id\":\"https:\\\/\\\/macite.tg\\\/?p=11341\"},\"wordCount\":555,\"commentCount\":0,\"image\":{\"@id\":\"https:\\\/\\\/macite.tg\\\/?p=11341#primaryimage\"},\"thumbnailUrl\":\"https:\\\/\\\/macite.tg\\\/wp-content\\\/uploads\\\/2023\\\/12\\\/IMG-20231225-WA0101.jpg\",\"articleSection\":[\"ACTUALITE\",\"ECONOMIE\"],\"inLanguage\":\"fr-FR\",\"potentialAction\":[{\"@type\":\"CommentAction\",\"name\":\"Comment\",\"target\":[\"https:\\\/\\\/macite.tg\\\/?p=11341#respond\"]}]},{\"@type\":\"WebPage\",\"@id\":\"https:\\\/\\\/macite.tg\\\/?p=11341\",\"url\":\"https:\\\/\\\/macite.tg\\\/?p=11341\",\"name\":\"INCENDIE DU MARCHE D\u2019AGOE-ASSIY\u00c9Y\u00c9\u00a0: le Chef de l\u2019\u00c9tat aux c\u00f4t\u00e9s des commer\u00e7antes -\",\"isPartOf\":{\"@id\":\"https:\\\/\\\/macite.tg\\\/#website\"},\"primaryImageOfPage\":{\"@id\":\"https:\\\/\\\/macite.tg\\\/?p=11341#primaryimage\"},\"image\":{\"@id\":\"https:\\\/\\\/macite.tg\\\/?p=11341#primaryimage\"},\"thumbnailUrl\":\"https:\\\/\\\/macite.tg\\\/wp-content\\\/uploads\\\/2023\\\/12\\\/IMG-20231225-WA0101.jpg\",\"datePublished\":\"2023-12-26T14:32:28+00:00\",\"dateModified\":\"2023-12-26T14:32:30+00:00\",\"author\":{\"@id\":\"https:\\\/\\\/macite.tg\\\/#\\\/schema\\\/person\\\/e9f2de7e5dbbe7770a9402c7ce82f5c2\"},\"breadcrumb\":{\"@id\":\"https:\\\/\\\/macite.tg\\\/?p=11341#breadcrumb\"},\"inLanguage\":\"fr-FR\",\"potentialAction\":[{\"@type\":\"ReadAction\",\"target\":[\"https:\\\/\\\/macite.tg\\\/?p=11341\"]}]},{\"@type\":\"ImageObject\",\"inLanguage\":\"fr-FR\",\"@id\":\"https:\\\/\\\/macite.tg\\\/?p=11341#primaryimage\",\"url\":\"https:\\\/\\\/macite.tg\\\/wp-content\\\/uploads\\\/2023\\\/12\\\/IMG-20231225-WA0101.jpg\",\"contentUrl\":\"https:\\\/\\\/macite.tg\\\/wp-content\\\/uploads\\\/2023\\\/12\\\/IMG-20231225-WA0101.jpg\",\"width\":1600,\"height\":1280},{\"@type\":\"BreadcrumbList\",\"@id\":\"https:\\\/\\\/macite.tg\\\/?p=11341#breadcrumb\",\"itemListElement\":[{\"@type\":\"ListItem\",\"position\":1,\"name\":\"Accueil\",\"item\":\"https:\\\/\\\/macite.tg\\\/\"},{\"@type\":\"ListItem\",\"position\":2,\"name\":\"INCENDIE DU MARCHE D\u2019AGOE-ASSIY\u00c9Y\u00c9\u00a0: le Chef de l\u2019\u00c9tat aux c\u00f4t\u00e9s des commer\u00e7antes\"}]},{\"@type\":\"WebSite\",\"@id\":\"https:\\\/\\\/macite.tg\\\/#website\",\"url\":\"https:\\\/\\\/macite.tg\\\/\",\"name\":\"\",\"description\":\"L&#039;information, la bonne!!!\",\"potentialAction\":[{\"@type\":\"SearchAction\",\"target\":{\"@type\":\"EntryPoint\",\"urlTemplate\":\"https:\\\/\\\/macite.tg\\\/?s={search_term_string}\"},\"query-input\":{\"@type\":\"PropertyValueSpecification\",\"valueRequired\":true,\"valueName\":\"search_term_string\"}}],\"inLanguage\":\"fr-FR\"},{\"@type\":\"Person\",\"@id\":\"https:\\\/\\\/macite.tg\\\/#\\\/schema\\\/person\\\/e9f2de7e5dbbe7770a9402c7ce82f5c2\",\"name\":\"Jean Pierre BAWELA\",\"image\":{\"@type\":\"ImageObject\",\"inLanguage\":\"fr-FR\",\"@id\":\"https:\\\/\\\/macite.tg\\\/wp-content\\\/uploads\\\/2023\\\/09\\\/WhatsApp-Image-2023-09-19-at-14.44.41-122x122.jpeg\",\"url\":\"https:\\\/\\\/macite.tg\\\/wp-content\\\/uploads\\\/2023\\\/09\\\/WhatsApp-Image-2023-09-19-at-14.44.41-122x122.jpeg\",\"contentUrl\":\"https:\\\/\\\/macite.tg\\\/wp-content\\\/uploads\\\/2023\\\/09\\\/WhatsApp-Image-2023-09-19-at-14.44.41-122x122.jpeg\",\"caption\":\"Jean Pierre BAWELA\"},\"url\":\"https:\\\/\\\/macite.tg\\\/?author=2\"}]}<\/script>\n<!-- \/ Yoast SEO plugin. -->","yoast_head_json":{"title":"INCENDIE DU MARCHE D\u2019AGOE-ASSIY\u00c9Y\u00c9\u00a0: le Chef de l\u2019\u00c9tat aux c\u00f4t\u00e9s des commer\u00e7antes -","robots":{"index":"index","follow":"follow","max-snippet":"max-snippet:-1","max-image-preview":"max-image-preview:large","max-video-preview":"max-video-preview:-1"},"canonical":"https:\/\/macite.tg\/?p=11341","og_locale":"fr_FR","og_type":"article","og_title":"INCENDIE DU MARCHE D\u2019AGOE-ASSIY\u00c9Y\u00c9\u00a0: le Chef de l\u2019\u00c9tat aux c\u00f4t\u00e9s des commer\u00e7antes -","og_description":"Visiblement, on le sentait tr\u00e8s affect\u00e9 lorsqu\u2019il recevait au palais de la pr\u00e9sidence, la d\u00e9l\u00e9gation des femmes revendeuses du march\u00e9 d\u2019Ago\u00e8-Assiy\u00e9y\u00e9, victimes de l\u2019incendie qui a ravag\u00e9 le march\u00e9 dans la nuit du Jeudi \u00e0 Vendredi. \u00c9coute, compassion, r\u00e9confort et soutien \u00e9taient les attitudes de [&hellip;]","og_url":"https:\/\/macite.tg\/?p=11341","article_published_time":"2023-12-26T14:32:28+00:00","article_modified_time":"2023-12-26T14:32:30+00:00","og_image":[{"width":1600,"height":1280,"url":"https:\/\/macite.tg\/wp-content\/uploads\/2023\/12\/IMG-20231225-WA0101.jpg","type":"image\/jpeg"}],"author":"Jean Pierre BAWELA","twitter_card":"summary_large_image","twitter_misc":{"\u00c9crit par":"Jean Pierre BAWELA","Dur\u00e9e de lecture estim\u00e9e":"3 minutes"},"schema":{"@context":"https:\/\/schema.org","@graph":[{"@type":"Article","@id":"https:\/\/macite.tg\/?p=11341#article","isPartOf":{"@id":"https:\/\/macite.tg\/?p=11341"},"author":{"name":"Jean Pierre BAWELA","@id":"https:\/\/macite.tg\/#\/schema\/person\/e9f2de7e5dbbe7770a9402c7ce82f5c2"},"headline":"INCENDIE DU MARCHE D\u2019AGOE-ASSIY\u00c9Y\u00c9\u00a0: le Chef de l\u2019\u00c9tat aux c\u00f4t\u00e9s des commer\u00e7antes","datePublished":"2023-12-26T14:32:28+00:00","dateModified":"2023-12-26T14:32:30+00:00","mainEntityOfPage":{"@id":"https:\/\/macite.tg\/?p=11341"},"wordCount":555,"commentCount":0,"image":{"@id":"https:\/\/macite.tg\/?p=11341#primaryimage"},"thumbnailUrl":"https:\/\/macite.tg\/wp-content\/uploads\/2023\/12\/IMG-20231225-WA0101.jpg","articleSection":["ACTUALITE","ECONOMIE"],"inLanguage":"fr-FR","potentialAction":[{"@type":"CommentAction","name":"Comment","target":["https:\/\/macite.tg\/?p=11341#respond"]}]},{"@type":"WebPage","@id":"https:\/\/macite.tg\/?p=11341","url":"https:\/\/macite.tg\/?p=11341","name":"INCENDIE DU MARCHE D\u2019AGOE-ASSIY\u00c9Y\u00c9\u00a0: le Chef de l\u2019\u00c9tat aux c\u00f4t\u00e9s des commer\u00e7antes -","isPartOf":{"@id":"https:\/\/macite.tg\/#website"},"primaryImageOfPage":{"@id":"https:\/\/macite.tg\/?p=11341#primaryimage"},"image":{"@id":"https:\/\/macite.tg\/?p=11341#primaryimage"},"thumbnailUrl":"https:\/\/macite.tg\/wp-content\/uploads\/2023\/12\/IMG-20231225-WA0101.jpg","datePublished":"2023-12-26T14:32:28+00:00","dateModified":"2023-12-26T14:32:30+00:00","author":{"@id":"https:\/\/macite.tg\/#\/schema\/person\/e9f2de7e5dbbe7770a9402c7ce82f5c2"},"breadcrumb":{"@id":"https:\/\/macite.tg\/?p=11341#breadcrumb"},"inLanguage":"fr-FR","potentialAction":[{"@type":"ReadAction","target":["https:\/\/macite.tg\/?p=11341"]}]},{"@type":"ImageObject","inLanguage":"fr-FR","@id":"https:\/\/macite.tg\/?p=11341#primaryimage","url":"https:\/\/macite.tg\/wp-content\/uploads\/2023\/12\/IMG-20231225-WA0101.jpg","contentUrl":"https:\/\/macite.tg\/wp-content\/uploads\/2023\/12\/IMG-20231225-WA0101.jpg","width":1600,"height":1280},{"@type":"BreadcrumbList","@id":"https:\/\/macite.tg\/?p=11341#breadcrumb","itemListElement":[{"@type":"ListItem","position":1,"name":"Accueil","item":"https:\/\/macite.tg\/"},{"@type":"ListItem","position":2,"name":"INCENDIE DU MARCHE D\u2019AGOE-ASSIY\u00c9Y\u00c9\u00a0: le Chef de l\u2019\u00c9tat aux c\u00f4t\u00e9s des commer\u00e7antes"}]},{"@type":"WebSite","@id":"https:\/\/macite.tg\/#website","url":"https:\/\/macite.tg\/","name":"","description":"L&#039;information, la bonne!!!","potentialAction":[{"@type":"SearchAction","target":{"@type":"EntryPoint","urlTemplate":"https:\/\/macite.tg\/?s={search_term_string}"},"query-input":{"@type":"PropertyValueSpecification","valueRequired":true,"valueName":"search_term_string"}}],"inLanguage":"fr-FR"},{"@type":"Person","@id":"https:\/\/macite.tg\/#\/schema\/person\/e9f2de7e5dbbe7770a9402c7ce82f5c2","name":"Jean Pierre BAWELA","image":{"@type":"ImageObject","inLanguage":"fr-FR","@id":"https:\/\/macite.tg\/wp-content\/uploads\/2023\/09\/WhatsApp-Image-2023-09-19-at-14.44.41-122x122.jpeg","url":"https:\/\/macite.tg\/wp-content\/uploads\/2023\/09\/WhatsApp-Image-2023-09-19-at-14.44.41-122x122.jpeg","contentUrl":"https:\/\/macite.tg\/wp-content\/uploads\/2023\/09\/WhatsApp-Image-2023-09-19-at-14.44.41-122x122.jpeg","caption":"Jean Pierre BAWELA"},"url":"https:\/\/macite.tg\/?author=2"}]}},"_links":{"self":[{"href":"https:\/\/macite.tg\/index.php?rest_route=\/wp\/v2\/posts\/11341","targetHints":{"allow":["GET"]}}],"collection":[{"href":"https:\/\/macite.tg\/index.php?rest_route=\/wp\/v2\/posts"}],"about":[{"href":"https:\/\/macite.tg\/index.php?rest_route=\/wp\/v2\/types\/post"}],"author":[{"embeddable":true,"href":"https:\/\/macite.tg\/index.php?rest_route=\/wp\/v2\/users\/2"}],"replies":[{"embeddable":true,"href":"https:\/\/macite.tg\/index.php?rest_route=%2Fwp%2Fv2%2Fcomments&post=11341"}],"version-history":[{"count":0,"href":"https:\/\/macite.tg\/index.php?rest_route=\/wp\/v2\/posts\/11341\/revisions"}],"wp:featuredmedia":[{"embeddable":true,"href":"https:\/\/macite.tg\/index.php?rest_route=\/wp\/v2\/media\/11347"}],"wp:attachment":[{"href":"https:\/\/macite.tg\/index.php?rest_route=%2Fwp%2Fv2%2Fmedia&parent=11341"}],"wp:term":[{"taxonomy":"category","embeddable":true,"href":"https:\/\/macite.tg\/index.php?rest_route=%2Fwp%2Fv2%2Fcategories&post=11341"},{"taxonomy":"post_tag","embeddable":true,"href":"https:\/\/macite.tg\/index.php?rest_route=%2Fwp%2Fv2%2Ftags&post=11341"}],"curies":[{"name":"wp","href":"https:\/\/api.w.org\/{rel}","templated":true}]}}