{"id":11332,"date":"2023-12-26T13:22:25","date_gmt":"2023-12-26T13:22:25","guid":{"rendered":"https:\/\/macite.tg\/?p=11332"},"modified":"2023-12-26T13:22:27","modified_gmt":"2023-12-26T13:22:27","slug":"senegal-presidentielle-2024-ousmane-sonko-investi-par-le-parti-set-de-lex-ministre-moustapha-mamba-guirassy","status":"publish","type":"post","link":"https:\/\/macite.tg\/?p=11332","title":{"rendered":"S\u00c9N\u00c9GAL \/ PR\u00c9SIDENTIELLE 2024 : Ousmane Sonko investi par le parti SET de l\u2019ex ministre Moustapha Mamba Guirassy"},"content":{"rendered":"\n<p class=\"wp-block-paragraph\"><strong><em>Le Leader du parti dissout Pastef, Ousmane Sonko, vient d\u2019\u00eatre investi candidat par le parti S\u00e9n\u00e9gal en t\u00eate (Set) dirig\u00e9 par l\u2019ancien ministre Moustapha Mamba Guirassy. L\u2019annonce a \u00e9t\u00e9 faite, hier lundi 25 d\u00e9cembre, par El Malick Ndiaye.<\/em><\/strong><\/p>\n\n\n\n<p class=\"wp-block-paragraph\">Voici l\u2019int\u00e9gralit\u00e9 du communiqu\u00e9 !<\/p>\n\n\n\n<p class=\"wp-block-paragraph\">\u00ab\u00a0S.E.T. S\u00c9N\u00c9GAL EN T\u00c9TE<\/p>\n\n\n\n<p class=\"wp-block-paragraph\">Chers militants et sympathisants, chers compatriotes d\u2019ici et de la diaspora,<\/p>\n\n\n\n<p class=\"wp-block-paragraph\">Recevez nos sinc\u00e8res remerciements pour les efforts et votre soutien ind\u00e9fectible dans les moments cruciaux de notre combat politique.<\/p>\n\n\n<div class=\"wp-block-image\">\n<figure class=\"aligncenter size-large is-resized\"><img loading=\"lazy\" decoding=\"async\" src=\"https:\/\/macite.tg\/wp-content\/uploads\/2023\/12\/GBps6MVW8AAmcgK-819x1024.jpg\" alt=\"\" class=\"wp-image-11215\" width=\"440\" height=\"550\" srcset=\"https:\/\/macite.tg\/wp-content\/uploads\/2023\/12\/GBps6MVW8AAmcgK-819x1024.jpg 819w, https:\/\/macite.tg\/wp-content\/uploads\/2023\/12\/GBps6MVW8AAmcgK-240x300.jpg 240w, https:\/\/macite.tg\/wp-content\/uploads\/2023\/12\/GBps6MVW8AAmcgK-768x960.jpg 768w, https:\/\/macite.tg\/wp-content\/uploads\/2023\/12\/GBps6MVW8AAmcgK.jpg 864w\" sizes=\"auto, (max-width: 440px) 100vw, 440px\" \/><\/figure>\n<\/div>\n\n\n<p class=\"wp-block-paragraph\">Fid\u00e8les \u00e0 nos principes d\u2019\u00e9quit\u00e9, de justice pour tous et de solidarit\u00e9, notre parti S.E.T a toujours eu le souci de participer \u00e0 la consolidation de la d\u00e9mocratie et du renforcement de l\u2019unit\u00e9 nationale en vue d\u2019un S\u00e9n\u00e9gal meilleur. Ainsi, le parti S.ET a toujours privil\u00e9gi\u00e9 l\u2019int\u00e9r\u00eat du peuple au d\u00e9triment de l\u2019int\u00e9r\u00eat stricto sensu du parti lorsque les circonstances l\u2019exigeaient.<\/p>\n\n\n\n<p class=\"wp-block-paragraph\">Et pour preuve, on se souviendra surement des r\u00f4les de premier plan que le parti a eu \u00e0 jouer dans certaines co-initiatives qui ont marqu\u00e9 de leur empreinte l\u2019\u00e9tat de notre d\u00e9mocratie: la coalition Y\u00e9wi Askan WI, la plateforme M2D, la plateforme F24, la plateforme Fite, la plateforme Lacos et tr\u00e8s prochainement la coalition Sonko 2024.<\/p>\n\n\n\n<p class=\"wp-block-paragraph\">Sous ce rapport, fort de la l\u00e9galit\u00e9 et de la l\u00e9gitimit\u00e9 que conf\u00e8rent les r\u00e9centes d\u00e9cisions de l\u2019institution judiciaire, fort des convictions premi\u00e8res relatives aux valeurs et \u00e0 l\u2019espoir que M. Ousmane Sonko incarne, fort de la vision commune que nous avons du projet politique de transformation de notre pays, nous n\u2019avons d\u00e8s lors d\u2019autre choix que d\u2019appuyer la candidature d\u2019Ousmane Sonko \u00e0 travers la coalition Sonko 2024 car cette candidature rel\u00e8ve avant tout d\u2019une demande du peuple S\u00e9n\u00e9galais.<\/p>\n\n\n<div class=\"wp-block-image\">\n<figure class=\"aligncenter size-large is-resized\"><img loading=\"lazy\" decoding=\"async\" src=\"https:\/\/macite.tg\/wp-content\/uploads\/2023\/12\/IMG-20231009-WA0178-1-1024x1024.jpg\" alt=\"\" class=\"wp-image-11275\" width=\"496\" height=\"496\" srcset=\"https:\/\/macite.tg\/wp-content\/uploads\/2023\/12\/IMG-20231009-WA0178-1-1024x1024.jpg 1024w, https:\/\/macite.tg\/wp-content\/uploads\/2023\/12\/IMG-20231009-WA0178-1-300x300.jpg 300w, https:\/\/macite.tg\/wp-content\/uploads\/2023\/12\/IMG-20231009-WA0178-1-150x150.jpg 150w, https:\/\/macite.tg\/wp-content\/uploads\/2023\/12\/IMG-20231009-WA0178-1-768x768.jpg 768w, https:\/\/macite.tg\/wp-content\/uploads\/2023\/12\/IMG-20231009-WA0178-1-122x122.jpg 122w, https:\/\/macite.tg\/wp-content\/uploads\/2023\/12\/IMG-20231009-WA0178-1.jpg 1280w\" sizes=\"auto, (max-width: 496px) 100vw, 496px\" \/><\/figure>\n<\/div>\n\n\n<p class=\"wp-block-paragraph\">A cet effet, le parti S.E.T \u00e0 travers son bureau politique a donc d\u00e9cid\u00e9 d\u2019investir officiellement Ousmane Sonko candidat \u00e0 l\u2019\u00e9lection pr\u00e9sidentielle de 2024,<\/p>\n\n\n\n<p class=\"wp-block-paragraph\">Chers compatriotes,<\/p>\n\n\n\n<p class=\"wp-block-paragraph\">Au-del\u00e0 de l\u2019investiture, il s\u2019agira pour nous de c\u00e9l\u00e9brer la victoire de la justice et de la v\u00e9rit\u00e9 Il s\u2019agira de magnifier un symbole celui du courage et du don de soi,<\/p>\n\n\n\n<p class=\"wp-block-paragraph\"><strong>SeneNews<\/strong><\/p>\n\n\n\n<p class=\"wp-block-paragraph\"><strong><em>@macite.tg&nbsp;&nbsp;&nbsp;&nbsp;&nbsp;&nbsp;&nbsp;&nbsp;<\/em><\/strong><\/p>\n\n\n\n<p class=\"wp-block-paragraph\"><strong><em>E-mail&nbsp;: <\/em><\/strong><a href=\"mailto:maciteinfo@gmail.com\"><strong><em>maciteinfo@gmail.com<\/em><\/strong><\/a><strong><em>; <\/em><\/strong><a href=\"mailto:bawela1@gmail.com\"><strong><em>bawela1@gmail.com<\/em><\/strong><\/a><strong><em><\/em><\/strong><\/p>\n\n\n\n<p class=\"wp-block-paragraph\"><strong><em>Pour vos annonces, (publi)reportages, etc., joignez-nous au (00228)91515309\/<strong>79872224 <\/strong>www.macite.tg, L\u2019information, la bonne&nbsp;!<\/em><\/strong><\/p>\n","protected":false},"excerpt":{"rendered":"<p class=\"text-justify mb-2\" >Le Leader du parti dissout Pastef, Ousmane Sonko, vient d\u2019\u00eatre investi candidat par le parti S\u00e9n\u00e9gal en t\u00eate (Set) dirig\u00e9 par l\u2019ancien ministre Moustapha Mamba Guirassy. L\u2019annonce a \u00e9t\u00e9 faite, hier lundi 25 d\u00e9cembre, par El Malick Ndiaye. Voici l\u2019int\u00e9gralit\u00e9 du communiqu\u00e9 ! \u00ab\u00a0S.E.T. S\u00c9N\u00c9GAL [&hellip;]<\/p>\n","protected":false},"author":2,"featured_media":11335,"comment_status":"open","ping_status":"open","sticky":false,"template":"","format":"standard","meta":{"footnotes":""},"categories":[20,1],"tags":[],"class_list":["post-11332","post","type-post","status-publish","format-standard","has-post-thumbnail","hentry","category-actualite","category-politique"],"yoast_head":"<!-- This site is optimized with the Yoast SEO plugin v28.4 - https:\/\/yoast.com\/product\/yoast-seo-wordpress\/ -->\n<title>S\u00c9N\u00c9GAL \/ PR\u00c9SIDENTIELLE 2024 : Ousmane Sonko investi par le parti SET de l\u2019ex ministre Moustapha Mamba Guirassy -<\/title>\n<meta name=\"robots\" content=\"index, follow, max-snippet:-1, max-image-preview:large, max-video-preview:-1\" \/>\n<link rel=\"canonical\" href=\"https:\/\/macite.tg\/?p=11332\" \/>\n<meta property=\"og:locale\" content=\"fr_FR\" \/>\n<meta property=\"og:type\" content=\"article\" \/>\n<meta property=\"og:title\" content=\"S\u00c9N\u00c9GAL \/ PR\u00c9SIDENTIELLE 2024 : Ousmane Sonko investi par le parti SET de l\u2019ex ministre Moustapha Mamba Guirassy -\" \/>\n<meta property=\"og:description\" content=\"Le Leader du parti dissout Pastef, Ousmane Sonko, vient d\u2019\u00eatre investi candidat par le parti S\u00e9n\u00e9gal en t\u00eate (Set) dirig\u00e9 par l\u2019ancien ministre Moustapha Mamba Guirassy. L\u2019annonce a \u00e9t\u00e9 faite, hier lundi 25 d\u00e9cembre, par El Malick Ndiaye. Voici l\u2019int\u00e9gralit\u00e9 du communiqu\u00e9 ! \u00ab\u00a0S.E.T. S\u00c9N\u00c9GAL [&hellip;]\" \/>\n<meta property=\"og:url\" content=\"https:\/\/macite.tg\/?p=11332\" \/>\n<meta property=\"article:published_time\" content=\"2023-12-26T13:22:25+00:00\" \/>\n<meta property=\"article:modified_time\" content=\"2023-12-26T13:22:27+00:00\" \/>\n<meta property=\"og:image\" content=\"https:\/\/macite.tg\/wp-content\/uploads\/2023\/12\/image-55.png\" \/>\n\t<meta property=\"og:image:width\" content=\"696\" \/>\n\t<meta property=\"og:image:height\" content=\"435\" \/>\n\t<meta property=\"og:image:type\" content=\"image\/png\" \/>\n<meta name=\"author\" content=\"Jean Pierre BAWELA\" \/>\n<meta name=\"twitter:card\" content=\"summary_large_image\" \/>\n<meta name=\"twitter:label1\" content=\"\u00c9crit par\" \/>\n\t<meta name=\"twitter:data1\" content=\"Jean Pierre BAWELA\" \/>\n\t<meta name=\"twitter:label2\" content=\"Dur\u00e9e de lecture estim\u00e9e\" \/>\n\t<meta name=\"twitter:data2\" content=\"2 minutes\" \/>\n<script type=\"application\/ld+json\" class=\"yoast-schema-graph\">{\"@context\":\"https:\\\/\\\/schema.org\",\"@graph\":[{\"@type\":\"Article\",\"@id\":\"https:\\\/\\\/macite.tg\\\/?p=11332#article\",\"isPartOf\":{\"@id\":\"https:\\\/\\\/macite.tg\\\/?p=11332\"},\"author\":{\"name\":\"Jean Pierre BAWELA\",\"@id\":\"https:\\\/\\\/macite.tg\\\/#\\\/schema\\\/person\\\/e9f2de7e5dbbe7770a9402c7ce82f5c2\"},\"headline\":\"S\u00c9N\u00c9GAL \\\/ PR\u00c9SIDENTIELLE 2024 : Ousmane Sonko investi par le parti SET de l\u2019ex ministre Moustapha Mamba Guirassy\",\"datePublished\":\"2023-12-26T13:22:25+00:00\",\"dateModified\":\"2023-12-26T13:22:27+00:00\",\"mainEntityOfPage\":{\"@id\":\"https:\\\/\\\/macite.tg\\\/?p=11332\"},\"wordCount\":444,\"commentCount\":0,\"image\":{\"@id\":\"https:\\\/\\\/macite.tg\\\/?p=11332#primaryimage\"},\"thumbnailUrl\":\"https:\\\/\\\/macite.tg\\\/wp-content\\\/uploads\\\/2023\\\/12\\\/image-55.png\",\"articleSection\":[\"ACTUALITE\",\"POLITIQUE\"],\"inLanguage\":\"fr-FR\",\"potentialAction\":[{\"@type\":\"CommentAction\",\"name\":\"Comment\",\"target\":[\"https:\\\/\\\/macite.tg\\\/?p=11332#respond\"]}]},{\"@type\":\"WebPage\",\"@id\":\"https:\\\/\\\/macite.tg\\\/?p=11332\",\"url\":\"https:\\\/\\\/macite.tg\\\/?p=11332\",\"name\":\"S\u00c9N\u00c9GAL \\\/ PR\u00c9SIDENTIELLE 2024 : Ousmane Sonko investi par le parti SET de l\u2019ex ministre Moustapha Mamba Guirassy -\",\"isPartOf\":{\"@id\":\"https:\\\/\\\/macite.tg\\\/#website\"},\"primaryImageOfPage\":{\"@id\":\"https:\\\/\\\/macite.tg\\\/?p=11332#primaryimage\"},\"image\":{\"@id\":\"https:\\\/\\\/macite.tg\\\/?p=11332#primaryimage\"},\"thumbnailUrl\":\"https:\\\/\\\/macite.tg\\\/wp-content\\\/uploads\\\/2023\\\/12\\\/image-55.png\",\"datePublished\":\"2023-12-26T13:22:25+00:00\",\"dateModified\":\"2023-12-26T13:22:27+00:00\",\"author\":{\"@id\":\"https:\\\/\\\/macite.tg\\\/#\\\/schema\\\/person\\\/e9f2de7e5dbbe7770a9402c7ce82f5c2\"},\"breadcrumb\":{\"@id\":\"https:\\\/\\\/macite.tg\\\/?p=11332#breadcrumb\"},\"inLanguage\":\"fr-FR\",\"potentialAction\":[{\"@type\":\"ReadAction\",\"target\":[\"https:\\\/\\\/macite.tg\\\/?p=11332\"]}]},{\"@type\":\"ImageObject\",\"inLanguage\":\"fr-FR\",\"@id\":\"https:\\\/\\\/macite.tg\\\/?p=11332#primaryimage\",\"url\":\"https:\\\/\\\/macite.tg\\\/wp-content\\\/uploads\\\/2023\\\/12\\\/image-55.png\",\"contentUrl\":\"https:\\\/\\\/macite.tg\\\/wp-content\\\/uploads\\\/2023\\\/12\\\/image-55.png\",\"width\":696,\"height\":435},{\"@type\":\"BreadcrumbList\",\"@id\":\"https:\\\/\\\/macite.tg\\\/?p=11332#breadcrumb\",\"itemListElement\":[{\"@type\":\"ListItem\",\"position\":1,\"name\":\"Accueil\",\"item\":\"https:\\\/\\\/macite.tg\\\/\"},{\"@type\":\"ListItem\",\"position\":2,\"name\":\"S\u00c9N\u00c9GAL \\\/ PR\u00c9SIDENTIELLE 2024 : Ousmane Sonko investi par le parti SET de l\u2019ex ministre Moustapha Mamba Guirassy\"}]},{\"@type\":\"WebSite\",\"@id\":\"https:\\\/\\\/macite.tg\\\/#website\",\"url\":\"https:\\\/\\\/macite.tg\\\/\",\"name\":\"\",\"description\":\"L&#039;information, la bonne!!!\",\"potentialAction\":[{\"@type\":\"SearchAction\",\"target\":{\"@type\":\"EntryPoint\",\"urlTemplate\":\"https:\\\/\\\/macite.tg\\\/?s={search_term_string}\"},\"query-input\":{\"@type\":\"PropertyValueSpecification\",\"valueRequired\":true,\"valueName\":\"search_term_string\"}}],\"inLanguage\":\"fr-FR\"},{\"@type\":\"Person\",\"@id\":\"https:\\\/\\\/macite.tg\\\/#\\\/schema\\\/person\\\/e9f2de7e5dbbe7770a9402c7ce82f5c2\",\"name\":\"Jean Pierre BAWELA\",\"image\":{\"@type\":\"ImageObject\",\"inLanguage\":\"fr-FR\",\"@id\":\"https:\\\/\\\/macite.tg\\\/wp-content\\\/uploads\\\/2023\\\/09\\\/WhatsApp-Image-2023-09-19-at-14.44.41-122x122.jpeg\",\"url\":\"https:\\\/\\\/macite.tg\\\/wp-content\\\/uploads\\\/2023\\\/09\\\/WhatsApp-Image-2023-09-19-at-14.44.41-122x122.jpeg\",\"contentUrl\":\"https:\\\/\\\/macite.tg\\\/wp-content\\\/uploads\\\/2023\\\/09\\\/WhatsApp-Image-2023-09-19-at-14.44.41-122x122.jpeg\",\"caption\":\"Jean Pierre BAWELA\"},\"url\":\"https:\\\/\\\/macite.tg\\\/?author=2\"}]}<\/script>\n<!-- \/ Yoast SEO plugin. -->","yoast_head_json":{"title":"S\u00c9N\u00c9GAL \/ PR\u00c9SIDENTIELLE 2024 : Ousmane Sonko investi par le parti SET de l\u2019ex ministre Moustapha Mamba Guirassy -","robots":{"index":"index","follow":"follow","max-snippet":"max-snippet:-1","max-image-preview":"max-image-preview:large","max-video-preview":"max-video-preview:-1"},"canonical":"https:\/\/macite.tg\/?p=11332","og_locale":"fr_FR","og_type":"article","og_title":"S\u00c9N\u00c9GAL \/ PR\u00c9SIDENTIELLE 2024 : Ousmane Sonko investi par le parti SET de l\u2019ex ministre Moustapha Mamba Guirassy -","og_description":"Le Leader du parti dissout Pastef, Ousmane Sonko, vient d\u2019\u00eatre investi candidat par le parti S\u00e9n\u00e9gal en t\u00eate (Set) dirig\u00e9 par l\u2019ancien ministre Moustapha Mamba Guirassy. L\u2019annonce a \u00e9t\u00e9 faite, hier lundi 25 d\u00e9cembre, par El Malick Ndiaye. Voici l\u2019int\u00e9gralit\u00e9 du communiqu\u00e9 ! \u00ab\u00a0S.E.T. S\u00c9N\u00c9GAL [&hellip;]","og_url":"https:\/\/macite.tg\/?p=11332","article_published_time":"2023-12-26T13:22:25+00:00","article_modified_time":"2023-12-26T13:22:27+00:00","og_image":[{"width":696,"height":435,"url":"https:\/\/macite.tg\/wp-content\/uploads\/2023\/12\/image-55.png","type":"image\/png"}],"author":"Jean Pierre BAWELA","twitter_card":"summary_large_image","twitter_misc":{"\u00c9crit par":"Jean Pierre BAWELA","Dur\u00e9e de lecture estim\u00e9e":"2 minutes"},"schema":{"@context":"https:\/\/schema.org","@graph":[{"@type":"Article","@id":"https:\/\/macite.tg\/?p=11332#article","isPartOf":{"@id":"https:\/\/macite.tg\/?p=11332"},"author":{"name":"Jean Pierre BAWELA","@id":"https:\/\/macite.tg\/#\/schema\/person\/e9f2de7e5dbbe7770a9402c7ce82f5c2"},"headline":"S\u00c9N\u00c9GAL \/ PR\u00c9SIDENTIELLE 2024 : Ousmane Sonko investi par le parti SET de l\u2019ex ministre Moustapha Mamba Guirassy","datePublished":"2023-12-26T13:22:25+00:00","dateModified":"2023-12-26T13:22:27+00:00","mainEntityOfPage":{"@id":"https:\/\/macite.tg\/?p=11332"},"wordCount":444,"commentCount":0,"image":{"@id":"https:\/\/macite.tg\/?p=11332#primaryimage"},"thumbnailUrl":"https:\/\/macite.tg\/wp-content\/uploads\/2023\/12\/image-55.png","articleSection":["ACTUALITE","POLITIQUE"],"inLanguage":"fr-FR","potentialAction":[{"@type":"CommentAction","name":"Comment","target":["https:\/\/macite.tg\/?p=11332#respond"]}]},{"@type":"WebPage","@id":"https:\/\/macite.tg\/?p=11332","url":"https:\/\/macite.tg\/?p=11332","name":"S\u00c9N\u00c9GAL \/ PR\u00c9SIDENTIELLE 2024 : Ousmane Sonko investi par le parti SET de l\u2019ex ministre Moustapha Mamba Guirassy -","isPartOf":{"@id":"https:\/\/macite.tg\/#website"},"primaryImageOfPage":{"@id":"https:\/\/macite.tg\/?p=11332#primaryimage"},"image":{"@id":"https:\/\/macite.tg\/?p=11332#primaryimage"},"thumbnailUrl":"https:\/\/macite.tg\/wp-content\/uploads\/2023\/12\/image-55.png","datePublished":"2023-12-26T13:22:25+00:00","dateModified":"2023-12-26T13:22:27+00:00","author":{"@id":"https:\/\/macite.tg\/#\/schema\/person\/e9f2de7e5dbbe7770a9402c7ce82f5c2"},"breadcrumb":{"@id":"https:\/\/macite.tg\/?p=11332#breadcrumb"},"inLanguage":"fr-FR","potentialAction":[{"@type":"ReadAction","target":["https:\/\/macite.tg\/?p=11332"]}]},{"@type":"ImageObject","inLanguage":"fr-FR","@id":"https:\/\/macite.tg\/?p=11332#primaryimage","url":"https:\/\/macite.tg\/wp-content\/uploads\/2023\/12\/image-55.png","contentUrl":"https:\/\/macite.tg\/wp-content\/uploads\/2023\/12\/image-55.png","width":696,"height":435},{"@type":"BreadcrumbList","@id":"https:\/\/macite.tg\/?p=11332#breadcrumb","itemListElement":[{"@type":"ListItem","position":1,"name":"Accueil","item":"https:\/\/macite.tg\/"},{"@type":"ListItem","position":2,"name":"S\u00c9N\u00c9GAL \/ PR\u00c9SIDENTIELLE 2024 : Ousmane Sonko investi par le parti SET de l\u2019ex ministre Moustapha Mamba Guirassy"}]},{"@type":"WebSite","@id":"https:\/\/macite.tg\/#website","url":"https:\/\/macite.tg\/","name":"","description":"L&#039;information, la bonne!!!","potentialAction":[{"@type":"SearchAction","target":{"@type":"EntryPoint","urlTemplate":"https:\/\/macite.tg\/?s={search_term_string}"},"query-input":{"@type":"PropertyValueSpecification","valueRequired":true,"valueName":"search_term_string"}}],"inLanguage":"fr-FR"},{"@type":"Person","@id":"https:\/\/macite.tg\/#\/schema\/person\/e9f2de7e5dbbe7770a9402c7ce82f5c2","name":"Jean Pierre BAWELA","image":{"@type":"ImageObject","inLanguage":"fr-FR","@id":"https:\/\/macite.tg\/wp-content\/uploads\/2023\/09\/WhatsApp-Image-2023-09-19-at-14.44.41-122x122.jpeg","url":"https:\/\/macite.tg\/wp-content\/uploads\/2023\/09\/WhatsApp-Image-2023-09-19-at-14.44.41-122x122.jpeg","contentUrl":"https:\/\/macite.tg\/wp-content\/uploads\/2023\/09\/WhatsApp-Image-2023-09-19-at-14.44.41-122x122.jpeg","caption":"Jean Pierre BAWELA"},"url":"https:\/\/macite.tg\/?author=2"}]}},"_links":{"self":[{"href":"https:\/\/macite.tg\/index.php?rest_route=\/wp\/v2\/posts\/11332","targetHints":{"allow":["GET"]}}],"collection":[{"href":"https:\/\/macite.tg\/index.php?rest_route=\/wp\/v2\/posts"}],"about":[{"href":"https:\/\/macite.tg\/index.php?rest_route=\/wp\/v2\/types\/post"}],"author":[{"embeddable":true,"href":"https:\/\/macite.tg\/index.php?rest_route=\/wp\/v2\/users\/2"}],"replies":[{"embeddable":true,"href":"https:\/\/macite.tg\/index.php?rest_route=%2Fwp%2Fv2%2Fcomments&post=11332"}],"version-history":[{"count":0,"href":"https:\/\/macite.tg\/index.php?rest_route=\/wp\/v2\/posts\/11332\/revisions"}],"wp:featuredmedia":[{"embeddable":true,"href":"https:\/\/macite.tg\/index.php?rest_route=\/wp\/v2\/media\/11335"}],"wp:attachment":[{"href":"https:\/\/macite.tg\/index.php?rest_route=%2Fwp%2Fv2%2Fmedia&parent=11332"}],"wp:term":[{"taxonomy":"category","embeddable":true,"href":"https:\/\/macite.tg\/index.php?rest_route=%2Fwp%2Fv2%2Fcategories&post=11332"},{"taxonomy":"post_tag","embeddable":true,"href":"https:\/\/macite.tg\/index.php?rest_route=%2Fwp%2Fv2%2Ftags&post=11332"}],"curies":[{"name":"wp","href":"https:\/\/api.w.org\/{rel}","templated":true}]}}