{"id":11317,"date":"2023-12-24T07:04:31","date_gmt":"2023-12-24T07:04:31","guid":{"rendered":"https:\/\/macite.tg\/?p=11317"},"modified":"2023-12-24T07:04:33","modified_gmt":"2023-12-24T07:04:33","slug":"humanitaire-lassociation-aavoed-offre-des-kits-alimentaires-aux-enfants-necessiteux-de-la-prefecture-dagoenyive","status":"publish","type":"post","link":"https:\/\/macite.tg\/?p=11317","title":{"rendered":"HUMANITAIRE\u00a0: L\u2019association Aavoed offre des kits alimentaires aux enfants n\u00e9cessiteux de la pr\u00e9fecture d\u2019Ago\u00e8nyiv\u00e9"},"content":{"rendered":"\n<p class=\"wp-block-paragraph\"><strong><em>L\u2019association Aide et Action \u00e0 la Veuve, \u00e0 l\u2019Orphelin et \u00e0 l\u2019Enfant D\u00e9sh\u00e9rit\u00e9 (Aaoed)<\/em><\/strong> <strong><em>avoed toujours plus proche des couches les plus vuln\u00e9rables. L\u2019association pr\u00e9sid\u00e9e par la d\u00e9put\u00e9e, Me Molgah Abougnima-Kadjaka a c\u00e9l\u00e9br\u00e9, hier samedi 23 d\u00e9cembre 2023 \u00e0 son si\u00e8ge \u00e0 Lom\u00e9, l\u2019op\u00e9ration \u00ab\u00a0No\u00ebl avec les enfants\u00a0\u00bb.<\/em><\/strong><\/p>\n\n\n\n<p class=\"wp-block-paragraph\">Cette activit\u00e9 qui est presqu\u2019une tradition a consist\u00e9 en la distribution de kits alimentaires \u00e0 plus de 100 enfants. Les b\u00e9n\u00e9ficiaires sont des enfants d\u00e9munis de la pr\u00e9fecture d\u2019Ago\u00e8nyiv\u00e9 et de ses environs.<\/p>\n\n\n<div class=\"wp-block-image\">\n<figure class=\"aligncenter size-large is-resized\"><img loading=\"lazy\" decoding=\"async\" src=\"https:\/\/macite.tg\/wp-content\/uploads\/2023\/12\/GBps6MVW8AAmcgK-819x1024.jpg\" alt=\"\" class=\"wp-image-11215\" width=\"632\" height=\"790\" srcset=\"https:\/\/macite.tg\/wp-content\/uploads\/2023\/12\/GBps6MVW8AAmcgK-819x1024.jpg 819w, https:\/\/macite.tg\/wp-content\/uploads\/2023\/12\/GBps6MVW8AAmcgK-240x300.jpg 240w, https:\/\/macite.tg\/wp-content\/uploads\/2023\/12\/GBps6MVW8AAmcgK-768x960.jpg 768w, https:\/\/macite.tg\/wp-content\/uploads\/2023\/12\/GBps6MVW8AAmcgK.jpg 864w\" sizes=\"auto, (max-width: 632px) 100vw, 632px\" \/><\/figure>\n<\/div>\n\n\n<p class=\"wp-block-paragraph\">Chaque ann\u00e9e, ce geste de g\u00e9n\u00e9rosit\u00e9 leur permet de passer les f\u00eates de fin d\u2019ann\u00e9es avec le sourire, au m\u00eame titre que d\u2019autres enfants aux conditions favorables. <em>\u00ab&nbsp;J\u2019ai re\u00e7u un sac qui contient beaucoup de chose. Je suis tr\u00e8s content et je remercie Aavoed d\u2019avoir pens\u00e9 \u00e0 nous. Avec \u00e7a je pense qu\u2019on va bien faire la f\u00eate. Mes amis aussi ont re\u00e7u et on est tous content&nbsp;\u00bb<\/em>, se r\u00e9jouit un b\u00e9n\u00e9ficiaire avec son kit \u00e0 la main.<\/p>\n\n\n\n<p class=\"wp-block-paragraph\">Tous les enfants pr\u00e9sents \u00e0 cette c\u00e9r\u00e9monie connaissent bien Aavoed et Aavoed les connait et pour cause. Chaque ann\u00e9e c\u2019est une tradition respect\u00e9e au si\u00e8ge de ladite association. Accompagn\u00e9s pour la plupart de leur maman, ils sont repartis avec du sourire aux l\u00e8vres car, d\u00e9sormais rassur\u00e9 de s\u2019offrir un bon repas de f\u00eate \u00e0 No\u00ebl ou \u00e0 l\u2019occasion de la c\u00e9l\u00e9bration du nouvel an.<\/p>\n\n\n\n<p class=\"wp-block-paragraph\">Cette occasion a \u00e9galement servi de cadre aux membres de l\u2019association Aide et Action \u00e0 la Veuve, \u00e0 l\u2019Orphelin et \u00e0 l\u2019Enfant D\u00e9sh\u00e9rit\u00e9 (Aavoed) de prodiguer d\u2019utiles conseils aux b\u00e9n\u00e9ficiaires notamment sur la culture de l\u2019excellence en milieu scolaire. Sur fond de musique de No\u00ebl et, tour \u00e0 tour, les enfants ont tous \u00e9t\u00e9 servis et n\u2019attendent que No\u00ebl pour savourer leur plat.&nbsp; Pour eux, \u00e0 48 heures de la f\u00eate de la nativit\u00e9 du Christ, ils viennent ainsi de rencontrer <em>\u00ab&nbsp;le P\u00e8re Noel&nbsp;\u00bb.<\/em> Depuis plusieurs ann\u00e9es, l\u2019association Aavoed ne d\u00e9roge pas \u00e0 cette tradition, \u00e0 chaque fin d\u2019ann\u00e9e.&nbsp;<\/p>\n\n\n<div class=\"wp-block-image\">\n<figure class=\"aligncenter size-large is-resized\"><img loading=\"lazy\" decoding=\"async\" src=\"https:\/\/macite.tg\/wp-content\/uploads\/2023\/12\/IMG-20231009-WA0178-1-1024x1024.jpg\" alt=\"\" class=\"wp-image-11275\" width=\"600\" height=\"600\" srcset=\"https:\/\/macite.tg\/wp-content\/uploads\/2023\/12\/IMG-20231009-WA0178-1-1024x1024.jpg 1024w, https:\/\/macite.tg\/wp-content\/uploads\/2023\/12\/IMG-20231009-WA0178-1-300x300.jpg 300w, https:\/\/macite.tg\/wp-content\/uploads\/2023\/12\/IMG-20231009-WA0178-1-150x150.jpg 150w, https:\/\/macite.tg\/wp-content\/uploads\/2023\/12\/IMG-20231009-WA0178-1-768x768.jpg 768w, https:\/\/macite.tg\/wp-content\/uploads\/2023\/12\/IMG-20231009-WA0178-1-122x122.jpg 122w, https:\/\/macite.tg\/wp-content\/uploads\/2023\/12\/IMG-20231009-WA0178-1.jpg 1280w\" sizes=\"auto, (max-width: 600px) 100vw, 600px\" \/><\/figure>\n<\/div>\n\n\n<p class=\"wp-block-paragraph\"><em>\u00ab&nbsp;Comme c\u2019est de coutume chaque ann\u00e9e, nous avons pens\u00e9 qu\u2019il \u00e9tait n\u00e9cessaire de nous mobiliser pour permettre \u00e0 ces enfants d\u00e9favoris\u00e9s de la pr\u00e9fecture d\u2019Ago\u00e8nyiv\u00e9 et de ses environs, de bien f\u00eater No\u00ebl au m\u00eame titre que ceux issus des familles ais\u00e9es. Si nous convenons que No\u00ebl est une f\u00eate des enfants, il \u00e9tait important que l\u2019association Aavoed manifeste ce geste de g\u00e9n\u00e9rosit\u00e9 \u00e0 leur endroit afin de leur donner du sourire. Nous profitons de cette occasion pour saluer l\u2019engagement de la pr\u00e9sidente de l\u2019Aavoed, qui ne m\u00e9nage aucun effort pour soutenir les plus n\u00e9cessiteux. Ces enfants ont eux aussi le droit d\u2019\u00eatre heureux le jour de No\u00ebl au m\u00eame titre que les autres. C\u2019est la raison d\u2019\u00eatre de cette op\u00e9ration que l\u2019association se donne le plaisir de perp\u00e9tuer chaque ann\u00e9e \u00bb,<\/em> nous a confi\u00e9 Anne Fol\u00e9ga, la repr\u00e9sentante de la pr\u00e9sidente de l\u2019Aavoed.<\/p>\n\n\n\n<p class=\"wp-block-paragraph\">Chaque kit est compos\u00e9 de produits alimentaires, notamment le riz, le spaghetti, l\u2019huile, les bo\u00eetes de conserve, etc\u2026 Outre ces enfants d\u00e9sh\u00e9rit\u00e9s de la pr\u00e9fecture d\u2019Ago\u00e8nyiv\u00e9, l\u2019association Avoed manifeste \u00e9galement sa g\u00e9n\u00e9rosit\u00e9 \u00e0 l\u2019endroit d\u2019autres couches sociales.<\/p>\n\n\n\n<p class=\"wp-block-paragraph\"><strong>G.A.<\/strong><\/p>\n\n\n\n<p class=\"wp-block-paragraph\"><a><strong><em>@macite.tg&nbsp;&nbsp;&nbsp;&nbsp;&nbsp;&nbsp;&nbsp;&nbsp;<\/em><\/strong><\/a><\/p>\n\n\n\n<p class=\"wp-block-paragraph\"><strong><em>E-mail&nbsp;: <\/em><\/strong><a href=\"mailto:maciteinfo@gmail.com\"><strong><em>maciteinfo@gmail.com<\/em><\/strong><\/a><strong><em>; <\/em><\/strong><a href=\"mailto:bawela1@gmail.com\"><strong><em>bawela1@gmail.com<\/em><\/strong><\/a><strong><em><\/em><\/strong><\/p>\n\n\n\n<p class=\"wp-block-paragraph\"><strong><em>Pour vos annonces, (publi)reportages, etc., joignez-nous au (00228)91515309\/<strong>79872224 <\/strong>www.macite.tg, L\u2019information, la bonne&nbsp;!<\/em><\/strong><\/p>\n","protected":false},"excerpt":{"rendered":"<p class=\"text-justify mb-2\" >L\u2019association Aide et Action \u00e0 la Veuve, \u00e0 l\u2019Orphelin et \u00e0 l\u2019Enfant D\u00e9sh\u00e9rit\u00e9 (Aaoed) avoed toujours plus proche des couches les plus vuln\u00e9rables. L\u2019association pr\u00e9sid\u00e9e par la d\u00e9put\u00e9e, Me Molgah Abougnima-Kadjaka a c\u00e9l\u00e9br\u00e9, hier samedi 23 d\u00e9cembre 2023 \u00e0 son si\u00e8ge \u00e0 Lom\u00e9, l\u2019op\u00e9ration \u00ab\u00a0No\u00ebl [&hellip;]<\/p>\n","protected":false},"author":2,"featured_media":11320,"comment_status":"open","ping_status":"open","sticky":false,"template":"","format":"standard","meta":{"footnotes":""},"categories":[20,6],"tags":[],"class_list":["post-11317","post","type-post","status-publish","format-standard","has-post-thumbnail","hentry","category-actualite","category-societe"],"yoast_head":"<!-- This site is optimized with the Yoast SEO plugin v28.4 - https:\/\/yoast.com\/product\/yoast-seo-wordpress\/ -->\n<title>HUMANITAIRE\u00a0: L\u2019association Aavoed offre des kits alimentaires aux enfants n\u00e9cessiteux de la pr\u00e9fecture d\u2019Ago\u00e8nyiv\u00e9 -<\/title>\n<meta name=\"robots\" content=\"index, follow, max-snippet:-1, max-image-preview:large, max-video-preview:-1\" \/>\n<link rel=\"canonical\" href=\"https:\/\/macite.tg\/?p=11317\" \/>\n<meta property=\"og:locale\" content=\"fr_FR\" \/>\n<meta property=\"og:type\" content=\"article\" \/>\n<meta property=\"og:title\" content=\"HUMANITAIRE\u00a0: L\u2019association Aavoed offre des kits alimentaires aux enfants n\u00e9cessiteux de la pr\u00e9fecture d\u2019Ago\u00e8nyiv\u00e9 -\" \/>\n<meta property=\"og:description\" content=\"L\u2019association Aide et Action \u00e0 la Veuve, \u00e0 l\u2019Orphelin et \u00e0 l\u2019Enfant D\u00e9sh\u00e9rit\u00e9 (Aaoed) avoed toujours plus proche des couches les plus vuln\u00e9rables. L\u2019association pr\u00e9sid\u00e9e par la d\u00e9put\u00e9e, Me Molgah Abougnima-Kadjaka a c\u00e9l\u00e9br\u00e9, hier samedi 23 d\u00e9cembre 2023 \u00e0 son si\u00e8ge \u00e0 Lom\u00e9, l\u2019op\u00e9ration \u00ab\u00a0No\u00ebl [&hellip;]\" \/>\n<meta property=\"og:url\" content=\"https:\/\/macite.tg\/?p=11317\" \/>\n<meta property=\"article:published_time\" content=\"2023-12-24T07:04:31+00:00\" \/>\n<meta property=\"article:modified_time\" content=\"2023-12-24T07:04:33+00:00\" \/>\n<meta property=\"og:image\" content=\"https:\/\/macite.tg\/wp-content\/uploads\/2023\/12\/IMG-20231223-WA0055.jpg\" \/>\n\t<meta property=\"og:image:width\" content=\"1040\" \/>\n\t<meta property=\"og:image:height\" content=\"468\" \/>\n\t<meta property=\"og:image:type\" content=\"image\/jpeg\" \/>\n<meta name=\"author\" content=\"Jean Pierre BAWELA\" \/>\n<meta name=\"twitter:card\" content=\"summary_large_image\" \/>\n<meta name=\"twitter:label1\" content=\"\u00c9crit par\" \/>\n\t<meta name=\"twitter:data1\" content=\"Jean Pierre BAWELA\" \/>\n\t<meta name=\"twitter:label2\" content=\"Dur\u00e9e de lecture estim\u00e9e\" \/>\n\t<meta name=\"twitter:data2\" content=\"3 minutes\" \/>\n<script type=\"application\/ld+json\" class=\"yoast-schema-graph\">{\"@context\":\"https:\\\/\\\/schema.org\",\"@graph\":[{\"@type\":\"Article\",\"@id\":\"https:\\\/\\\/macite.tg\\\/?p=11317#article\",\"isPartOf\":{\"@id\":\"https:\\\/\\\/macite.tg\\\/?p=11317\"},\"author\":{\"name\":\"Jean Pierre BAWELA\",\"@id\":\"https:\\\/\\\/macite.tg\\\/#\\\/schema\\\/person\\\/e9f2de7e5dbbe7770a9402c7ce82f5c2\"},\"headline\":\"HUMANITAIRE\u00a0: L\u2019association Aavoed offre des kits alimentaires aux enfants n\u00e9cessiteux de la pr\u00e9fecture d\u2019Ago\u00e8nyiv\u00e9\",\"datePublished\":\"2023-12-24T07:04:31+00:00\",\"dateModified\":\"2023-12-24T07:04:33+00:00\",\"mainEntityOfPage\":{\"@id\":\"https:\\\/\\\/macite.tg\\\/?p=11317\"},\"wordCount\":666,\"commentCount\":0,\"image\":{\"@id\":\"https:\\\/\\\/macite.tg\\\/?p=11317#primaryimage\"},\"thumbnailUrl\":\"https:\\\/\\\/macite.tg\\\/wp-content\\\/uploads\\\/2023\\\/12\\\/IMG-20231223-WA0055.jpg\",\"articleSection\":[\"ACTUALITE\",\"SOCIETE\"],\"inLanguage\":\"fr-FR\",\"potentialAction\":[{\"@type\":\"CommentAction\",\"name\":\"Comment\",\"target\":[\"https:\\\/\\\/macite.tg\\\/?p=11317#respond\"]}]},{\"@type\":\"WebPage\",\"@id\":\"https:\\\/\\\/macite.tg\\\/?p=11317\",\"url\":\"https:\\\/\\\/macite.tg\\\/?p=11317\",\"name\":\"HUMANITAIRE\u00a0: L\u2019association Aavoed offre des kits alimentaires aux enfants n\u00e9cessiteux de la pr\u00e9fecture d\u2019Ago\u00e8nyiv\u00e9 -\",\"isPartOf\":{\"@id\":\"https:\\\/\\\/macite.tg\\\/#website\"},\"primaryImageOfPage\":{\"@id\":\"https:\\\/\\\/macite.tg\\\/?p=11317#primaryimage\"},\"image\":{\"@id\":\"https:\\\/\\\/macite.tg\\\/?p=11317#primaryimage\"},\"thumbnailUrl\":\"https:\\\/\\\/macite.tg\\\/wp-content\\\/uploads\\\/2023\\\/12\\\/IMG-20231223-WA0055.jpg\",\"datePublished\":\"2023-12-24T07:04:31+00:00\",\"dateModified\":\"2023-12-24T07:04:33+00:00\",\"author\":{\"@id\":\"https:\\\/\\\/macite.tg\\\/#\\\/schema\\\/person\\\/e9f2de7e5dbbe7770a9402c7ce82f5c2\"},\"breadcrumb\":{\"@id\":\"https:\\\/\\\/macite.tg\\\/?p=11317#breadcrumb\"},\"inLanguage\":\"fr-FR\",\"potentialAction\":[{\"@type\":\"ReadAction\",\"target\":[\"https:\\\/\\\/macite.tg\\\/?p=11317\"]}]},{\"@type\":\"ImageObject\",\"inLanguage\":\"fr-FR\",\"@id\":\"https:\\\/\\\/macite.tg\\\/?p=11317#primaryimage\",\"url\":\"https:\\\/\\\/macite.tg\\\/wp-content\\\/uploads\\\/2023\\\/12\\\/IMG-20231223-WA0055.jpg\",\"contentUrl\":\"https:\\\/\\\/macite.tg\\\/wp-content\\\/uploads\\\/2023\\\/12\\\/IMG-20231223-WA0055.jpg\",\"width\":1040,\"height\":468},{\"@type\":\"BreadcrumbList\",\"@id\":\"https:\\\/\\\/macite.tg\\\/?p=11317#breadcrumb\",\"itemListElement\":[{\"@type\":\"ListItem\",\"position\":1,\"name\":\"Accueil\",\"item\":\"https:\\\/\\\/macite.tg\\\/\"},{\"@type\":\"ListItem\",\"position\":2,\"name\":\"HUMANITAIRE\u00a0: L\u2019association Aavoed offre des kits alimentaires aux enfants n\u00e9cessiteux de la pr\u00e9fecture d\u2019Ago\u00e8nyiv\u00e9\"}]},{\"@type\":\"WebSite\",\"@id\":\"https:\\\/\\\/macite.tg\\\/#website\",\"url\":\"https:\\\/\\\/macite.tg\\\/\",\"name\":\"\",\"description\":\"L&#039;information, la bonne!!!\",\"potentialAction\":[{\"@type\":\"SearchAction\",\"target\":{\"@type\":\"EntryPoint\",\"urlTemplate\":\"https:\\\/\\\/macite.tg\\\/?s={search_term_string}\"},\"query-input\":{\"@type\":\"PropertyValueSpecification\",\"valueRequired\":true,\"valueName\":\"search_term_string\"}}],\"inLanguage\":\"fr-FR\"},{\"@type\":\"Person\",\"@id\":\"https:\\\/\\\/macite.tg\\\/#\\\/schema\\\/person\\\/e9f2de7e5dbbe7770a9402c7ce82f5c2\",\"name\":\"Jean Pierre BAWELA\",\"image\":{\"@type\":\"ImageObject\",\"inLanguage\":\"fr-FR\",\"@id\":\"https:\\\/\\\/macite.tg\\\/wp-content\\\/uploads\\\/2023\\\/09\\\/WhatsApp-Image-2023-09-19-at-14.44.41-122x122.jpeg\",\"url\":\"https:\\\/\\\/macite.tg\\\/wp-content\\\/uploads\\\/2023\\\/09\\\/WhatsApp-Image-2023-09-19-at-14.44.41-122x122.jpeg\",\"contentUrl\":\"https:\\\/\\\/macite.tg\\\/wp-content\\\/uploads\\\/2023\\\/09\\\/WhatsApp-Image-2023-09-19-at-14.44.41-122x122.jpeg\",\"caption\":\"Jean Pierre BAWELA\"},\"url\":\"https:\\\/\\\/macite.tg\\\/?author=2\"}]}<\/script>\n<!-- \/ Yoast SEO plugin. -->","yoast_head_json":{"title":"HUMANITAIRE\u00a0: L\u2019association Aavoed offre des kits alimentaires aux enfants n\u00e9cessiteux de la pr\u00e9fecture d\u2019Ago\u00e8nyiv\u00e9 -","robots":{"index":"index","follow":"follow","max-snippet":"max-snippet:-1","max-image-preview":"max-image-preview:large","max-video-preview":"max-video-preview:-1"},"canonical":"https:\/\/macite.tg\/?p=11317","og_locale":"fr_FR","og_type":"article","og_title":"HUMANITAIRE\u00a0: L\u2019association Aavoed offre des kits alimentaires aux enfants n\u00e9cessiteux de la pr\u00e9fecture d\u2019Ago\u00e8nyiv\u00e9 -","og_description":"L\u2019association Aide et Action \u00e0 la Veuve, \u00e0 l\u2019Orphelin et \u00e0 l\u2019Enfant D\u00e9sh\u00e9rit\u00e9 (Aaoed) avoed toujours plus proche des couches les plus vuln\u00e9rables. L\u2019association pr\u00e9sid\u00e9e par la d\u00e9put\u00e9e, Me Molgah Abougnima-Kadjaka a c\u00e9l\u00e9br\u00e9, hier samedi 23 d\u00e9cembre 2023 \u00e0 son si\u00e8ge \u00e0 Lom\u00e9, l\u2019op\u00e9ration \u00ab\u00a0No\u00ebl [&hellip;]","og_url":"https:\/\/macite.tg\/?p=11317","article_published_time":"2023-12-24T07:04:31+00:00","article_modified_time":"2023-12-24T07:04:33+00:00","og_image":[{"width":1040,"height":468,"url":"https:\/\/macite.tg\/wp-content\/uploads\/2023\/12\/IMG-20231223-WA0055.jpg","type":"image\/jpeg"}],"author":"Jean Pierre BAWELA","twitter_card":"summary_large_image","twitter_misc":{"\u00c9crit par":"Jean Pierre BAWELA","Dur\u00e9e de lecture estim\u00e9e":"3 minutes"},"schema":{"@context":"https:\/\/schema.org","@graph":[{"@type":"Article","@id":"https:\/\/macite.tg\/?p=11317#article","isPartOf":{"@id":"https:\/\/macite.tg\/?p=11317"},"author":{"name":"Jean Pierre BAWELA","@id":"https:\/\/macite.tg\/#\/schema\/person\/e9f2de7e5dbbe7770a9402c7ce82f5c2"},"headline":"HUMANITAIRE\u00a0: L\u2019association Aavoed offre des kits alimentaires aux enfants n\u00e9cessiteux de la pr\u00e9fecture d\u2019Ago\u00e8nyiv\u00e9","datePublished":"2023-12-24T07:04:31+00:00","dateModified":"2023-12-24T07:04:33+00:00","mainEntityOfPage":{"@id":"https:\/\/macite.tg\/?p=11317"},"wordCount":666,"commentCount":0,"image":{"@id":"https:\/\/macite.tg\/?p=11317#primaryimage"},"thumbnailUrl":"https:\/\/macite.tg\/wp-content\/uploads\/2023\/12\/IMG-20231223-WA0055.jpg","articleSection":["ACTUALITE","SOCIETE"],"inLanguage":"fr-FR","potentialAction":[{"@type":"CommentAction","name":"Comment","target":["https:\/\/macite.tg\/?p=11317#respond"]}]},{"@type":"WebPage","@id":"https:\/\/macite.tg\/?p=11317","url":"https:\/\/macite.tg\/?p=11317","name":"HUMANITAIRE\u00a0: L\u2019association Aavoed offre des kits alimentaires aux enfants n\u00e9cessiteux de la pr\u00e9fecture d\u2019Ago\u00e8nyiv\u00e9 -","isPartOf":{"@id":"https:\/\/macite.tg\/#website"},"primaryImageOfPage":{"@id":"https:\/\/macite.tg\/?p=11317#primaryimage"},"image":{"@id":"https:\/\/macite.tg\/?p=11317#primaryimage"},"thumbnailUrl":"https:\/\/macite.tg\/wp-content\/uploads\/2023\/12\/IMG-20231223-WA0055.jpg","datePublished":"2023-12-24T07:04:31+00:00","dateModified":"2023-12-24T07:04:33+00:00","author":{"@id":"https:\/\/macite.tg\/#\/schema\/person\/e9f2de7e5dbbe7770a9402c7ce82f5c2"},"breadcrumb":{"@id":"https:\/\/macite.tg\/?p=11317#breadcrumb"},"inLanguage":"fr-FR","potentialAction":[{"@type":"ReadAction","target":["https:\/\/macite.tg\/?p=11317"]}]},{"@type":"ImageObject","inLanguage":"fr-FR","@id":"https:\/\/macite.tg\/?p=11317#primaryimage","url":"https:\/\/macite.tg\/wp-content\/uploads\/2023\/12\/IMG-20231223-WA0055.jpg","contentUrl":"https:\/\/macite.tg\/wp-content\/uploads\/2023\/12\/IMG-20231223-WA0055.jpg","width":1040,"height":468},{"@type":"BreadcrumbList","@id":"https:\/\/macite.tg\/?p=11317#breadcrumb","itemListElement":[{"@type":"ListItem","position":1,"name":"Accueil","item":"https:\/\/macite.tg\/"},{"@type":"ListItem","position":2,"name":"HUMANITAIRE\u00a0: L\u2019association Aavoed offre des kits alimentaires aux enfants n\u00e9cessiteux de la pr\u00e9fecture d\u2019Ago\u00e8nyiv\u00e9"}]},{"@type":"WebSite","@id":"https:\/\/macite.tg\/#website","url":"https:\/\/macite.tg\/","name":"","description":"L&#039;information, la bonne!!!","potentialAction":[{"@type":"SearchAction","target":{"@type":"EntryPoint","urlTemplate":"https:\/\/macite.tg\/?s={search_term_string}"},"query-input":{"@type":"PropertyValueSpecification","valueRequired":true,"valueName":"search_term_string"}}],"inLanguage":"fr-FR"},{"@type":"Person","@id":"https:\/\/macite.tg\/#\/schema\/person\/e9f2de7e5dbbe7770a9402c7ce82f5c2","name":"Jean Pierre BAWELA","image":{"@type":"ImageObject","inLanguage":"fr-FR","@id":"https:\/\/macite.tg\/wp-content\/uploads\/2023\/09\/WhatsApp-Image-2023-09-19-at-14.44.41-122x122.jpeg","url":"https:\/\/macite.tg\/wp-content\/uploads\/2023\/09\/WhatsApp-Image-2023-09-19-at-14.44.41-122x122.jpeg","contentUrl":"https:\/\/macite.tg\/wp-content\/uploads\/2023\/09\/WhatsApp-Image-2023-09-19-at-14.44.41-122x122.jpeg","caption":"Jean Pierre BAWELA"},"url":"https:\/\/macite.tg\/?author=2"}]}},"_links":{"self":[{"href":"https:\/\/macite.tg\/index.php?rest_route=\/wp\/v2\/posts\/11317","targetHints":{"allow":["GET"]}}],"collection":[{"href":"https:\/\/macite.tg\/index.php?rest_route=\/wp\/v2\/posts"}],"about":[{"href":"https:\/\/macite.tg\/index.php?rest_route=\/wp\/v2\/types\/post"}],"author":[{"embeddable":true,"href":"https:\/\/macite.tg\/index.php?rest_route=\/wp\/v2\/users\/2"}],"replies":[{"embeddable":true,"href":"https:\/\/macite.tg\/index.php?rest_route=%2Fwp%2Fv2%2Fcomments&post=11317"}],"version-history":[{"count":0,"href":"https:\/\/macite.tg\/index.php?rest_route=\/wp\/v2\/posts\/11317\/revisions"}],"wp:featuredmedia":[{"embeddable":true,"href":"https:\/\/macite.tg\/index.php?rest_route=\/wp\/v2\/media\/11320"}],"wp:attachment":[{"href":"https:\/\/macite.tg\/index.php?rest_route=%2Fwp%2Fv2%2Fmedia&parent=11317"}],"wp:term":[{"taxonomy":"category","embeddable":true,"href":"https:\/\/macite.tg\/index.php?rest_route=%2Fwp%2Fv2%2Fcategories&post=11317"},{"taxonomy":"post_tag","embeddable":true,"href":"https:\/\/macite.tg\/index.php?rest_route=%2Fwp%2Fv2%2Ftags&post=11317"}],"curies":[{"name":"wp","href":"https:\/\/api.w.org\/{rel}","templated":true}]}}