{"id":11316,"date":"2023-12-24T07:02:46","date_gmt":"2023-12-24T07:02:46","guid":{"rendered":"https:\/\/macite.tg\/?p=11316"},"modified":"2023-12-24T17:12:16","modified_gmt":"2023-12-24T17:12:16","slug":"togo-leadership-feminin-psis-afrique-sonne-la-mobilisation-estudiantine-a-travers-une-journee","status":"publish","type":"post","link":"https:\/\/macite.tg\/?p=11316","title":{"rendered":"TOGO \/LEADERSHIP FEMININ : PIS-Afrique sonne la mobilisation estudiantine \u00e0 travers une journ\u00e9e"},"content":{"rendered":"\n<p class=\"wp-block-paragraph\"><strong><em>PIS-Afrique<\/em> e<em>st r\u00e9solument engag\u00e9e \u00e0 encourager le leadership f\u00e9minin aupr\u00e8s des \u00e9tudiantes en fin de formation. Cette association, qui \u0153uvre dans le domaine de l\u2019humanitaire, a organis\u00e9 hier samedi 23 d\u00e9cembre 2023 \u00e0 son si\u00e8ge \u00e0 Lom\u00e9, une journ\u00e9e d\u00e9di\u00e9e au Leadership f\u00e9minin. L\u2019\u00e9v\u00e9nement a rassembl\u00e9 pr\u00e8s de 200 participantes.<\/em><\/strong><\/p>\n\n\n\n<p class=\"wp-block-paragraph\">Devant ces \u00e9tudiantes pour la plupart en fin de formation, un panel d\u2019experts et de personnalit\u00e9s de haut rang, parmi lesquelles l\u2019honorable d\u00e9put\u00e9e Me Fran\u00e7oise Molgah Abougnima-Kadjaka. Le clou de cette rencontre a \u00e9t\u00e9 la distribution \u00e0 toutes les participantes de kits d\u2019ouvrages publi\u00e9s par cette parlementaire qui incarne le leadership f\u00e9minin et qui a fait de sa la promotion son cheval de bataille.<\/p>\n\n\n<div class=\"wp-block-image\">\n<figure class=\"aligncenter size-large is-resized\"><img loading=\"lazy\" decoding=\"async\" src=\"https:\/\/macite.tg\/wp-content\/uploads\/2023\/12\/GBps6MVW8AAmcgK-819x1024.jpg\" alt=\"\" class=\"wp-image-11215\" width=\"602\" height=\"753\" srcset=\"https:\/\/macite.tg\/wp-content\/uploads\/2023\/12\/GBps6MVW8AAmcgK-819x1024.jpg 819w, https:\/\/macite.tg\/wp-content\/uploads\/2023\/12\/GBps6MVW8AAmcgK-240x300.jpg 240w, https:\/\/macite.tg\/wp-content\/uploads\/2023\/12\/GBps6MVW8AAmcgK-768x960.jpg 768w, https:\/\/macite.tg\/wp-content\/uploads\/2023\/12\/GBps6MVW8AAmcgK.jpg 864w\" sizes=\"auto, (max-width: 602px) 100vw, 602px\" \/><\/figure>\n<\/div>\n\n\n<p class=\"wp-block-paragraph\"><em>\u00ab Dans la droite ligne de promouvoir le leadership f\u00e9minin, nous avons trouv\u00e9 qu\u2019il \u00e9tait important d\u2019inviter l\u2019honorable Kadjaka qui, elle-m\u00eame, incarne le leadership f\u00e9minin \u00e0 partager son exp\u00e9rience avec ces jeunes filles. C\u2019est pourquoi nous avons d\u00e9cid\u00e9 de mettre \u00e0 leur disposition les ouvrages que l\u2019honorable d\u00e9put\u00e9 a publi\u00e9s, afin de leur montrer la voie. Cette activit\u00e9 s\u2019inscrit bien dans la droite ligne des interventions de PIS-Afrique \u00bb,<\/em> a soulign\u00e9 M. Ouro-Akpo Ezotou, Pr\u00e9sident du Programme d\u2019Intervention Sociale-Afrique.<\/p>\n\n\n\n<p class=\"wp-block-paragraph\">Pendant pr\u00e8s de trois heures d\u2019horloge, tous les intervenants ont accord\u00e9 leurs violons sur la n\u00e9cessit\u00e9 pour la jeune fille de cr\u00e9er des conditions favorables pour atteindre le leadership.<\/p>\n\n\n\n<p class=\"wp-block-paragraph\">Le premier appel est venu du premier vice-pr\u00e9sident de l\u2019Universit\u00e9 de Lom\u00e9. Reprenant les propos d\u2019une personnalit\u00e9 influente, le Professeur Komlan Batawila lance \u00e0 son assistance : <em>\u00ab Quand on commence par vous charcuter dans la soci\u00e9t\u00e9 entant que femme, comprenez que vous \u00eates une valeur s\u00fbre car, on ne jette la pierre qu\u2019\u00e0 l\u2019arbre qui porte des fruits. Voici les valeurs sur lesquelles la femme doit se reposer pour \u00eatre un bon leader : Se former et s\u2019\u00e9duquer, d\u00e9couvrir son talent, avoir l\u2019audace, \u00eatre r\u00e9sistante et rester femme \u00bb.<\/em><\/p>\n\n\n\n<p class=\"wp-block-paragraph\">Insistant sur la question du talent, le responsable du centre d\u2019employabilit\u00e9 francophone de Lom\u00e9 interpelle \u00e0 son tour les \u00e9tudiantes. <em>\u00ab Tenir compte des observations des uns et des autres dois vous permettre de grandir et d\u2019enrichir nos connaissances, nos comp\u00e9tences, nos capacit\u00e9s. Mais nos talents, nous sommes les seuls \u00e0 le d\u00e9couvrir et \u00e0 le d\u00e9velopper. Personne ne d\u00e9couvrira notre talent \u00e0 notre place. Et le meilleur moyen pour d\u00e9couvrir son talent, c\u2019est d\u2019abord, avoir confiance en soi \u00bb, <\/em>a-t-il martel\u00e9.<\/p>\n\n\n\n<p class=\"wp-block-paragraph\">Dans un contexte de promotion \u00e0 toute \u00e9chelle du leadership f\u00e9minin, les participantes se sont r\u00e9jouies de la pr\u00e9sence de celle qui est pour elle, un mod\u00e8le, une source d\u2019inspiration, Me Molgah Abougnima-Kadjaka, l\u2019autrice dont les ouvrages devront d\u00e9sormais constituer des br\u00e9viaires pour ces jeunes filles dans leur volont\u00e9 de cultiver \u00e0 leur tour le leadership.<\/p>\n\n\n\n<p class=\"wp-block-paragraph\">Pr\u00e9sidente de l\u2019association Aide et Action \u00e0 la Veuve, \u00e0 l\u2019Orphelin et \u00e0 l\u2019Enfant D\u00e9sh\u00e9rit\u00e9 (Aavoed), la parlementaire n\u2019a pas manqu\u00e9 de relever aux \u00e9tudiantes l\u2019enjeu et l\u2019urgence eu \u00e9gard au leadership f\u00e9minin.<\/p>\n\n\n\n<p class=\"wp-block-paragraph\"><em>\u00ab&nbsp;Lorsqu\u2019on \u00e9voque le leadership f\u00e9minin, on parle de cette femme qui a confiance en elle, capable de guider, d\u2019inspirer et de mobiliser autour d\u2019une vision pour l\u2019atteinte d\u2019un objectif donn\u00e9. La femme influente a l\u2019\u00e9toffe d\u2019un leader, une forte personnalit\u00e9. Elle a des valeurs qui gouvernent ses actions.<\/em><\/p>\n\n\n<div class=\"wp-block-image\">\n<figure class=\"aligncenter size-large is-resized\"><img loading=\"lazy\" decoding=\"async\" src=\"https:\/\/macite.tg\/wp-content\/uploads\/2023\/12\/IMG-20231009-WA0178-1-1024x1024.jpg\" alt=\"\" class=\"wp-image-11275\" width=\"535\" height=\"535\" srcset=\"https:\/\/macite.tg\/wp-content\/uploads\/2023\/12\/IMG-20231009-WA0178-1-1024x1024.jpg 1024w, https:\/\/macite.tg\/wp-content\/uploads\/2023\/12\/IMG-20231009-WA0178-1-300x300.jpg 300w, https:\/\/macite.tg\/wp-content\/uploads\/2023\/12\/IMG-20231009-WA0178-1-150x150.jpg 150w, https:\/\/macite.tg\/wp-content\/uploads\/2023\/12\/IMG-20231009-WA0178-1-768x768.jpg 768w, https:\/\/macite.tg\/wp-content\/uploads\/2023\/12\/IMG-20231009-WA0178-1-122x122.jpg 122w, https:\/\/macite.tg\/wp-content\/uploads\/2023\/12\/IMG-20231009-WA0178-1.jpg 1280w\" sizes=\"auto, (max-width: 535px) 100vw, 535px\" \/><\/figure>\n<\/div>\n\n\n<p class=\"wp-block-paragraph\"><em>&nbsp;En cela, je salue le don de kit offert, compos\u00e9 de 07 ouvrages indispensables pour renforcer votre leadership&nbsp;\u00bb,<\/em> a-t-elle soulign\u00e9 confiante ne l\u2019avenir.<\/p>\n\n\n\n<p class=\"wp-block-paragraph\">Dans une d\u00e9marche de questions-r\u00e9ponses, cette rencontre a notamment permis de dresser le tableau plus ou moins complet du monde entrepreneurial du point de vue de la femme. C\u2019est pourquoi dira Ange Fatondji, Enseignant d\u2019universit\u00e9, <em>\u00ab la premi\u00e8re cl\u00e9 de succ\u00e8s en entrepreneuriat, c\u2019est de faire en sorte que votre projet que voulez mettre en \u0153uvre contribue \u00e0 r\u00e9soudre un probl\u00e8me autour de vous. Si ce n\u2019est pas le cas vous devez renoncer. On ne vient pas en entrepreneuriat si vous n\u2019\u00eates pas en mesure d\u2019apporter quelque-chose de nouveau. C\u2019est en vous questionnant sur les solutions \u00e0 apporter aux probl\u00e8mes qui se posent autour de vous que vous pourrez mieux identifier le type de projet \u00e0 mettre en place \u00bb.<\/em><\/p>\n\n\n\n<p class=\"wp-block-paragraph\">D\u2019autres intervenants \u00e0 l\u2019instar de Monsieur Nantob et Monsieur Alegu\u00e9 ont respectivement mis l\u2019accent sur<em> \u00ab la conscience sociale \u00bb<\/em> et l\u2019<em>\u00ab \u00e9tat d\u2019esprit ou le mindset \u00bb.<\/em><\/p>\n\n\n\n<p class=\"wp-block-paragraph\"><strong>G.K.<\/strong><\/p>\n\n\n\n<p class=\"wp-block-paragraph\"><a><strong><em>@macite.tg&nbsp;&nbsp;&nbsp;&nbsp;&nbsp;&nbsp;&nbsp;&nbsp;<\/em><\/strong><\/a><\/p>\n\n\n\n<p class=\"wp-block-paragraph\"><strong><em>E-mail&nbsp;: <\/em><\/strong><a href=\"mailto:maciteinfo@gmail.com\"><strong><em>maciteinfo@gmail.com<\/em><\/strong><\/a><strong><em>; <\/em><\/strong><a href=\"mailto:bawela1@gmail.com\"><strong><em>bawela1@gmail.com<\/em><\/strong><\/a><strong><em><\/em><\/strong><\/p>\n\n\n\n<p class=\"wp-block-paragraph\"><strong><em>Pour vos annonces, (publi)reportages, etc., joignez-nous au (00228)91515309\/<strong>79872224 <\/strong>www.macite.tg, L\u2019information, la bonne&nbsp;!<\/em><\/strong><\/p>\n","protected":false},"excerpt":{"rendered":"<p class=\"text-justify mb-2\" >PIS-Afrique est r\u00e9solument engag\u00e9e \u00e0 encourager le leadership f\u00e9minin aupr\u00e8s des \u00e9tudiantes en fin de formation. Cette association, qui \u0153uvre dans le domaine de l\u2019humanitaire, a organis\u00e9 hier samedi 23 d\u00e9cembre 2023 \u00e0 son si\u00e8ge \u00e0 Lom\u00e9, une journ\u00e9e d\u00e9di\u00e9e au Leadership f\u00e9minin. L\u2019\u00e9v\u00e9nement a [&hellip;]<\/p>\n","protected":false},"author":2,"featured_media":11318,"comment_status":"open","ping_status":"closed","sticky":false,"template":"","format":"standard","meta":{"footnotes":""},"categories":[20,30],"tags":[],"class_list":["post-11316","post","type-post","status-publish","format-standard","has-post-thumbnail","hentry","category-actualite","category-droit-de-lhomme"],"yoast_head":"<!-- This site is optimized with the Yoast SEO plugin v28.4 - https:\/\/yoast.com\/product\/yoast-seo-wordpress\/ -->\n<title>TOGO \/LEADERSHIP FEMININ : PIS-Afrique sonne la mobilisation estudiantine \u00e0 travers une journ\u00e9e -<\/title>\n<meta name=\"robots\" content=\"index, follow, max-snippet:-1, max-image-preview:large, max-video-preview:-1\" \/>\n<link rel=\"canonical\" href=\"https:\/\/macite.tg\/?p=11316\" \/>\n<meta property=\"og:locale\" content=\"fr_FR\" \/>\n<meta property=\"og:type\" content=\"article\" \/>\n<meta property=\"og:title\" content=\"TOGO \/LEADERSHIP FEMININ : PIS-Afrique sonne la mobilisation estudiantine \u00e0 travers une journ\u00e9e -\" \/>\n<meta property=\"og:description\" content=\"PIS-Afrique est r\u00e9solument engag\u00e9e \u00e0 encourager le leadership f\u00e9minin aupr\u00e8s des \u00e9tudiantes en fin de formation. Cette association, qui \u0153uvre dans le domaine de l\u2019humanitaire, a organis\u00e9 hier samedi 23 d\u00e9cembre 2023 \u00e0 son si\u00e8ge \u00e0 Lom\u00e9, une journ\u00e9e d\u00e9di\u00e9e au Leadership f\u00e9minin. L\u2019\u00e9v\u00e9nement a [&hellip;]\" \/>\n<meta property=\"og:url\" content=\"https:\/\/macite.tg\/?p=11316\" \/>\n<meta property=\"article:published_time\" content=\"2023-12-24T07:02:46+00:00\" \/>\n<meta property=\"article:modified_time\" content=\"2023-12-24T17:12:16+00:00\" \/>\n<meta property=\"og:image\" content=\"https:\/\/macite.tg\/wp-content\/uploads\/2023\/12\/IMG-20231223-WA0054.jpg\" \/>\n\t<meta property=\"og:image:width\" content=\"1160\" \/>\n\t<meta property=\"og:image:height\" content=\"657\" \/>\n\t<meta property=\"og:image:type\" content=\"image\/jpeg\" \/>\n<meta name=\"author\" content=\"Jean Pierre BAWELA\" \/>\n<meta name=\"twitter:card\" content=\"summary_large_image\" \/>\n<meta name=\"twitter:label1\" content=\"\u00c9crit par\" \/>\n\t<meta name=\"twitter:data1\" content=\"Jean Pierre BAWELA\" \/>\n\t<meta name=\"twitter:label2\" content=\"Dur\u00e9e de lecture estim\u00e9e\" \/>\n\t<meta name=\"twitter:data2\" content=\"4 minutes\" \/>\n<script type=\"application\/ld+json\" class=\"yoast-schema-graph\">{\"@context\":\"https:\\\/\\\/schema.org\",\"@graph\":[{\"@type\":\"Article\",\"@id\":\"https:\\\/\\\/macite.tg\\\/?p=11316#article\",\"isPartOf\":{\"@id\":\"https:\\\/\\\/macite.tg\\\/?p=11316\"},\"author\":{\"name\":\"Jean Pierre BAWELA\",\"@id\":\"https:\\\/\\\/macite.tg\\\/#\\\/schema\\\/person\\\/e9f2de7e5dbbe7770a9402c7ce82f5c2\"},\"headline\":\"TOGO \\\/LEADERSHIP FEMININ : PIS-Afrique sonne la mobilisation estudiantine \u00e0 travers une journ\u00e9e\",\"datePublished\":\"2023-12-24T07:02:46+00:00\",\"dateModified\":\"2023-12-24T17:12:16+00:00\",\"mainEntityOfPage\":{\"@id\":\"https:\\\/\\\/macite.tg\\\/?p=11316\"},\"wordCount\":823,\"commentCount\":0,\"image\":{\"@id\":\"https:\\\/\\\/macite.tg\\\/?p=11316#primaryimage\"},\"thumbnailUrl\":\"https:\\\/\\\/macite.tg\\\/wp-content\\\/uploads\\\/2023\\\/12\\\/IMG-20231223-WA0054.jpg\",\"articleSection\":[\"ACTUALITE\",\"DROIT DE L'HOMME\"],\"inLanguage\":\"fr-FR\",\"potentialAction\":[{\"@type\":\"CommentAction\",\"name\":\"Comment\",\"target\":[\"https:\\\/\\\/macite.tg\\\/?p=11316#respond\"]}]},{\"@type\":\"WebPage\",\"@id\":\"https:\\\/\\\/macite.tg\\\/?p=11316\",\"url\":\"https:\\\/\\\/macite.tg\\\/?p=11316\",\"name\":\"TOGO \\\/LEADERSHIP FEMININ : PIS-Afrique sonne la mobilisation estudiantine \u00e0 travers une journ\u00e9e -\",\"isPartOf\":{\"@id\":\"https:\\\/\\\/macite.tg\\\/#website\"},\"primaryImageOfPage\":{\"@id\":\"https:\\\/\\\/macite.tg\\\/?p=11316#primaryimage\"},\"image\":{\"@id\":\"https:\\\/\\\/macite.tg\\\/?p=11316#primaryimage\"},\"thumbnailUrl\":\"https:\\\/\\\/macite.tg\\\/wp-content\\\/uploads\\\/2023\\\/12\\\/IMG-20231223-WA0054.jpg\",\"datePublished\":\"2023-12-24T07:02:46+00:00\",\"dateModified\":\"2023-12-24T17:12:16+00:00\",\"author\":{\"@id\":\"https:\\\/\\\/macite.tg\\\/#\\\/schema\\\/person\\\/e9f2de7e5dbbe7770a9402c7ce82f5c2\"},\"breadcrumb\":{\"@id\":\"https:\\\/\\\/macite.tg\\\/?p=11316#breadcrumb\"},\"inLanguage\":\"fr-FR\",\"potentialAction\":[{\"@type\":\"ReadAction\",\"target\":[\"https:\\\/\\\/macite.tg\\\/?p=11316\"]}]},{\"@type\":\"ImageObject\",\"inLanguage\":\"fr-FR\",\"@id\":\"https:\\\/\\\/macite.tg\\\/?p=11316#primaryimage\",\"url\":\"https:\\\/\\\/macite.tg\\\/wp-content\\\/uploads\\\/2023\\\/12\\\/IMG-20231223-WA0054.jpg\",\"contentUrl\":\"https:\\\/\\\/macite.tg\\\/wp-content\\\/uploads\\\/2023\\\/12\\\/IMG-20231223-WA0054.jpg\",\"width\":1160,\"height\":657},{\"@type\":\"BreadcrumbList\",\"@id\":\"https:\\\/\\\/macite.tg\\\/?p=11316#breadcrumb\",\"itemListElement\":[{\"@type\":\"ListItem\",\"position\":1,\"name\":\"Accueil\",\"item\":\"https:\\\/\\\/macite.tg\\\/\"},{\"@type\":\"ListItem\",\"position\":2,\"name\":\"TOGO \\\/LEADERSHIP FEMININ : PIS-Afrique sonne la mobilisation estudiantine \u00e0 travers une journ\u00e9e\"}]},{\"@type\":\"WebSite\",\"@id\":\"https:\\\/\\\/macite.tg\\\/#website\",\"url\":\"https:\\\/\\\/macite.tg\\\/\",\"name\":\"\",\"description\":\"L&#039;information, la bonne!!!\",\"potentialAction\":[{\"@type\":\"SearchAction\",\"target\":{\"@type\":\"EntryPoint\",\"urlTemplate\":\"https:\\\/\\\/macite.tg\\\/?s={search_term_string}\"},\"query-input\":{\"@type\":\"PropertyValueSpecification\",\"valueRequired\":true,\"valueName\":\"search_term_string\"}}],\"inLanguage\":\"fr-FR\"},{\"@type\":\"Person\",\"@id\":\"https:\\\/\\\/macite.tg\\\/#\\\/schema\\\/person\\\/e9f2de7e5dbbe7770a9402c7ce82f5c2\",\"name\":\"Jean Pierre BAWELA\",\"image\":{\"@type\":\"ImageObject\",\"inLanguage\":\"fr-FR\",\"@id\":\"https:\\\/\\\/macite.tg\\\/wp-content\\\/uploads\\\/2023\\\/09\\\/WhatsApp-Image-2023-09-19-at-14.44.41-122x122.jpeg\",\"url\":\"https:\\\/\\\/macite.tg\\\/wp-content\\\/uploads\\\/2023\\\/09\\\/WhatsApp-Image-2023-09-19-at-14.44.41-122x122.jpeg\",\"contentUrl\":\"https:\\\/\\\/macite.tg\\\/wp-content\\\/uploads\\\/2023\\\/09\\\/WhatsApp-Image-2023-09-19-at-14.44.41-122x122.jpeg\",\"caption\":\"Jean Pierre BAWELA\"},\"url\":\"https:\\\/\\\/macite.tg\\\/?author=2\"}]}<\/script>\n<!-- \/ Yoast SEO plugin. -->","yoast_head_json":{"title":"TOGO \/LEADERSHIP FEMININ : PIS-Afrique sonne la mobilisation estudiantine \u00e0 travers une journ\u00e9e -","robots":{"index":"index","follow":"follow","max-snippet":"max-snippet:-1","max-image-preview":"max-image-preview:large","max-video-preview":"max-video-preview:-1"},"canonical":"https:\/\/macite.tg\/?p=11316","og_locale":"fr_FR","og_type":"article","og_title":"TOGO \/LEADERSHIP FEMININ : PIS-Afrique sonne la mobilisation estudiantine \u00e0 travers une journ\u00e9e -","og_description":"PIS-Afrique est r\u00e9solument engag\u00e9e \u00e0 encourager le leadership f\u00e9minin aupr\u00e8s des \u00e9tudiantes en fin de formation. Cette association, qui \u0153uvre dans le domaine de l\u2019humanitaire, a organis\u00e9 hier samedi 23 d\u00e9cembre 2023 \u00e0 son si\u00e8ge \u00e0 Lom\u00e9, une journ\u00e9e d\u00e9di\u00e9e au Leadership f\u00e9minin. L\u2019\u00e9v\u00e9nement a [&hellip;]","og_url":"https:\/\/macite.tg\/?p=11316","article_published_time":"2023-12-24T07:02:46+00:00","article_modified_time":"2023-12-24T17:12:16+00:00","og_image":[{"width":1160,"height":657,"url":"https:\/\/macite.tg\/wp-content\/uploads\/2023\/12\/IMG-20231223-WA0054.jpg","type":"image\/jpeg"}],"author":"Jean Pierre BAWELA","twitter_card":"summary_large_image","twitter_misc":{"\u00c9crit par":"Jean Pierre BAWELA","Dur\u00e9e de lecture estim\u00e9e":"4 minutes"},"schema":{"@context":"https:\/\/schema.org","@graph":[{"@type":"Article","@id":"https:\/\/macite.tg\/?p=11316#article","isPartOf":{"@id":"https:\/\/macite.tg\/?p=11316"},"author":{"name":"Jean Pierre BAWELA","@id":"https:\/\/macite.tg\/#\/schema\/person\/e9f2de7e5dbbe7770a9402c7ce82f5c2"},"headline":"TOGO \/LEADERSHIP FEMININ : PIS-Afrique sonne la mobilisation estudiantine \u00e0 travers une journ\u00e9e","datePublished":"2023-12-24T07:02:46+00:00","dateModified":"2023-12-24T17:12:16+00:00","mainEntityOfPage":{"@id":"https:\/\/macite.tg\/?p=11316"},"wordCount":823,"commentCount":0,"image":{"@id":"https:\/\/macite.tg\/?p=11316#primaryimage"},"thumbnailUrl":"https:\/\/macite.tg\/wp-content\/uploads\/2023\/12\/IMG-20231223-WA0054.jpg","articleSection":["ACTUALITE","DROIT DE L'HOMME"],"inLanguage":"fr-FR","potentialAction":[{"@type":"CommentAction","name":"Comment","target":["https:\/\/macite.tg\/?p=11316#respond"]}]},{"@type":"WebPage","@id":"https:\/\/macite.tg\/?p=11316","url":"https:\/\/macite.tg\/?p=11316","name":"TOGO \/LEADERSHIP FEMININ : PIS-Afrique sonne la mobilisation estudiantine \u00e0 travers une journ\u00e9e -","isPartOf":{"@id":"https:\/\/macite.tg\/#website"},"primaryImageOfPage":{"@id":"https:\/\/macite.tg\/?p=11316#primaryimage"},"image":{"@id":"https:\/\/macite.tg\/?p=11316#primaryimage"},"thumbnailUrl":"https:\/\/macite.tg\/wp-content\/uploads\/2023\/12\/IMG-20231223-WA0054.jpg","datePublished":"2023-12-24T07:02:46+00:00","dateModified":"2023-12-24T17:12:16+00:00","author":{"@id":"https:\/\/macite.tg\/#\/schema\/person\/e9f2de7e5dbbe7770a9402c7ce82f5c2"},"breadcrumb":{"@id":"https:\/\/macite.tg\/?p=11316#breadcrumb"},"inLanguage":"fr-FR","potentialAction":[{"@type":"ReadAction","target":["https:\/\/macite.tg\/?p=11316"]}]},{"@type":"ImageObject","inLanguage":"fr-FR","@id":"https:\/\/macite.tg\/?p=11316#primaryimage","url":"https:\/\/macite.tg\/wp-content\/uploads\/2023\/12\/IMG-20231223-WA0054.jpg","contentUrl":"https:\/\/macite.tg\/wp-content\/uploads\/2023\/12\/IMG-20231223-WA0054.jpg","width":1160,"height":657},{"@type":"BreadcrumbList","@id":"https:\/\/macite.tg\/?p=11316#breadcrumb","itemListElement":[{"@type":"ListItem","position":1,"name":"Accueil","item":"https:\/\/macite.tg\/"},{"@type":"ListItem","position":2,"name":"TOGO \/LEADERSHIP FEMININ : PIS-Afrique sonne la mobilisation estudiantine \u00e0 travers une journ\u00e9e"}]},{"@type":"WebSite","@id":"https:\/\/macite.tg\/#website","url":"https:\/\/macite.tg\/","name":"","description":"L&#039;information, la bonne!!!","potentialAction":[{"@type":"SearchAction","target":{"@type":"EntryPoint","urlTemplate":"https:\/\/macite.tg\/?s={search_term_string}"},"query-input":{"@type":"PropertyValueSpecification","valueRequired":true,"valueName":"search_term_string"}}],"inLanguage":"fr-FR"},{"@type":"Person","@id":"https:\/\/macite.tg\/#\/schema\/person\/e9f2de7e5dbbe7770a9402c7ce82f5c2","name":"Jean Pierre BAWELA","image":{"@type":"ImageObject","inLanguage":"fr-FR","@id":"https:\/\/macite.tg\/wp-content\/uploads\/2023\/09\/WhatsApp-Image-2023-09-19-at-14.44.41-122x122.jpeg","url":"https:\/\/macite.tg\/wp-content\/uploads\/2023\/09\/WhatsApp-Image-2023-09-19-at-14.44.41-122x122.jpeg","contentUrl":"https:\/\/macite.tg\/wp-content\/uploads\/2023\/09\/WhatsApp-Image-2023-09-19-at-14.44.41-122x122.jpeg","caption":"Jean Pierre BAWELA"},"url":"https:\/\/macite.tg\/?author=2"}]}},"_links":{"self":[{"href":"https:\/\/macite.tg\/index.php?rest_route=\/wp\/v2\/posts\/11316","targetHints":{"allow":["GET"]}}],"collection":[{"href":"https:\/\/macite.tg\/index.php?rest_route=\/wp\/v2\/posts"}],"about":[{"href":"https:\/\/macite.tg\/index.php?rest_route=\/wp\/v2\/types\/post"}],"author":[{"embeddable":true,"href":"https:\/\/macite.tg\/index.php?rest_route=\/wp\/v2\/users\/2"}],"replies":[{"embeddable":true,"href":"https:\/\/macite.tg\/index.php?rest_route=%2Fwp%2Fv2%2Fcomments&post=11316"}],"version-history":[{"count":0,"href":"https:\/\/macite.tg\/index.php?rest_route=\/wp\/v2\/posts\/11316\/revisions"}],"wp:featuredmedia":[{"embeddable":true,"href":"https:\/\/macite.tg\/index.php?rest_route=\/wp\/v2\/media\/11318"}],"wp:attachment":[{"href":"https:\/\/macite.tg\/index.php?rest_route=%2Fwp%2Fv2%2Fmedia&parent=11316"}],"wp:term":[{"taxonomy":"category","embeddable":true,"href":"https:\/\/macite.tg\/index.php?rest_route=%2Fwp%2Fv2%2Fcategories&post=11316"},{"taxonomy":"post_tag","embeddable":true,"href":"https:\/\/macite.tg\/index.php?rest_route=%2Fwp%2Fv2%2Ftags&post=11316"}],"curies":[{"name":"wp","href":"https:\/\/api.w.org\/{rel}","templated":true}]}}