{"id":11313,"date":"2023-12-22T17:33:05","date_gmt":"2023-12-22T17:33:05","guid":{"rendered":"https:\/\/macite.tg\/?p=11313"},"modified":"2023-12-22T17:33:06","modified_gmt":"2023-12-22T17:33:06","slug":"incendie-du-marche-dagoe-assiyeye-la-cndh-solidaire-des-victimes","status":"publish","type":"post","link":"https:\/\/macite.tg\/?p=11313","title":{"rendered":"INCENDIE DU MARCHE D\u2019AGOE-ASSIYEYE\u00a0: La Cndh solidaire des victimes"},"content":{"rendered":"\n<p class=\"wp-block-paragraph\"><strong><em>C\u2019est la gorge nou\u00e9e et le c\u0153ur en lambeaux que nous avions assist\u00e9 impuissants, hier nuit, \u00e0 la destruction, par les flammes, du march\u00e9 d\u2019Ago\u00e8-Assiy\u00e9y\u00e9, dans la commune d\u2019Ago\u00e8-Nyiv\u00e9 1. Quelques heures apr\u00e8s ce drame qui a r\u00e9duit \u00e0 n\u00e9ant les efforts des commer\u00e7ants de ce centre commercial, des voix s\u2019\u00e9l\u00e8vent pour apporter du r\u00e9confort aux victimes de cet incendie dont l\u2019origine reste encore inconnue.<\/em><\/strong><\/p>\n\n\n\n<p class=\"wp-block-paragraph\">Apr\u00e8s la sortie officielle du gouvernement, via un communiqu\u00e9, qui, en plus pr\u00e9senter la compassion de l\u2019ex\u00e9cutif aux tenants de commerces victimes de cet incendie, les invite \u00e0 <em>\u00ab&nbsp;garder le clame face \u00e0 cette situation dramatique&nbsp;\u00bb,<\/em> c\u2019est le tour de la Commission nationale des droits de l\u2019homme (Cndh) de se pr\u00eater au m\u00eame exercice.<\/p>\n\n\n<div class=\"wp-block-image\">\n<figure class=\"aligncenter size-large is-resized\"><img loading=\"lazy\" decoding=\"async\" src=\"https:\/\/macite.tg\/wp-content\/uploads\/2023\/12\/GBps6MVW8AAmcgK-819x1024.jpg\" alt=\"\" class=\"wp-image-11215\" width=\"525\" height=\"656\" srcset=\"https:\/\/macite.tg\/wp-content\/uploads\/2023\/12\/GBps6MVW8AAmcgK-819x1024.jpg 819w, https:\/\/macite.tg\/wp-content\/uploads\/2023\/12\/GBps6MVW8AAmcgK-240x300.jpg 240w, https:\/\/macite.tg\/wp-content\/uploads\/2023\/12\/GBps6MVW8AAmcgK-768x960.jpg 768w, https:\/\/macite.tg\/wp-content\/uploads\/2023\/12\/GBps6MVW8AAmcgK.jpg 864w\" sizes=\"auto, (max-width: 525px) 100vw, 525px\" \/><\/figure>\n<\/div>\n\n\n<p class=\"wp-block-paragraph\">Dans un communiqu\u00e9, la Cndh dit avoir <em>\u00ab&nbsp;<\/em><em>appris avec douleur&nbsp;\u00bb<\/em> ce malheureux \u00e9v\u00e9nement intervenu dans la nuit du 21 d\u00e9cembre 2023.<\/p>\n\n\n\n<p class=\"wp-block-paragraph\">Tout soulignant qu\u2019une <em>\u00ab&nbsp;d\u00e9l\u00e9gation de la Commission conduite par son Pr\u00e9sident a fait le d\u00e9placement des lieux ce 22 d\u00e9cembre 2023 o\u00f9 elle a constat\u00e9 l\u2019ampleur in\u00e9dite des d\u00e9g\u00e2ts&nbsp;\u00bb, <\/em>la Commission note que <em>\u00ab&nbsp;ce triste \u00e9v\u00e8nement met gravement en p\u00e9ril les efforts consentis pour la r\u00e9alisation des droits \u00e9conomiques, sociaux et culturels en cette p\u00e9riode de f\u00eates de fin d\u2019ann\u00e9e&nbsp;\u00bb.<\/em><\/p>\n\n\n<div class=\"wp-block-image\">\n<figure class=\"aligncenter size-large is-resized\"><img loading=\"lazy\" decoding=\"async\" src=\"https:\/\/macite.tg\/wp-content\/uploads\/2023\/12\/IMG-20231009-WA0178-1-1024x1024.jpg\" alt=\"\" class=\"wp-image-11275\" width=\"582\" height=\"582\" srcset=\"https:\/\/macite.tg\/wp-content\/uploads\/2023\/12\/IMG-20231009-WA0178-1-1024x1024.jpg 1024w, https:\/\/macite.tg\/wp-content\/uploads\/2023\/12\/IMG-20231009-WA0178-1-300x300.jpg 300w, https:\/\/macite.tg\/wp-content\/uploads\/2023\/12\/IMG-20231009-WA0178-1-150x150.jpg 150w, https:\/\/macite.tg\/wp-content\/uploads\/2023\/12\/IMG-20231009-WA0178-1-768x768.jpg 768w, https:\/\/macite.tg\/wp-content\/uploads\/2023\/12\/IMG-20231009-WA0178-1-122x122.jpg 122w, https:\/\/macite.tg\/wp-content\/uploads\/2023\/12\/IMG-20231009-WA0178-1.jpg 1280w\" sizes=\"auto, (max-width: 582px) 100vw, 582px\" \/><\/figure>\n<\/div>\n\n\n<p class=\"wp-block-paragraph\">Pour finir, la Cndh <em>\u00ab&nbsp;exprime sa compassion aux victimes, \u00e0 la Commune Ago\u00e9 Nyive1 et au Gouvernement et les assure de sa solidarit\u00e9&nbsp;\u00bb.<\/em><\/p>\n\n\n\n<p class=\"wp-block-paragraph\"><strong>Mab\u00e9 B.<\/strong><\/p>\n\n\n\n<p class=\"wp-block-paragraph\"><a><strong><em>@macite.tg&nbsp;&nbsp;&nbsp;&nbsp;&nbsp;&nbsp;&nbsp;&nbsp;<\/em><\/strong><\/a><\/p>\n\n\n\n<p class=\"wp-block-paragraph\"><strong><em>E-mail&nbsp;: <\/em><\/strong><a href=\"mailto:maciteinfo@gmail.com\"><strong><em>maciteinfo@gmail.com<\/em><\/strong><\/a><strong><em>; <\/em><\/strong><a href=\"mailto:bawela1@gmail.com\"><strong><em>bawela1@gmail.com<\/em><\/strong><\/a><strong><em><\/em><\/strong><\/p>\n\n\n\n<p class=\"wp-block-paragraph\"><strong><em>Pour vos annonces, (publi)reportages, etc., joignez-nous au (00228)91515309\/<strong>79872224 <\/strong>www.macite.tg, L\u2019information, la bonne\u00a0!<\/em><\/strong><\/p>\n","protected":false},"excerpt":{"rendered":"<p class=\"text-justify mb-2\" >C\u2019est la gorge nou\u00e9e et le c\u0153ur en lambeaux que nous avions assist\u00e9 impuissants, hier nuit, \u00e0 la destruction, par les flammes, du march\u00e9 d\u2019Ago\u00e8-Assiy\u00e9y\u00e9, dans la commune d\u2019Ago\u00e8-Nyiv\u00e9 1. Quelques heures apr\u00e8s ce drame qui a r\u00e9duit \u00e0 n\u00e9ant les efforts des commer\u00e7ants de [&hellip;]<\/p>\n","protected":false},"author":2,"featured_media":11314,"comment_status":"open","ping_status":"open","sticky":false,"template":"","format":"standard","meta":{"footnotes":""},"categories":[20,36],"tags":[],"class_list":["post-11313","post","type-post","status-publish","format-standard","has-post-thumbnail","hentry","category-actualite","category-drame"],"yoast_head":"<!-- This site is optimized with the Yoast SEO plugin v28.4 - https:\/\/yoast.com\/product\/yoast-seo-wordpress\/ -->\n<title>INCENDIE DU MARCHE D\u2019AGOE-ASSIYEYE\u00a0: La Cndh solidaire des victimes -<\/title>\n<meta name=\"robots\" content=\"index, follow, max-snippet:-1, max-image-preview:large, max-video-preview:-1\" \/>\n<link rel=\"canonical\" href=\"https:\/\/macite.tg\/?p=11313\" \/>\n<meta property=\"og:locale\" content=\"fr_FR\" \/>\n<meta property=\"og:type\" content=\"article\" \/>\n<meta property=\"og:title\" content=\"INCENDIE DU MARCHE D\u2019AGOE-ASSIYEYE\u00a0: La Cndh solidaire des victimes -\" \/>\n<meta property=\"og:description\" content=\"C\u2019est la gorge nou\u00e9e et le c\u0153ur en lambeaux que nous avions assist\u00e9 impuissants, hier nuit, \u00e0 la destruction, par les flammes, du march\u00e9 d\u2019Ago\u00e8-Assiy\u00e9y\u00e9, dans la commune d\u2019Ago\u00e8-Nyiv\u00e9 1. Quelques heures apr\u00e8s ce drame qui a r\u00e9duit \u00e0 n\u00e9ant les efforts des commer\u00e7ants de [&hellip;]\" \/>\n<meta property=\"og:url\" content=\"https:\/\/macite.tg\/?p=11313\" \/>\n<meta property=\"article:published_time\" content=\"2023-12-22T17:33:05+00:00\" \/>\n<meta property=\"article:modified_time\" content=\"2023-12-22T17:33:06+00:00\" \/>\n<meta property=\"og:image\" content=\"https:\/\/macite.tg\/wp-content\/uploads\/2023\/12\/image-51.png\" \/>\n\t<meta property=\"og:image:width\" content=\"602\" \/>\n\t<meta property=\"og:image:height\" content=\"451\" \/>\n\t<meta property=\"og:image:type\" content=\"image\/png\" \/>\n<meta name=\"author\" content=\"Jean Pierre BAWELA\" \/>\n<meta name=\"twitter:card\" content=\"summary_large_image\" \/>\n<meta name=\"twitter:label1\" content=\"\u00c9crit par\" \/>\n\t<meta name=\"twitter:data1\" content=\"Jean Pierre BAWELA\" \/>\n\t<meta name=\"twitter:label2\" content=\"Dur\u00e9e de lecture estim\u00e9e\" \/>\n\t<meta name=\"twitter:data2\" content=\"2 minutes\" \/>\n<script type=\"application\/ld+json\" class=\"yoast-schema-graph\">{\"@context\":\"https:\\\/\\\/schema.org\",\"@graph\":[{\"@type\":\"Article\",\"@id\":\"https:\\\/\\\/macite.tg\\\/?p=11313#article\",\"isPartOf\":{\"@id\":\"https:\\\/\\\/macite.tg\\\/?p=11313\"},\"author\":{\"name\":\"Jean Pierre BAWELA\",\"@id\":\"https:\\\/\\\/macite.tg\\\/#\\\/schema\\\/person\\\/e9f2de7e5dbbe7770a9402c7ce82f5c2\"},\"headline\":\"INCENDIE DU MARCHE D\u2019AGOE-ASSIYEYE\u00a0: La Cndh solidaire des victimes\",\"datePublished\":\"2023-12-22T17:33:05+00:00\",\"dateModified\":\"2023-12-22T17:33:06+00:00\",\"mainEntityOfPage\":{\"@id\":\"https:\\\/\\\/macite.tg\\\/?p=11313\"},\"wordCount\":311,\"commentCount\":0,\"image\":{\"@id\":\"https:\\\/\\\/macite.tg\\\/?p=11313#primaryimage\"},\"thumbnailUrl\":\"https:\\\/\\\/macite.tg\\\/wp-content\\\/uploads\\\/2023\\\/12\\\/image-51.png\",\"articleSection\":[\"ACTUALITE\",\"DRAME\"],\"inLanguage\":\"fr-FR\",\"potentialAction\":[{\"@type\":\"CommentAction\",\"name\":\"Comment\",\"target\":[\"https:\\\/\\\/macite.tg\\\/?p=11313#respond\"]}]},{\"@type\":\"WebPage\",\"@id\":\"https:\\\/\\\/macite.tg\\\/?p=11313\",\"url\":\"https:\\\/\\\/macite.tg\\\/?p=11313\",\"name\":\"INCENDIE DU MARCHE D\u2019AGOE-ASSIYEYE\u00a0: La Cndh solidaire des victimes -\",\"isPartOf\":{\"@id\":\"https:\\\/\\\/macite.tg\\\/#website\"},\"primaryImageOfPage\":{\"@id\":\"https:\\\/\\\/macite.tg\\\/?p=11313#primaryimage\"},\"image\":{\"@id\":\"https:\\\/\\\/macite.tg\\\/?p=11313#primaryimage\"},\"thumbnailUrl\":\"https:\\\/\\\/macite.tg\\\/wp-content\\\/uploads\\\/2023\\\/12\\\/image-51.png\",\"datePublished\":\"2023-12-22T17:33:05+00:00\",\"dateModified\":\"2023-12-22T17:33:06+00:00\",\"author\":{\"@id\":\"https:\\\/\\\/macite.tg\\\/#\\\/schema\\\/person\\\/e9f2de7e5dbbe7770a9402c7ce82f5c2\"},\"breadcrumb\":{\"@id\":\"https:\\\/\\\/macite.tg\\\/?p=11313#breadcrumb\"},\"inLanguage\":\"fr-FR\",\"potentialAction\":[{\"@type\":\"ReadAction\",\"target\":[\"https:\\\/\\\/macite.tg\\\/?p=11313\"]}]},{\"@type\":\"ImageObject\",\"inLanguage\":\"fr-FR\",\"@id\":\"https:\\\/\\\/macite.tg\\\/?p=11313#primaryimage\",\"url\":\"https:\\\/\\\/macite.tg\\\/wp-content\\\/uploads\\\/2023\\\/12\\\/image-51.png\",\"contentUrl\":\"https:\\\/\\\/macite.tg\\\/wp-content\\\/uploads\\\/2023\\\/12\\\/image-51.png\",\"width\":602,\"height\":451},{\"@type\":\"BreadcrumbList\",\"@id\":\"https:\\\/\\\/macite.tg\\\/?p=11313#breadcrumb\",\"itemListElement\":[{\"@type\":\"ListItem\",\"position\":1,\"name\":\"Accueil\",\"item\":\"https:\\\/\\\/macite.tg\\\/\"},{\"@type\":\"ListItem\",\"position\":2,\"name\":\"INCENDIE DU MARCHE D\u2019AGOE-ASSIYEYE\u00a0: La Cndh solidaire des victimes\"}]},{\"@type\":\"WebSite\",\"@id\":\"https:\\\/\\\/macite.tg\\\/#website\",\"url\":\"https:\\\/\\\/macite.tg\\\/\",\"name\":\"\",\"description\":\"L&#039;information, la bonne!!!\",\"potentialAction\":[{\"@type\":\"SearchAction\",\"target\":{\"@type\":\"EntryPoint\",\"urlTemplate\":\"https:\\\/\\\/macite.tg\\\/?s={search_term_string}\"},\"query-input\":{\"@type\":\"PropertyValueSpecification\",\"valueRequired\":true,\"valueName\":\"search_term_string\"}}],\"inLanguage\":\"fr-FR\"},{\"@type\":\"Person\",\"@id\":\"https:\\\/\\\/macite.tg\\\/#\\\/schema\\\/person\\\/e9f2de7e5dbbe7770a9402c7ce82f5c2\",\"name\":\"Jean Pierre BAWELA\",\"image\":{\"@type\":\"ImageObject\",\"inLanguage\":\"fr-FR\",\"@id\":\"https:\\\/\\\/macite.tg\\\/wp-content\\\/uploads\\\/2023\\\/09\\\/WhatsApp-Image-2023-09-19-at-14.44.41-122x122.jpeg\",\"url\":\"https:\\\/\\\/macite.tg\\\/wp-content\\\/uploads\\\/2023\\\/09\\\/WhatsApp-Image-2023-09-19-at-14.44.41-122x122.jpeg\",\"contentUrl\":\"https:\\\/\\\/macite.tg\\\/wp-content\\\/uploads\\\/2023\\\/09\\\/WhatsApp-Image-2023-09-19-at-14.44.41-122x122.jpeg\",\"caption\":\"Jean Pierre BAWELA\"},\"url\":\"https:\\\/\\\/macite.tg\\\/?author=2\"}]}<\/script>\n<!-- \/ Yoast SEO plugin. -->","yoast_head_json":{"title":"INCENDIE DU MARCHE D\u2019AGOE-ASSIYEYE\u00a0: La Cndh solidaire des victimes -","robots":{"index":"index","follow":"follow","max-snippet":"max-snippet:-1","max-image-preview":"max-image-preview:large","max-video-preview":"max-video-preview:-1"},"canonical":"https:\/\/macite.tg\/?p=11313","og_locale":"fr_FR","og_type":"article","og_title":"INCENDIE DU MARCHE D\u2019AGOE-ASSIYEYE\u00a0: La Cndh solidaire des victimes -","og_description":"C\u2019est la gorge nou\u00e9e et le c\u0153ur en lambeaux que nous avions assist\u00e9 impuissants, hier nuit, \u00e0 la destruction, par les flammes, du march\u00e9 d\u2019Ago\u00e8-Assiy\u00e9y\u00e9, dans la commune d\u2019Ago\u00e8-Nyiv\u00e9 1. Quelques heures apr\u00e8s ce drame qui a r\u00e9duit \u00e0 n\u00e9ant les efforts des commer\u00e7ants de [&hellip;]","og_url":"https:\/\/macite.tg\/?p=11313","article_published_time":"2023-12-22T17:33:05+00:00","article_modified_time":"2023-12-22T17:33:06+00:00","og_image":[{"width":602,"height":451,"url":"https:\/\/macite.tg\/wp-content\/uploads\/2023\/12\/image-51.png","type":"image\/png"}],"author":"Jean Pierre BAWELA","twitter_card":"summary_large_image","twitter_misc":{"\u00c9crit par":"Jean Pierre BAWELA","Dur\u00e9e de lecture estim\u00e9e":"2 minutes"},"schema":{"@context":"https:\/\/schema.org","@graph":[{"@type":"Article","@id":"https:\/\/macite.tg\/?p=11313#article","isPartOf":{"@id":"https:\/\/macite.tg\/?p=11313"},"author":{"name":"Jean Pierre BAWELA","@id":"https:\/\/macite.tg\/#\/schema\/person\/e9f2de7e5dbbe7770a9402c7ce82f5c2"},"headline":"INCENDIE DU MARCHE D\u2019AGOE-ASSIYEYE\u00a0: La Cndh solidaire des victimes","datePublished":"2023-12-22T17:33:05+00:00","dateModified":"2023-12-22T17:33:06+00:00","mainEntityOfPage":{"@id":"https:\/\/macite.tg\/?p=11313"},"wordCount":311,"commentCount":0,"image":{"@id":"https:\/\/macite.tg\/?p=11313#primaryimage"},"thumbnailUrl":"https:\/\/macite.tg\/wp-content\/uploads\/2023\/12\/image-51.png","articleSection":["ACTUALITE","DRAME"],"inLanguage":"fr-FR","potentialAction":[{"@type":"CommentAction","name":"Comment","target":["https:\/\/macite.tg\/?p=11313#respond"]}]},{"@type":"WebPage","@id":"https:\/\/macite.tg\/?p=11313","url":"https:\/\/macite.tg\/?p=11313","name":"INCENDIE DU MARCHE D\u2019AGOE-ASSIYEYE\u00a0: La Cndh solidaire des victimes -","isPartOf":{"@id":"https:\/\/macite.tg\/#website"},"primaryImageOfPage":{"@id":"https:\/\/macite.tg\/?p=11313#primaryimage"},"image":{"@id":"https:\/\/macite.tg\/?p=11313#primaryimage"},"thumbnailUrl":"https:\/\/macite.tg\/wp-content\/uploads\/2023\/12\/image-51.png","datePublished":"2023-12-22T17:33:05+00:00","dateModified":"2023-12-22T17:33:06+00:00","author":{"@id":"https:\/\/macite.tg\/#\/schema\/person\/e9f2de7e5dbbe7770a9402c7ce82f5c2"},"breadcrumb":{"@id":"https:\/\/macite.tg\/?p=11313#breadcrumb"},"inLanguage":"fr-FR","potentialAction":[{"@type":"ReadAction","target":["https:\/\/macite.tg\/?p=11313"]}]},{"@type":"ImageObject","inLanguage":"fr-FR","@id":"https:\/\/macite.tg\/?p=11313#primaryimage","url":"https:\/\/macite.tg\/wp-content\/uploads\/2023\/12\/image-51.png","contentUrl":"https:\/\/macite.tg\/wp-content\/uploads\/2023\/12\/image-51.png","width":602,"height":451},{"@type":"BreadcrumbList","@id":"https:\/\/macite.tg\/?p=11313#breadcrumb","itemListElement":[{"@type":"ListItem","position":1,"name":"Accueil","item":"https:\/\/macite.tg\/"},{"@type":"ListItem","position":2,"name":"INCENDIE DU MARCHE D\u2019AGOE-ASSIYEYE\u00a0: La Cndh solidaire des victimes"}]},{"@type":"WebSite","@id":"https:\/\/macite.tg\/#website","url":"https:\/\/macite.tg\/","name":"","description":"L&#039;information, la bonne!!!","potentialAction":[{"@type":"SearchAction","target":{"@type":"EntryPoint","urlTemplate":"https:\/\/macite.tg\/?s={search_term_string}"},"query-input":{"@type":"PropertyValueSpecification","valueRequired":true,"valueName":"search_term_string"}}],"inLanguage":"fr-FR"},{"@type":"Person","@id":"https:\/\/macite.tg\/#\/schema\/person\/e9f2de7e5dbbe7770a9402c7ce82f5c2","name":"Jean Pierre BAWELA","image":{"@type":"ImageObject","inLanguage":"fr-FR","@id":"https:\/\/macite.tg\/wp-content\/uploads\/2023\/09\/WhatsApp-Image-2023-09-19-at-14.44.41-122x122.jpeg","url":"https:\/\/macite.tg\/wp-content\/uploads\/2023\/09\/WhatsApp-Image-2023-09-19-at-14.44.41-122x122.jpeg","contentUrl":"https:\/\/macite.tg\/wp-content\/uploads\/2023\/09\/WhatsApp-Image-2023-09-19-at-14.44.41-122x122.jpeg","caption":"Jean Pierre BAWELA"},"url":"https:\/\/macite.tg\/?author=2"}]}},"_links":{"self":[{"href":"https:\/\/macite.tg\/index.php?rest_route=\/wp\/v2\/posts\/11313","targetHints":{"allow":["GET"]}}],"collection":[{"href":"https:\/\/macite.tg\/index.php?rest_route=\/wp\/v2\/posts"}],"about":[{"href":"https:\/\/macite.tg\/index.php?rest_route=\/wp\/v2\/types\/post"}],"author":[{"embeddable":true,"href":"https:\/\/macite.tg\/index.php?rest_route=\/wp\/v2\/users\/2"}],"replies":[{"embeddable":true,"href":"https:\/\/macite.tg\/index.php?rest_route=%2Fwp%2Fv2%2Fcomments&post=11313"}],"version-history":[{"count":0,"href":"https:\/\/macite.tg\/index.php?rest_route=\/wp\/v2\/posts\/11313\/revisions"}],"wp:featuredmedia":[{"embeddable":true,"href":"https:\/\/macite.tg\/index.php?rest_route=\/wp\/v2\/media\/11314"}],"wp:attachment":[{"href":"https:\/\/macite.tg\/index.php?rest_route=%2Fwp%2Fv2%2Fmedia&parent=11313"}],"wp:term":[{"taxonomy":"category","embeddable":true,"href":"https:\/\/macite.tg\/index.php?rest_route=%2Fwp%2Fv2%2Fcategories&post=11313"},{"taxonomy":"post_tag","embeddable":true,"href":"https:\/\/macite.tg\/index.php?rest_route=%2Fwp%2Fv2%2Ftags&post=11313"}],"curies":[{"name":"wp","href":"https:\/\/api.w.org\/{rel}","templated":true}]}}