{"id":11309,"date":"2023-12-22T16:29:48","date_gmt":"2023-12-22T16:29:48","guid":{"rendered":"https:\/\/macite.tg\/?p=11309"},"modified":"2023-12-22T16:30:05","modified_gmt":"2023-12-22T16:30:05","slug":"lutte-contre-le-terrorisme-le-bilan-remarquable-realise-par-le-royaume-du-maroc-en-2023","status":"publish","type":"post","link":"https:\/\/macite.tg\/?p=11309","title":{"rendered":"LUTTE CONTRE LE TERRORISME : Le bilan remarquable r\u00e9alis\u00e9 par le Royaume du Maroc en 2023"},"content":{"rendered":"\n<p class=\"wp-block-paragraph\"><strong><em>Dans un monde de plus en plus endeuill\u00e9 par des conflits arm\u00e9s en grande partie disproportionn\u00e9s, du fait de l\u2019absence de m\u00e9canismes ad\u00e9quats, notamment s\u00e9curitaires, juridiques et op\u00e9rationnels, visant \u00e0 \u00e9liminer toutes formes de violences terroristes, le Royaume du Maroc \u00e9merge du lot au plan continental et m\u00eame mondial.<\/em><\/strong><\/p>\n\n\n\n<p class=\"wp-block-paragraph\">Face au d\u00e9fi s\u00e9curitaire de taille, le Maroc a su tirer son \u00e9pingle du jeu gr\u00e2ce \u00e0 l\u2019efficacit\u00e9 de ses services de renseignement qui ont \u00e0 leur actif la raque des leaders terroristes, la lib\u00e9ration de plusieurs otages, et la s\u00e9curisation de l\u2019int\u00e9grit\u00e9 du territoire marocain.<\/p>\n\n\n\n<p class=\"wp-block-paragraph\">Notons que la lutte f\u00e9roce contre le terrorisme men\u00e9e par le Maroc prouve \u00e0 suffisance la capacit\u00e9 de&nbsp;<em>\u00ab&nbsp;coordination&nbsp;\u00bb<\/em> et de <em>\u00ab&nbsp;synergie&nbsp;\u00bb<\/em> du Royaume qui, comme un orchestre harmonieux, marque des pas importants dans la pr\u00e9servation de la paix et de la stabilit\u00e9 mondiale, \u00e0 travers non seulement la lib\u00e9ration des otages et le d\u00e9mant\u00e8lement des cellules terroristes.<\/p>\n\n\n<div class=\"wp-block-image\">\n<figure class=\"aligncenter size-large is-resized\"><img loading=\"lazy\" decoding=\"async\" src=\"https:\/\/macite.tg\/wp-content\/uploads\/2023\/12\/GBps6MVW8AAmcgK-819x1024.jpg\" alt=\"\" class=\"wp-image-11215\" width=\"535\" height=\"669\" srcset=\"https:\/\/macite.tg\/wp-content\/uploads\/2023\/12\/GBps6MVW8AAmcgK-819x1024.jpg 819w, https:\/\/macite.tg\/wp-content\/uploads\/2023\/12\/GBps6MVW8AAmcgK-240x300.jpg 240w, https:\/\/macite.tg\/wp-content\/uploads\/2023\/12\/GBps6MVW8AAmcgK-768x960.jpg 768w, https:\/\/macite.tg\/wp-content\/uploads\/2023\/12\/GBps6MVW8AAmcgK.jpg 864w\" sizes=\"auto, (max-width: 535px) 100vw, 535px\" \/><\/figure>\n<\/div>\n\n\n<p class=\"wp-block-paragraph\">Nous vous proposons, dans ce sens, quelques dates phares des grandes actions du Royaume contre le terrorisme&nbsp;:<\/p>\n\n\n\n<p class=\"wp-block-paragraph\"><strong>En d\u00e9cembre 2022,<\/strong> \u00e0 la lib\u00e9ration de l\u2019Allemand J\u00f6rg Lange, 63 ans, un membre d\u2019une organisation humanitaire bas\u00e9e \u00e0 Berlin, qui \u00e9tait otage d\u2019un groupe jihadiste au Mali.<\/p>\n\n\n\n<p class=\"wp-block-paragraph\"><strong>En janvier 2023<\/strong>, au d\u00e9mant\u00e8lement d&rsquo;une cellule affili\u00e9e \u00e0 l&rsquo;organisation Etat islamique (#EI), compos\u00e9e de trois suspects en Espagne et au Maroc lors d&rsquo;une op\u00e9ration s\u00e9curitaire conjointe et un des \u00ab\u00a0\u00e9l\u00e9ments extr\u00e9mistes\u00a0\u00bb a \u00e9t\u00e9 interpell\u00e9 par les forces sp\u00e9ciales de la Direction G\u00e9n\u00e9rale de la Surveillance du Territoire (#DGST) \u00e0 Chtouka A\u00eft Baha.<\/p>\n\n\n\n<p class=\"wp-block-paragraph\"><strong>En Mars 2023<\/strong>, \u00e0 des proc\u00e9dures d&rsquo;intervention et d&rsquo;interpellation dans des op\u00e9rations s\u00e9par\u00e9es et simultan\u00e9es, ayant vis\u00e9 3 individus affili\u00e9s \u00e0 Daech, \u00e2g\u00e9s entre 19 et 28 ans, \u00e0 Souk El Arbaa du Gharb, T\u00e9touan et Larache.<\/p>\n\n\n\n<p class=\"wp-block-paragraph\"><strong>En Mai 2023,<\/strong> au d\u00e9mant\u00e8lement d&rsquo;une cellule terroriste affili\u00e9e \u00e0 Daech qui se compose de trois personnes dans le nord du pays.<\/p>\n\n\n<div class=\"wp-block-image\">\n<figure class=\"aligncenter size-large is-resized\"><img loading=\"lazy\" decoding=\"async\" src=\"https:\/\/macite.tg\/wp-content\/uploads\/2023\/12\/IMG-20231009-WA0178-1-1024x1024.jpg\" alt=\"\" class=\"wp-image-11275\" width=\"509\" height=\"509\" srcset=\"https:\/\/macite.tg\/wp-content\/uploads\/2023\/12\/IMG-20231009-WA0178-1-1024x1024.jpg 1024w, https:\/\/macite.tg\/wp-content\/uploads\/2023\/12\/IMG-20231009-WA0178-1-300x300.jpg 300w, https:\/\/macite.tg\/wp-content\/uploads\/2023\/12\/IMG-20231009-WA0178-1-150x150.jpg 150w, https:\/\/macite.tg\/wp-content\/uploads\/2023\/12\/IMG-20231009-WA0178-1-768x768.jpg 768w, https:\/\/macite.tg\/wp-content\/uploads\/2023\/12\/IMG-20231009-WA0178-1-122x122.jpg 122w, https:\/\/macite.tg\/wp-content\/uploads\/2023\/12\/IMG-20231009-WA0178-1.jpg 1280w\" sizes=\"auto, (max-width: 509px) 100vw, 509px\" \/><\/figure>\n<\/div>\n\n\n<p class=\"wp-block-paragraph\"><strong>En Mai 2023<\/strong>, les deux cyclistes marocains, Abderrahmane Serhani et Driss Fatihi, enlev\u00e9s, le 1er avril 2023, par un groupe arm\u00e9 au niveau des fronti\u00e8res nig\u00e9ro-burkinabaises, ont \u00e9t\u00e9 lib\u00e9r\u00e9s gr\u00e2ce \u00e0 la coordination s\u00e9curitaire entre le Maroc et le Nigeria.<\/p>\n\n\n\n<p class=\"wp-block-paragraph\"><strong>En Aout 2023,<\/strong> \u00e0 la lib\u00e9ration de Iulian Ghergut, ressortissant roumain retenu en otage au Burkina Faso par le groupe Al-Mourabitoune affili\u00e9 \u00e0 Al-Qaida.<\/p>\n\n\n\n<p class=\"wp-block-paragraph\"><strong>En octobre 2023,<\/strong> au d\u00e9mant\u00e8lement d\u2019un groupe terroriste affili\u00e9 \u00e0 l\u2019\u00c9tat Islamique qui \u00e9tait sur le point d\u2019attaquer les villes de Tanger, de T\u00e9touan et d&rsquo;Inezgane ait melloul<\/p>\n\n\n\n<p class=\"wp-block-paragraph\"><strong>En novembre 2023,<\/strong> le Pr\u00e9sident de la Roumanie, Klaus Werner Johannis, a d\u00e9cern\u00e9, par d\u00e9cret pr\u00e9sidentiel datant du 6 novembre 2023, au Service de Renseignement marocain, en la personne de son Directeur G\u00e9n\u00e9ral, M. Mohamed Yassine Mansouri la d\u00e9coration de l\u2019Ordre National <em>\u00ab L\u2019Etoile de Roumanie \u00bb<\/em> (grade de Grand Officier).<\/p>\n\n\n\n<p class=\"wp-block-paragraph\"><strong>En novembre 2023,<\/strong> un drone marocain \u00e9limine le chef terroriste du Polisario Abdel Salam Ould Asouillem.<\/p>\n\n\n<div class=\"wp-block-image\">\n<figure class=\"aligncenter size-full is-resized\"><img loading=\"lazy\" decoding=\"async\" src=\"https:\/\/macite.tg\/wp-content\/uploads\/2023\/12\/374563031_803930301741778_6293036439894856532_n.jpg\" alt=\"\" class=\"wp-image-11010\" width=\"538\" height=\"538\" srcset=\"https:\/\/macite.tg\/wp-content\/uploads\/2023\/12\/374563031_803930301741778_6293036439894856532_n.jpg 843w, https:\/\/macite.tg\/wp-content\/uploads\/2023\/12\/374563031_803930301741778_6293036439894856532_n-300x300.jpg 300w, https:\/\/macite.tg\/wp-content\/uploads\/2023\/12\/374563031_803930301741778_6293036439894856532_n-150x150.jpg 150w, https:\/\/macite.tg\/wp-content\/uploads\/2023\/12\/374563031_803930301741778_6293036439894856532_n-768x768.jpg 768w, https:\/\/macite.tg\/wp-content\/uploads\/2023\/12\/374563031_803930301741778_6293036439894856532_n-122x122.jpg 122w\" sizes=\"auto, (max-width: 538px) 100vw, 538px\" \/><\/figure>\n<\/div>\n\n\n<p class=\"wp-block-paragraph\"><strong>En novembre 2023<\/strong>, le Maroc arr\u00eate un homme responsable de fausses alertes \u00e0 la bombe en Belgique.<\/p>\n\n\n\n<p class=\"wp-block-paragraph\"><strong>&nbsp;En d\u00e9cembre 2023,<\/strong> le Bureau central d\u2019investigations judiciaires (Bcij) a arr\u00eat\u00e9 un extr\u00e9miste \u00e0 Farkhana, r\u00e9gion de Nador, en collaboration avec la police espagnole. Cette op\u00e9ration s\u00e9curitaire a \u00e9t\u00e9 men\u00e9e conjointement avec le Commissariat g\u00e9n\u00e9ral \u00e0 l\u2019information. Le Bcij rel\u00e8ve de la Direction G\u00e9n\u00e9rale de la Surveillance du Territoire (Dgst).<\/p>\n\n\n\n<p class=\"wp-block-paragraph\"><strong>En d\u00e9cembre 2023,<\/strong> au d\u00e9mant\u00e8lement d\u2019un r\u00e9seau d\u2019op\u00e9ration de cryptomonnaie affili\u00e9 \u00e0 l\u2019Etat islamique dans plusieurs r\u00e9gions d\u2019Espagne avec l\u2019aide du Maroc.<\/p>\n\n\n\n<p class=\"wp-block-paragraph\"><strong>MC<\/strong><\/p>\n\n\n\n<p class=\"wp-block-paragraph\"><a><strong><em>@macite.tg&nbsp;&nbsp;&nbsp;&nbsp;&nbsp;&nbsp;&nbsp;&nbsp;<\/em><\/strong><\/a><\/p>\n\n\n\n<p class=\"wp-block-paragraph\"><strong><em>E-mail&nbsp;: <\/em><\/strong><a href=\"mailto:maciteinfo@gmail.com\"><strong><em>maciteinfo@gmail.com<\/em><\/strong><\/a><strong><em>; <\/em><\/strong><a href=\"mailto:bawela1@gmail.com\"><strong><em>bawela1@gmail.com<\/em><\/strong><\/a><strong><em><\/em><\/strong><\/p>\n\n\n\n<p class=\"wp-block-paragraph\"><strong><em>Pour vos annonces, (publi)reportages, etc., joignez-nous au (00228)91515309\/<strong>79872224 <\/strong>www.macite.tg, L\u2019information, la bonne&nbsp;!<\/em><\/strong><\/p>\n","protected":false},"excerpt":{"rendered":"<p class=\"text-justify mb-2\" >Dans un monde de plus en plus endeuill\u00e9 par des conflits arm\u00e9s en grande partie disproportionn\u00e9s, du fait de l\u2019absence de m\u00e9canismes ad\u00e9quats, notamment s\u00e9curitaires, juridiques et op\u00e9rationnels, visant \u00e0 \u00e9liminer toutes formes de violences terroristes, le Royaume du Maroc \u00e9merge du lot au plan [&hellip;]<\/p>\n","protected":false},"author":2,"featured_media":11310,"comment_status":"open","ping_status":"open","sticky":false,"template":"","format":"standard","meta":{"footnotes":""},"categories":[20,28],"tags":[],"class_list":["post-11309","post","type-post","status-publish","format-standard","has-post-thumbnail","hentry","category-actualite","category-securite"],"yoast_head":"<!-- This site is optimized with the Yoast SEO plugin v28.4 - https:\/\/yoast.com\/product\/yoast-seo-wordpress\/ -->\n<title>LUTTE CONTRE LE TERRORISME : Le bilan remarquable r\u00e9alis\u00e9 par le Royaume du Maroc en 2023 -<\/title>\n<meta name=\"robots\" content=\"index, follow, max-snippet:-1, max-image-preview:large, max-video-preview:-1\" \/>\n<link rel=\"canonical\" href=\"https:\/\/macite.tg\/?p=11309\" \/>\n<meta property=\"og:locale\" content=\"fr_FR\" \/>\n<meta property=\"og:type\" content=\"article\" \/>\n<meta property=\"og:title\" content=\"LUTTE CONTRE LE TERRORISME : Le bilan remarquable r\u00e9alis\u00e9 par le Royaume du Maroc en 2023 -\" \/>\n<meta property=\"og:description\" content=\"Dans un monde de plus en plus endeuill\u00e9 par des conflits arm\u00e9s en grande partie disproportionn\u00e9s, du fait de l\u2019absence de m\u00e9canismes ad\u00e9quats, notamment s\u00e9curitaires, juridiques et op\u00e9rationnels, visant \u00e0 \u00e9liminer toutes formes de violences terroristes, le Royaume du Maroc \u00e9merge du lot au plan [&hellip;]\" \/>\n<meta property=\"og:url\" content=\"https:\/\/macite.tg\/?p=11309\" \/>\n<meta property=\"article:published_time\" content=\"2023-12-22T16:29:48+00:00\" \/>\n<meta property=\"article:modified_time\" content=\"2023-12-22T16:30:05+00:00\" \/>\n<meta property=\"og:image\" content=\"https:\/\/macite.tg\/wp-content\/uploads\/2023\/12\/IMG-20231222-WA0114-1.jpg\" \/>\n\t<meta property=\"og:image:width\" content=\"778\" \/>\n\t<meta property=\"og:image:height\" content=\"818\" \/>\n\t<meta property=\"og:image:type\" content=\"image\/jpeg\" \/>\n<meta name=\"author\" content=\"Jean Pierre BAWELA\" \/>\n<meta name=\"twitter:card\" content=\"summary_large_image\" \/>\n<meta name=\"twitter:label1\" content=\"\u00c9crit par\" \/>\n\t<meta name=\"twitter:data1\" content=\"Jean Pierre BAWELA\" \/>\n\t<meta name=\"twitter:label2\" content=\"Dur\u00e9e de lecture estim\u00e9e\" \/>\n\t<meta name=\"twitter:data2\" content=\"3 minutes\" \/>\n<script type=\"application\/ld+json\" class=\"yoast-schema-graph\">{\"@context\":\"https:\\\/\\\/schema.org\",\"@graph\":[{\"@type\":\"Article\",\"@id\":\"https:\\\/\\\/macite.tg\\\/?p=11309#article\",\"isPartOf\":{\"@id\":\"https:\\\/\\\/macite.tg\\\/?p=11309\"},\"author\":{\"name\":\"Jean Pierre BAWELA\",\"@id\":\"https:\\\/\\\/macite.tg\\\/#\\\/schema\\\/person\\\/e9f2de7e5dbbe7770a9402c7ce82f5c2\"},\"headline\":\"LUTTE CONTRE LE TERRORISME : Le bilan remarquable r\u00e9alis\u00e9 par le Royaume du Maroc en 2023\",\"datePublished\":\"2023-12-22T16:29:48+00:00\",\"dateModified\":\"2023-12-22T16:30:05+00:00\",\"mainEntityOfPage\":{\"@id\":\"https:\\\/\\\/macite.tg\\\/?p=11309\"},\"wordCount\":681,\"commentCount\":0,\"image\":{\"@id\":\"https:\\\/\\\/macite.tg\\\/?p=11309#primaryimage\"},\"thumbnailUrl\":\"https:\\\/\\\/macite.tg\\\/wp-content\\\/uploads\\\/2023\\\/12\\\/IMG-20231222-WA0114-1.jpg\",\"articleSection\":[\"ACTUALITE\",\"SECURITE\"],\"inLanguage\":\"fr-FR\",\"potentialAction\":[{\"@type\":\"CommentAction\",\"name\":\"Comment\",\"target\":[\"https:\\\/\\\/macite.tg\\\/?p=11309#respond\"]}]},{\"@type\":\"WebPage\",\"@id\":\"https:\\\/\\\/macite.tg\\\/?p=11309\",\"url\":\"https:\\\/\\\/macite.tg\\\/?p=11309\",\"name\":\"LUTTE CONTRE LE TERRORISME : Le bilan remarquable r\u00e9alis\u00e9 par le Royaume du Maroc en 2023 -\",\"isPartOf\":{\"@id\":\"https:\\\/\\\/macite.tg\\\/#website\"},\"primaryImageOfPage\":{\"@id\":\"https:\\\/\\\/macite.tg\\\/?p=11309#primaryimage\"},\"image\":{\"@id\":\"https:\\\/\\\/macite.tg\\\/?p=11309#primaryimage\"},\"thumbnailUrl\":\"https:\\\/\\\/macite.tg\\\/wp-content\\\/uploads\\\/2023\\\/12\\\/IMG-20231222-WA0114-1.jpg\",\"datePublished\":\"2023-12-22T16:29:48+00:00\",\"dateModified\":\"2023-12-22T16:30:05+00:00\",\"author\":{\"@id\":\"https:\\\/\\\/macite.tg\\\/#\\\/schema\\\/person\\\/e9f2de7e5dbbe7770a9402c7ce82f5c2\"},\"breadcrumb\":{\"@id\":\"https:\\\/\\\/macite.tg\\\/?p=11309#breadcrumb\"},\"inLanguage\":\"fr-FR\",\"potentialAction\":[{\"@type\":\"ReadAction\",\"target\":[\"https:\\\/\\\/macite.tg\\\/?p=11309\"]}]},{\"@type\":\"ImageObject\",\"inLanguage\":\"fr-FR\",\"@id\":\"https:\\\/\\\/macite.tg\\\/?p=11309#primaryimage\",\"url\":\"https:\\\/\\\/macite.tg\\\/wp-content\\\/uploads\\\/2023\\\/12\\\/IMG-20231222-WA0114-1.jpg\",\"contentUrl\":\"https:\\\/\\\/macite.tg\\\/wp-content\\\/uploads\\\/2023\\\/12\\\/IMG-20231222-WA0114-1.jpg\",\"width\":778,\"height\":818},{\"@type\":\"BreadcrumbList\",\"@id\":\"https:\\\/\\\/macite.tg\\\/?p=11309#breadcrumb\",\"itemListElement\":[{\"@type\":\"ListItem\",\"position\":1,\"name\":\"Accueil\",\"item\":\"https:\\\/\\\/macite.tg\\\/\"},{\"@type\":\"ListItem\",\"position\":2,\"name\":\"LUTTE CONTRE LE TERRORISME : Le bilan remarquable r\u00e9alis\u00e9 par le Royaume du Maroc en 2023\"}]},{\"@type\":\"WebSite\",\"@id\":\"https:\\\/\\\/macite.tg\\\/#website\",\"url\":\"https:\\\/\\\/macite.tg\\\/\",\"name\":\"\",\"description\":\"L&#039;information, la bonne!!!\",\"potentialAction\":[{\"@type\":\"SearchAction\",\"target\":{\"@type\":\"EntryPoint\",\"urlTemplate\":\"https:\\\/\\\/macite.tg\\\/?s={search_term_string}\"},\"query-input\":{\"@type\":\"PropertyValueSpecification\",\"valueRequired\":true,\"valueName\":\"search_term_string\"}}],\"inLanguage\":\"fr-FR\"},{\"@type\":\"Person\",\"@id\":\"https:\\\/\\\/macite.tg\\\/#\\\/schema\\\/person\\\/e9f2de7e5dbbe7770a9402c7ce82f5c2\",\"name\":\"Jean Pierre BAWELA\",\"image\":{\"@type\":\"ImageObject\",\"inLanguage\":\"fr-FR\",\"@id\":\"https:\\\/\\\/macite.tg\\\/wp-content\\\/uploads\\\/2023\\\/09\\\/WhatsApp-Image-2023-09-19-at-14.44.41-122x122.jpeg\",\"url\":\"https:\\\/\\\/macite.tg\\\/wp-content\\\/uploads\\\/2023\\\/09\\\/WhatsApp-Image-2023-09-19-at-14.44.41-122x122.jpeg\",\"contentUrl\":\"https:\\\/\\\/macite.tg\\\/wp-content\\\/uploads\\\/2023\\\/09\\\/WhatsApp-Image-2023-09-19-at-14.44.41-122x122.jpeg\",\"caption\":\"Jean Pierre BAWELA\"},\"url\":\"https:\\\/\\\/macite.tg\\\/?author=2\"}]}<\/script>\n<!-- \/ Yoast SEO plugin. -->","yoast_head_json":{"title":"LUTTE CONTRE LE TERRORISME : Le bilan remarquable r\u00e9alis\u00e9 par le Royaume du Maroc en 2023 -","robots":{"index":"index","follow":"follow","max-snippet":"max-snippet:-1","max-image-preview":"max-image-preview:large","max-video-preview":"max-video-preview:-1"},"canonical":"https:\/\/macite.tg\/?p=11309","og_locale":"fr_FR","og_type":"article","og_title":"LUTTE CONTRE LE TERRORISME : Le bilan remarquable r\u00e9alis\u00e9 par le Royaume du Maroc en 2023 -","og_description":"Dans un monde de plus en plus endeuill\u00e9 par des conflits arm\u00e9s en grande partie disproportionn\u00e9s, du fait de l\u2019absence de m\u00e9canismes ad\u00e9quats, notamment s\u00e9curitaires, juridiques et op\u00e9rationnels, visant \u00e0 \u00e9liminer toutes formes de violences terroristes, le Royaume du Maroc \u00e9merge du lot au plan [&hellip;]","og_url":"https:\/\/macite.tg\/?p=11309","article_published_time":"2023-12-22T16:29:48+00:00","article_modified_time":"2023-12-22T16:30:05+00:00","og_image":[{"width":778,"height":818,"url":"https:\/\/macite.tg\/wp-content\/uploads\/2023\/12\/IMG-20231222-WA0114-1.jpg","type":"image\/jpeg"}],"author":"Jean Pierre BAWELA","twitter_card":"summary_large_image","twitter_misc":{"\u00c9crit par":"Jean Pierre BAWELA","Dur\u00e9e de lecture estim\u00e9e":"3 minutes"},"schema":{"@context":"https:\/\/schema.org","@graph":[{"@type":"Article","@id":"https:\/\/macite.tg\/?p=11309#article","isPartOf":{"@id":"https:\/\/macite.tg\/?p=11309"},"author":{"name":"Jean Pierre BAWELA","@id":"https:\/\/macite.tg\/#\/schema\/person\/e9f2de7e5dbbe7770a9402c7ce82f5c2"},"headline":"LUTTE CONTRE LE TERRORISME : Le bilan remarquable r\u00e9alis\u00e9 par le Royaume du Maroc en 2023","datePublished":"2023-12-22T16:29:48+00:00","dateModified":"2023-12-22T16:30:05+00:00","mainEntityOfPage":{"@id":"https:\/\/macite.tg\/?p=11309"},"wordCount":681,"commentCount":0,"image":{"@id":"https:\/\/macite.tg\/?p=11309#primaryimage"},"thumbnailUrl":"https:\/\/macite.tg\/wp-content\/uploads\/2023\/12\/IMG-20231222-WA0114-1.jpg","articleSection":["ACTUALITE","SECURITE"],"inLanguage":"fr-FR","potentialAction":[{"@type":"CommentAction","name":"Comment","target":["https:\/\/macite.tg\/?p=11309#respond"]}]},{"@type":"WebPage","@id":"https:\/\/macite.tg\/?p=11309","url":"https:\/\/macite.tg\/?p=11309","name":"LUTTE CONTRE LE TERRORISME : Le bilan remarquable r\u00e9alis\u00e9 par le Royaume du Maroc en 2023 -","isPartOf":{"@id":"https:\/\/macite.tg\/#website"},"primaryImageOfPage":{"@id":"https:\/\/macite.tg\/?p=11309#primaryimage"},"image":{"@id":"https:\/\/macite.tg\/?p=11309#primaryimage"},"thumbnailUrl":"https:\/\/macite.tg\/wp-content\/uploads\/2023\/12\/IMG-20231222-WA0114-1.jpg","datePublished":"2023-12-22T16:29:48+00:00","dateModified":"2023-12-22T16:30:05+00:00","author":{"@id":"https:\/\/macite.tg\/#\/schema\/person\/e9f2de7e5dbbe7770a9402c7ce82f5c2"},"breadcrumb":{"@id":"https:\/\/macite.tg\/?p=11309#breadcrumb"},"inLanguage":"fr-FR","potentialAction":[{"@type":"ReadAction","target":["https:\/\/macite.tg\/?p=11309"]}]},{"@type":"ImageObject","inLanguage":"fr-FR","@id":"https:\/\/macite.tg\/?p=11309#primaryimage","url":"https:\/\/macite.tg\/wp-content\/uploads\/2023\/12\/IMG-20231222-WA0114-1.jpg","contentUrl":"https:\/\/macite.tg\/wp-content\/uploads\/2023\/12\/IMG-20231222-WA0114-1.jpg","width":778,"height":818},{"@type":"BreadcrumbList","@id":"https:\/\/macite.tg\/?p=11309#breadcrumb","itemListElement":[{"@type":"ListItem","position":1,"name":"Accueil","item":"https:\/\/macite.tg\/"},{"@type":"ListItem","position":2,"name":"LUTTE CONTRE LE TERRORISME : Le bilan remarquable r\u00e9alis\u00e9 par le Royaume du Maroc en 2023"}]},{"@type":"WebSite","@id":"https:\/\/macite.tg\/#website","url":"https:\/\/macite.tg\/","name":"","description":"L&#039;information, la bonne!!!","potentialAction":[{"@type":"SearchAction","target":{"@type":"EntryPoint","urlTemplate":"https:\/\/macite.tg\/?s={search_term_string}"},"query-input":{"@type":"PropertyValueSpecification","valueRequired":true,"valueName":"search_term_string"}}],"inLanguage":"fr-FR"},{"@type":"Person","@id":"https:\/\/macite.tg\/#\/schema\/person\/e9f2de7e5dbbe7770a9402c7ce82f5c2","name":"Jean Pierre BAWELA","image":{"@type":"ImageObject","inLanguage":"fr-FR","@id":"https:\/\/macite.tg\/wp-content\/uploads\/2023\/09\/WhatsApp-Image-2023-09-19-at-14.44.41-122x122.jpeg","url":"https:\/\/macite.tg\/wp-content\/uploads\/2023\/09\/WhatsApp-Image-2023-09-19-at-14.44.41-122x122.jpeg","contentUrl":"https:\/\/macite.tg\/wp-content\/uploads\/2023\/09\/WhatsApp-Image-2023-09-19-at-14.44.41-122x122.jpeg","caption":"Jean Pierre BAWELA"},"url":"https:\/\/macite.tg\/?author=2"}]}},"_links":{"self":[{"href":"https:\/\/macite.tg\/index.php?rest_route=\/wp\/v2\/posts\/11309","targetHints":{"allow":["GET"]}}],"collection":[{"href":"https:\/\/macite.tg\/index.php?rest_route=\/wp\/v2\/posts"}],"about":[{"href":"https:\/\/macite.tg\/index.php?rest_route=\/wp\/v2\/types\/post"}],"author":[{"embeddable":true,"href":"https:\/\/macite.tg\/index.php?rest_route=\/wp\/v2\/users\/2"}],"replies":[{"embeddable":true,"href":"https:\/\/macite.tg\/index.php?rest_route=%2Fwp%2Fv2%2Fcomments&post=11309"}],"version-history":[{"count":0,"href":"https:\/\/macite.tg\/index.php?rest_route=\/wp\/v2\/posts\/11309\/revisions"}],"wp:featuredmedia":[{"embeddable":true,"href":"https:\/\/macite.tg\/index.php?rest_route=\/wp\/v2\/media\/11310"}],"wp:attachment":[{"href":"https:\/\/macite.tg\/index.php?rest_route=%2Fwp%2Fv2%2Fmedia&parent=11309"}],"wp:term":[{"taxonomy":"category","embeddable":true,"href":"https:\/\/macite.tg\/index.php?rest_route=%2Fwp%2Fv2%2Fcategories&post=11309"},{"taxonomy":"post_tag","embeddable":true,"href":"https:\/\/macite.tg\/index.php?rest_route=%2Fwp%2Fv2%2Ftags&post=11309"}],"curies":[{"name":"wp","href":"https:\/\/api.w.org\/{rel}","templated":true}]}}