{"id":11298,"date":"2023-12-22T13:37:51","date_gmt":"2023-12-22T13:37:51","guid":{"rendered":"https:\/\/macite.tg\/?p=11298"},"modified":"2023-12-22T13:44:46","modified_gmt":"2023-12-22T13:44:46","slug":"marche-dagoe-assiyeye-les-%c2%be-de-la-superficie-partis-en-fumeeune-enquete-aussitot-ouverte","status":"publish","type":"post","link":"https:\/\/macite.tg\/?p=11298","title":{"rendered":"MARCHE D\u2019AGOE-ASSIYEYE : Les \u00be de la superficie partis en fum\u00e9e\u2026une enqu\u00eate aussit\u00f4t ouverte"},"content":{"rendered":"\n<p class=\"wp-block-paragraph\"><\/p>\n\n\n\n<p class=\"wp-block-paragraph\"><strong><em>Les populations d\u2019Ago\u00e8-Assiy\u00e9y\u00e9 ont \u00e9t\u00e9 surpris, hier nuit autour de 22 heures, par un drame inextricable. En effet, le march\u00e9 d\u2019Assi-Y\u00e9y\u00e9 a \u00e9t\u00e9 ravag\u00e9 par un violent incendie qui, malgr\u00e9 l\u2019intervention des pompiers, laisse des d\u00e9g\u00e2ts immenses, ceci \u00e0 quelques jours des f\u00eates de fin d\u2019ann\u00e9e.<\/em><\/strong><\/p>\n\n\n\n<p class=\"wp-block-paragraph\">C\u2019est la tristesse et la d\u00e9solation qui s\u2019est empar\u00e9e des populations d\u2019Ago\u00e8-Nyiv\u00e9, banlieue nord de la capitale. Elles ont \u00e9t\u00e9 r\u00e9veill\u00e9es dans la nuit du jeudi 21 d\u00e9cembre autour de 22 heures par des flammes qui d\u00e9voraient leur march\u00e9.<\/p>\n\n\n<div class=\"wp-block-image\">\n<figure class=\"aligncenter size-large is-resized\"><img loading=\"lazy\" decoding=\"async\" src=\"https:\/\/macite.tg\/wp-content\/uploads\/2023\/12\/GBps6MVW8AAmcgK-819x1024.jpg\" alt=\"\" class=\"wp-image-11215\" width=\"596\" height=\"745\" srcset=\"https:\/\/macite.tg\/wp-content\/uploads\/2023\/12\/GBps6MVW8AAmcgK-819x1024.jpg 819w, https:\/\/macite.tg\/wp-content\/uploads\/2023\/12\/GBps6MVW8AAmcgK-240x300.jpg 240w, https:\/\/macite.tg\/wp-content\/uploads\/2023\/12\/GBps6MVW8AAmcgK-768x960.jpg 768w, https:\/\/macite.tg\/wp-content\/uploads\/2023\/12\/GBps6MVW8AAmcgK.jpg 864w\" sizes=\"auto, (max-width: 596px) 100vw, 596px\" \/><\/figure>\n<\/div>\n\n\n<p class=\"wp-block-paragraph\">Gr\u00e2ce \u00e0 la solidarit\u00e9 communautaire, les boutiques riveraines et autres \u00e9tales de fortunes ont \u00e9t\u00e9 mis pr\u00e9serv\u00e9s, malgr\u00e9 le brasier qui se faisait plus grand, aid\u00e9 par le vent sec de l\u2019harmattan.<\/p>\n\n\n\n<p class=\"wp-block-paragraph\">Appel\u00e9s \u00e0 la rescousse, les pompiers, soutenus par le g\u00e9nie militaire et les riverains, ont r\u00e9ussi \u00e0 ma\u00eetriser les flammes, non sans difficult\u00e9s.<\/p>\n\n\n\n<p class=\"wp-block-paragraph\">M\u00eame si l\u2019origine de l\u2019incendie est encore inconnue, le premier bilan fait \u00e9tat des d\u00e9g\u00e2ts \u00e9normes enregistr\u00e9s. L\u2019incendie a ravag\u00e9 tout le c\u00f4t\u00e9 sud et une partie du c\u00f4t\u00e9 nord, repr\u00e9sentant presque les trois quarts de la superficie dudit centre commercial.<\/p>\n\n\n\n<p class=\"wp-block-paragraph\">Pour les autorit\u00e9s communales, il s\u2019agit l\u00e0 d\u2019un <em>\u00ab&nbsp;v\u00e9ritable drame (\u2026) surtout en cette fin d\u2019ann\u00e9e&nbsp;\u00bb.<\/em><\/p>\n\n\n\n<p class=\"wp-block-paragraph\">Dans un communiqu\u00e9 rendu public ce vendredi<em>, \u00ab&nbsp;le gouvernement pr\u00e9sente sa compassion aux commer\u00e7ants du march\u00e9 d\u2019Ago\u00e8-Assiy\u00e9y\u00e9\u2026&nbsp;\u00bb,<\/em> et <em>\u00ab appelle par ailleurs ces derniers \u00e0 garder leur calme face \u00e0 cette situation dramatique&nbsp;\u00bb.<\/em><\/p>\n\n\n\n<p class=\"wp-block-paragraph\">Une enqu\u00eate est aussit\u00f4t ouverte par la gendarmerie pour \u00e9lucider cette situation dramatique, note l\u2019ex\u00e9cutif.<\/p>\n\n\n<div class=\"wp-block-image\">\n<figure class=\"aligncenter size-large is-resized\"><img loading=\"lazy\" decoding=\"async\" src=\"https:\/\/macite.tg\/wp-content\/uploads\/2023\/12\/IMG-20231009-WA0178-1-1024x1024.jpg\" alt=\"\" class=\"wp-image-11275\" width=\"525\" height=\"525\" srcset=\"https:\/\/macite.tg\/wp-content\/uploads\/2023\/12\/IMG-20231009-WA0178-1-1024x1024.jpg 1024w, https:\/\/macite.tg\/wp-content\/uploads\/2023\/12\/IMG-20231009-WA0178-1-300x300.jpg 300w, https:\/\/macite.tg\/wp-content\/uploads\/2023\/12\/IMG-20231009-WA0178-1-150x150.jpg 150w, https:\/\/macite.tg\/wp-content\/uploads\/2023\/12\/IMG-20231009-WA0178-1-768x768.jpg 768w, https:\/\/macite.tg\/wp-content\/uploads\/2023\/12\/IMG-20231009-WA0178-1-122x122.jpg 122w, https:\/\/macite.tg\/wp-content\/uploads\/2023\/12\/IMG-20231009-WA0178-1.jpg 1280w\" sizes=\"auto, (max-width: 525px) 100vw, 525px\" \/><\/figure>\n<\/div>\n\n\n<p class=\"wp-block-paragraph\">Notons que cette situation rappelle malheureusement celles v\u00e9cues, en janvier 2013, par les commer\u00e7ants du Grand march\u00e9 de Lom\u00e9 et de Kara.<\/p>\n\n\n\n<p class=\"wp-block-paragraph\">Vivement que les enqu\u00eates aboutissent et soient rendues public, afin de situer les responsabilit\u00e9s et rendre justice \u00e0 ces braves acteurs de l\u2019\u00e9conomie nationale.<\/p>\n\n\n\n<p class=\"wp-block-paragraph\">Voici la sc\u00e8ne insoutenable v\u00e9cue hier nuit, film\u00e9e par un amateur&#8230;<\/p>\n\n\n\n<figure class=\"wp-block-video\"><video height=\"656\" style=\"aspect-ratio: 368 \/ 656;\" width=\"368\" controls src=\"https:\/\/macite.tg\/wp-content\/uploads\/2023\/12\/VID-20231222-WA0050.mp4\"><\/video><\/figure>\n\n\n\n<p class=\"wp-block-paragraph\"><strong>La R\u00e9daction<\/strong><\/p>\n\n\n\n<p class=\"wp-block-paragraph\"><strong><em>@macite.tg&nbsp;&nbsp;&nbsp;&nbsp;&nbsp;&nbsp;&nbsp;&nbsp;<\/em><\/strong><\/p>\n\n\n\n<p class=\"wp-block-paragraph\"><strong><em>E-mail&nbsp;: <\/em><\/strong><a href=\"mailto:maciteinfo@gmail.com\"><strong><em>maciteinfo@gmail.com<\/em><\/strong><\/a><strong><em>; <\/em><\/strong><a href=\"mailto:bawela1@gmail.com\"><strong><em>bawela1@gmail.com<\/em><\/strong><\/a><strong><em><\/em><\/strong><\/p>\n\n\n\n<p class=\"wp-block-paragraph\"><strong><em>Pour vos annonces, (publi)reportages, etc., joignez-nous au (00228)91515309\/<strong>79872224 <\/strong>www.macite.tg, L\u2019information, la bonne&nbsp;!<\/em><\/strong><\/p>\n","protected":false},"excerpt":{"rendered":"<p class=\"text-justify mb-2\" >Les populations d\u2019Ago\u00e8-Assiy\u00e9y\u00e9 ont \u00e9t\u00e9 surpris, hier nuit autour de 22 heures, par un drame inextricable. En effet, le march\u00e9 d\u2019Assi-Y\u00e9y\u00e9 a \u00e9t\u00e9 ravag\u00e9 par un violent incendie qui, malgr\u00e9 l\u2019intervention des pompiers, laisse des d\u00e9g\u00e2ts immenses, ceci \u00e0 quelques jours des f\u00eates de fin [&hellip;]<\/p>\n","protected":false},"author":2,"featured_media":11301,"comment_status":"open","ping_status":"open","sticky":false,"template":"","format":"standard","meta":{"footnotes":""},"categories":[20,36],"tags":[],"class_list":["post-11298","post","type-post","status-publish","format-standard","has-post-thumbnail","hentry","category-actualite","category-drame"],"yoast_head":"<!-- This site is optimized with the Yoast SEO plugin v28.4 - https:\/\/yoast.com\/product\/yoast-seo-wordpress\/ -->\n<title>MARCHE D\u2019AGOE-ASSIYEYE : Les \u00be de la superficie partis en fum\u00e9e\u2026une enqu\u00eate aussit\u00f4t ouverte -<\/title>\n<meta name=\"robots\" content=\"index, follow, max-snippet:-1, max-image-preview:large, max-video-preview:-1\" \/>\n<link rel=\"canonical\" href=\"https:\/\/macite.tg\/?p=11298\" \/>\n<meta property=\"og:locale\" content=\"fr_FR\" \/>\n<meta property=\"og:type\" content=\"article\" \/>\n<meta property=\"og:title\" content=\"MARCHE D\u2019AGOE-ASSIYEYE : Les \u00be de la superficie partis en fum\u00e9e\u2026une enqu\u00eate aussit\u00f4t ouverte -\" \/>\n<meta property=\"og:description\" content=\"Les populations d\u2019Ago\u00e8-Assiy\u00e9y\u00e9 ont \u00e9t\u00e9 surpris, hier nuit autour de 22 heures, par un drame inextricable. En effet, le march\u00e9 d\u2019Assi-Y\u00e9y\u00e9 a \u00e9t\u00e9 ravag\u00e9 par un violent incendie qui, malgr\u00e9 l\u2019intervention des pompiers, laisse des d\u00e9g\u00e2ts immenses, ceci \u00e0 quelques jours des f\u00eates de fin [&hellip;]\" \/>\n<meta property=\"og:url\" content=\"https:\/\/macite.tg\/?p=11298\" \/>\n<meta property=\"article:published_time\" content=\"2023-12-22T13:37:51+00:00\" \/>\n<meta property=\"article:modified_time\" content=\"2023-12-22T13:44:46+00:00\" \/>\n<meta property=\"og:image\" content=\"https:\/\/macite.tg\/wp-content\/uploads\/2023\/12\/IMG-20231222-WA0068.jpg\" \/>\n\t<meta property=\"og:image:width\" content=\"709\" \/>\n\t<meta property=\"og:image:height\" content=\"707\" \/>\n\t<meta property=\"og:image:type\" content=\"image\/jpeg\" \/>\n<meta name=\"author\" content=\"Jean Pierre BAWELA\" \/>\n<meta name=\"twitter:card\" content=\"summary_large_image\" \/>\n<meta name=\"twitter:label1\" content=\"\u00c9crit par\" \/>\n\t<meta name=\"twitter:data1\" content=\"Jean Pierre BAWELA\" \/>\n\t<meta name=\"twitter:label2\" content=\"Dur\u00e9e de lecture estim\u00e9e\" \/>\n\t<meta name=\"twitter:data2\" content=\"2 minutes\" \/>\n<script type=\"application\/ld+json\" class=\"yoast-schema-graph\">{\"@context\":\"https:\\\/\\\/schema.org\",\"@graph\":[{\"@type\":\"Article\",\"@id\":\"https:\\\/\\\/macite.tg\\\/?p=11298#article\",\"isPartOf\":{\"@id\":\"https:\\\/\\\/macite.tg\\\/?p=11298\"},\"author\":{\"name\":\"Jean Pierre BAWELA\",\"@id\":\"https:\\\/\\\/macite.tg\\\/#\\\/schema\\\/person\\\/e9f2de7e5dbbe7770a9402c7ce82f5c2\"},\"headline\":\"MARCHE D\u2019AGOE-ASSIYEYE : Les \u00be de la superficie partis en fum\u00e9e\u2026une enqu\u00eate aussit\u00f4t ouverte\",\"datePublished\":\"2023-12-22T13:37:51+00:00\",\"dateModified\":\"2023-12-22T13:44:46+00:00\",\"mainEntityOfPage\":{\"@id\":\"https:\\\/\\\/macite.tg\\\/?p=11298\"},\"wordCount\":411,\"commentCount\":0,\"image\":{\"@id\":\"https:\\\/\\\/macite.tg\\\/?p=11298#primaryimage\"},\"thumbnailUrl\":\"https:\\\/\\\/macite.tg\\\/wp-content\\\/uploads\\\/2023\\\/12\\\/IMG-20231222-WA0068.jpg\",\"articleSection\":[\"ACTUALITE\",\"DRAME\"],\"inLanguage\":\"fr-FR\",\"potentialAction\":[{\"@type\":\"CommentAction\",\"name\":\"Comment\",\"target\":[\"https:\\\/\\\/macite.tg\\\/?p=11298#respond\"]}]},{\"@type\":\"WebPage\",\"@id\":\"https:\\\/\\\/macite.tg\\\/?p=11298\",\"url\":\"https:\\\/\\\/macite.tg\\\/?p=11298\",\"name\":\"MARCHE D\u2019AGOE-ASSIYEYE : Les \u00be de la superficie partis en fum\u00e9e\u2026une enqu\u00eate aussit\u00f4t ouverte -\",\"isPartOf\":{\"@id\":\"https:\\\/\\\/macite.tg\\\/#website\"},\"primaryImageOfPage\":{\"@id\":\"https:\\\/\\\/macite.tg\\\/?p=11298#primaryimage\"},\"image\":{\"@id\":\"https:\\\/\\\/macite.tg\\\/?p=11298#primaryimage\"},\"thumbnailUrl\":\"https:\\\/\\\/macite.tg\\\/wp-content\\\/uploads\\\/2023\\\/12\\\/IMG-20231222-WA0068.jpg\",\"datePublished\":\"2023-12-22T13:37:51+00:00\",\"dateModified\":\"2023-12-22T13:44:46+00:00\",\"author\":{\"@id\":\"https:\\\/\\\/macite.tg\\\/#\\\/schema\\\/person\\\/e9f2de7e5dbbe7770a9402c7ce82f5c2\"},\"breadcrumb\":{\"@id\":\"https:\\\/\\\/macite.tg\\\/?p=11298#breadcrumb\"},\"inLanguage\":\"fr-FR\",\"potentialAction\":[{\"@type\":\"ReadAction\",\"target\":[\"https:\\\/\\\/macite.tg\\\/?p=11298\"]}]},{\"@type\":\"ImageObject\",\"inLanguage\":\"fr-FR\",\"@id\":\"https:\\\/\\\/macite.tg\\\/?p=11298#primaryimage\",\"url\":\"https:\\\/\\\/macite.tg\\\/wp-content\\\/uploads\\\/2023\\\/12\\\/IMG-20231222-WA0068.jpg\",\"contentUrl\":\"https:\\\/\\\/macite.tg\\\/wp-content\\\/uploads\\\/2023\\\/12\\\/IMG-20231222-WA0068.jpg\",\"width\":709,\"height\":707},{\"@type\":\"BreadcrumbList\",\"@id\":\"https:\\\/\\\/macite.tg\\\/?p=11298#breadcrumb\",\"itemListElement\":[{\"@type\":\"ListItem\",\"position\":1,\"name\":\"Accueil\",\"item\":\"https:\\\/\\\/macite.tg\\\/\"},{\"@type\":\"ListItem\",\"position\":2,\"name\":\"MARCHE D\u2019AGOE-ASSIYEYE : Les \u00be de la superficie partis en fum\u00e9e\u2026une enqu\u00eate aussit\u00f4t ouverte\"}]},{\"@type\":\"WebSite\",\"@id\":\"https:\\\/\\\/macite.tg\\\/#website\",\"url\":\"https:\\\/\\\/macite.tg\\\/\",\"name\":\"\",\"description\":\"L&#039;information, la bonne!!!\",\"potentialAction\":[{\"@type\":\"SearchAction\",\"target\":{\"@type\":\"EntryPoint\",\"urlTemplate\":\"https:\\\/\\\/macite.tg\\\/?s={search_term_string}\"},\"query-input\":{\"@type\":\"PropertyValueSpecification\",\"valueRequired\":true,\"valueName\":\"search_term_string\"}}],\"inLanguage\":\"fr-FR\"},{\"@type\":\"Person\",\"@id\":\"https:\\\/\\\/macite.tg\\\/#\\\/schema\\\/person\\\/e9f2de7e5dbbe7770a9402c7ce82f5c2\",\"name\":\"Jean Pierre BAWELA\",\"image\":{\"@type\":\"ImageObject\",\"inLanguage\":\"fr-FR\",\"@id\":\"https:\\\/\\\/macite.tg\\\/wp-content\\\/uploads\\\/2023\\\/09\\\/WhatsApp-Image-2023-09-19-at-14.44.41-122x122.jpeg\",\"url\":\"https:\\\/\\\/macite.tg\\\/wp-content\\\/uploads\\\/2023\\\/09\\\/WhatsApp-Image-2023-09-19-at-14.44.41-122x122.jpeg\",\"contentUrl\":\"https:\\\/\\\/macite.tg\\\/wp-content\\\/uploads\\\/2023\\\/09\\\/WhatsApp-Image-2023-09-19-at-14.44.41-122x122.jpeg\",\"caption\":\"Jean Pierre BAWELA\"},\"url\":\"https:\\\/\\\/macite.tg\\\/?author=2\"}]}<\/script>\n<!-- \/ Yoast SEO plugin. -->","yoast_head_json":{"title":"MARCHE D\u2019AGOE-ASSIYEYE : Les \u00be de la superficie partis en fum\u00e9e\u2026une enqu\u00eate aussit\u00f4t ouverte -","robots":{"index":"index","follow":"follow","max-snippet":"max-snippet:-1","max-image-preview":"max-image-preview:large","max-video-preview":"max-video-preview:-1"},"canonical":"https:\/\/macite.tg\/?p=11298","og_locale":"fr_FR","og_type":"article","og_title":"MARCHE D\u2019AGOE-ASSIYEYE : Les \u00be de la superficie partis en fum\u00e9e\u2026une enqu\u00eate aussit\u00f4t ouverte -","og_description":"Les populations d\u2019Ago\u00e8-Assiy\u00e9y\u00e9 ont \u00e9t\u00e9 surpris, hier nuit autour de 22 heures, par un drame inextricable. En effet, le march\u00e9 d\u2019Assi-Y\u00e9y\u00e9 a \u00e9t\u00e9 ravag\u00e9 par un violent incendie qui, malgr\u00e9 l\u2019intervention des pompiers, laisse des d\u00e9g\u00e2ts immenses, ceci \u00e0 quelques jours des f\u00eates de fin [&hellip;]","og_url":"https:\/\/macite.tg\/?p=11298","article_published_time":"2023-12-22T13:37:51+00:00","article_modified_time":"2023-12-22T13:44:46+00:00","og_image":[{"width":709,"height":707,"url":"https:\/\/macite.tg\/wp-content\/uploads\/2023\/12\/IMG-20231222-WA0068.jpg","type":"image\/jpeg"}],"author":"Jean Pierre BAWELA","twitter_card":"summary_large_image","twitter_misc":{"\u00c9crit par":"Jean Pierre BAWELA","Dur\u00e9e de lecture estim\u00e9e":"2 minutes"},"schema":{"@context":"https:\/\/schema.org","@graph":[{"@type":"Article","@id":"https:\/\/macite.tg\/?p=11298#article","isPartOf":{"@id":"https:\/\/macite.tg\/?p=11298"},"author":{"name":"Jean Pierre BAWELA","@id":"https:\/\/macite.tg\/#\/schema\/person\/e9f2de7e5dbbe7770a9402c7ce82f5c2"},"headline":"MARCHE D\u2019AGOE-ASSIYEYE : Les \u00be de la superficie partis en fum\u00e9e\u2026une enqu\u00eate aussit\u00f4t ouverte","datePublished":"2023-12-22T13:37:51+00:00","dateModified":"2023-12-22T13:44:46+00:00","mainEntityOfPage":{"@id":"https:\/\/macite.tg\/?p=11298"},"wordCount":411,"commentCount":0,"image":{"@id":"https:\/\/macite.tg\/?p=11298#primaryimage"},"thumbnailUrl":"https:\/\/macite.tg\/wp-content\/uploads\/2023\/12\/IMG-20231222-WA0068.jpg","articleSection":["ACTUALITE","DRAME"],"inLanguage":"fr-FR","potentialAction":[{"@type":"CommentAction","name":"Comment","target":["https:\/\/macite.tg\/?p=11298#respond"]}]},{"@type":"WebPage","@id":"https:\/\/macite.tg\/?p=11298","url":"https:\/\/macite.tg\/?p=11298","name":"MARCHE D\u2019AGOE-ASSIYEYE : Les \u00be de la superficie partis en fum\u00e9e\u2026une enqu\u00eate aussit\u00f4t ouverte -","isPartOf":{"@id":"https:\/\/macite.tg\/#website"},"primaryImageOfPage":{"@id":"https:\/\/macite.tg\/?p=11298#primaryimage"},"image":{"@id":"https:\/\/macite.tg\/?p=11298#primaryimage"},"thumbnailUrl":"https:\/\/macite.tg\/wp-content\/uploads\/2023\/12\/IMG-20231222-WA0068.jpg","datePublished":"2023-12-22T13:37:51+00:00","dateModified":"2023-12-22T13:44:46+00:00","author":{"@id":"https:\/\/macite.tg\/#\/schema\/person\/e9f2de7e5dbbe7770a9402c7ce82f5c2"},"breadcrumb":{"@id":"https:\/\/macite.tg\/?p=11298#breadcrumb"},"inLanguage":"fr-FR","potentialAction":[{"@type":"ReadAction","target":["https:\/\/macite.tg\/?p=11298"]}]},{"@type":"ImageObject","inLanguage":"fr-FR","@id":"https:\/\/macite.tg\/?p=11298#primaryimage","url":"https:\/\/macite.tg\/wp-content\/uploads\/2023\/12\/IMG-20231222-WA0068.jpg","contentUrl":"https:\/\/macite.tg\/wp-content\/uploads\/2023\/12\/IMG-20231222-WA0068.jpg","width":709,"height":707},{"@type":"BreadcrumbList","@id":"https:\/\/macite.tg\/?p=11298#breadcrumb","itemListElement":[{"@type":"ListItem","position":1,"name":"Accueil","item":"https:\/\/macite.tg\/"},{"@type":"ListItem","position":2,"name":"MARCHE D\u2019AGOE-ASSIYEYE : Les \u00be de la superficie partis en fum\u00e9e\u2026une enqu\u00eate aussit\u00f4t ouverte"}]},{"@type":"WebSite","@id":"https:\/\/macite.tg\/#website","url":"https:\/\/macite.tg\/","name":"","description":"L&#039;information, la bonne!!!","potentialAction":[{"@type":"SearchAction","target":{"@type":"EntryPoint","urlTemplate":"https:\/\/macite.tg\/?s={search_term_string}"},"query-input":{"@type":"PropertyValueSpecification","valueRequired":true,"valueName":"search_term_string"}}],"inLanguage":"fr-FR"},{"@type":"Person","@id":"https:\/\/macite.tg\/#\/schema\/person\/e9f2de7e5dbbe7770a9402c7ce82f5c2","name":"Jean Pierre BAWELA","image":{"@type":"ImageObject","inLanguage":"fr-FR","@id":"https:\/\/macite.tg\/wp-content\/uploads\/2023\/09\/WhatsApp-Image-2023-09-19-at-14.44.41-122x122.jpeg","url":"https:\/\/macite.tg\/wp-content\/uploads\/2023\/09\/WhatsApp-Image-2023-09-19-at-14.44.41-122x122.jpeg","contentUrl":"https:\/\/macite.tg\/wp-content\/uploads\/2023\/09\/WhatsApp-Image-2023-09-19-at-14.44.41-122x122.jpeg","caption":"Jean Pierre BAWELA"},"url":"https:\/\/macite.tg\/?author=2"}]}},"_links":{"self":[{"href":"https:\/\/macite.tg\/index.php?rest_route=\/wp\/v2\/posts\/11298","targetHints":{"allow":["GET"]}}],"collection":[{"href":"https:\/\/macite.tg\/index.php?rest_route=\/wp\/v2\/posts"}],"about":[{"href":"https:\/\/macite.tg\/index.php?rest_route=\/wp\/v2\/types\/post"}],"author":[{"embeddable":true,"href":"https:\/\/macite.tg\/index.php?rest_route=\/wp\/v2\/users\/2"}],"replies":[{"embeddable":true,"href":"https:\/\/macite.tg\/index.php?rest_route=%2Fwp%2Fv2%2Fcomments&post=11298"}],"version-history":[{"count":0,"href":"https:\/\/macite.tg\/index.php?rest_route=\/wp\/v2\/posts\/11298\/revisions"}],"wp:featuredmedia":[{"embeddable":true,"href":"https:\/\/macite.tg\/index.php?rest_route=\/wp\/v2\/media\/11301"}],"wp:attachment":[{"href":"https:\/\/macite.tg\/index.php?rest_route=%2Fwp%2Fv2%2Fmedia&parent=11298"}],"wp:term":[{"taxonomy":"category","embeddable":true,"href":"https:\/\/macite.tg\/index.php?rest_route=%2Fwp%2Fv2%2Fcategories&post=11298"},{"taxonomy":"post_tag","embeddable":true,"href":"https:\/\/macite.tg\/index.php?rest_route=%2Fwp%2Fv2%2Ftags&post=11298"}],"curies":[{"name":"wp","href":"https:\/\/api.w.org\/{rel}","templated":true}]}}