{"id":11297,"date":"2023-12-22T12:32:58","date_gmt":"2023-12-22T12:32:58","guid":{"rendered":"https:\/\/macite.tg\/?p=11297"},"modified":"2023-12-22T12:33:00","modified_gmt":"2023-12-22T12:33:00","slug":"situation-sociopolitique-au-senegal-le-senat-americain-denonce-la-fermeture-de-lespace-politique-et-le-manque-de-transparence-du-processus-electoral","status":"publish","type":"post","link":"https:\/\/macite.tg\/?p=11297","title":{"rendered":"SITUATION SOCIOPOLITIQUE AU SENEGAL\u00a0: Le S\u00e9nat am\u00e9ricain d\u00e9nonce la \u00ab\u00a0fermeture de l\u2019espace politique, (\u2026) et le manque de transparence du processus \u00e9lectoral\u00a0\u00bb."},"content":{"rendered":"\n<p class=\"wp-block-paragraph\"><\/p>\n\n\n\n<p class=\"wp-block-paragraph\"><strong><em>Les relations entre les \u00c9tats-Unis et le S\u00e9n\u00e9gal ont maintenu leur solidit\u00e9 au fil des ann\u00e9es, principalement en raison de la r\u00e9putation d\u00e9mocratique du pays. \u00c0 l\u2019approche de l\u2019\u00e9lection pr\u00e9sidentielle du 25 f\u00e9vrier prochain, la situation au S\u00e9n\u00e9gal pr\u00e9occupe les Am\u00e9ricains, en particulier les s\u00e9nateurs.<\/em><\/strong><\/p>\n\n\n\n<p class=\"wp-block-paragraph\">Ces derniers ont \u00e9cout\u00e9 une r\u00e9solution bipartite, pr\u00e9sent\u00e9e par les s\u00e9nateurs Jim Risch et Ben Cardin, pr\u00e9sident de la commission s\u00e9natoriale des relations \u00e9trang\u00e8res. Cette r\u00e9solution d\u00e9nonce la <em>\u00ab\u00a0fermeture de l\u2019espace politique, la r\u00e9pression de l\u2019opposition politique et le manque de transparence du processus \u00e9lectoral\u00a0\u00bb.<\/em> Elle appelle le gouvernement s\u00e9n\u00e9galais \u00e0 organiser des \u00e9lections libres, \u00e9quitables, transparentes et inclusives le 25 f\u00e9vrier 2024.<\/p>\n\n\n<div class=\"wp-block-image\">\n<figure class=\"aligncenter size-large is-resized\"><img loading=\"lazy\" decoding=\"async\" src=\"https:\/\/macite.tg\/wp-content\/uploads\/2023\/12\/GBps6MVW8AAmcgK-819x1024.jpg\" alt=\"\" class=\"wp-image-11215\" width=\"570\" height=\"713\" srcset=\"https:\/\/macite.tg\/wp-content\/uploads\/2023\/12\/GBps6MVW8AAmcgK-819x1024.jpg 819w, https:\/\/macite.tg\/wp-content\/uploads\/2023\/12\/GBps6MVW8AAmcgK-240x300.jpg 240w, https:\/\/macite.tg\/wp-content\/uploads\/2023\/12\/GBps6MVW8AAmcgK-768x960.jpg 768w, https:\/\/macite.tg\/wp-content\/uploads\/2023\/12\/GBps6MVW8AAmcgK.jpg 864w\" sizes=\"auto, (max-width: 570px) 100vw, 570px\" \/><\/figure>\n<\/div>\n\n\n<p class=\"wp-block-paragraph\">Le pr\u00e9sident de la commission s\u00e9natoriale des relations \u00e9trang\u00e8res du S\u00e9nat am\u00e9ricain, Ben Cardin, a soulign\u00e9 la stabilit\u00e9 d\u00e9mocratique du S\u00e9n\u00e9gal, tout en exprimant des inqui\u00e9tudes quant \u00e0 la fermeture de l\u2019espace politique et \u00e0 la r\u00e9pression de l\u2019opposition. Jim Risch a \u00e9galement exprim\u00e9 ses inqui\u00e9tudes, soulignant que la trajectoire de la d\u00e9mocratie en Afrique de l\u2019Ouest vacille.<\/p>\n\n\n\n<p class=\"wp-block-paragraph\">La r\u00e9solution \u00e9voque des all\u00e9gations cr\u00e9dibles selon lesquelles le gouvernement s\u00e9n\u00e9galais restreindrait la libert\u00e9 d\u2019expression et de la presse, utiliserait le syst\u00e8me judiciaire pour cibler des opposants politiques, et aurait mis en \u0153uvre des modifications de la loi \u00e9lectorale pour r\u00e9duire la comp\u00e9titivit\u00e9 des partis de l\u2019opposition. La r\u00e9solution r\u00e9it\u00e8re l\u2019engagement des \u00c9tats-Unis en faveur de la d\u00e9mocratie et de la gouvernance d\u00e9mocratique.<\/p>\n\n\n\n<p class=\"wp-block-paragraph\">Les s\u00e9nateurs am\u00e9ricains appellent \u00e0 surveiller de pr\u00e8s le d\u00e9roulement des \u00e9lections au&nbsp;<a href=\"https:\/\/www.senenews.com\/actualites\/presidentielle-revelations-sur-khalifa-sall-il-a-recu-les-30-millions-de-la-caution-lors-dune_470095.html\">S\u00e9n\u00e9gal<\/a>&nbsp;et \u00e0 prendre des mesures contre ceux qui sapent la d\u00e9mocratie. Ils demandent \u00e9galement aux autorit\u00e9s s\u00e9n\u00e9galaises de respecter le caract\u00e8re non partisan de la Commission \u00e9lectorale nationale autonome, d\u2019assurer la transparence et la s\u00e9curit\u00e9 lors des \u00e9lections, et de s\u2019abstenir d\u2019utiliser des restrictions d\u2019acc\u00e8s \u00e0 Internet ou aux m\u00e9dias sociaux pour perturber le processus \u00e9lectoral.<\/p>\n\n\n<div class=\"wp-block-image\">\n<figure class=\"aligncenter size-large is-resized\"><img loading=\"lazy\" decoding=\"async\" src=\"https:\/\/macite.tg\/wp-content\/uploads\/2023\/12\/IMG-20231009-WA0178-1-1024x1024.jpg\" alt=\"\" class=\"wp-image-11275\" width=\"537\" height=\"537\" srcset=\"https:\/\/macite.tg\/wp-content\/uploads\/2023\/12\/IMG-20231009-WA0178-1-1024x1024.jpg 1024w, https:\/\/macite.tg\/wp-content\/uploads\/2023\/12\/IMG-20231009-WA0178-1-300x300.jpg 300w, https:\/\/macite.tg\/wp-content\/uploads\/2023\/12\/IMG-20231009-WA0178-1-150x150.jpg 150w, https:\/\/macite.tg\/wp-content\/uploads\/2023\/12\/IMG-20231009-WA0178-1-768x768.jpg 768w, https:\/\/macite.tg\/wp-content\/uploads\/2023\/12\/IMG-20231009-WA0178-1-122x122.jpg 122w, https:\/\/macite.tg\/wp-content\/uploads\/2023\/12\/IMG-20231009-WA0178-1.jpg 1280w\" sizes=\"auto, (max-width: 537px) 100vw, 537px\" \/><\/figure>\n<\/div>\n\n\n<p class=\"wp-block-paragraph\">La r\u00e9solution encourage les S\u00e9n\u00e9galais \u00e0 exercer leur droit de vote pacifiquement et \u00e0 s\u2019abstenir de tout acte de violence, de fraudes \u00e9lectorales, de discours incendiaires ou de d\u00e9sinformation. Elle exhorte les partis politiques \u00e0 respecter les r\u00e8gles \u00e9lectorales et \u00e0 rejeter la violence. La r\u00e9solution salue \u00e9galement le travail des organisations de la soci\u00e9t\u00e9 civile s\u00e9n\u00e9galaise d\u00e9di\u00e9es \u00e0 la r\u00e9forme \u00e9lectorale et \u00e0 la sensibilisation.<\/p>\n\n\n\n<p class=\"wp-block-paragraph\"><strong>SeneNews<\/strong><\/p>\n\n\n\n<p class=\"wp-block-paragraph\"><a><strong><em>@macite.tg&nbsp;&nbsp;&nbsp;&nbsp;&nbsp;&nbsp;&nbsp;&nbsp;<\/em><\/strong><\/a><\/p>\n\n\n\n<p class=\"wp-block-paragraph\"><strong><em>E-mail&nbsp;: <\/em><\/strong><a href=\"mailto:maciteinfo@gmail.com\"><strong><em>maciteinfo@gmail.com<\/em><\/strong><\/a><strong><em>; <\/em><\/strong><a href=\"mailto:bawela1@gmail.com\"><strong><em>bawela1@gmail.com<\/em><\/strong><\/a><strong><em><\/em><\/strong><\/p>\n\n\n\n<p class=\"wp-block-paragraph\"><strong><em>Pour vos annonces, (publi)reportages, etc., joignez-nous au (00228)91515309\/<strong>79872224 <\/strong>www.macite.tg, L\u2019information, la bonne&nbsp;!<\/em><\/strong><\/p>\n\n\n\n<p class=\"wp-block-paragraph\"><\/p>\n\n\n\n<figure class=\"wp-block-image size-full\"><img loading=\"lazy\" decoding=\"async\" width=\"696\" height=\"392\" src=\"https:\/\/macite.tg\/wp-content\/uploads\/2023\/12\/image-49.png\" alt=\"\" class=\"wp-image-11299\" srcset=\"https:\/\/macite.tg\/wp-content\/uploads\/2023\/12\/image-49.png 696w, https:\/\/macite.tg\/wp-content\/uploads\/2023\/12\/image-49-300x169.png 300w\" sizes=\"auto, (max-width: 696px) 100vw, 696px\" \/><\/figure>\n","protected":false},"excerpt":{"rendered":"<p class=\"text-justify mb-2\" >Les relations entre les \u00c9tats-Unis et le S\u00e9n\u00e9gal ont maintenu leur solidit\u00e9 au fil des ann\u00e9es, principalement en raison de la r\u00e9putation d\u00e9mocratique du pays. \u00c0 l\u2019approche de l\u2019\u00e9lection pr\u00e9sidentielle du 25 f\u00e9vrier prochain, la situation au S\u00e9n\u00e9gal pr\u00e9occupe les Am\u00e9ricains, en particulier les s\u00e9nateurs. [&hellip;]<\/p>\n","protected":false},"author":2,"featured_media":11299,"comment_status":"open","ping_status":"open","sticky":false,"template":"","format":"standard","meta":{"footnotes":""},"categories":[1],"tags":[],"class_list":["post-11297","post","type-post","status-publish","format-standard","has-post-thumbnail","hentry","category-politique"],"yoast_head":"<!-- This site is optimized with the Yoast SEO plugin v28.4 - https:\/\/yoast.com\/product\/yoast-seo-wordpress\/ -->\n<title>SITUATION SOCIOPOLITIQUE AU SENEGAL\u00a0: Le S\u00e9nat am\u00e9ricain d\u00e9nonce la \u00ab\u00a0fermeture de l\u2019espace politique, (\u2026) et le manque de transparence du processus \u00e9lectoral\u00a0\u00bb. -<\/title>\n<meta name=\"robots\" content=\"index, follow, max-snippet:-1, max-image-preview:large, max-video-preview:-1\" \/>\n<link rel=\"canonical\" href=\"https:\/\/macite.tg\/?p=11297\" \/>\n<meta property=\"og:locale\" content=\"fr_FR\" \/>\n<meta property=\"og:type\" content=\"article\" \/>\n<meta property=\"og:title\" content=\"SITUATION SOCIOPOLITIQUE AU SENEGAL\u00a0: Le S\u00e9nat am\u00e9ricain d\u00e9nonce la \u00ab\u00a0fermeture de l\u2019espace politique, (\u2026) et le manque de transparence du processus \u00e9lectoral\u00a0\u00bb. -\" \/>\n<meta property=\"og:description\" content=\"Les relations entre les \u00c9tats-Unis et le S\u00e9n\u00e9gal ont maintenu leur solidit\u00e9 au fil des ann\u00e9es, principalement en raison de la r\u00e9putation d\u00e9mocratique du pays. \u00c0 l\u2019approche de l\u2019\u00e9lection pr\u00e9sidentielle du 25 f\u00e9vrier prochain, la situation au S\u00e9n\u00e9gal pr\u00e9occupe les Am\u00e9ricains, en particulier les s\u00e9nateurs. [&hellip;]\" \/>\n<meta property=\"og:url\" content=\"https:\/\/macite.tg\/?p=11297\" \/>\n<meta property=\"article:published_time\" content=\"2023-12-22T12:32:58+00:00\" \/>\n<meta property=\"article:modified_time\" content=\"2023-12-22T12:33:00+00:00\" \/>\n<meta property=\"og:image\" content=\"https:\/\/macite.tg\/wp-content\/uploads\/2023\/12\/image-49.png\" \/>\n\t<meta property=\"og:image:width\" content=\"696\" \/>\n\t<meta property=\"og:image:height\" content=\"392\" \/>\n\t<meta property=\"og:image:type\" content=\"image\/png\" \/>\n<meta name=\"author\" content=\"Jean Pierre BAWELA\" \/>\n<meta name=\"twitter:card\" content=\"summary_large_image\" \/>\n<meta name=\"twitter:label1\" content=\"\u00c9crit par\" \/>\n\t<meta name=\"twitter:data1\" content=\"Jean Pierre BAWELA\" \/>\n\t<meta name=\"twitter:label2\" content=\"Dur\u00e9e de lecture estim\u00e9e\" \/>\n\t<meta name=\"twitter:data2\" content=\"2 minutes\" \/>\n<script type=\"application\/ld+json\" class=\"yoast-schema-graph\">{\"@context\":\"https:\\\/\\\/schema.org\",\"@graph\":[{\"@type\":\"Article\",\"@id\":\"https:\\\/\\\/macite.tg\\\/?p=11297#article\",\"isPartOf\":{\"@id\":\"https:\\\/\\\/macite.tg\\\/?p=11297\"},\"author\":{\"name\":\"Jean Pierre BAWELA\",\"@id\":\"https:\\\/\\\/macite.tg\\\/#\\\/schema\\\/person\\\/e9f2de7e5dbbe7770a9402c7ce82f5c2\"},\"headline\":\"SITUATION SOCIOPOLITIQUE AU SENEGAL\u00a0: Le S\u00e9nat am\u00e9ricain d\u00e9nonce la \u00ab\u00a0fermeture de l\u2019espace politique, (\u2026) et le manque de transparence du processus \u00e9lectoral\u00a0\u00bb.\",\"datePublished\":\"2023-12-22T12:32:58+00:00\",\"dateModified\":\"2023-12-22T12:33:00+00:00\",\"mainEntityOfPage\":{\"@id\":\"https:\\\/\\\/macite.tg\\\/?p=11297\"},\"wordCount\":502,\"commentCount\":0,\"image\":{\"@id\":\"https:\\\/\\\/macite.tg\\\/?p=11297#primaryimage\"},\"thumbnailUrl\":\"https:\\\/\\\/macite.tg\\\/wp-content\\\/uploads\\\/2023\\\/12\\\/image-49.png\",\"articleSection\":[\"POLITIQUE\"],\"inLanguage\":\"fr-FR\",\"potentialAction\":[{\"@type\":\"CommentAction\",\"name\":\"Comment\",\"target\":[\"https:\\\/\\\/macite.tg\\\/?p=11297#respond\"]}]},{\"@type\":\"WebPage\",\"@id\":\"https:\\\/\\\/macite.tg\\\/?p=11297\",\"url\":\"https:\\\/\\\/macite.tg\\\/?p=11297\",\"name\":\"SITUATION SOCIOPOLITIQUE AU SENEGAL\u00a0: Le S\u00e9nat am\u00e9ricain d\u00e9nonce la \u00ab\u00a0fermeture de l\u2019espace politique, (\u2026) et le manque de transparence du processus \u00e9lectoral\u00a0\u00bb. -\",\"isPartOf\":{\"@id\":\"https:\\\/\\\/macite.tg\\\/#website\"},\"primaryImageOfPage\":{\"@id\":\"https:\\\/\\\/macite.tg\\\/?p=11297#primaryimage\"},\"image\":{\"@id\":\"https:\\\/\\\/macite.tg\\\/?p=11297#primaryimage\"},\"thumbnailUrl\":\"https:\\\/\\\/macite.tg\\\/wp-content\\\/uploads\\\/2023\\\/12\\\/image-49.png\",\"datePublished\":\"2023-12-22T12:32:58+00:00\",\"dateModified\":\"2023-12-22T12:33:00+00:00\",\"author\":{\"@id\":\"https:\\\/\\\/macite.tg\\\/#\\\/schema\\\/person\\\/e9f2de7e5dbbe7770a9402c7ce82f5c2\"},\"breadcrumb\":{\"@id\":\"https:\\\/\\\/macite.tg\\\/?p=11297#breadcrumb\"},\"inLanguage\":\"fr-FR\",\"potentialAction\":[{\"@type\":\"ReadAction\",\"target\":[\"https:\\\/\\\/macite.tg\\\/?p=11297\"]}]},{\"@type\":\"ImageObject\",\"inLanguage\":\"fr-FR\",\"@id\":\"https:\\\/\\\/macite.tg\\\/?p=11297#primaryimage\",\"url\":\"https:\\\/\\\/macite.tg\\\/wp-content\\\/uploads\\\/2023\\\/12\\\/image-49.png\",\"contentUrl\":\"https:\\\/\\\/macite.tg\\\/wp-content\\\/uploads\\\/2023\\\/12\\\/image-49.png\",\"width\":696,\"height\":392},{\"@type\":\"BreadcrumbList\",\"@id\":\"https:\\\/\\\/macite.tg\\\/?p=11297#breadcrumb\",\"itemListElement\":[{\"@type\":\"ListItem\",\"position\":1,\"name\":\"Accueil\",\"item\":\"https:\\\/\\\/macite.tg\\\/\"},{\"@type\":\"ListItem\",\"position\":2,\"name\":\"SITUATION SOCIOPOLITIQUE AU SENEGAL\u00a0: Le S\u00e9nat am\u00e9ricain d\u00e9nonce la \u00ab\u00a0fermeture de l\u2019espace politique, (\u2026) et le manque de transparence du processus \u00e9lectoral\u00a0\u00bb.\"}]},{\"@type\":\"WebSite\",\"@id\":\"https:\\\/\\\/macite.tg\\\/#website\",\"url\":\"https:\\\/\\\/macite.tg\\\/\",\"name\":\"\",\"description\":\"L&#039;information, la bonne!!!\",\"potentialAction\":[{\"@type\":\"SearchAction\",\"target\":{\"@type\":\"EntryPoint\",\"urlTemplate\":\"https:\\\/\\\/macite.tg\\\/?s={search_term_string}\"},\"query-input\":{\"@type\":\"PropertyValueSpecification\",\"valueRequired\":true,\"valueName\":\"search_term_string\"}}],\"inLanguage\":\"fr-FR\"},{\"@type\":\"Person\",\"@id\":\"https:\\\/\\\/macite.tg\\\/#\\\/schema\\\/person\\\/e9f2de7e5dbbe7770a9402c7ce82f5c2\",\"name\":\"Jean Pierre BAWELA\",\"image\":{\"@type\":\"ImageObject\",\"inLanguage\":\"fr-FR\",\"@id\":\"https:\\\/\\\/macite.tg\\\/wp-content\\\/uploads\\\/2023\\\/09\\\/WhatsApp-Image-2023-09-19-at-14.44.41-122x122.jpeg\",\"url\":\"https:\\\/\\\/macite.tg\\\/wp-content\\\/uploads\\\/2023\\\/09\\\/WhatsApp-Image-2023-09-19-at-14.44.41-122x122.jpeg\",\"contentUrl\":\"https:\\\/\\\/macite.tg\\\/wp-content\\\/uploads\\\/2023\\\/09\\\/WhatsApp-Image-2023-09-19-at-14.44.41-122x122.jpeg\",\"caption\":\"Jean Pierre BAWELA\"},\"url\":\"https:\\\/\\\/macite.tg\\\/?author=2\"}]}<\/script>\n<!-- \/ Yoast SEO plugin. -->","yoast_head_json":{"title":"SITUATION SOCIOPOLITIQUE AU SENEGAL\u00a0: Le S\u00e9nat am\u00e9ricain d\u00e9nonce la \u00ab\u00a0fermeture de l\u2019espace politique, (\u2026) et le manque de transparence du processus \u00e9lectoral\u00a0\u00bb. -","robots":{"index":"index","follow":"follow","max-snippet":"max-snippet:-1","max-image-preview":"max-image-preview:large","max-video-preview":"max-video-preview:-1"},"canonical":"https:\/\/macite.tg\/?p=11297","og_locale":"fr_FR","og_type":"article","og_title":"SITUATION SOCIOPOLITIQUE AU SENEGAL\u00a0: Le S\u00e9nat am\u00e9ricain d\u00e9nonce la \u00ab\u00a0fermeture de l\u2019espace politique, (\u2026) et le manque de transparence du processus \u00e9lectoral\u00a0\u00bb. -","og_description":"Les relations entre les \u00c9tats-Unis et le S\u00e9n\u00e9gal ont maintenu leur solidit\u00e9 au fil des ann\u00e9es, principalement en raison de la r\u00e9putation d\u00e9mocratique du pays. \u00c0 l\u2019approche de l\u2019\u00e9lection pr\u00e9sidentielle du 25 f\u00e9vrier prochain, la situation au S\u00e9n\u00e9gal pr\u00e9occupe les Am\u00e9ricains, en particulier les s\u00e9nateurs. [&hellip;]","og_url":"https:\/\/macite.tg\/?p=11297","article_published_time":"2023-12-22T12:32:58+00:00","article_modified_time":"2023-12-22T12:33:00+00:00","og_image":[{"width":696,"height":392,"url":"https:\/\/macite.tg\/wp-content\/uploads\/2023\/12\/image-49.png","type":"image\/png"}],"author":"Jean Pierre BAWELA","twitter_card":"summary_large_image","twitter_misc":{"\u00c9crit par":"Jean Pierre BAWELA","Dur\u00e9e de lecture estim\u00e9e":"2 minutes"},"schema":{"@context":"https:\/\/schema.org","@graph":[{"@type":"Article","@id":"https:\/\/macite.tg\/?p=11297#article","isPartOf":{"@id":"https:\/\/macite.tg\/?p=11297"},"author":{"name":"Jean Pierre BAWELA","@id":"https:\/\/macite.tg\/#\/schema\/person\/e9f2de7e5dbbe7770a9402c7ce82f5c2"},"headline":"SITUATION SOCIOPOLITIQUE AU SENEGAL\u00a0: Le S\u00e9nat am\u00e9ricain d\u00e9nonce la \u00ab\u00a0fermeture de l\u2019espace politique, (\u2026) et le manque de transparence du processus \u00e9lectoral\u00a0\u00bb.","datePublished":"2023-12-22T12:32:58+00:00","dateModified":"2023-12-22T12:33:00+00:00","mainEntityOfPage":{"@id":"https:\/\/macite.tg\/?p=11297"},"wordCount":502,"commentCount":0,"image":{"@id":"https:\/\/macite.tg\/?p=11297#primaryimage"},"thumbnailUrl":"https:\/\/macite.tg\/wp-content\/uploads\/2023\/12\/image-49.png","articleSection":["POLITIQUE"],"inLanguage":"fr-FR","potentialAction":[{"@type":"CommentAction","name":"Comment","target":["https:\/\/macite.tg\/?p=11297#respond"]}]},{"@type":"WebPage","@id":"https:\/\/macite.tg\/?p=11297","url":"https:\/\/macite.tg\/?p=11297","name":"SITUATION SOCIOPOLITIQUE AU SENEGAL\u00a0: Le S\u00e9nat am\u00e9ricain d\u00e9nonce la \u00ab\u00a0fermeture de l\u2019espace politique, (\u2026) et le manque de transparence du processus \u00e9lectoral\u00a0\u00bb. -","isPartOf":{"@id":"https:\/\/macite.tg\/#website"},"primaryImageOfPage":{"@id":"https:\/\/macite.tg\/?p=11297#primaryimage"},"image":{"@id":"https:\/\/macite.tg\/?p=11297#primaryimage"},"thumbnailUrl":"https:\/\/macite.tg\/wp-content\/uploads\/2023\/12\/image-49.png","datePublished":"2023-12-22T12:32:58+00:00","dateModified":"2023-12-22T12:33:00+00:00","author":{"@id":"https:\/\/macite.tg\/#\/schema\/person\/e9f2de7e5dbbe7770a9402c7ce82f5c2"},"breadcrumb":{"@id":"https:\/\/macite.tg\/?p=11297#breadcrumb"},"inLanguage":"fr-FR","potentialAction":[{"@type":"ReadAction","target":["https:\/\/macite.tg\/?p=11297"]}]},{"@type":"ImageObject","inLanguage":"fr-FR","@id":"https:\/\/macite.tg\/?p=11297#primaryimage","url":"https:\/\/macite.tg\/wp-content\/uploads\/2023\/12\/image-49.png","contentUrl":"https:\/\/macite.tg\/wp-content\/uploads\/2023\/12\/image-49.png","width":696,"height":392},{"@type":"BreadcrumbList","@id":"https:\/\/macite.tg\/?p=11297#breadcrumb","itemListElement":[{"@type":"ListItem","position":1,"name":"Accueil","item":"https:\/\/macite.tg\/"},{"@type":"ListItem","position":2,"name":"SITUATION SOCIOPOLITIQUE AU SENEGAL\u00a0: Le S\u00e9nat am\u00e9ricain d\u00e9nonce la \u00ab\u00a0fermeture de l\u2019espace politique, (\u2026) et le manque de transparence du processus \u00e9lectoral\u00a0\u00bb."}]},{"@type":"WebSite","@id":"https:\/\/macite.tg\/#website","url":"https:\/\/macite.tg\/","name":"","description":"L&#039;information, la bonne!!!","potentialAction":[{"@type":"SearchAction","target":{"@type":"EntryPoint","urlTemplate":"https:\/\/macite.tg\/?s={search_term_string}"},"query-input":{"@type":"PropertyValueSpecification","valueRequired":true,"valueName":"search_term_string"}}],"inLanguage":"fr-FR"},{"@type":"Person","@id":"https:\/\/macite.tg\/#\/schema\/person\/e9f2de7e5dbbe7770a9402c7ce82f5c2","name":"Jean Pierre BAWELA","image":{"@type":"ImageObject","inLanguage":"fr-FR","@id":"https:\/\/macite.tg\/wp-content\/uploads\/2023\/09\/WhatsApp-Image-2023-09-19-at-14.44.41-122x122.jpeg","url":"https:\/\/macite.tg\/wp-content\/uploads\/2023\/09\/WhatsApp-Image-2023-09-19-at-14.44.41-122x122.jpeg","contentUrl":"https:\/\/macite.tg\/wp-content\/uploads\/2023\/09\/WhatsApp-Image-2023-09-19-at-14.44.41-122x122.jpeg","caption":"Jean Pierre BAWELA"},"url":"https:\/\/macite.tg\/?author=2"}]}},"_links":{"self":[{"href":"https:\/\/macite.tg\/index.php?rest_route=\/wp\/v2\/posts\/11297","targetHints":{"allow":["GET"]}}],"collection":[{"href":"https:\/\/macite.tg\/index.php?rest_route=\/wp\/v2\/posts"}],"about":[{"href":"https:\/\/macite.tg\/index.php?rest_route=\/wp\/v2\/types\/post"}],"author":[{"embeddable":true,"href":"https:\/\/macite.tg\/index.php?rest_route=\/wp\/v2\/users\/2"}],"replies":[{"embeddable":true,"href":"https:\/\/macite.tg\/index.php?rest_route=%2Fwp%2Fv2%2Fcomments&post=11297"}],"version-history":[{"count":0,"href":"https:\/\/macite.tg\/index.php?rest_route=\/wp\/v2\/posts\/11297\/revisions"}],"wp:featuredmedia":[{"embeddable":true,"href":"https:\/\/macite.tg\/index.php?rest_route=\/wp\/v2\/media\/11299"}],"wp:attachment":[{"href":"https:\/\/macite.tg\/index.php?rest_route=%2Fwp%2Fv2%2Fmedia&parent=11297"}],"wp:term":[{"taxonomy":"category","embeddable":true,"href":"https:\/\/macite.tg\/index.php?rest_route=%2Fwp%2Fv2%2Fcategories&post=11297"},{"taxonomy":"post_tag","embeddable":true,"href":"https:\/\/macite.tg\/index.php?rest_route=%2Fwp%2Fv2%2Ftags&post=11297"}],"curies":[{"name":"wp","href":"https:\/\/api.w.org\/{rel}","templated":true}]}}