{"id":11280,"date":"2023-12-21T16:35:33","date_gmt":"2023-12-21T16:35:33","guid":{"rendered":"https:\/\/macite.tg\/?p=11280"},"modified":"2023-12-21T18:19:56","modified_gmt":"2023-12-21T18:19:56","slug":"burkina-faso-france-lelysee-annule-le-decret-dextradition-de-francois-compaore","status":"publish","type":"post","link":"https:\/\/macite.tg\/?p=11280","title":{"rendered":"BURKINA FASO &#8211; FRANCE: L\u2019Elys\u00e9e annule le d\u00e9cret d\u2019extradition de Fran\u00e7ois Compaor\u00e9"},"content":{"rendered":"\n<p class=\"wp-block-paragraph\"><strong><em>Le gouvernement fran\u00e7ais a r\u00e9voqu\u00e9 le d\u00e9cret d\u2019extradition de Fran\u00e7ois Compaor\u00e9, le fr\u00e8re de l\u2019ancien pr\u00e9sident burkinab\u00e9, Blaise Compaor\u00e9, accus\u00e9 du meurtre du journaliste Norbert Zongo en 1998. Bien que la justice burkinab\u00e9 ait initialement demand\u00e9 son extradition, les autorit\u00e9s fran\u00e7aises ont annul\u00e9 cette d\u00e9cision \u00e0 la suite d\u2019un jugement de la Cour europ\u00e9enne des droits de l\u2019homme (Cedh).<\/em><\/strong><\/p>\n\n\n\n<p class=\"wp-block-paragraph\">La Cedh a estim\u00e9 que Fran\u00e7ois Compaor\u00e9 risquait une violation de ses droits fondamentaux en cas de renvoi \u00e0 Ouagadougou. Elle a particuli\u00e8rement cit\u00e9 l\u2019article 3 de la Convention europ\u00e9enne des droits de l\u2019homme, qui interdit la torture ainsi que les peines ou traitements inhumains ou d\u00e9gradants. <\/p>\n\n\n<div class=\"wp-block-image\">\n<figure class=\"aligncenter size-large is-resized\"><img loading=\"lazy\" decoding=\"async\" src=\"https:\/\/macite.tg\/wp-content\/uploads\/2023\/12\/GBps6MVW8AAmcgK-819x1024.jpg\" alt=\"\" class=\"wp-image-11215\" width=\"542\" height=\"678\" srcset=\"https:\/\/macite.tg\/wp-content\/uploads\/2023\/12\/GBps6MVW8AAmcgK-819x1024.jpg 819w, https:\/\/macite.tg\/wp-content\/uploads\/2023\/12\/GBps6MVW8AAmcgK-240x300.jpg 240w, https:\/\/macite.tg\/wp-content\/uploads\/2023\/12\/GBps6MVW8AAmcgK-768x960.jpg 768w, https:\/\/macite.tg\/wp-content\/uploads\/2023\/12\/GBps6MVW8AAmcgK.jpg 864w\" sizes=\"auto, (max-width: 542px) 100vw, 542px\" \/><\/figure>\n<\/div>\n\n\n<p class=\"wp-block-paragraph\">Le gouvernement fran\u00e7ais a pris acte de cette d\u00e9cision, et le d\u00e9cret d\u2019abrogation a \u00e9t\u00e9 sign\u00e9 le 13 d\u00e9cembre par la premi\u00e8re ministre, Elisabeth Borne.<\/p>\n\n\n\n<p class=\"wp-block-paragraph\">Lors d\u2019une audience r\u00e9cente sur la lev\u00e9e du contr\u00f4le judiciaire pesant sur Fran\u00e7ois Compaor\u00e9 depuis 2017, le pr\u00e9sident de la Chambre des extraditions de la Cour d\u2019appel de Paris a d\u00e9clar\u00e9 que le contexte \u00e0 Ouagadougou avait chang\u00e9, faisant r\u00e9f\u00e9rence aux \u00e9v\u00e9nements du double coup d\u2019\u00c9tat survenu en 2022 au Burkina Faso<a href=\"https:\/\/www.senenews.com\/actualites\/societe\/burkina-faso-mal-en-point-blaise-compaore-evacue-durgence-au-qatar_425460.html\">.<\/a><\/p>\n\n\n<div class=\"wp-block-image\">\n<figure class=\"aligncenter size-large is-resized\"><img loading=\"lazy\" decoding=\"async\" src=\"https:\/\/macite.tg\/wp-content\/uploads\/2023\/12\/IMG-20231009-WA0178-1-1024x1024.jpg\" alt=\"\" class=\"wp-image-11275\" width=\"558\" height=\"558\" srcset=\"https:\/\/macite.tg\/wp-content\/uploads\/2023\/12\/IMG-20231009-WA0178-1-1024x1024.jpg 1024w, https:\/\/macite.tg\/wp-content\/uploads\/2023\/12\/IMG-20231009-WA0178-1-300x300.jpg 300w, https:\/\/macite.tg\/wp-content\/uploads\/2023\/12\/IMG-20231009-WA0178-1-150x150.jpg 150w, https:\/\/macite.tg\/wp-content\/uploads\/2023\/12\/IMG-20231009-WA0178-1-768x768.jpg 768w, https:\/\/macite.tg\/wp-content\/uploads\/2023\/12\/IMG-20231009-WA0178-1-122x122.jpg 122w, https:\/\/macite.tg\/wp-content\/uploads\/2023\/12\/IMG-20231009-WA0178-1.jpg 1280w\" sizes=\"auto, (max-width: 558px) 100vw, 558px\" \/><\/figure>\n<\/div>\n\n\n<p class=\"wp-block-paragraph\">Fran\u00e7ois Compaor\u00e9, figure influente pendant les 27 ann\u00e9es de pr\u00e9sidence de son fr\u00e8re, est poursuivi pour l\u2019assassinat du journaliste Norbert Zongo et de trois personnes l\u2019accompagnant en d\u00e9cembre 1998. Son arrestation en 2017 \u00e0 l\u2019a\u00e9roport de Paris-Roissy, suite \u00e0 un mandat d\u2019arr\u00eat international \u00e9mis par la justice burkinab\u00e9, avait conduit \u00e0 son extradition autoris\u00e9e en 2020 par le gouvernement fran\u00e7ais. <\/p>\n\n\n\n<p class=\"wp-block-paragraph\">Cette d\u00e9cision a d\u00e9sormais \u00e9t\u00e9 annul\u00e9e, alignant la position de la France sur l\u2019arr\u00eat de la Cedh, mettant en avant la protection des droits fondamentaux de l\u2019accus\u00e9.<\/p>\n\n\n\n<p class=\"wp-block-paragraph\"><strong>SeneNews<\/strong><\/p>\n\n\n\n<p class=\"wp-block-paragraph\"><a><strong><em>@macite.tg&nbsp;&nbsp;&nbsp;&nbsp;&nbsp;&nbsp;&nbsp;&nbsp;<\/em><\/strong><\/a><\/p>\n\n\n\n<p class=\"wp-block-paragraph\"><strong><em>E-mail&nbsp;: <\/em><\/strong><a href=\"mailto:maciteinfo@gmail.com\"><strong><em>maciteinfo@gmail.com<\/em><\/strong><\/a><strong><em>; <\/em><\/strong><a href=\"mailto:bawela1@gmail.com\"><strong><em>bawela1@gmail.com<\/em><\/strong><\/a><strong><em><\/em><\/strong><\/p>\n\n\n\n<p class=\"wp-block-paragraph\"><strong><em>Pour vos annonces, (publi)reportages, etc., joignez-nous au (00228)91515309\/<strong>79872224 <\/strong>www.macite.tg, L\u2019information, la bonne&nbsp;!<\/em><\/strong><\/p>\n","protected":false},"excerpt":{"rendered":"<p class=\"text-justify mb-2\" >Le gouvernement fran\u00e7ais a r\u00e9voqu\u00e9 le d\u00e9cret d\u2019extradition de Fran\u00e7ois Compaor\u00e9, le fr\u00e8re de l\u2019ancien pr\u00e9sident burkinab\u00e9, Blaise Compaor\u00e9, accus\u00e9 du meurtre du journaliste Norbert Zongo en 1998. Bien que la justice burkinab\u00e9 ait initialement demand\u00e9 son extradition, les autorit\u00e9s fran\u00e7aises ont annul\u00e9 cette d\u00e9cision [&hellip;]<\/p>\n","protected":false},"author":2,"featured_media":11281,"comment_status":"open","ping_status":"open","sticky":false,"template":"","format":"standard","meta":{"footnotes":""},"categories":[20,8],"tags":[],"class_list":["post-11280","post","type-post","status-publish","format-standard","has-post-thumbnail","hentry","category-actualite","category-diplomatie"],"yoast_head":"<!-- This site is optimized with the Yoast SEO plugin v28.4 - https:\/\/yoast.com\/product\/yoast-seo-wordpress\/ -->\n<title>BURKINA FASO - FRANCE: L\u2019Elys\u00e9e annule le d\u00e9cret d\u2019extradition de Fran\u00e7ois Compaor\u00e9 -<\/title>\n<meta name=\"robots\" content=\"index, follow, max-snippet:-1, max-image-preview:large, max-video-preview:-1\" \/>\n<link rel=\"canonical\" href=\"https:\/\/macite.tg\/?p=11280\" \/>\n<meta property=\"og:locale\" content=\"fr_FR\" \/>\n<meta property=\"og:type\" content=\"article\" \/>\n<meta property=\"og:title\" content=\"BURKINA FASO - FRANCE: L\u2019Elys\u00e9e annule le d\u00e9cret d\u2019extradition de Fran\u00e7ois Compaor\u00e9 -\" \/>\n<meta property=\"og:description\" content=\"Le gouvernement fran\u00e7ais a r\u00e9voqu\u00e9 le d\u00e9cret d\u2019extradition de Fran\u00e7ois Compaor\u00e9, le fr\u00e8re de l\u2019ancien pr\u00e9sident burkinab\u00e9, Blaise Compaor\u00e9, accus\u00e9 du meurtre du journaliste Norbert Zongo en 1998. Bien que la justice burkinab\u00e9 ait initialement demand\u00e9 son extradition, les autorit\u00e9s fran\u00e7aises ont annul\u00e9 cette d\u00e9cision [&hellip;]\" \/>\n<meta property=\"og:url\" content=\"https:\/\/macite.tg\/?p=11280\" \/>\n<meta property=\"article:published_time\" content=\"2023-12-21T16:35:33+00:00\" \/>\n<meta property=\"article:modified_time\" content=\"2023-12-21T18:19:56+00:00\" \/>\n<meta property=\"og:image\" content=\"https:\/\/macite.tg\/wp-content\/uploads\/2023\/12\/image-46.png\" \/>\n\t<meta property=\"og:image:width\" content=\"696\" \/>\n\t<meta property=\"og:image:height\" content=\"348\" \/>\n\t<meta property=\"og:image:type\" content=\"image\/png\" \/>\n<meta name=\"author\" content=\"Jean Pierre BAWELA\" \/>\n<meta name=\"twitter:card\" content=\"summary_large_image\" \/>\n<meta name=\"twitter:label1\" content=\"\u00c9crit par\" \/>\n\t<meta name=\"twitter:data1\" content=\"Jean Pierre BAWELA\" \/>\n\t<meta name=\"twitter:label2\" content=\"Dur\u00e9e de lecture estim\u00e9e\" \/>\n\t<meta name=\"twitter:data2\" content=\"2 minutes\" \/>\n<script type=\"application\/ld+json\" class=\"yoast-schema-graph\">{\"@context\":\"https:\\\/\\\/schema.org\",\"@graph\":[{\"@type\":\"Article\",\"@id\":\"https:\\\/\\\/macite.tg\\\/?p=11280#article\",\"isPartOf\":{\"@id\":\"https:\\\/\\\/macite.tg\\\/?p=11280\"},\"author\":{\"name\":\"Jean Pierre BAWELA\",\"@id\":\"https:\\\/\\\/macite.tg\\\/#\\\/schema\\\/person\\\/e9f2de7e5dbbe7770a9402c7ce82f5c2\"},\"headline\":\"BURKINA FASO &#8211; FRANCE: L\u2019Elys\u00e9e annule le d\u00e9cret d\u2019extradition de Fran\u00e7ois Compaor\u00e9\",\"datePublished\":\"2023-12-21T16:35:33+00:00\",\"dateModified\":\"2023-12-21T18:19:56+00:00\",\"mainEntityOfPage\":{\"@id\":\"https:\\\/\\\/macite.tg\\\/?p=11280\"},\"wordCount\":364,\"commentCount\":0,\"image\":{\"@id\":\"https:\\\/\\\/macite.tg\\\/?p=11280#primaryimage\"},\"thumbnailUrl\":\"https:\\\/\\\/macite.tg\\\/wp-content\\\/uploads\\\/2023\\\/12\\\/image-46.png\",\"articleSection\":[\"ACTUALITE\",\"DIPLOMATIE\"],\"inLanguage\":\"fr-FR\",\"potentialAction\":[{\"@type\":\"CommentAction\",\"name\":\"Comment\",\"target\":[\"https:\\\/\\\/macite.tg\\\/?p=11280#respond\"]}]},{\"@type\":\"WebPage\",\"@id\":\"https:\\\/\\\/macite.tg\\\/?p=11280\",\"url\":\"https:\\\/\\\/macite.tg\\\/?p=11280\",\"name\":\"BURKINA FASO - FRANCE: L\u2019Elys\u00e9e annule le d\u00e9cret d\u2019extradition de Fran\u00e7ois Compaor\u00e9 -\",\"isPartOf\":{\"@id\":\"https:\\\/\\\/macite.tg\\\/#website\"},\"primaryImageOfPage\":{\"@id\":\"https:\\\/\\\/macite.tg\\\/?p=11280#primaryimage\"},\"image\":{\"@id\":\"https:\\\/\\\/macite.tg\\\/?p=11280#primaryimage\"},\"thumbnailUrl\":\"https:\\\/\\\/macite.tg\\\/wp-content\\\/uploads\\\/2023\\\/12\\\/image-46.png\",\"datePublished\":\"2023-12-21T16:35:33+00:00\",\"dateModified\":\"2023-12-21T18:19:56+00:00\",\"author\":{\"@id\":\"https:\\\/\\\/macite.tg\\\/#\\\/schema\\\/person\\\/e9f2de7e5dbbe7770a9402c7ce82f5c2\"},\"breadcrumb\":{\"@id\":\"https:\\\/\\\/macite.tg\\\/?p=11280#breadcrumb\"},\"inLanguage\":\"fr-FR\",\"potentialAction\":[{\"@type\":\"ReadAction\",\"target\":[\"https:\\\/\\\/macite.tg\\\/?p=11280\"]}]},{\"@type\":\"ImageObject\",\"inLanguage\":\"fr-FR\",\"@id\":\"https:\\\/\\\/macite.tg\\\/?p=11280#primaryimage\",\"url\":\"https:\\\/\\\/macite.tg\\\/wp-content\\\/uploads\\\/2023\\\/12\\\/image-46.png\",\"contentUrl\":\"https:\\\/\\\/macite.tg\\\/wp-content\\\/uploads\\\/2023\\\/12\\\/image-46.png\",\"width\":696,\"height\":348},{\"@type\":\"BreadcrumbList\",\"@id\":\"https:\\\/\\\/macite.tg\\\/?p=11280#breadcrumb\",\"itemListElement\":[{\"@type\":\"ListItem\",\"position\":1,\"name\":\"Accueil\",\"item\":\"https:\\\/\\\/macite.tg\\\/\"},{\"@type\":\"ListItem\",\"position\":2,\"name\":\"BURKINA FASO &#8211; FRANCE: L\u2019Elys\u00e9e annule le d\u00e9cret d\u2019extradition de Fran\u00e7ois Compaor\u00e9\"}]},{\"@type\":\"WebSite\",\"@id\":\"https:\\\/\\\/macite.tg\\\/#website\",\"url\":\"https:\\\/\\\/macite.tg\\\/\",\"name\":\"\",\"description\":\"L&#039;information, la bonne!!!\",\"potentialAction\":[{\"@type\":\"SearchAction\",\"target\":{\"@type\":\"EntryPoint\",\"urlTemplate\":\"https:\\\/\\\/macite.tg\\\/?s={search_term_string}\"},\"query-input\":{\"@type\":\"PropertyValueSpecification\",\"valueRequired\":true,\"valueName\":\"search_term_string\"}}],\"inLanguage\":\"fr-FR\"},{\"@type\":\"Person\",\"@id\":\"https:\\\/\\\/macite.tg\\\/#\\\/schema\\\/person\\\/e9f2de7e5dbbe7770a9402c7ce82f5c2\",\"name\":\"Jean Pierre BAWELA\",\"image\":{\"@type\":\"ImageObject\",\"inLanguage\":\"fr-FR\",\"@id\":\"https:\\\/\\\/macite.tg\\\/wp-content\\\/uploads\\\/2023\\\/09\\\/WhatsApp-Image-2023-09-19-at-14.44.41-122x122.jpeg\",\"url\":\"https:\\\/\\\/macite.tg\\\/wp-content\\\/uploads\\\/2023\\\/09\\\/WhatsApp-Image-2023-09-19-at-14.44.41-122x122.jpeg\",\"contentUrl\":\"https:\\\/\\\/macite.tg\\\/wp-content\\\/uploads\\\/2023\\\/09\\\/WhatsApp-Image-2023-09-19-at-14.44.41-122x122.jpeg\",\"caption\":\"Jean Pierre BAWELA\"},\"url\":\"https:\\\/\\\/macite.tg\\\/?author=2\"}]}<\/script>\n<!-- \/ Yoast SEO plugin. -->","yoast_head_json":{"title":"BURKINA FASO - FRANCE: L\u2019Elys\u00e9e annule le d\u00e9cret d\u2019extradition de Fran\u00e7ois Compaor\u00e9 -","robots":{"index":"index","follow":"follow","max-snippet":"max-snippet:-1","max-image-preview":"max-image-preview:large","max-video-preview":"max-video-preview:-1"},"canonical":"https:\/\/macite.tg\/?p=11280","og_locale":"fr_FR","og_type":"article","og_title":"BURKINA FASO - FRANCE: L\u2019Elys\u00e9e annule le d\u00e9cret d\u2019extradition de Fran\u00e7ois Compaor\u00e9 -","og_description":"Le gouvernement fran\u00e7ais a r\u00e9voqu\u00e9 le d\u00e9cret d\u2019extradition de Fran\u00e7ois Compaor\u00e9, le fr\u00e8re de l\u2019ancien pr\u00e9sident burkinab\u00e9, Blaise Compaor\u00e9, accus\u00e9 du meurtre du journaliste Norbert Zongo en 1998. Bien que la justice burkinab\u00e9 ait initialement demand\u00e9 son extradition, les autorit\u00e9s fran\u00e7aises ont annul\u00e9 cette d\u00e9cision [&hellip;]","og_url":"https:\/\/macite.tg\/?p=11280","article_published_time":"2023-12-21T16:35:33+00:00","article_modified_time":"2023-12-21T18:19:56+00:00","og_image":[{"width":696,"height":348,"url":"https:\/\/macite.tg\/wp-content\/uploads\/2023\/12\/image-46.png","type":"image\/png"}],"author":"Jean Pierre BAWELA","twitter_card":"summary_large_image","twitter_misc":{"\u00c9crit par":"Jean Pierre BAWELA","Dur\u00e9e de lecture estim\u00e9e":"2 minutes"},"schema":{"@context":"https:\/\/schema.org","@graph":[{"@type":"Article","@id":"https:\/\/macite.tg\/?p=11280#article","isPartOf":{"@id":"https:\/\/macite.tg\/?p=11280"},"author":{"name":"Jean Pierre BAWELA","@id":"https:\/\/macite.tg\/#\/schema\/person\/e9f2de7e5dbbe7770a9402c7ce82f5c2"},"headline":"BURKINA FASO &#8211; FRANCE: L\u2019Elys\u00e9e annule le d\u00e9cret d\u2019extradition de Fran\u00e7ois Compaor\u00e9","datePublished":"2023-12-21T16:35:33+00:00","dateModified":"2023-12-21T18:19:56+00:00","mainEntityOfPage":{"@id":"https:\/\/macite.tg\/?p=11280"},"wordCount":364,"commentCount":0,"image":{"@id":"https:\/\/macite.tg\/?p=11280#primaryimage"},"thumbnailUrl":"https:\/\/macite.tg\/wp-content\/uploads\/2023\/12\/image-46.png","articleSection":["ACTUALITE","DIPLOMATIE"],"inLanguage":"fr-FR","potentialAction":[{"@type":"CommentAction","name":"Comment","target":["https:\/\/macite.tg\/?p=11280#respond"]}]},{"@type":"WebPage","@id":"https:\/\/macite.tg\/?p=11280","url":"https:\/\/macite.tg\/?p=11280","name":"BURKINA FASO - FRANCE: L\u2019Elys\u00e9e annule le d\u00e9cret d\u2019extradition de Fran\u00e7ois Compaor\u00e9 -","isPartOf":{"@id":"https:\/\/macite.tg\/#website"},"primaryImageOfPage":{"@id":"https:\/\/macite.tg\/?p=11280#primaryimage"},"image":{"@id":"https:\/\/macite.tg\/?p=11280#primaryimage"},"thumbnailUrl":"https:\/\/macite.tg\/wp-content\/uploads\/2023\/12\/image-46.png","datePublished":"2023-12-21T16:35:33+00:00","dateModified":"2023-12-21T18:19:56+00:00","author":{"@id":"https:\/\/macite.tg\/#\/schema\/person\/e9f2de7e5dbbe7770a9402c7ce82f5c2"},"breadcrumb":{"@id":"https:\/\/macite.tg\/?p=11280#breadcrumb"},"inLanguage":"fr-FR","potentialAction":[{"@type":"ReadAction","target":["https:\/\/macite.tg\/?p=11280"]}]},{"@type":"ImageObject","inLanguage":"fr-FR","@id":"https:\/\/macite.tg\/?p=11280#primaryimage","url":"https:\/\/macite.tg\/wp-content\/uploads\/2023\/12\/image-46.png","contentUrl":"https:\/\/macite.tg\/wp-content\/uploads\/2023\/12\/image-46.png","width":696,"height":348},{"@type":"BreadcrumbList","@id":"https:\/\/macite.tg\/?p=11280#breadcrumb","itemListElement":[{"@type":"ListItem","position":1,"name":"Accueil","item":"https:\/\/macite.tg\/"},{"@type":"ListItem","position":2,"name":"BURKINA FASO &#8211; FRANCE: L\u2019Elys\u00e9e annule le d\u00e9cret d\u2019extradition de Fran\u00e7ois Compaor\u00e9"}]},{"@type":"WebSite","@id":"https:\/\/macite.tg\/#website","url":"https:\/\/macite.tg\/","name":"","description":"L&#039;information, la bonne!!!","potentialAction":[{"@type":"SearchAction","target":{"@type":"EntryPoint","urlTemplate":"https:\/\/macite.tg\/?s={search_term_string}"},"query-input":{"@type":"PropertyValueSpecification","valueRequired":true,"valueName":"search_term_string"}}],"inLanguage":"fr-FR"},{"@type":"Person","@id":"https:\/\/macite.tg\/#\/schema\/person\/e9f2de7e5dbbe7770a9402c7ce82f5c2","name":"Jean Pierre BAWELA","image":{"@type":"ImageObject","inLanguage":"fr-FR","@id":"https:\/\/macite.tg\/wp-content\/uploads\/2023\/09\/WhatsApp-Image-2023-09-19-at-14.44.41-122x122.jpeg","url":"https:\/\/macite.tg\/wp-content\/uploads\/2023\/09\/WhatsApp-Image-2023-09-19-at-14.44.41-122x122.jpeg","contentUrl":"https:\/\/macite.tg\/wp-content\/uploads\/2023\/09\/WhatsApp-Image-2023-09-19-at-14.44.41-122x122.jpeg","caption":"Jean Pierre BAWELA"},"url":"https:\/\/macite.tg\/?author=2"}]}},"_links":{"self":[{"href":"https:\/\/macite.tg\/index.php?rest_route=\/wp\/v2\/posts\/11280","targetHints":{"allow":["GET"]}}],"collection":[{"href":"https:\/\/macite.tg\/index.php?rest_route=\/wp\/v2\/posts"}],"about":[{"href":"https:\/\/macite.tg\/index.php?rest_route=\/wp\/v2\/types\/post"}],"author":[{"embeddable":true,"href":"https:\/\/macite.tg\/index.php?rest_route=\/wp\/v2\/users\/2"}],"replies":[{"embeddable":true,"href":"https:\/\/macite.tg\/index.php?rest_route=%2Fwp%2Fv2%2Fcomments&post=11280"}],"version-history":[{"count":0,"href":"https:\/\/macite.tg\/index.php?rest_route=\/wp\/v2\/posts\/11280\/revisions"}],"wp:featuredmedia":[{"embeddable":true,"href":"https:\/\/macite.tg\/index.php?rest_route=\/wp\/v2\/media\/11281"}],"wp:attachment":[{"href":"https:\/\/macite.tg\/index.php?rest_route=%2Fwp%2Fv2%2Fmedia&parent=11280"}],"wp:term":[{"taxonomy":"category","embeddable":true,"href":"https:\/\/macite.tg\/index.php?rest_route=%2Fwp%2Fv2%2Fcategories&post=11280"},{"taxonomy":"post_tag","embeddable":true,"href":"https:\/\/macite.tg\/index.php?rest_route=%2Fwp%2Fv2%2Ftags&post=11280"}],"curies":[{"name":"wp","href":"https:\/\/api.w.org\/{rel}","templated":true}]}}