{"id":10879,"date":"2023-12-05T17:16:53","date_gmt":"2023-12-05T17:16:53","guid":{"rendered":"https:\/\/macite.tg\/?p=10879"},"modified":"2023-12-05T17:16:54","modified_gmt":"2023-12-05T17:16:54","slug":"assemblee-generale-ordinaire-la-ligue-regionale-de-football-de-la-kara-fait-le-point","status":"publish","type":"post","link":"https:\/\/macite.tg\/?p=10879","title":{"rendered":"ASSEMBLEE GENERALE ORDINAIRE : La Ligue r\u00e9gionale de football de la Kara fait le point"},"content":{"rendered":"\n<p class=\"wp-block-paragraph\"><\/p>\n\n\n\n<p class=\"wp-block-paragraph\"><strong><em>Les acteurs du football de la ligue de football de Kara, notamment les repr\u00e9sentants des clubs et districts de la zone, mais \u00e9galement les autorit\u00e9s administratives et militaires de la ville de Kara, \u00e9taient le weekend dernier en assemble g\u00e9n\u00e9rale ordinaire. C\u2019\u00e9tait en pr\u00e9sence du Secr\u00e9taire g\u00e9n\u00e9ral de la F\u00e9d\u00e9ration togolaise de football (Ftf), Herv\u00e9 Agbodan.<\/em><\/strong><\/p>\n\n\n\n<p class=\"wp-block-paragraph\">Apr\u00e8s la minute de silence en m\u00e9moire des acteurs du football pass\u00e9es de l\u2019autre c\u00f4t\u00e9 du rideau, le pr\u00e9sident de ligue de Kara, Amah Marcelin a adress\u00e9 ses vives f\u00e9licitations \u00e0 Asko et Asck qui font la fiert\u00e9 du football national, pour avoir marqu\u00e9 l\u2019histoire de la ligue de Kara ces cinq derni\u00e8res ann\u00e9es.<\/p>\n\n\n<div class=\"wp-block-image\">\n<figure class=\"aligncenter size-large is-resized\"><img loading=\"lazy\" decoding=\"async\" src=\"https:\/\/macite.tg\/wp-content\/uploads\/2023\/11\/ANNONCES-1-1024x426.jpg\" alt=\"\" class=\"wp-image-10689\" width=\"702\" height=\"292\" srcset=\"https:\/\/macite.tg\/wp-content\/uploads\/2023\/11\/ANNONCES-1-1024x426.jpg 1024w, https:\/\/macite.tg\/wp-content\/uploads\/2023\/11\/ANNONCES-1-300x125.jpg 300w, https:\/\/macite.tg\/wp-content\/uploads\/2023\/11\/ANNONCES-1-768x319.jpg 768w, https:\/\/macite.tg\/wp-content\/uploads\/2023\/11\/ANNONCES-1.jpg 1080w\" sizes=\"auto, (max-width: 702px) 100vw, 702px\" \/><\/figure>\n<\/div>\n\n\n<p class=\"wp-block-paragraph\">Pour le pr\u00e9sident, il faut continuer par se <em>\u00ab&nbsp;battre pour le d\u00e9veloppement du football&nbsp;\u00bb, <\/em>mais rel\u00e8ve que <em>\u00ab&nbsp;<\/em><em>Nous avons besoin de d\u00e9termination, de volont\u00e9 et de l\u2019engagement de tous<\/em>&nbsp;\u00bb.<\/p>\n\n\n\n<p class=\"wp-block-paragraph\">Tout en relevant que <em>\u00ab&nbsp;tout n&rsquo;a pas \u00e9t\u00e9 rose lorsque nous mettions ensemble la ligue de football de Kara pendant la covid \u00bb,<\/em> le Sg Herv\u00e9 Agbodan, a, au nom du comit\u00e9 de la Ftf, remerci\u00e9 tous les acteurs pour les efforts.<\/p>\n\n\n\n<p class=\"wp-block-paragraph\">Il a \u00e9galement invit\u00e9 les congressistes \u00e0 faire en sorte que cette assembl\u00e9e g\u00e9n\u00e9rale ordinaire soit une occasion de fraternit\u00e9 et de convivialit\u00e9.<\/p>\n\n\n\n<p class=\"wp-block-paragraph\">Notons qu\u2019au cours des travaux, les participants ont adopt\u00e9 et ajout\u00e9 deux (02) parrainages pour le district, portant ainsi \u00e0 deux (02) lettres de parrainage de clubs de la Ligue et deux (02) lettres de parrainage des clubs de districts de la Ligue.<\/p>\n\n\n<div class=\"wp-block-image\">\n<figure class=\"aligncenter size-large is-resized\"><img loading=\"lazy\" decoding=\"async\" src=\"https:\/\/macite.tg\/wp-content\/uploads\/2023\/11\/WhatsApp-Image-2023-10-09-at-17.28.15-1-1024x1024.jpeg\" alt=\"\" class=\"wp-image-10647\" width=\"501\" height=\"501\" srcset=\"https:\/\/macite.tg\/wp-content\/uploads\/2023\/11\/WhatsApp-Image-2023-10-09-at-17.28.15-1-1024x1024.jpeg 1024w, https:\/\/macite.tg\/wp-content\/uploads\/2023\/11\/WhatsApp-Image-2023-10-09-at-17.28.15-1-300x300.jpeg 300w, https:\/\/macite.tg\/wp-content\/uploads\/2023\/11\/WhatsApp-Image-2023-10-09-at-17.28.15-1-150x150.jpeg 150w, https:\/\/macite.tg\/wp-content\/uploads\/2023\/11\/WhatsApp-Image-2023-10-09-at-17.28.15-1-768x768.jpeg 768w, https:\/\/macite.tg\/wp-content\/uploads\/2023\/11\/WhatsApp-Image-2023-10-09-at-17.28.15-1-122x122.jpeg 122w, https:\/\/macite.tg\/wp-content\/uploads\/2023\/11\/WhatsApp-Image-2023-10-09-at-17.28.15-1.jpeg 1280w\" sizes=\"auto, (max-width: 501px) 100vw, 501px\" \/><\/figure>\n<\/div>\n\n\n<p class=\"wp-block-paragraph\">Aussi les congressistes ont-ils proc\u00e9d\u00e9 \u00e0 l\u2019\u00e9lection du d\u00e9l\u00e9gu\u00e9 des clubs masculins (Akinaa) et celui du d\u00e9l\u00e9gu\u00e9 des Clubs F\u00e9minin (Arsenal F\u00e9minine), sans oublier l\u2019\u00e9lection des Commissions juridictionnelles, notamment la Commission de Discipline et celle des Recours.<\/p>\n\n\n\n<p class=\"wp-block-paragraph\"><strong>Avec Dodo Abalao<\/strong><\/p>\n\n\n\n<p class=\"wp-block-paragraph\"><strong><em>@macite.tg&nbsp;&nbsp;&nbsp;&nbsp;&nbsp;&nbsp;&nbsp;&nbsp;<\/em><\/strong><\/p>\n\n\n\n<p class=\"wp-block-paragraph\"><strong><em>E-mail&nbsp;: <\/em><\/strong><a href=\"mailto:maciteinfo@gmail.com\"><strong><em>maciteinfo@gmail.com<\/em><\/strong><\/a><strong><em>; <\/em><\/strong><a href=\"mailto:bawela1@gmail.com\"><strong><em>bawela1@gmail.com<\/em><\/strong><\/a><strong><em><\/em><\/strong><\/p>\n\n\n\n<p class=\"wp-block-paragraph\"><strong><em>Pour vos annonces, (publi)reportages, etc., joignez-nous au (00228)91515309\/<strong>79872224 <\/strong>www.macite.tg, L\u2019information, la bonne&nbsp;!<\/em><\/strong><\/p>\n","protected":false},"excerpt":{"rendered":"<p class=\"text-justify mb-2\" >Les acteurs du football de la ligue de football de Kara, notamment les repr\u00e9sentants des clubs et districts de la zone, mais \u00e9galement les autorit\u00e9s administratives et militaires de la ville de Kara, \u00e9taient le weekend dernier en assemble g\u00e9n\u00e9rale ordinaire. C\u2019\u00e9tait en pr\u00e9sence du [&hellip;]<\/p>\n","protected":false},"author":2,"featured_media":10882,"comment_status":"open","ping_status":"open","sticky":false,"template":"","format":"standard","meta":{"footnotes":""},"categories":[20,7],"tags":[],"class_list":["post-10879","post","type-post","status-publish","format-standard","has-post-thumbnail","hentry","category-actualite","category-sports"],"yoast_head":"<!-- This site is optimized with the Yoast SEO plugin v28.4 - https:\/\/yoast.com\/product\/yoast-seo-wordpress\/ -->\n<title>ASSEMBLEE GENERALE ORDINAIRE : La Ligue r\u00e9gionale de football de la Kara fait le point -<\/title>\n<meta name=\"robots\" content=\"index, follow, max-snippet:-1, max-image-preview:large, max-video-preview:-1\" \/>\n<link rel=\"canonical\" href=\"https:\/\/macite.tg\/?p=10879\" \/>\n<meta property=\"og:locale\" content=\"fr_FR\" \/>\n<meta property=\"og:type\" content=\"article\" \/>\n<meta property=\"og:title\" content=\"ASSEMBLEE GENERALE ORDINAIRE : La Ligue r\u00e9gionale de football de la Kara fait le point -\" \/>\n<meta property=\"og:description\" content=\"Les acteurs du football de la ligue de football de Kara, notamment les repr\u00e9sentants des clubs et districts de la zone, mais \u00e9galement les autorit\u00e9s administratives et militaires de la ville de Kara, \u00e9taient le weekend dernier en assemble g\u00e9n\u00e9rale ordinaire. C\u2019\u00e9tait en pr\u00e9sence du [&hellip;]\" \/>\n<meta property=\"og:url\" content=\"https:\/\/macite.tg\/?p=10879\" \/>\n<meta property=\"article:published_time\" content=\"2023-12-05T17:16:53+00:00\" \/>\n<meta property=\"article:modified_time\" content=\"2023-12-05T17:16:54+00:00\" \/>\n<meta property=\"og:image\" content=\"https:\/\/macite.tg\/wp-content\/uploads\/2023\/12\/LK1.jpg\" \/>\n\t<meta property=\"og:image:width\" content=\"700\" \/>\n\t<meta property=\"og:image:height\" content=\"396\" \/>\n\t<meta property=\"og:image:type\" content=\"image\/jpeg\" \/>\n<meta name=\"author\" content=\"Jean Pierre BAWELA\" \/>\n<meta name=\"twitter:card\" content=\"summary_large_image\" \/>\n<meta name=\"twitter:label1\" content=\"\u00c9crit par\" \/>\n\t<meta name=\"twitter:data1\" content=\"Jean Pierre BAWELA\" \/>\n\t<meta name=\"twitter:label2\" content=\"Dur\u00e9e de lecture estim\u00e9e\" \/>\n\t<meta name=\"twitter:data2\" content=\"2 minutes\" \/>\n<script type=\"application\/ld+json\" class=\"yoast-schema-graph\">{\"@context\":\"https:\\\/\\\/schema.org\",\"@graph\":[{\"@type\":\"Article\",\"@id\":\"https:\\\/\\\/macite.tg\\\/?p=10879#article\",\"isPartOf\":{\"@id\":\"https:\\\/\\\/macite.tg\\\/?p=10879\"},\"author\":{\"name\":\"Jean Pierre BAWELA\",\"@id\":\"https:\\\/\\\/macite.tg\\\/#\\\/schema\\\/person\\\/e9f2de7e5dbbe7770a9402c7ce82f5c2\"},\"headline\":\"ASSEMBLEE GENERALE ORDINAIRE : La Ligue r\u00e9gionale de football de la Kara fait le point\",\"datePublished\":\"2023-12-05T17:16:53+00:00\",\"dateModified\":\"2023-12-05T17:16:54+00:00\",\"mainEntityOfPage\":{\"@id\":\"https:\\\/\\\/macite.tg\\\/?p=10879\"},\"wordCount\":373,\"commentCount\":0,\"image\":{\"@id\":\"https:\\\/\\\/macite.tg\\\/?p=10879#primaryimage\"},\"thumbnailUrl\":\"https:\\\/\\\/macite.tg\\\/wp-content\\\/uploads\\\/2023\\\/12\\\/LK1.jpg\",\"articleSection\":[\"ACTUALITE\",\"SPORTS\"],\"inLanguage\":\"fr-FR\",\"potentialAction\":[{\"@type\":\"CommentAction\",\"name\":\"Comment\",\"target\":[\"https:\\\/\\\/macite.tg\\\/?p=10879#respond\"]}]},{\"@type\":\"WebPage\",\"@id\":\"https:\\\/\\\/macite.tg\\\/?p=10879\",\"url\":\"https:\\\/\\\/macite.tg\\\/?p=10879\",\"name\":\"ASSEMBLEE GENERALE ORDINAIRE : La Ligue r\u00e9gionale de football de la Kara fait le point -\",\"isPartOf\":{\"@id\":\"https:\\\/\\\/macite.tg\\\/#website\"},\"primaryImageOfPage\":{\"@id\":\"https:\\\/\\\/macite.tg\\\/?p=10879#primaryimage\"},\"image\":{\"@id\":\"https:\\\/\\\/macite.tg\\\/?p=10879#primaryimage\"},\"thumbnailUrl\":\"https:\\\/\\\/macite.tg\\\/wp-content\\\/uploads\\\/2023\\\/12\\\/LK1.jpg\",\"datePublished\":\"2023-12-05T17:16:53+00:00\",\"dateModified\":\"2023-12-05T17:16:54+00:00\",\"author\":{\"@id\":\"https:\\\/\\\/macite.tg\\\/#\\\/schema\\\/person\\\/e9f2de7e5dbbe7770a9402c7ce82f5c2\"},\"breadcrumb\":{\"@id\":\"https:\\\/\\\/macite.tg\\\/?p=10879#breadcrumb\"},\"inLanguage\":\"fr-FR\",\"potentialAction\":[{\"@type\":\"ReadAction\",\"target\":[\"https:\\\/\\\/macite.tg\\\/?p=10879\"]}]},{\"@type\":\"ImageObject\",\"inLanguage\":\"fr-FR\",\"@id\":\"https:\\\/\\\/macite.tg\\\/?p=10879#primaryimage\",\"url\":\"https:\\\/\\\/macite.tg\\\/wp-content\\\/uploads\\\/2023\\\/12\\\/LK1.jpg\",\"contentUrl\":\"https:\\\/\\\/macite.tg\\\/wp-content\\\/uploads\\\/2023\\\/12\\\/LK1.jpg\",\"width\":700,\"height\":396},{\"@type\":\"BreadcrumbList\",\"@id\":\"https:\\\/\\\/macite.tg\\\/?p=10879#breadcrumb\",\"itemListElement\":[{\"@type\":\"ListItem\",\"position\":1,\"name\":\"Accueil\",\"item\":\"https:\\\/\\\/macite.tg\\\/\"},{\"@type\":\"ListItem\",\"position\":2,\"name\":\"ASSEMBLEE GENERALE ORDINAIRE : La Ligue r\u00e9gionale de football de la Kara fait le point\"}]},{\"@type\":\"WebSite\",\"@id\":\"https:\\\/\\\/macite.tg\\\/#website\",\"url\":\"https:\\\/\\\/macite.tg\\\/\",\"name\":\"\",\"description\":\"L&#039;information, la bonne!!!\",\"potentialAction\":[{\"@type\":\"SearchAction\",\"target\":{\"@type\":\"EntryPoint\",\"urlTemplate\":\"https:\\\/\\\/macite.tg\\\/?s={search_term_string}\"},\"query-input\":{\"@type\":\"PropertyValueSpecification\",\"valueRequired\":true,\"valueName\":\"search_term_string\"}}],\"inLanguage\":\"fr-FR\"},{\"@type\":\"Person\",\"@id\":\"https:\\\/\\\/macite.tg\\\/#\\\/schema\\\/person\\\/e9f2de7e5dbbe7770a9402c7ce82f5c2\",\"name\":\"Jean Pierre BAWELA\",\"image\":{\"@type\":\"ImageObject\",\"inLanguage\":\"fr-FR\",\"@id\":\"https:\\\/\\\/macite.tg\\\/wp-content\\\/uploads\\\/2023\\\/09\\\/WhatsApp-Image-2023-09-19-at-14.44.41-122x122.jpeg\",\"url\":\"https:\\\/\\\/macite.tg\\\/wp-content\\\/uploads\\\/2023\\\/09\\\/WhatsApp-Image-2023-09-19-at-14.44.41-122x122.jpeg\",\"contentUrl\":\"https:\\\/\\\/macite.tg\\\/wp-content\\\/uploads\\\/2023\\\/09\\\/WhatsApp-Image-2023-09-19-at-14.44.41-122x122.jpeg\",\"caption\":\"Jean Pierre BAWELA\"},\"url\":\"https:\\\/\\\/macite.tg\\\/?author=2\"}]}<\/script>\n<!-- \/ Yoast SEO plugin. -->","yoast_head_json":{"title":"ASSEMBLEE GENERALE ORDINAIRE : La Ligue r\u00e9gionale de football de la Kara fait le point -","robots":{"index":"index","follow":"follow","max-snippet":"max-snippet:-1","max-image-preview":"max-image-preview:large","max-video-preview":"max-video-preview:-1"},"canonical":"https:\/\/macite.tg\/?p=10879","og_locale":"fr_FR","og_type":"article","og_title":"ASSEMBLEE GENERALE ORDINAIRE : La Ligue r\u00e9gionale de football de la Kara fait le point -","og_description":"Les acteurs du football de la ligue de football de Kara, notamment les repr\u00e9sentants des clubs et districts de la zone, mais \u00e9galement les autorit\u00e9s administratives et militaires de la ville de Kara, \u00e9taient le weekend dernier en assemble g\u00e9n\u00e9rale ordinaire. C\u2019\u00e9tait en pr\u00e9sence du [&hellip;]","og_url":"https:\/\/macite.tg\/?p=10879","article_published_time":"2023-12-05T17:16:53+00:00","article_modified_time":"2023-12-05T17:16:54+00:00","og_image":[{"width":700,"height":396,"url":"https:\/\/macite.tg\/wp-content\/uploads\/2023\/12\/LK1.jpg","type":"image\/jpeg"}],"author":"Jean Pierre BAWELA","twitter_card":"summary_large_image","twitter_misc":{"\u00c9crit par":"Jean Pierre BAWELA","Dur\u00e9e de lecture estim\u00e9e":"2 minutes"},"schema":{"@context":"https:\/\/schema.org","@graph":[{"@type":"Article","@id":"https:\/\/macite.tg\/?p=10879#article","isPartOf":{"@id":"https:\/\/macite.tg\/?p=10879"},"author":{"name":"Jean Pierre BAWELA","@id":"https:\/\/macite.tg\/#\/schema\/person\/e9f2de7e5dbbe7770a9402c7ce82f5c2"},"headline":"ASSEMBLEE GENERALE ORDINAIRE : La Ligue r\u00e9gionale de football de la Kara fait le point","datePublished":"2023-12-05T17:16:53+00:00","dateModified":"2023-12-05T17:16:54+00:00","mainEntityOfPage":{"@id":"https:\/\/macite.tg\/?p=10879"},"wordCount":373,"commentCount":0,"image":{"@id":"https:\/\/macite.tg\/?p=10879#primaryimage"},"thumbnailUrl":"https:\/\/macite.tg\/wp-content\/uploads\/2023\/12\/LK1.jpg","articleSection":["ACTUALITE","SPORTS"],"inLanguage":"fr-FR","potentialAction":[{"@type":"CommentAction","name":"Comment","target":["https:\/\/macite.tg\/?p=10879#respond"]}]},{"@type":"WebPage","@id":"https:\/\/macite.tg\/?p=10879","url":"https:\/\/macite.tg\/?p=10879","name":"ASSEMBLEE GENERALE ORDINAIRE : La Ligue r\u00e9gionale de football de la Kara fait le point -","isPartOf":{"@id":"https:\/\/macite.tg\/#website"},"primaryImageOfPage":{"@id":"https:\/\/macite.tg\/?p=10879#primaryimage"},"image":{"@id":"https:\/\/macite.tg\/?p=10879#primaryimage"},"thumbnailUrl":"https:\/\/macite.tg\/wp-content\/uploads\/2023\/12\/LK1.jpg","datePublished":"2023-12-05T17:16:53+00:00","dateModified":"2023-12-05T17:16:54+00:00","author":{"@id":"https:\/\/macite.tg\/#\/schema\/person\/e9f2de7e5dbbe7770a9402c7ce82f5c2"},"breadcrumb":{"@id":"https:\/\/macite.tg\/?p=10879#breadcrumb"},"inLanguage":"fr-FR","potentialAction":[{"@type":"ReadAction","target":["https:\/\/macite.tg\/?p=10879"]}]},{"@type":"ImageObject","inLanguage":"fr-FR","@id":"https:\/\/macite.tg\/?p=10879#primaryimage","url":"https:\/\/macite.tg\/wp-content\/uploads\/2023\/12\/LK1.jpg","contentUrl":"https:\/\/macite.tg\/wp-content\/uploads\/2023\/12\/LK1.jpg","width":700,"height":396},{"@type":"BreadcrumbList","@id":"https:\/\/macite.tg\/?p=10879#breadcrumb","itemListElement":[{"@type":"ListItem","position":1,"name":"Accueil","item":"https:\/\/macite.tg\/"},{"@type":"ListItem","position":2,"name":"ASSEMBLEE GENERALE ORDINAIRE : La Ligue r\u00e9gionale de football de la Kara fait le point"}]},{"@type":"WebSite","@id":"https:\/\/macite.tg\/#website","url":"https:\/\/macite.tg\/","name":"","description":"L&#039;information, la bonne!!!","potentialAction":[{"@type":"SearchAction","target":{"@type":"EntryPoint","urlTemplate":"https:\/\/macite.tg\/?s={search_term_string}"},"query-input":{"@type":"PropertyValueSpecification","valueRequired":true,"valueName":"search_term_string"}}],"inLanguage":"fr-FR"},{"@type":"Person","@id":"https:\/\/macite.tg\/#\/schema\/person\/e9f2de7e5dbbe7770a9402c7ce82f5c2","name":"Jean Pierre BAWELA","image":{"@type":"ImageObject","inLanguage":"fr-FR","@id":"https:\/\/macite.tg\/wp-content\/uploads\/2023\/09\/WhatsApp-Image-2023-09-19-at-14.44.41-122x122.jpeg","url":"https:\/\/macite.tg\/wp-content\/uploads\/2023\/09\/WhatsApp-Image-2023-09-19-at-14.44.41-122x122.jpeg","contentUrl":"https:\/\/macite.tg\/wp-content\/uploads\/2023\/09\/WhatsApp-Image-2023-09-19-at-14.44.41-122x122.jpeg","caption":"Jean Pierre BAWELA"},"url":"https:\/\/macite.tg\/?author=2"}]}},"_links":{"self":[{"href":"https:\/\/macite.tg\/index.php?rest_route=\/wp\/v2\/posts\/10879","targetHints":{"allow":["GET"]}}],"collection":[{"href":"https:\/\/macite.tg\/index.php?rest_route=\/wp\/v2\/posts"}],"about":[{"href":"https:\/\/macite.tg\/index.php?rest_route=\/wp\/v2\/types\/post"}],"author":[{"embeddable":true,"href":"https:\/\/macite.tg\/index.php?rest_route=\/wp\/v2\/users\/2"}],"replies":[{"embeddable":true,"href":"https:\/\/macite.tg\/index.php?rest_route=%2Fwp%2Fv2%2Fcomments&post=10879"}],"version-history":[{"count":0,"href":"https:\/\/macite.tg\/index.php?rest_route=\/wp\/v2\/posts\/10879\/revisions"}],"wp:featuredmedia":[{"embeddable":true,"href":"https:\/\/macite.tg\/index.php?rest_route=\/wp\/v2\/media\/10882"}],"wp:attachment":[{"href":"https:\/\/macite.tg\/index.php?rest_route=%2Fwp%2Fv2%2Fmedia&parent=10879"}],"wp:term":[{"taxonomy":"category","embeddable":true,"href":"https:\/\/macite.tg\/index.php?rest_route=%2Fwp%2Fv2%2Fcategories&post=10879"},{"taxonomy":"post_tag","embeddable":true,"href":"https:\/\/macite.tg\/index.php?rest_route=%2Fwp%2Fv2%2Ftags&post=10879"}],"curies":[{"name":"wp","href":"https:\/\/api.w.org\/{rel}","templated":true}]}}