{"id":10876,"date":"2023-12-05T15:54:49","date_gmt":"2023-12-05T15:54:49","guid":{"rendered":"https:\/\/macite.tg\/?p=10876"},"modified":"2023-12-05T16:03:29","modified_gmt":"2023-12-05T16:03:29","slug":"cooperation-lome-et-pointe-noire-faure-gnassingbe-et-denis-sassou-nguesso-echangent-sur-son-renforcement","status":"publish","type":"post","link":"https:\/\/macite.tg\/?p=10876","title":{"rendered":"COOPERATION LOME ET POINTE NOIRE\u00a0: Faure Gnassingb\u00e9 et Denis Sassou N\u2019Guesso \u00e9changent sur son renforcement"},"content":{"rendered":"\n<p class=\"wp-block-paragraph\"><strong><em>Pr\u00e9sents \u00e0 Duba\u00ef dans le cadre de la 28<sup>\u00e8me<\/sup> Conf\u00e9rence des parties sur les changements climatiques (Cop 28), les pr\u00e9sidents Faure Essozimna Gnassingb\u00e9 du Togo et Denis Sassou N\u2019Guesso de la R\u00e9publique du Congo Brazzaville, ont saisi l\u2019occasion, dimanche 03 d\u00e9cembre dernier, pour parler du renforcement de la coop\u00e9ration entre Lom\u00e9 et Pointe Noire.<\/em><\/strong><\/p>\n\n\n\n<p class=\"wp-block-paragraph\">Cette rencontre qui fait suite \u00e0 la visite de travail, il y a une semaine, du leader togolais \u00e0 Oyo (au Congo), a \u00e9t\u00e9 essentiellement marqu\u00e9 par les \u00e9changes autour du renforcement de la coop\u00e9ration entre les deux pays fr\u00e8res.<\/p>\n\n\n<div class=\"wp-block-image\">\n<figure class=\"aligncenter size-large is-resized\"><img loading=\"lazy\" decoding=\"async\" src=\"https:\/\/macite.tg\/wp-content\/uploads\/2023\/11\/ANNONCES-1-1024x426.jpg\" alt=\"\" class=\"wp-image-10689\" width=\"673\" height=\"280\" srcset=\"https:\/\/macite.tg\/wp-content\/uploads\/2023\/11\/ANNONCES-1-1024x426.jpg 1024w, https:\/\/macite.tg\/wp-content\/uploads\/2023\/11\/ANNONCES-1-300x125.jpg 300w, https:\/\/macite.tg\/wp-content\/uploads\/2023\/11\/ANNONCES-1-768x319.jpg 768w, https:\/\/macite.tg\/wp-content\/uploads\/2023\/11\/ANNONCES-1.jpg 1080w\" sizes=\"auto, (max-width: 673px) 100vw, 673px\" \/><\/figure>\n<\/div>\n\n\n<p class=\"wp-block-paragraph\">Le Togo et le Congo Brazzaville, faut-il le rappeler, ont, au plan bilat\u00e9ral, d\u00e9cid\u00e9, depuis 2020 d\u2019un commun accord, d\u00e9cid\u00e9 de l\u2019exemption r\u00e9ciproque de visa diplomatique et de service. Les deux leaders ont fait le point de cet \u00e9ngagement avant d&rsquo;\u00e9changer sur le d\u00e9veloppement du partenariat entre Lom\u00e9 et Pointe Noire.<\/p>\n\n\n<div class=\"wp-block-image\">\n<figure class=\"aligncenter size-large is-resized\"><img loading=\"lazy\" decoding=\"async\" src=\"https:\/\/macite.tg\/wp-content\/uploads\/2023\/11\/WhatsApp-Image-2023-10-09-at-17.28.15-1-1024x1024.jpeg\" alt=\"\" class=\"wp-image-10647\" width=\"495\" height=\"495\" srcset=\"https:\/\/macite.tg\/wp-content\/uploads\/2023\/11\/WhatsApp-Image-2023-10-09-at-17.28.15-1-1024x1024.jpeg 1024w, https:\/\/macite.tg\/wp-content\/uploads\/2023\/11\/WhatsApp-Image-2023-10-09-at-17.28.15-1-300x300.jpeg 300w, https:\/\/macite.tg\/wp-content\/uploads\/2023\/11\/WhatsApp-Image-2023-10-09-at-17.28.15-1-150x150.jpeg 150w, https:\/\/macite.tg\/wp-content\/uploads\/2023\/11\/WhatsApp-Image-2023-10-09-at-17.28.15-1-768x768.jpeg 768w, https:\/\/macite.tg\/wp-content\/uploads\/2023\/11\/WhatsApp-Image-2023-10-09-at-17.28.15-1-122x122.jpeg 122w, https:\/\/macite.tg\/wp-content\/uploads\/2023\/11\/WhatsApp-Image-2023-10-09-at-17.28.15-1.jpeg 1280w\" sizes=\"auto, (max-width: 495px) 100vw, 495px\" \/><\/figure>\n<\/div>\n\n\n<p class=\"wp-block-paragraph\">D\u2019autres sujets, notamment les enjeux de la Conf\u00e9rence climatique d\u2019ailleurs en cours, ont \u00e9t\u00e9 abord\u00e9s. A cette rencontre, les pr\u00e9sidents togolais et congolais entendent d\u00e9fendre les int\u00e9r\u00eats de leur pays respectifs mais \u00e9galement mobiliser des financements.<\/p>\n\n\n\n<p class=\"wp-block-paragraph\"><strong>La R\u00e9daction<\/strong><\/p>\n\n\n\n<p class=\"wp-block-paragraph\"><strong><em>@macite.tg&nbsp;&nbsp;&nbsp;&nbsp;&nbsp;&nbsp;&nbsp;&nbsp;<\/em><\/strong><\/p>\n\n\n\n<p class=\"wp-block-paragraph\"><strong><em>E-mail&nbsp;: <\/em><\/strong><a href=\"mailto:maciteinfo@gmail.com\"><strong><em>maciteinfo@gmail.com<\/em><\/strong><\/a><strong><em>; <\/em><\/strong><a href=\"mailto:bawela1@gmail.com\"><strong><em>bawela1@gmail.com<\/em><\/strong><\/a><strong><em><\/em><\/strong><\/p>\n\n\n\n<p class=\"wp-block-paragraph\"><strong><em>Pour vos annonces, (publi)reportages, etc., joignez-nous au (00228)91515309\/<strong>79872224 <\/strong>www.macite.tg, L\u2019information, la bonne&nbsp;!<\/em><\/strong><\/p>\n","protected":false},"excerpt":{"rendered":"<p class=\"text-justify mb-2\" >Pr\u00e9sents \u00e0 Duba\u00ef dans le cadre de la 28\u00e8me Conf\u00e9rence des parties sur les changements climatiques (Cop 28), les pr\u00e9sidents Faure Essozimna Gnassingb\u00e9 du Togo et Denis Sassou N\u2019Guesso de la R\u00e9publique du Congo Brazzaville, ont saisi l\u2019occasion, dimanche 03 d\u00e9cembre dernier, pour parler du [&hellip;]<\/p>\n","protected":false},"author":2,"featured_media":10877,"comment_status":"open","ping_status":"open","sticky":false,"template":"","format":"standard","meta":{"footnotes":""},"categories":[20,16],"tags":[],"class_list":["post-10876","post","type-post","status-publish","format-standard","has-post-thumbnail","hentry","category-actualite","category-cooperation"],"yoast_head":"<!-- This site is optimized with the Yoast SEO plugin v28.4 - https:\/\/yoast.com\/product\/yoast-seo-wordpress\/ -->\n<title>COOPERATION LOME ET POINTE NOIRE\u00a0: Faure Gnassingb\u00e9 et Denis Sassou N\u2019Guesso \u00e9changent sur son renforcement -<\/title>\n<meta name=\"robots\" content=\"index, follow, max-snippet:-1, max-image-preview:large, max-video-preview:-1\" \/>\n<link rel=\"canonical\" href=\"https:\/\/macite.tg\/?p=10876\" \/>\n<meta property=\"og:locale\" content=\"fr_FR\" \/>\n<meta property=\"og:type\" content=\"article\" \/>\n<meta property=\"og:title\" content=\"COOPERATION LOME ET POINTE NOIRE\u00a0: Faure Gnassingb\u00e9 et Denis Sassou N\u2019Guesso \u00e9changent sur son renforcement -\" \/>\n<meta property=\"og:description\" content=\"Pr\u00e9sents \u00e0 Duba\u00ef dans le cadre de la 28\u00e8me Conf\u00e9rence des parties sur les changements climatiques (Cop 28), les pr\u00e9sidents Faure Essozimna Gnassingb\u00e9 du Togo et Denis Sassou N\u2019Guesso de la R\u00e9publique du Congo Brazzaville, ont saisi l\u2019occasion, dimanche 03 d\u00e9cembre dernier, pour parler du [&hellip;]\" \/>\n<meta property=\"og:url\" content=\"https:\/\/macite.tg\/?p=10876\" \/>\n<meta property=\"article:published_time\" content=\"2023-12-05T15:54:49+00:00\" \/>\n<meta property=\"article:modified_time\" content=\"2023-12-05T16:03:29+00:00\" \/>\n<meta property=\"og:image\" content=\"https:\/\/macite.tg\/wp-content\/uploads\/2023\/12\/image-14.png\" \/>\n\t<meta property=\"og:image:width\" content=\"602\" \/>\n\t<meta property=\"og:image:height\" content=\"401\" \/>\n\t<meta property=\"og:image:type\" content=\"image\/png\" \/>\n<meta name=\"author\" content=\"Jean Pierre BAWELA\" \/>\n<meta name=\"twitter:card\" content=\"summary_large_image\" \/>\n<meta name=\"twitter:label1\" content=\"\u00c9crit par\" \/>\n\t<meta name=\"twitter:data1\" content=\"Jean Pierre BAWELA\" \/>\n\t<meta name=\"twitter:label2\" content=\"Dur\u00e9e de lecture estim\u00e9e\" \/>\n\t<meta name=\"twitter:data2\" content=\"1 minute\" \/>\n<script type=\"application\/ld+json\" class=\"yoast-schema-graph\">{\"@context\":\"https:\\\/\\\/schema.org\",\"@graph\":[{\"@type\":\"Article\",\"@id\":\"https:\\\/\\\/macite.tg\\\/?p=10876#article\",\"isPartOf\":{\"@id\":\"https:\\\/\\\/macite.tg\\\/?p=10876\"},\"author\":{\"name\":\"Jean Pierre BAWELA\",\"@id\":\"https:\\\/\\\/macite.tg\\\/#\\\/schema\\\/person\\\/e9f2de7e5dbbe7770a9402c7ce82f5c2\"},\"headline\":\"COOPERATION LOME ET POINTE NOIRE\u00a0: Faure Gnassingb\u00e9 et Denis Sassou N\u2019Guesso \u00e9changent sur son renforcement\",\"datePublished\":\"2023-12-05T15:54:49+00:00\",\"dateModified\":\"2023-12-05T16:03:29+00:00\",\"mainEntityOfPage\":{\"@id\":\"https:\\\/\\\/macite.tg\\\/?p=10876\"},\"wordCount\":254,\"commentCount\":0,\"image\":{\"@id\":\"https:\\\/\\\/macite.tg\\\/?p=10876#primaryimage\"},\"thumbnailUrl\":\"https:\\\/\\\/macite.tg\\\/wp-content\\\/uploads\\\/2023\\\/12\\\/image-14.png\",\"articleSection\":[\"ACTUALITE\",\"COOPERATION\"],\"inLanguage\":\"fr-FR\",\"potentialAction\":[{\"@type\":\"CommentAction\",\"name\":\"Comment\",\"target\":[\"https:\\\/\\\/macite.tg\\\/?p=10876#respond\"]}]},{\"@type\":\"WebPage\",\"@id\":\"https:\\\/\\\/macite.tg\\\/?p=10876\",\"url\":\"https:\\\/\\\/macite.tg\\\/?p=10876\",\"name\":\"COOPERATION LOME ET POINTE NOIRE\u00a0: Faure Gnassingb\u00e9 et Denis Sassou N\u2019Guesso \u00e9changent sur son renforcement -\",\"isPartOf\":{\"@id\":\"https:\\\/\\\/macite.tg\\\/#website\"},\"primaryImageOfPage\":{\"@id\":\"https:\\\/\\\/macite.tg\\\/?p=10876#primaryimage\"},\"image\":{\"@id\":\"https:\\\/\\\/macite.tg\\\/?p=10876#primaryimage\"},\"thumbnailUrl\":\"https:\\\/\\\/macite.tg\\\/wp-content\\\/uploads\\\/2023\\\/12\\\/image-14.png\",\"datePublished\":\"2023-12-05T15:54:49+00:00\",\"dateModified\":\"2023-12-05T16:03:29+00:00\",\"author\":{\"@id\":\"https:\\\/\\\/macite.tg\\\/#\\\/schema\\\/person\\\/e9f2de7e5dbbe7770a9402c7ce82f5c2\"},\"breadcrumb\":{\"@id\":\"https:\\\/\\\/macite.tg\\\/?p=10876#breadcrumb\"},\"inLanguage\":\"fr-FR\",\"potentialAction\":[{\"@type\":\"ReadAction\",\"target\":[\"https:\\\/\\\/macite.tg\\\/?p=10876\"]}]},{\"@type\":\"ImageObject\",\"inLanguage\":\"fr-FR\",\"@id\":\"https:\\\/\\\/macite.tg\\\/?p=10876#primaryimage\",\"url\":\"https:\\\/\\\/macite.tg\\\/wp-content\\\/uploads\\\/2023\\\/12\\\/image-14.png\",\"contentUrl\":\"https:\\\/\\\/macite.tg\\\/wp-content\\\/uploads\\\/2023\\\/12\\\/image-14.png\",\"width\":602,\"height\":401},{\"@type\":\"BreadcrumbList\",\"@id\":\"https:\\\/\\\/macite.tg\\\/?p=10876#breadcrumb\",\"itemListElement\":[{\"@type\":\"ListItem\",\"position\":1,\"name\":\"Accueil\",\"item\":\"https:\\\/\\\/macite.tg\\\/\"},{\"@type\":\"ListItem\",\"position\":2,\"name\":\"COOPERATION LOME ET POINTE NOIRE\u00a0: Faure Gnassingb\u00e9 et Denis Sassou N\u2019Guesso \u00e9changent sur son renforcement\"}]},{\"@type\":\"WebSite\",\"@id\":\"https:\\\/\\\/macite.tg\\\/#website\",\"url\":\"https:\\\/\\\/macite.tg\\\/\",\"name\":\"\",\"description\":\"L&#039;information, la bonne!!!\",\"potentialAction\":[{\"@type\":\"SearchAction\",\"target\":{\"@type\":\"EntryPoint\",\"urlTemplate\":\"https:\\\/\\\/macite.tg\\\/?s={search_term_string}\"},\"query-input\":{\"@type\":\"PropertyValueSpecification\",\"valueRequired\":true,\"valueName\":\"search_term_string\"}}],\"inLanguage\":\"fr-FR\"},{\"@type\":\"Person\",\"@id\":\"https:\\\/\\\/macite.tg\\\/#\\\/schema\\\/person\\\/e9f2de7e5dbbe7770a9402c7ce82f5c2\",\"name\":\"Jean Pierre BAWELA\",\"image\":{\"@type\":\"ImageObject\",\"inLanguage\":\"fr-FR\",\"@id\":\"https:\\\/\\\/macite.tg\\\/wp-content\\\/uploads\\\/2023\\\/09\\\/WhatsApp-Image-2023-09-19-at-14.44.41-122x122.jpeg\",\"url\":\"https:\\\/\\\/macite.tg\\\/wp-content\\\/uploads\\\/2023\\\/09\\\/WhatsApp-Image-2023-09-19-at-14.44.41-122x122.jpeg\",\"contentUrl\":\"https:\\\/\\\/macite.tg\\\/wp-content\\\/uploads\\\/2023\\\/09\\\/WhatsApp-Image-2023-09-19-at-14.44.41-122x122.jpeg\",\"caption\":\"Jean Pierre BAWELA\"},\"url\":\"https:\\\/\\\/macite.tg\\\/?author=2\"}]}<\/script>\n<!-- \/ Yoast SEO plugin. -->","yoast_head_json":{"title":"COOPERATION LOME ET POINTE NOIRE\u00a0: Faure Gnassingb\u00e9 et Denis Sassou N\u2019Guesso \u00e9changent sur son renforcement -","robots":{"index":"index","follow":"follow","max-snippet":"max-snippet:-1","max-image-preview":"max-image-preview:large","max-video-preview":"max-video-preview:-1"},"canonical":"https:\/\/macite.tg\/?p=10876","og_locale":"fr_FR","og_type":"article","og_title":"COOPERATION LOME ET POINTE NOIRE\u00a0: Faure Gnassingb\u00e9 et Denis Sassou N\u2019Guesso \u00e9changent sur son renforcement -","og_description":"Pr\u00e9sents \u00e0 Duba\u00ef dans le cadre de la 28\u00e8me Conf\u00e9rence des parties sur les changements climatiques (Cop 28), les pr\u00e9sidents Faure Essozimna Gnassingb\u00e9 du Togo et Denis Sassou N\u2019Guesso de la R\u00e9publique du Congo Brazzaville, ont saisi l\u2019occasion, dimanche 03 d\u00e9cembre dernier, pour parler du [&hellip;]","og_url":"https:\/\/macite.tg\/?p=10876","article_published_time":"2023-12-05T15:54:49+00:00","article_modified_time":"2023-12-05T16:03:29+00:00","og_image":[{"width":602,"height":401,"url":"https:\/\/macite.tg\/wp-content\/uploads\/2023\/12\/image-14.png","type":"image\/png"}],"author":"Jean Pierre BAWELA","twitter_card":"summary_large_image","twitter_misc":{"\u00c9crit par":"Jean Pierre BAWELA","Dur\u00e9e de lecture estim\u00e9e":"1 minute"},"schema":{"@context":"https:\/\/schema.org","@graph":[{"@type":"Article","@id":"https:\/\/macite.tg\/?p=10876#article","isPartOf":{"@id":"https:\/\/macite.tg\/?p=10876"},"author":{"name":"Jean Pierre BAWELA","@id":"https:\/\/macite.tg\/#\/schema\/person\/e9f2de7e5dbbe7770a9402c7ce82f5c2"},"headline":"COOPERATION LOME ET POINTE NOIRE\u00a0: Faure Gnassingb\u00e9 et Denis Sassou N\u2019Guesso \u00e9changent sur son renforcement","datePublished":"2023-12-05T15:54:49+00:00","dateModified":"2023-12-05T16:03:29+00:00","mainEntityOfPage":{"@id":"https:\/\/macite.tg\/?p=10876"},"wordCount":254,"commentCount":0,"image":{"@id":"https:\/\/macite.tg\/?p=10876#primaryimage"},"thumbnailUrl":"https:\/\/macite.tg\/wp-content\/uploads\/2023\/12\/image-14.png","articleSection":["ACTUALITE","COOPERATION"],"inLanguage":"fr-FR","potentialAction":[{"@type":"CommentAction","name":"Comment","target":["https:\/\/macite.tg\/?p=10876#respond"]}]},{"@type":"WebPage","@id":"https:\/\/macite.tg\/?p=10876","url":"https:\/\/macite.tg\/?p=10876","name":"COOPERATION LOME ET POINTE NOIRE\u00a0: Faure Gnassingb\u00e9 et Denis Sassou N\u2019Guesso \u00e9changent sur son renforcement -","isPartOf":{"@id":"https:\/\/macite.tg\/#website"},"primaryImageOfPage":{"@id":"https:\/\/macite.tg\/?p=10876#primaryimage"},"image":{"@id":"https:\/\/macite.tg\/?p=10876#primaryimage"},"thumbnailUrl":"https:\/\/macite.tg\/wp-content\/uploads\/2023\/12\/image-14.png","datePublished":"2023-12-05T15:54:49+00:00","dateModified":"2023-12-05T16:03:29+00:00","author":{"@id":"https:\/\/macite.tg\/#\/schema\/person\/e9f2de7e5dbbe7770a9402c7ce82f5c2"},"breadcrumb":{"@id":"https:\/\/macite.tg\/?p=10876#breadcrumb"},"inLanguage":"fr-FR","potentialAction":[{"@type":"ReadAction","target":["https:\/\/macite.tg\/?p=10876"]}]},{"@type":"ImageObject","inLanguage":"fr-FR","@id":"https:\/\/macite.tg\/?p=10876#primaryimage","url":"https:\/\/macite.tg\/wp-content\/uploads\/2023\/12\/image-14.png","contentUrl":"https:\/\/macite.tg\/wp-content\/uploads\/2023\/12\/image-14.png","width":602,"height":401},{"@type":"BreadcrumbList","@id":"https:\/\/macite.tg\/?p=10876#breadcrumb","itemListElement":[{"@type":"ListItem","position":1,"name":"Accueil","item":"https:\/\/macite.tg\/"},{"@type":"ListItem","position":2,"name":"COOPERATION LOME ET POINTE NOIRE\u00a0: Faure Gnassingb\u00e9 et Denis Sassou N\u2019Guesso \u00e9changent sur son renforcement"}]},{"@type":"WebSite","@id":"https:\/\/macite.tg\/#website","url":"https:\/\/macite.tg\/","name":"","description":"L&#039;information, la bonne!!!","potentialAction":[{"@type":"SearchAction","target":{"@type":"EntryPoint","urlTemplate":"https:\/\/macite.tg\/?s={search_term_string}"},"query-input":{"@type":"PropertyValueSpecification","valueRequired":true,"valueName":"search_term_string"}}],"inLanguage":"fr-FR"},{"@type":"Person","@id":"https:\/\/macite.tg\/#\/schema\/person\/e9f2de7e5dbbe7770a9402c7ce82f5c2","name":"Jean Pierre BAWELA","image":{"@type":"ImageObject","inLanguage":"fr-FR","@id":"https:\/\/macite.tg\/wp-content\/uploads\/2023\/09\/WhatsApp-Image-2023-09-19-at-14.44.41-122x122.jpeg","url":"https:\/\/macite.tg\/wp-content\/uploads\/2023\/09\/WhatsApp-Image-2023-09-19-at-14.44.41-122x122.jpeg","contentUrl":"https:\/\/macite.tg\/wp-content\/uploads\/2023\/09\/WhatsApp-Image-2023-09-19-at-14.44.41-122x122.jpeg","caption":"Jean Pierre BAWELA"},"url":"https:\/\/macite.tg\/?author=2"}]}},"_links":{"self":[{"href":"https:\/\/macite.tg\/index.php?rest_route=\/wp\/v2\/posts\/10876","targetHints":{"allow":["GET"]}}],"collection":[{"href":"https:\/\/macite.tg\/index.php?rest_route=\/wp\/v2\/posts"}],"about":[{"href":"https:\/\/macite.tg\/index.php?rest_route=\/wp\/v2\/types\/post"}],"author":[{"embeddable":true,"href":"https:\/\/macite.tg\/index.php?rest_route=\/wp\/v2\/users\/2"}],"replies":[{"embeddable":true,"href":"https:\/\/macite.tg\/index.php?rest_route=%2Fwp%2Fv2%2Fcomments&post=10876"}],"version-history":[{"count":0,"href":"https:\/\/macite.tg\/index.php?rest_route=\/wp\/v2\/posts\/10876\/revisions"}],"wp:featuredmedia":[{"embeddable":true,"href":"https:\/\/macite.tg\/index.php?rest_route=\/wp\/v2\/media\/10877"}],"wp:attachment":[{"href":"https:\/\/macite.tg\/index.php?rest_route=%2Fwp%2Fv2%2Fmedia&parent=10876"}],"wp:term":[{"taxonomy":"category","embeddable":true,"href":"https:\/\/macite.tg\/index.php?rest_route=%2Fwp%2Fv2%2Fcategories&post=10876"},{"taxonomy":"post_tag","embeddable":true,"href":"https:\/\/macite.tg\/index.php?rest_route=%2Fwp%2Fv2%2Ftags&post=10876"}],"curies":[{"name":"wp","href":"https:\/\/api.w.org\/{rel}","templated":true}]}}