{"id":10870,"date":"2023-12-05T13:38:54","date_gmt":"2023-12-05T13:38:54","guid":{"rendered":"https:\/\/macite.tg\/?p=10870"},"modified":"2023-12-05T13:39:20","modified_gmt":"2023-12-05T13:39:20","slug":"lutte-contre-le-changement-climatique-une-priorite-pour-le-chef-de-letat-faure-gnassingbe","status":"publish","type":"post","link":"https:\/\/macite.tg\/?p=10870","title":{"rendered":"LUTTE CONTRE LE CHANGEMENT CLIMATIQUE\u00a0: Une priorit\u00e9 pour le Chef de l\u2019Etat, Faure Gnassingb\u00e9"},"content":{"rendered":"\n<p class=\"wp-block-paragraph\"><em>Le Togo est l\u2019un des tout premiers pays africains \u00e0 manifester sa volont\u00e9 de participer \u00e0 la lutte engag\u00e9e au niveau mondial contre le r\u00e9chauffement climatique. Sur les orientations du Pr\u00e9sident de la R\u00e9publique, Faure Essozimna Gnassingb\u00e9, le gouvernement togolais a pris des mesures idoines pour faire face aux impacts n\u00e9gatifs de ce ph\u00e9nom\u00e8ne, avec pour objectif de renforcer significativement la r\u00e9silience des communaut\u00e9s, des \u00e9cosyst\u00e8mes et d\u2019anticiper les crises futures. Ces mesures qui sont en phase avec les priorit\u00e9s de la Feuille de route gouvernementale Togo 2025 et les engagements climatiques conform\u00e9ment \u00e0 l\u2019Accord de Paris sign\u00e9 en 2016, seront pr\u00e9sent\u00e9es au cours des travaux de haut niveau de la\u00a0<a>28<sup>\u00e8<\/sup>\u00a0\u00e9dition de la Conf\u00e9rence des parties sur le climat (COP28)\u00a0<\/a>qui se d\u00e9roule \u00e0 Duba\u00ef aux \u00c9mirats arabes unis.<\/em><\/p>\n\n\n\n<p class=\"wp-block-paragraph\"><strong><em>Le Togo revoit \u00e0 la hausse son ambition pour les CDN<\/em><\/strong><\/p>\n\n\n\n<p class=\"wp-block-paragraph\">Pour concr\u00e9tiser son engagement au niveau mondial, le Togo a \u00e9labor\u00e9 en septembre 2015, des&nbsp;<a>Contributions d\u00e9termin\u00e9es au niveau national&nbsp;<\/a>(CDN). Cinq ans apr\u00e8s ce document strat\u00e9gique, le pays a revu \u00e0 la hausse son ambition en vue de participer valablement \u00e0 la limitation de l\u2019augmentation de la temp\u00e9rature mondiale de 2\u00b0Celcius voir 1,5\u00b0 Celsius.<\/p>\n\n\n<div class=\"wp-block-image\">\n<figure class=\"aligncenter size-large is-resized\"><img loading=\"lazy\" decoding=\"async\" src=\"https:\/\/macite.tg\/wp-content\/uploads\/2023\/11\/ANNONCES-1-1024x426.jpg\" alt=\"\" class=\"wp-image-10689\" width=\"748\" height=\"311\" srcset=\"https:\/\/macite.tg\/wp-content\/uploads\/2023\/11\/ANNONCES-1-1024x426.jpg 1024w, https:\/\/macite.tg\/wp-content\/uploads\/2023\/11\/ANNONCES-1-300x125.jpg 300w, https:\/\/macite.tg\/wp-content\/uploads\/2023\/11\/ANNONCES-1-768x319.jpg 768w, https:\/\/macite.tg\/wp-content\/uploads\/2023\/11\/ANNONCES-1.jpg 1080w\" sizes=\"auto, (max-width: 748px) 100vw, 748px\" \/><\/figure>\n<\/div>\n\n\n<p class=\"wp-block-paragraph\">Dans cette dynamique, le gouvernement s\u2019est engag\u00e9 dans une contribution inconditionnelle de r\u00e9duction des \u00e9missions de Gaz \u00e0 effet de serre (GES) de 20,51% \u00e0 l\u2019horizon 2030, soit 6&nbsp;236,02 Gg CO2-eq, et dans une r\u00e9duction suppl\u00e9mentaire de 30,06% des \u00e9missions de GES correspondant \u00e0 9&nbsp;305,59 Gg CO2-eq.<\/p>\n\n\n\n<p class=\"wp-block-paragraph\"><strong><em>Le Togo renouvelle son engagement pour la concr\u00e9tisation de l\u2019Accord de Paris<\/em><\/strong><\/p>\n\n\n\n<p class=\"wp-block-paragraph\">Le Togo fait partie des \u00c9tats africains signataires de l\u2019Accord de Paris, un an apr\u00e8s son adoption. Le pays a renouvel\u00e9 son engagement \u00e0 Glasgow et au Caire dans la mise en \u0153uvre des m\u00e9canismes de march\u00e9s carbone volontaires et des march\u00e9s r\u00e9gul\u00e9s afin de mobiliser les ressources et mettre en \u0153uvre ses contributions d\u00e9termin\u00e9es au niveau national.<\/p>\n\n\n\n<p class=\"wp-block-paragraph\">Malgr\u00e9 la faible contribution aux \u00e9missions mondiales de Gaz \u00e0 effet de serre (GES), le gouvernement ne cesse de prendre des initiatives dans les diff\u00e9rents secteurs socio\u00e9conomiques notamment l\u2019\u00e9nergie, l\u2019agriculture, le transport et la foresterie.<\/p>\n\n\n\n<p class=\"wp-block-paragraph\"><a><strong><em>Des actions remarquables dans le secteur de l\u2019\u00e9nergie<\/em><\/strong><\/a><\/p>\n\n\n\n<p class=\"wp-block-paragraph\">L\u2019\u00e9nergie est l\u2019un des secteurs \u00e9conomiques qui a des impacts consid\u00e9rables sur l\u2019\u00e9cosyst\u00e8me. Elle contribue \u00e0 la pollution de l\u2019environnement \u00e0 travers la production des GES.&nbsp; L\u2019ambition du Togo est d\u2019atteindre 50 % d\u2019\u00e9nergies renouvelables dans le mix \u00e9nerg\u00e9tique d\u2019ici \u00e0 2030 et de r\u00e9duire les \u00e9missions relatives \u00e0 ce secteur \u00e0 hauteur de 8 % \u00e0 l\u2019horizon 2025.<\/p>\n\n\n\n<p class=\"wp-block-paragraph\">Des actions sont d\u00e9j\u00e0 en cours pour atteindre ces r\u00e9sultats.&nbsp; Il s\u2019agit entre autres de la construction de la centrale solaire photovolta\u00efque de 50 MW \u00e0 Blitta, la plus grande de la sous-r\u00e9gion ouest \u00e0 ce jour, la construction d\u2019une centrale solaire de 50 m\u00e9gawatts (MW) raccord\u00e9e au r\u00e9seau public, de la centrale solaire photovolta\u00efque de 30 MW de Dapaong et des centrales solaires photovolta\u00efques de Kara et de Sokod\u00e9 (scalling solar).<\/p>\n\n\n\n<p class=\"wp-block-paragraph\">A cela s\u2019ajoute l\u2019installation d\u2019environ 31 000 lampadaires solaires pour l\u2019\u00e9clairage public, de la centrale hybride K\u00e9k\u00e9li (gaz et chaleur) d\u2019une capacit\u00e9 de 65 MW, de mini-grids de 580 KWC (kilowatt-cr\u00eate), de deux centrales hydro\u00e9lectriques sans oublier la planification d\u2019installation de trois centrales solaires de 120 MW et la vulgarisation des foyers am\u00e9lior\u00e9s ainsi que la promotion du gaz butane en substitution au bois \u00e9nergie dans le syst\u00e8me de cuisson.<\/p>\n\n\n\n<figure class=\"wp-block-image\"><img decoding=\"async\" src=\"https:\/\/presidence.gouv.tg\/wp-content\/uploads\/2023\/12\/Photo-Inauguration-Centrale-de-Blitta-9-1024x683.jpg\" alt=\"\" class=\"wp-image-418553\"\/><\/figure>\n\n\n\n<p class=\"wp-block-paragraph\"><strong><em>Vers l\u2019augmentation consid\u00e9rable du carbone s\u00e9questr\u00e9<\/em><\/strong><\/p>\n\n\n\n<p class=\"wp-block-paragraph\">Des initiatives louables ont \u00e9t\u00e9 \u00e9galement prises dans le secteur de la foresterie, en vue de porter le taux de couverture foresti\u00e8re \u00e0 25 % du territoire national et d\u2019atteindre 10% d\u2019augmentation de carbone s\u00e9questr\u00e9 \u00e0 l\u2019horizon 2030.<\/p>\n\n\n\n<p class=\"wp-block-paragraph\">Il s\u2019agit de la poursuite du processus de reboisement visant \u00e0 planter un milliard d\u2019arbres \u00e0 l\u2019horizon 2030, la promotion des reboisements priv\u00e9s, communautaires et \u00e9tatiques dans le cadre de la mise en \u0153uvre de la phase 2 du Programme national de reboisement, ainsi que l\u2019\u00e9laboration et la mise en \u0153uvre de la Strat\u00e9gie de r\u00e9duction des \u00e9missions dues \u00e0 la d\u00e9forestation et \u00e0 la d\u00e9gradation des for\u00eats (REDD+).<\/p>\n\n\n\n<figure class=\"wp-block-image\"><img decoding=\"async\" src=\"https:\/\/presidence.gouv.tg\/wp-content\/uploads\/2023\/12\/foret3.jpg\" alt=\"\" class=\"wp-image-418559\"\/><\/figure>\n\n\n\n<p class=\"wp-block-paragraph\"><a><strong><em>Des mesures salutaires pour une agriculture biologique et l\u2019agro\u00e9cologie<\/em><\/strong><\/a><\/p>\n\n\n\n<p class=\"wp-block-paragraph\">Le gouvernement togolais a \u00e9galement pris d\u2019importantes mesures dans le secteur de l\u2019agriculture en vue de renforcer la r\u00e9silience des populations face au changement climatique. Ainsi, des efforts ont \u00e9t\u00e9 consentis dans l\u2019agriculture biologique et l\u2019agro\u00e9cologie, le renforcement de l\u2019appui \u00e0 la r\u00e9silience des syst\u00e8mes alimentaires, l\u2019op\u00e9rationnalisation des Zones d\u2019am\u00e9nagement agricole planifi\u00e9es (ZAAP) ainsi que la promotion de l\u2019agriculture intelligente face au climat (AIC), la ligne directrice des agropoles en cours d\u2019am\u00e9nagement.<\/p>\n\n\n\n<figure class=\"wp-block-image\"><img decoding=\"async\" src=\"https:\/\/presidence.gouv.tg\/wp-content\/uploads\/2023\/12\/Performances-des-ZAAP-en-2022-une-evaluation-satisfaisante.jpg\" alt=\"\" class=\"wp-image-418555\"\/><\/figure>\n\n\n\n<p class=\"wp-block-paragraph\"><strong><em>Des initiatives concr\u00e8tes dans les secteurs sociaux<\/em><\/strong><\/p>\n\n\n\n<p class=\"wp-block-paragraph\">Des programmes salutaires ont \u00e9t\u00e9 \u00e9galement impl\u00e9ment\u00e9s pour la protection de la zone c\u00f4ti\u00e8re \u00e0 hauteur de 90% \u00e0 l\u2019horizon 2025 et la gestion des d\u00e9chets avec la cr\u00e9ation et l\u2019exploitation du Centre d\u2019enfouissement technique d\u2019Ak\u00e9p\u00e9 (CET) \u00e9quip\u00e9 d\u2019un syst\u00e8me de captage du m\u00e9thane pour Lom\u00e9 et ses environs.&nbsp; Plusieurs politiques et strat\u00e9gies ont \u00e9t\u00e9 aussi mises en \u0153uvre dans les secteurs de l\u2019eau, de la sant\u00e9, d\u2019hygi\u00e8ne et de l\u2019assainissement, de l\u2019urbanisme et de l\u2019habitat.<\/p>\n\n\n\n<figure class=\"wp-block-image\"><img decoding=\"async\" src=\"https:\/\/presidence.gouv.tg\/wp-content\/uploads\/2023\/12\/CET.jpg\" alt=\"\" class=\"wp-image-418557\"\/><\/figure>\n\n\n\n<p class=\"wp-block-paragraph\">Au demeurant, la 28<sup>\u00e8<\/sup>\u00a0\u00e9dition de la Conf\u00e9rence des parties sur le climat (COP28) offre l\u2019occasion pour le Togo de pr\u00e9senter ces mesures prises au plan national pour renforcer la r\u00e9silience des populations face aux effets du changement climatique et contribuer au plan r\u00e9gional, continental et mondial \u00e0 la lutte contre les impacts de ce ph\u00e9nom\u00e8ne. Le pays va renouveler son engagement. La d\u00e9l\u00e9gation togolaise entend formuler des propositions concr\u00e8tes conform\u00e9ment aux initiatives prises ces derni\u00e8res ann\u00e9es et mobiliser davantage des ressources internes et externes.<\/p>\n\n\n\n<p class=\"wp-block-paragraph\"><strong>Source : presidence.gouv<\/strong><\/p>\n\n\n\n<p class=\"wp-block-paragraph\"><strong><em>@macite.tg&nbsp;&nbsp;&nbsp;&nbsp;&nbsp;&nbsp;&nbsp;&nbsp;<\/em><\/strong><\/p>\n\n\n\n<p class=\"wp-block-paragraph\"><strong><em>E-mail&nbsp;: <\/em><\/strong><a href=\"mailto:maciteinfo@gmail.com\"><strong><em>maciteinfo@gmail.com<\/em><\/strong><\/a><strong><em>; <\/em><\/strong><a href=\"mailto:bawela1@gmail.com\"><strong><em>bawela1@gmail.com<\/em><\/strong><\/a><strong><em><\/em><\/strong><\/p>\n\n\n\n<p class=\"wp-block-paragraph\"><strong><em>Pour vos annonces, (publi)reportages, etc., joignez-nous au (00228)91515309\/<strong>79872224 <\/strong>www.macite.tg, L\u2019information, la bonne&nbsp;!<\/em><\/strong><\/p>\n","protected":false},"excerpt":{"rendered":"<p class=\"text-justify mb-2\" >Le Togo est l\u2019un des tout premiers pays africains \u00e0 manifester sa volont\u00e9 de participer \u00e0 la lutte engag\u00e9e au niveau mondial contre le r\u00e9chauffement climatique. Sur les orientations du Pr\u00e9sident de la R\u00e9publique, Faure Essozimna Gnassingb\u00e9, le gouvernement togolais a pris des mesures idoines [&hellip;]<\/p>\n","protected":false},"author":2,"featured_media":10871,"comment_status":"open","ping_status":"open","sticky":false,"template":"","format":"standard","meta":{"footnotes":""},"categories":[20,19],"tags":[],"class_list":["post-10870","post","type-post","status-publish","format-standard","has-post-thumbnail","hentry","category-actualite","category-environnement"],"yoast_head":"<!-- This site is optimized with the Yoast SEO plugin v28.4 - https:\/\/yoast.com\/product\/yoast-seo-wordpress\/ -->\n<title>LUTTE CONTRE LE CHANGEMENT CLIMATIQUE\u00a0: Une priorit\u00e9 pour le Chef de l\u2019Etat, Faure Gnassingb\u00e9 -<\/title>\n<meta name=\"robots\" content=\"index, follow, max-snippet:-1, max-image-preview:large, max-video-preview:-1\" \/>\n<link rel=\"canonical\" href=\"https:\/\/macite.tg\/?p=10870\" \/>\n<meta property=\"og:locale\" content=\"fr_FR\" \/>\n<meta property=\"og:type\" content=\"article\" \/>\n<meta property=\"og:title\" content=\"LUTTE CONTRE LE CHANGEMENT CLIMATIQUE\u00a0: Une priorit\u00e9 pour le Chef de l\u2019Etat, Faure Gnassingb\u00e9 -\" \/>\n<meta property=\"og:description\" content=\"Le Togo est l\u2019un des tout premiers pays africains \u00e0 manifester sa volont\u00e9 de participer \u00e0 la lutte engag\u00e9e au niveau mondial contre le r\u00e9chauffement climatique. Sur les orientations du Pr\u00e9sident de la R\u00e9publique, Faure Essozimna Gnassingb\u00e9, le gouvernement togolais a pris des mesures idoines [&hellip;]\" \/>\n<meta property=\"og:url\" content=\"https:\/\/macite.tg\/?p=10870\" \/>\n<meta property=\"article:published_time\" content=\"2023-12-05T13:38:54+00:00\" \/>\n<meta property=\"article:modified_time\" content=\"2023-12-05T13:39:20+00:00\" \/>\n<meta property=\"og:image\" content=\"https:\/\/macite.tg\/wp-content\/uploads\/2023\/12\/image-12.png\" \/>\n\t<meta property=\"og:image:width\" content=\"474\" \/>\n\t<meta property=\"og:image:height\" content=\"379\" \/>\n\t<meta property=\"og:image:type\" content=\"image\/png\" \/>\n<meta name=\"author\" content=\"Jean Pierre BAWELA\" \/>\n<meta name=\"twitter:card\" content=\"summary_large_image\" \/>\n<meta name=\"twitter:label1\" content=\"\u00c9crit par\" \/>\n\t<meta name=\"twitter:data1\" content=\"Jean Pierre BAWELA\" \/>\n\t<meta name=\"twitter:label2\" content=\"Dur\u00e9e de lecture estim\u00e9e\" \/>\n\t<meta name=\"twitter:data2\" content=\"5 minutes\" \/>\n<script type=\"application\/ld+json\" class=\"yoast-schema-graph\">{\"@context\":\"https:\\\/\\\/schema.org\",\"@graph\":[{\"@type\":\"Article\",\"@id\":\"https:\\\/\\\/macite.tg\\\/?p=10870#article\",\"isPartOf\":{\"@id\":\"https:\\\/\\\/macite.tg\\\/?p=10870\"},\"author\":{\"name\":\"Jean Pierre BAWELA\",\"@id\":\"https:\\\/\\\/macite.tg\\\/#\\\/schema\\\/person\\\/e9f2de7e5dbbe7770a9402c7ce82f5c2\"},\"headline\":\"LUTTE CONTRE LE CHANGEMENT CLIMATIQUE\u00a0: Une priorit\u00e9 pour le Chef de l\u2019Etat, Faure Gnassingb\u00e9\",\"datePublished\":\"2023-12-05T13:38:54+00:00\",\"dateModified\":\"2023-12-05T13:39:20+00:00\",\"mainEntityOfPage\":{\"@id\":\"https:\\\/\\\/macite.tg\\\/?p=10870\"},\"wordCount\":1074,\"commentCount\":0,\"image\":{\"@id\":\"https:\\\/\\\/macite.tg\\\/?p=10870#primaryimage\"},\"thumbnailUrl\":\"https:\\\/\\\/macite.tg\\\/wp-content\\\/uploads\\\/2023\\\/12\\\/image-12.png\",\"articleSection\":[\"ACTUALITE\",\"ENVIRONNEMENT\"],\"inLanguage\":\"fr-FR\",\"potentialAction\":[{\"@type\":\"CommentAction\",\"name\":\"Comment\",\"target\":[\"https:\\\/\\\/macite.tg\\\/?p=10870#respond\"]}]},{\"@type\":\"WebPage\",\"@id\":\"https:\\\/\\\/macite.tg\\\/?p=10870\",\"url\":\"https:\\\/\\\/macite.tg\\\/?p=10870\",\"name\":\"LUTTE CONTRE LE CHANGEMENT CLIMATIQUE\u00a0: Une priorit\u00e9 pour le Chef de l\u2019Etat, Faure Gnassingb\u00e9 -\",\"isPartOf\":{\"@id\":\"https:\\\/\\\/macite.tg\\\/#website\"},\"primaryImageOfPage\":{\"@id\":\"https:\\\/\\\/macite.tg\\\/?p=10870#primaryimage\"},\"image\":{\"@id\":\"https:\\\/\\\/macite.tg\\\/?p=10870#primaryimage\"},\"thumbnailUrl\":\"https:\\\/\\\/macite.tg\\\/wp-content\\\/uploads\\\/2023\\\/12\\\/image-12.png\",\"datePublished\":\"2023-12-05T13:38:54+00:00\",\"dateModified\":\"2023-12-05T13:39:20+00:00\",\"author\":{\"@id\":\"https:\\\/\\\/macite.tg\\\/#\\\/schema\\\/person\\\/e9f2de7e5dbbe7770a9402c7ce82f5c2\"},\"breadcrumb\":{\"@id\":\"https:\\\/\\\/macite.tg\\\/?p=10870#breadcrumb\"},\"inLanguage\":\"fr-FR\",\"potentialAction\":[{\"@type\":\"ReadAction\",\"target\":[\"https:\\\/\\\/macite.tg\\\/?p=10870\"]}]},{\"@type\":\"ImageObject\",\"inLanguage\":\"fr-FR\",\"@id\":\"https:\\\/\\\/macite.tg\\\/?p=10870#primaryimage\",\"url\":\"https:\\\/\\\/macite.tg\\\/wp-content\\\/uploads\\\/2023\\\/12\\\/image-12.png\",\"contentUrl\":\"https:\\\/\\\/macite.tg\\\/wp-content\\\/uploads\\\/2023\\\/12\\\/image-12.png\",\"width\":474,\"height\":379},{\"@type\":\"BreadcrumbList\",\"@id\":\"https:\\\/\\\/macite.tg\\\/?p=10870#breadcrumb\",\"itemListElement\":[{\"@type\":\"ListItem\",\"position\":1,\"name\":\"Accueil\",\"item\":\"https:\\\/\\\/macite.tg\\\/\"},{\"@type\":\"ListItem\",\"position\":2,\"name\":\"LUTTE CONTRE LE CHANGEMENT CLIMATIQUE\u00a0: Une priorit\u00e9 pour le Chef de l\u2019Etat, Faure Gnassingb\u00e9\"}]},{\"@type\":\"WebSite\",\"@id\":\"https:\\\/\\\/macite.tg\\\/#website\",\"url\":\"https:\\\/\\\/macite.tg\\\/\",\"name\":\"\",\"description\":\"L&#039;information, la bonne!!!\",\"potentialAction\":[{\"@type\":\"SearchAction\",\"target\":{\"@type\":\"EntryPoint\",\"urlTemplate\":\"https:\\\/\\\/macite.tg\\\/?s={search_term_string}\"},\"query-input\":{\"@type\":\"PropertyValueSpecification\",\"valueRequired\":true,\"valueName\":\"search_term_string\"}}],\"inLanguage\":\"fr-FR\"},{\"@type\":\"Person\",\"@id\":\"https:\\\/\\\/macite.tg\\\/#\\\/schema\\\/person\\\/e9f2de7e5dbbe7770a9402c7ce82f5c2\",\"name\":\"Jean Pierre BAWELA\",\"image\":{\"@type\":\"ImageObject\",\"inLanguage\":\"fr-FR\",\"@id\":\"https:\\\/\\\/macite.tg\\\/wp-content\\\/uploads\\\/2023\\\/09\\\/WhatsApp-Image-2023-09-19-at-14.44.41-122x122.jpeg\",\"url\":\"https:\\\/\\\/macite.tg\\\/wp-content\\\/uploads\\\/2023\\\/09\\\/WhatsApp-Image-2023-09-19-at-14.44.41-122x122.jpeg\",\"contentUrl\":\"https:\\\/\\\/macite.tg\\\/wp-content\\\/uploads\\\/2023\\\/09\\\/WhatsApp-Image-2023-09-19-at-14.44.41-122x122.jpeg\",\"caption\":\"Jean Pierre BAWELA\"},\"url\":\"https:\\\/\\\/macite.tg\\\/?author=2\"}]}<\/script>\n<!-- \/ Yoast SEO plugin. -->","yoast_head_json":{"title":"LUTTE CONTRE LE CHANGEMENT CLIMATIQUE\u00a0: Une priorit\u00e9 pour le Chef de l\u2019Etat, Faure Gnassingb\u00e9 -","robots":{"index":"index","follow":"follow","max-snippet":"max-snippet:-1","max-image-preview":"max-image-preview:large","max-video-preview":"max-video-preview:-1"},"canonical":"https:\/\/macite.tg\/?p=10870","og_locale":"fr_FR","og_type":"article","og_title":"LUTTE CONTRE LE CHANGEMENT CLIMATIQUE\u00a0: Une priorit\u00e9 pour le Chef de l\u2019Etat, Faure Gnassingb\u00e9 -","og_description":"Le Togo est l\u2019un des tout premiers pays africains \u00e0 manifester sa volont\u00e9 de participer \u00e0 la lutte engag\u00e9e au niveau mondial contre le r\u00e9chauffement climatique. Sur les orientations du Pr\u00e9sident de la R\u00e9publique, Faure Essozimna Gnassingb\u00e9, le gouvernement togolais a pris des mesures idoines [&hellip;]","og_url":"https:\/\/macite.tg\/?p=10870","article_published_time":"2023-12-05T13:38:54+00:00","article_modified_time":"2023-12-05T13:39:20+00:00","og_image":[{"width":474,"height":379,"url":"https:\/\/macite.tg\/wp-content\/uploads\/2023\/12\/image-12.png","type":"image\/png"}],"author":"Jean Pierre BAWELA","twitter_card":"summary_large_image","twitter_misc":{"\u00c9crit par":"Jean Pierre BAWELA","Dur\u00e9e de lecture estim\u00e9e":"5 minutes"},"schema":{"@context":"https:\/\/schema.org","@graph":[{"@type":"Article","@id":"https:\/\/macite.tg\/?p=10870#article","isPartOf":{"@id":"https:\/\/macite.tg\/?p=10870"},"author":{"name":"Jean Pierre BAWELA","@id":"https:\/\/macite.tg\/#\/schema\/person\/e9f2de7e5dbbe7770a9402c7ce82f5c2"},"headline":"LUTTE CONTRE LE CHANGEMENT CLIMATIQUE\u00a0: Une priorit\u00e9 pour le Chef de l\u2019Etat, Faure Gnassingb\u00e9","datePublished":"2023-12-05T13:38:54+00:00","dateModified":"2023-12-05T13:39:20+00:00","mainEntityOfPage":{"@id":"https:\/\/macite.tg\/?p=10870"},"wordCount":1074,"commentCount":0,"image":{"@id":"https:\/\/macite.tg\/?p=10870#primaryimage"},"thumbnailUrl":"https:\/\/macite.tg\/wp-content\/uploads\/2023\/12\/image-12.png","articleSection":["ACTUALITE","ENVIRONNEMENT"],"inLanguage":"fr-FR","potentialAction":[{"@type":"CommentAction","name":"Comment","target":["https:\/\/macite.tg\/?p=10870#respond"]}]},{"@type":"WebPage","@id":"https:\/\/macite.tg\/?p=10870","url":"https:\/\/macite.tg\/?p=10870","name":"LUTTE CONTRE LE CHANGEMENT CLIMATIQUE\u00a0: Une priorit\u00e9 pour le Chef de l\u2019Etat, Faure Gnassingb\u00e9 -","isPartOf":{"@id":"https:\/\/macite.tg\/#website"},"primaryImageOfPage":{"@id":"https:\/\/macite.tg\/?p=10870#primaryimage"},"image":{"@id":"https:\/\/macite.tg\/?p=10870#primaryimage"},"thumbnailUrl":"https:\/\/macite.tg\/wp-content\/uploads\/2023\/12\/image-12.png","datePublished":"2023-12-05T13:38:54+00:00","dateModified":"2023-12-05T13:39:20+00:00","author":{"@id":"https:\/\/macite.tg\/#\/schema\/person\/e9f2de7e5dbbe7770a9402c7ce82f5c2"},"breadcrumb":{"@id":"https:\/\/macite.tg\/?p=10870#breadcrumb"},"inLanguage":"fr-FR","potentialAction":[{"@type":"ReadAction","target":["https:\/\/macite.tg\/?p=10870"]}]},{"@type":"ImageObject","inLanguage":"fr-FR","@id":"https:\/\/macite.tg\/?p=10870#primaryimage","url":"https:\/\/macite.tg\/wp-content\/uploads\/2023\/12\/image-12.png","contentUrl":"https:\/\/macite.tg\/wp-content\/uploads\/2023\/12\/image-12.png","width":474,"height":379},{"@type":"BreadcrumbList","@id":"https:\/\/macite.tg\/?p=10870#breadcrumb","itemListElement":[{"@type":"ListItem","position":1,"name":"Accueil","item":"https:\/\/macite.tg\/"},{"@type":"ListItem","position":2,"name":"LUTTE CONTRE LE CHANGEMENT CLIMATIQUE\u00a0: Une priorit\u00e9 pour le Chef de l\u2019Etat, Faure Gnassingb\u00e9"}]},{"@type":"WebSite","@id":"https:\/\/macite.tg\/#website","url":"https:\/\/macite.tg\/","name":"","description":"L&#039;information, la bonne!!!","potentialAction":[{"@type":"SearchAction","target":{"@type":"EntryPoint","urlTemplate":"https:\/\/macite.tg\/?s={search_term_string}"},"query-input":{"@type":"PropertyValueSpecification","valueRequired":true,"valueName":"search_term_string"}}],"inLanguage":"fr-FR"},{"@type":"Person","@id":"https:\/\/macite.tg\/#\/schema\/person\/e9f2de7e5dbbe7770a9402c7ce82f5c2","name":"Jean Pierre BAWELA","image":{"@type":"ImageObject","inLanguage":"fr-FR","@id":"https:\/\/macite.tg\/wp-content\/uploads\/2023\/09\/WhatsApp-Image-2023-09-19-at-14.44.41-122x122.jpeg","url":"https:\/\/macite.tg\/wp-content\/uploads\/2023\/09\/WhatsApp-Image-2023-09-19-at-14.44.41-122x122.jpeg","contentUrl":"https:\/\/macite.tg\/wp-content\/uploads\/2023\/09\/WhatsApp-Image-2023-09-19-at-14.44.41-122x122.jpeg","caption":"Jean Pierre BAWELA"},"url":"https:\/\/macite.tg\/?author=2"}]}},"_links":{"self":[{"href":"https:\/\/macite.tg\/index.php?rest_route=\/wp\/v2\/posts\/10870","targetHints":{"allow":["GET"]}}],"collection":[{"href":"https:\/\/macite.tg\/index.php?rest_route=\/wp\/v2\/posts"}],"about":[{"href":"https:\/\/macite.tg\/index.php?rest_route=\/wp\/v2\/types\/post"}],"author":[{"embeddable":true,"href":"https:\/\/macite.tg\/index.php?rest_route=\/wp\/v2\/users\/2"}],"replies":[{"embeddable":true,"href":"https:\/\/macite.tg\/index.php?rest_route=%2Fwp%2Fv2%2Fcomments&post=10870"}],"version-history":[{"count":0,"href":"https:\/\/macite.tg\/index.php?rest_route=\/wp\/v2\/posts\/10870\/revisions"}],"wp:featuredmedia":[{"embeddable":true,"href":"https:\/\/macite.tg\/index.php?rest_route=\/wp\/v2\/media\/10871"}],"wp:attachment":[{"href":"https:\/\/macite.tg\/index.php?rest_route=%2Fwp%2Fv2%2Fmedia&parent=10870"}],"wp:term":[{"taxonomy":"category","embeddable":true,"href":"https:\/\/macite.tg\/index.php?rest_route=%2Fwp%2Fv2%2Fcategories&post=10870"},{"taxonomy":"post_tag","embeddable":true,"href":"https:\/\/macite.tg\/index.php?rest_route=%2Fwp%2Fv2%2Ftags&post=10870"}],"curies":[{"name":"wp","href":"https:\/\/api.w.org\/{rel}","templated":true}]}}