{"id":10869,"date":"2023-12-05T13:52:50","date_gmt":"2023-12-05T13:52:50","guid":{"rendered":"https:\/\/macite.tg\/?p=10869"},"modified":"2023-12-05T13:52:53","modified_gmt":"2023-12-05T13:52:53","slug":"affaire-sonko-etat-senegalais-devant-la-cour-de-la-cedeao-le-leader-du-pastef-reclame-1250-milliards","status":"publish","type":"post","link":"https:\/\/macite.tg\/?p=10869","title":{"rendered":"AFFAIRE SONKO-ETAT SENEGALAIS\u00a0DEVANT LA COUR DE LA CEDEAO\u00a0: Le leader du Pastef r\u00e9clame 1250 milliards"},"content":{"rendered":"\n<h1 class=\"wp-block-heading\"><i class=\"fas fa-pencil-alt\"> <\/i><span><\/h1>\n\n\n\n<p class=\"wp-block-paragraph\"><strong><em>Il y a quelques jours, les avocats d\u2019Ousmane Sonko faisaient face \u00e0 l\u2019Etat du S\u00e9n\u00e9gal devant la Haute cour de justice de la CEDEAO.<\/em><\/strong><\/p>\n\n\n\n<p class=\"wp-block-paragraph\">Les avocats du leader politique, qui ont \u00e9t\u00e9 d\u00e9bout\u00e9s par les juges de la Cedeao, esp\u00e9raient la r\u00e9habilitation du parti Pastef, dissout par le gouvernement, et l\u2019inscription de Sonko dans le fichier \u00e9lectoral.<\/p>\n\n\n<div class=\"wp-block-image\">\n<figure class=\"aligncenter size-large is-resized\"><img loading=\"lazy\" decoding=\"async\" src=\"https:\/\/macite.tg\/wp-content\/uploads\/2023\/11\/ANNONCES-1-1024x426.jpg\" alt=\"\" class=\"wp-image-10689\" width=\"624\" height=\"259\" srcset=\"https:\/\/macite.tg\/wp-content\/uploads\/2023\/11\/ANNONCES-1-1024x426.jpg 1024w, https:\/\/macite.tg\/wp-content\/uploads\/2023\/11\/ANNONCES-1-300x125.jpg 300w, https:\/\/macite.tg\/wp-content\/uploads\/2023\/11\/ANNONCES-1-768x319.jpg 768w, https:\/\/macite.tg\/wp-content\/uploads\/2023\/11\/ANNONCES-1.jpg 1080w\" sizes=\"auto, (max-width: 624px) 100vw, 624px\" \/><\/figure>\n<\/div>\n\n\n<p class=\"wp-block-paragraph\">Mais selon le journal Les Echos, ce n\u2019\u00e9tait pas tout.<\/p>\n\n\n\n<p class=\"wp-block-paragraph\">En effet, le m\u00e9dia, qui a consult\u00e9 la d\u00e9cision de la Cedeao, r\u00e9v\u00e8le que Ousmane Sonko et ses conseils avaient demand\u00e9 la somme de 1250,27 milliards Fcfa \u00e0 l\u2019Etat du S\u00e9n\u00e9gal.<\/p>\n\n\n\n<p class=\"wp-block-paragraph\">Il s\u2019agit de 500 milliards de francs CFA \u00e0 titre de dommages et int\u00e9r\u00eats pour Sonko, 750 milliards en guise de r\u00e9paration pour le pr\u00e9judice mat\u00e9riel et moral caus\u00e9 au b\u00e9n\u00e9fice du parti Pastef, 250 millions \u00e0 la famille du requ\u00e9rant et 20 millions pour le maire de Ziguinchor pour les frais de justice qu\u2019il a engag\u00e9s dans les diff\u00e9rentes affaires le concernant. Cette requ\u00eate a \u00e9t\u00e9 malheureusement rejet\u00e9e par la Cedeao.<\/p>\n\n\n<div class=\"wp-block-image\">\n<figure class=\"aligncenter size-large is-resized\"><img loading=\"lazy\" decoding=\"async\" src=\"https:\/\/macite.tg\/wp-content\/uploads\/2023\/11\/WhatsApp-Image-2023-10-09-at-17.28.15-1-1024x1024.jpeg\" alt=\"\" class=\"wp-image-10647\" width=\"409\" height=\"409\" srcset=\"https:\/\/macite.tg\/wp-content\/uploads\/2023\/11\/WhatsApp-Image-2023-10-09-at-17.28.15-1-1024x1024.jpeg 1024w, https:\/\/macite.tg\/wp-content\/uploads\/2023\/11\/WhatsApp-Image-2023-10-09-at-17.28.15-1-300x300.jpeg 300w, https:\/\/macite.tg\/wp-content\/uploads\/2023\/11\/WhatsApp-Image-2023-10-09-at-17.28.15-1-150x150.jpeg 150w, https:\/\/macite.tg\/wp-content\/uploads\/2023\/11\/WhatsApp-Image-2023-10-09-at-17.28.15-1-768x768.jpeg 768w, https:\/\/macite.tg\/wp-content\/uploads\/2023\/11\/WhatsApp-Image-2023-10-09-at-17.28.15-1-122x122.jpeg 122w, https:\/\/macite.tg\/wp-content\/uploads\/2023\/11\/WhatsApp-Image-2023-10-09-at-17.28.15-1.jpeg 1280w\" sizes=\"auto, (max-width: 409px) 100vw, 409px\" \/><\/figure>\n<\/div>\n\n\n<p class=\"wp-block-paragraph\">Supposons, que la Cour avait donn\u00e9 un avis favorable, m\u00eame en r\u00e9duisant le montant de cette cagnotte r\u00e9clam\u00e9e, le leader du Pastef serait ainsi, un multimilliardaire sans avoir v\u00e9ritablement travaill\u00e9. Qui dit que la politique n\u2019enrichit pas&nbsp;? s\u2019interroge une source sous anonymats.<\/p>\n\n\n\n<p class=\"wp-block-paragraph\"><strong>Avec SeneNews<\/strong><\/p>\n\n\n\n<p class=\"wp-block-paragraph\"><strong><em>@macite.tg&nbsp;&nbsp;&nbsp;&nbsp;&nbsp;&nbsp;&nbsp;&nbsp;<\/em><\/strong><\/p>\n\n\n\n<p class=\"wp-block-paragraph\"><strong><em>E-mail&nbsp;: <\/em><\/strong><a href=\"mailto:maciteinfo@gmail.com\"><strong><em>maciteinfo@gmail.com<\/em><\/strong><\/a><strong><em>; <\/em><\/strong><a href=\"mailto:bawela1@gmail.com\"><strong><em>bawela1@gmail.com<\/em><\/strong><\/a><strong><em><\/em><\/strong><\/p>\n\n\n\n<p class=\"wp-block-paragraph\"><strong><em>Pour vos annonces, (publi)reportages, etc., joignez-nous au (00228)91515309\/<strong>79872224 <\/strong>www.macite.tg, L\u2019information, la bonne&nbsp;!<\/em><\/strong><\/p>\n","protected":false},"excerpt":{"rendered":"<p class=\"text-justify mb-2\" >Il y a quelques jours, les avocats d\u2019Ousmane Sonko faisaient face \u00e0 l\u2019Etat du S\u00e9n\u00e9gal devant la Haute cour de justice de la CEDEAO. Les avocats du leader politique, qui ont \u00e9t\u00e9 d\u00e9bout\u00e9s par les juges de la Cedeao, esp\u00e9raient la r\u00e9habilitation du parti Pastef, [&hellip;]<\/p>\n","protected":false},"author":2,"featured_media":10874,"comment_status":"open","ping_status":"open","sticky":false,"template":"","format":"standard","meta":{"footnotes":""},"categories":[20,26],"tags":[],"class_list":["post-10869","post","type-post","status-publish","format-standard","has-post-thumbnail","hentry","category-actualite","category-justice"],"yoast_head":"<!-- This site is optimized with the Yoast SEO plugin v28.4 - https:\/\/yoast.com\/product\/yoast-seo-wordpress\/ -->\n<title>AFFAIRE SONKO-ETAT SENEGALAIS\u00a0DEVANT LA COUR DE LA CEDEAO\u00a0: Le leader du Pastef r\u00e9clame 1250 milliards -<\/title>\n<meta name=\"robots\" content=\"index, follow, max-snippet:-1, max-image-preview:large, max-video-preview:-1\" \/>\n<link rel=\"canonical\" href=\"https:\/\/macite.tg\/?p=10869\" \/>\n<meta property=\"og:locale\" content=\"fr_FR\" \/>\n<meta property=\"og:type\" content=\"article\" \/>\n<meta property=\"og:title\" content=\"AFFAIRE SONKO-ETAT SENEGALAIS\u00a0DEVANT LA COUR DE LA CEDEAO\u00a0: Le leader du Pastef r\u00e9clame 1250 milliards -\" \/>\n<meta property=\"og:description\" content=\"Il y a quelques jours, les avocats d\u2019Ousmane Sonko faisaient face \u00e0 l\u2019Etat du S\u00e9n\u00e9gal devant la Haute cour de justice de la CEDEAO. Les avocats du leader politique, qui ont \u00e9t\u00e9 d\u00e9bout\u00e9s par les juges de la Cedeao, esp\u00e9raient la r\u00e9habilitation du parti Pastef, [&hellip;]\" \/>\n<meta property=\"og:url\" content=\"https:\/\/macite.tg\/?p=10869\" \/>\n<meta property=\"article:published_time\" content=\"2023-12-05T13:52:50+00:00\" \/>\n<meta property=\"article:modified_time\" content=\"2023-12-05T13:52:53+00:00\" \/>\n<meta property=\"og:image\" content=\"https:\/\/macite.tg\/wp-content\/uploads\/2023\/12\/image-13.png\" \/>\n\t<meta property=\"og:image:width\" content=\"696\" \/>\n\t<meta property=\"og:image:height\" content=\"392\" \/>\n\t<meta property=\"og:image:type\" content=\"image\/png\" \/>\n<meta name=\"author\" content=\"Jean Pierre BAWELA\" \/>\n<meta name=\"twitter:card\" content=\"summary_large_image\" \/>\n<meta name=\"twitter:label1\" content=\"\u00c9crit par\" \/>\n\t<meta name=\"twitter:data1\" content=\"Jean Pierre BAWELA\" \/>\n\t<meta name=\"twitter:label2\" content=\"Dur\u00e9e de lecture estim\u00e9e\" \/>\n\t<meta name=\"twitter:data2\" content=\"1 minute\" \/>\n<script type=\"application\/ld+json\" class=\"yoast-schema-graph\">{\"@context\":\"https:\\\/\\\/schema.org\",\"@graph\":[{\"@type\":\"Article\",\"@id\":\"https:\\\/\\\/macite.tg\\\/?p=10869#article\",\"isPartOf\":{\"@id\":\"https:\\\/\\\/macite.tg\\\/?p=10869\"},\"author\":{\"name\":\"Jean Pierre BAWELA\",\"@id\":\"https:\\\/\\\/macite.tg\\\/#\\\/schema\\\/person\\\/e9f2de7e5dbbe7770a9402c7ce82f5c2\"},\"headline\":\"AFFAIRE SONKO-ETAT SENEGALAIS\u00a0DEVANT LA COUR DE LA CEDEAO\u00a0: Le leader du Pastef r\u00e9clame 1250 milliards\",\"datePublished\":\"2023-12-05T13:52:50+00:00\",\"dateModified\":\"2023-12-05T13:52:53+00:00\",\"mainEntityOfPage\":{\"@id\":\"https:\\\/\\\/macite.tg\\\/?p=10869\"},\"wordCount\":294,\"commentCount\":0,\"image\":{\"@id\":\"https:\\\/\\\/macite.tg\\\/?p=10869#primaryimage\"},\"thumbnailUrl\":\"https:\\\/\\\/macite.tg\\\/wp-content\\\/uploads\\\/2023\\\/12\\\/image-13.png\",\"articleSection\":[\"ACTUALITE\",\"JUSTICE\"],\"inLanguage\":\"fr-FR\",\"potentialAction\":[{\"@type\":\"CommentAction\",\"name\":\"Comment\",\"target\":[\"https:\\\/\\\/macite.tg\\\/?p=10869#respond\"]}]},{\"@type\":\"WebPage\",\"@id\":\"https:\\\/\\\/macite.tg\\\/?p=10869\",\"url\":\"https:\\\/\\\/macite.tg\\\/?p=10869\",\"name\":\"AFFAIRE SONKO-ETAT SENEGALAIS\u00a0DEVANT LA COUR DE LA CEDEAO\u00a0: Le leader du Pastef r\u00e9clame 1250 milliards -\",\"isPartOf\":{\"@id\":\"https:\\\/\\\/macite.tg\\\/#website\"},\"primaryImageOfPage\":{\"@id\":\"https:\\\/\\\/macite.tg\\\/?p=10869#primaryimage\"},\"image\":{\"@id\":\"https:\\\/\\\/macite.tg\\\/?p=10869#primaryimage\"},\"thumbnailUrl\":\"https:\\\/\\\/macite.tg\\\/wp-content\\\/uploads\\\/2023\\\/12\\\/image-13.png\",\"datePublished\":\"2023-12-05T13:52:50+00:00\",\"dateModified\":\"2023-12-05T13:52:53+00:00\",\"author\":{\"@id\":\"https:\\\/\\\/macite.tg\\\/#\\\/schema\\\/person\\\/e9f2de7e5dbbe7770a9402c7ce82f5c2\"},\"breadcrumb\":{\"@id\":\"https:\\\/\\\/macite.tg\\\/?p=10869#breadcrumb\"},\"inLanguage\":\"fr-FR\",\"potentialAction\":[{\"@type\":\"ReadAction\",\"target\":[\"https:\\\/\\\/macite.tg\\\/?p=10869\"]}]},{\"@type\":\"ImageObject\",\"inLanguage\":\"fr-FR\",\"@id\":\"https:\\\/\\\/macite.tg\\\/?p=10869#primaryimage\",\"url\":\"https:\\\/\\\/macite.tg\\\/wp-content\\\/uploads\\\/2023\\\/12\\\/image-13.png\",\"contentUrl\":\"https:\\\/\\\/macite.tg\\\/wp-content\\\/uploads\\\/2023\\\/12\\\/image-13.png\",\"width\":696,\"height\":392},{\"@type\":\"BreadcrumbList\",\"@id\":\"https:\\\/\\\/macite.tg\\\/?p=10869#breadcrumb\",\"itemListElement\":[{\"@type\":\"ListItem\",\"position\":1,\"name\":\"Accueil\",\"item\":\"https:\\\/\\\/macite.tg\\\/\"},{\"@type\":\"ListItem\",\"position\":2,\"name\":\"AFFAIRE SONKO-ETAT SENEGALAIS\u00a0DEVANT LA COUR DE LA CEDEAO\u00a0: Le leader du Pastef r\u00e9clame 1250 milliards\"}]},{\"@type\":\"WebSite\",\"@id\":\"https:\\\/\\\/macite.tg\\\/#website\",\"url\":\"https:\\\/\\\/macite.tg\\\/\",\"name\":\"\",\"description\":\"L&#039;information, la bonne!!!\",\"potentialAction\":[{\"@type\":\"SearchAction\",\"target\":{\"@type\":\"EntryPoint\",\"urlTemplate\":\"https:\\\/\\\/macite.tg\\\/?s={search_term_string}\"},\"query-input\":{\"@type\":\"PropertyValueSpecification\",\"valueRequired\":true,\"valueName\":\"search_term_string\"}}],\"inLanguage\":\"fr-FR\"},{\"@type\":\"Person\",\"@id\":\"https:\\\/\\\/macite.tg\\\/#\\\/schema\\\/person\\\/e9f2de7e5dbbe7770a9402c7ce82f5c2\",\"name\":\"Jean Pierre BAWELA\",\"image\":{\"@type\":\"ImageObject\",\"inLanguage\":\"fr-FR\",\"@id\":\"https:\\\/\\\/macite.tg\\\/wp-content\\\/uploads\\\/2023\\\/09\\\/WhatsApp-Image-2023-09-19-at-14.44.41-122x122.jpeg\",\"url\":\"https:\\\/\\\/macite.tg\\\/wp-content\\\/uploads\\\/2023\\\/09\\\/WhatsApp-Image-2023-09-19-at-14.44.41-122x122.jpeg\",\"contentUrl\":\"https:\\\/\\\/macite.tg\\\/wp-content\\\/uploads\\\/2023\\\/09\\\/WhatsApp-Image-2023-09-19-at-14.44.41-122x122.jpeg\",\"caption\":\"Jean Pierre BAWELA\"},\"url\":\"https:\\\/\\\/macite.tg\\\/?author=2\"}]}<\/script>\n<!-- \/ Yoast SEO plugin. -->","yoast_head_json":{"title":"AFFAIRE SONKO-ETAT SENEGALAIS\u00a0DEVANT LA COUR DE LA CEDEAO\u00a0: Le leader du Pastef r\u00e9clame 1250 milliards -","robots":{"index":"index","follow":"follow","max-snippet":"max-snippet:-1","max-image-preview":"max-image-preview:large","max-video-preview":"max-video-preview:-1"},"canonical":"https:\/\/macite.tg\/?p=10869","og_locale":"fr_FR","og_type":"article","og_title":"AFFAIRE SONKO-ETAT SENEGALAIS\u00a0DEVANT LA COUR DE LA CEDEAO\u00a0: Le leader du Pastef r\u00e9clame 1250 milliards -","og_description":"Il y a quelques jours, les avocats d\u2019Ousmane Sonko faisaient face \u00e0 l\u2019Etat du S\u00e9n\u00e9gal devant la Haute cour de justice de la CEDEAO. Les avocats du leader politique, qui ont \u00e9t\u00e9 d\u00e9bout\u00e9s par les juges de la Cedeao, esp\u00e9raient la r\u00e9habilitation du parti Pastef, [&hellip;]","og_url":"https:\/\/macite.tg\/?p=10869","article_published_time":"2023-12-05T13:52:50+00:00","article_modified_time":"2023-12-05T13:52:53+00:00","og_image":[{"width":696,"height":392,"url":"https:\/\/macite.tg\/wp-content\/uploads\/2023\/12\/image-13.png","type":"image\/png"}],"author":"Jean Pierre BAWELA","twitter_card":"summary_large_image","twitter_misc":{"\u00c9crit par":"Jean Pierre BAWELA","Dur\u00e9e de lecture estim\u00e9e":"1 minute"},"schema":{"@context":"https:\/\/schema.org","@graph":[{"@type":"Article","@id":"https:\/\/macite.tg\/?p=10869#article","isPartOf":{"@id":"https:\/\/macite.tg\/?p=10869"},"author":{"name":"Jean Pierre BAWELA","@id":"https:\/\/macite.tg\/#\/schema\/person\/e9f2de7e5dbbe7770a9402c7ce82f5c2"},"headline":"AFFAIRE SONKO-ETAT SENEGALAIS\u00a0DEVANT LA COUR DE LA CEDEAO\u00a0: Le leader du Pastef r\u00e9clame 1250 milliards","datePublished":"2023-12-05T13:52:50+00:00","dateModified":"2023-12-05T13:52:53+00:00","mainEntityOfPage":{"@id":"https:\/\/macite.tg\/?p=10869"},"wordCount":294,"commentCount":0,"image":{"@id":"https:\/\/macite.tg\/?p=10869#primaryimage"},"thumbnailUrl":"https:\/\/macite.tg\/wp-content\/uploads\/2023\/12\/image-13.png","articleSection":["ACTUALITE","JUSTICE"],"inLanguage":"fr-FR","potentialAction":[{"@type":"CommentAction","name":"Comment","target":["https:\/\/macite.tg\/?p=10869#respond"]}]},{"@type":"WebPage","@id":"https:\/\/macite.tg\/?p=10869","url":"https:\/\/macite.tg\/?p=10869","name":"AFFAIRE SONKO-ETAT SENEGALAIS\u00a0DEVANT LA COUR DE LA CEDEAO\u00a0: Le leader du Pastef r\u00e9clame 1250 milliards -","isPartOf":{"@id":"https:\/\/macite.tg\/#website"},"primaryImageOfPage":{"@id":"https:\/\/macite.tg\/?p=10869#primaryimage"},"image":{"@id":"https:\/\/macite.tg\/?p=10869#primaryimage"},"thumbnailUrl":"https:\/\/macite.tg\/wp-content\/uploads\/2023\/12\/image-13.png","datePublished":"2023-12-05T13:52:50+00:00","dateModified":"2023-12-05T13:52:53+00:00","author":{"@id":"https:\/\/macite.tg\/#\/schema\/person\/e9f2de7e5dbbe7770a9402c7ce82f5c2"},"breadcrumb":{"@id":"https:\/\/macite.tg\/?p=10869#breadcrumb"},"inLanguage":"fr-FR","potentialAction":[{"@type":"ReadAction","target":["https:\/\/macite.tg\/?p=10869"]}]},{"@type":"ImageObject","inLanguage":"fr-FR","@id":"https:\/\/macite.tg\/?p=10869#primaryimage","url":"https:\/\/macite.tg\/wp-content\/uploads\/2023\/12\/image-13.png","contentUrl":"https:\/\/macite.tg\/wp-content\/uploads\/2023\/12\/image-13.png","width":696,"height":392},{"@type":"BreadcrumbList","@id":"https:\/\/macite.tg\/?p=10869#breadcrumb","itemListElement":[{"@type":"ListItem","position":1,"name":"Accueil","item":"https:\/\/macite.tg\/"},{"@type":"ListItem","position":2,"name":"AFFAIRE SONKO-ETAT SENEGALAIS\u00a0DEVANT LA COUR DE LA CEDEAO\u00a0: Le leader du Pastef r\u00e9clame 1250 milliards"}]},{"@type":"WebSite","@id":"https:\/\/macite.tg\/#website","url":"https:\/\/macite.tg\/","name":"","description":"L&#039;information, la bonne!!!","potentialAction":[{"@type":"SearchAction","target":{"@type":"EntryPoint","urlTemplate":"https:\/\/macite.tg\/?s={search_term_string}"},"query-input":{"@type":"PropertyValueSpecification","valueRequired":true,"valueName":"search_term_string"}}],"inLanguage":"fr-FR"},{"@type":"Person","@id":"https:\/\/macite.tg\/#\/schema\/person\/e9f2de7e5dbbe7770a9402c7ce82f5c2","name":"Jean Pierre BAWELA","image":{"@type":"ImageObject","inLanguage":"fr-FR","@id":"https:\/\/macite.tg\/wp-content\/uploads\/2023\/09\/WhatsApp-Image-2023-09-19-at-14.44.41-122x122.jpeg","url":"https:\/\/macite.tg\/wp-content\/uploads\/2023\/09\/WhatsApp-Image-2023-09-19-at-14.44.41-122x122.jpeg","contentUrl":"https:\/\/macite.tg\/wp-content\/uploads\/2023\/09\/WhatsApp-Image-2023-09-19-at-14.44.41-122x122.jpeg","caption":"Jean Pierre BAWELA"},"url":"https:\/\/macite.tg\/?author=2"}]}},"_links":{"self":[{"href":"https:\/\/macite.tg\/index.php?rest_route=\/wp\/v2\/posts\/10869","targetHints":{"allow":["GET"]}}],"collection":[{"href":"https:\/\/macite.tg\/index.php?rest_route=\/wp\/v2\/posts"}],"about":[{"href":"https:\/\/macite.tg\/index.php?rest_route=\/wp\/v2\/types\/post"}],"author":[{"embeddable":true,"href":"https:\/\/macite.tg\/index.php?rest_route=\/wp\/v2\/users\/2"}],"replies":[{"embeddable":true,"href":"https:\/\/macite.tg\/index.php?rest_route=%2Fwp%2Fv2%2Fcomments&post=10869"}],"version-history":[{"count":0,"href":"https:\/\/macite.tg\/index.php?rest_route=\/wp\/v2\/posts\/10869\/revisions"}],"wp:featuredmedia":[{"embeddable":true,"href":"https:\/\/macite.tg\/index.php?rest_route=\/wp\/v2\/media\/10874"}],"wp:attachment":[{"href":"https:\/\/macite.tg\/index.php?rest_route=%2Fwp%2Fv2%2Fmedia&parent=10869"}],"wp:term":[{"taxonomy":"category","embeddable":true,"href":"https:\/\/macite.tg\/index.php?rest_route=%2Fwp%2Fv2%2Fcategories&post=10869"},{"taxonomy":"post_tag","embeddable":true,"href":"https:\/\/macite.tg\/index.php?rest_route=%2Fwp%2Fv2%2Ftags&post=10869"}],"curies":[{"name":"wp","href":"https:\/\/api.w.org\/{rel}","templated":true}]}}