{"id":10863,"date":"2023-12-05T13:05:02","date_gmt":"2023-12-05T13:05:02","guid":{"rendered":"https:\/\/macite.tg\/?p=10863"},"modified":"2023-12-05T13:05:05","modified_gmt":"2023-12-05T13:05:05","slug":"cooperation-entre-le-maroc-et-les-emirats-arabes-unis-sm-le-roi-et-le-president-de-leeau-signent-un-accord-novateur-vers-la-mise-en-oeuvre","status":"publish","type":"post","link":"https:\/\/macite.tg\/?p=10863","title":{"rendered":"COOPERATION ENTRE LE MAROC ET LES EMIRATS ARABES UNIS\u00a0: SM le Roi et le Pr\u00e9sident de l\u2019EEAU signent un accord \u2018\u2019novateur\u2019\u2019\u2026 Vers la mise en \u0153uvre du projet de gazoduc Afrique-Atlantique"},"content":{"rendered":"\n<p class=\"wp-block-paragraph\"><strong><em>Sur invitation de Son Altesse Cheikh Mohammed Ben Zayed Al-Nahyane, Pr\u00e9sident de l\u2019Etat des Emirats Arabes Unis, Sa Majest\u00e9 le Roi Mohammed VI, que Dieu Le glorifie, effectue \u00ab\u00a0une visite de travail et de fraternit\u00e9\u00a0\u00bb, de 48 heures (du 04 au 05 d\u00e9cembre 2023), \u00e0 l\u2019Etat des Emirats Arabes Unis. Les deux hautes personnalit\u00e9s, engag\u00e9es pour le d\u00e9veloppement de leurs pays respectifs, ont, \u00e0 l\u2019issue de Leurs entretiens bilat\u00e9raux, conclu le lundi 04 d\u00e9cembre, un accord de partenariat, dit D\u00e9claration \u2018\u2019Vers un partenariat novateur, renouvel\u00e9 et enracin\u00e9 entre le Royaume du Maroc et l\u2019Etat des Emirats Arabes Unis\u2019\u2019. <\/em><\/strong><\/p>\n\n\n\n<p class=\"wp-block-paragraph\">A travers cet engagement mutuel traduit dans cet accord de partenariat, le Roi Mohammed VI et Cheikh Mohammed Ben Zayed Al-Nahyane, Pr\u00e9sident de l\u2019Etat des Emirats Arabes Unis, entendent, non seulement rehausser le niveau des relations entre les deux pays, mais aussi Leur <em>\u00ab&nbsp;coop\u00e9ration commune, vers des horizons plus larges&nbsp;\u00bb<\/em>, ceci par le biais de <em>\u00ab&nbsp;partenariats \u00e9conomiques agissants au service des int\u00e9r\u00eats supr\u00eames mutuels et g\u00e9n\u00e9rateurs de progr\u00e8s et de prosp\u00e9rit\u00e9 pour les deux peuples fr\u00e8res&nbsp;\u00bb<\/em>.<\/p>\n\n\n\n<p class=\"wp-block-paragraph\">Cette D\u00e9claration conjointe de belles d\u2019intentions, traduit la volont\u00e9 des deux leaders de booster les <em>\u00ab&nbsp;relations profondes entre les deux pays fr\u00e8res, dont les fondements ont \u00e9t\u00e9 pos\u00e9s par Feus SM Hassan II et SA Cheikh Zayed Ben Soltane Al-Nahyane&nbsp;\u00bb.<\/em> Les deux Chefs d\u2019Etat ont, dans ce sens, <em>\u00abinsist\u00e9 sur l\u2019ambition des deux pays fr\u00e8res \u00e0 mettre en place des partenariats \u00e9conomiques strat\u00e9giques communs et pionniers au niveau des march\u00e9s r\u00e9gionaux et internationaux, notamment dans l\u2019espace africain&nbsp;\u00bb.<\/em><\/p>\n\n\n\n<p class=\"wp-block-paragraph\">Cette volont\u00e9 commune est ax\u00e9e sur <em>\u00ab&nbsp;des partenariats \u00e9conomiques agissants au service des int\u00e9r\u00eats supr\u00eames mutuels, et g\u00e9n\u00e9rateurs de progr\u00e8s et de prosp\u00e9rit\u00e9 pour les deux peuples fr\u00e8res&nbsp;\u00bb<\/em>. Dans cette dynamique commune, et tout en <em>\u00ab&nbsp;capitalisant sur les relations bilat\u00e9rales et les succ\u00e8s des investissements \u00e9miratis au Maroc&nbsp;\u00bb, <\/em>plusieurs projets phares marquent d\u00e9j\u00e0 l\u2019accord des deux parties.<\/p>\n\n\n\n<p class=\"wp-block-paragraph\">Ces diff\u00e9rents projets devront assur\u00e9ment garantir un bel essor de d\u00e9veloppement durable des deux parties, ceci dans plusieurs domaines, \u00e0 savoir&nbsp;: les infrastructures&nbsp;; les secteurs de l\u2019eau, de l\u2019\u00e9nergie et du d\u00e9veloppement durable&nbsp;; le dans le domaine de la s\u00e9curit\u00e9 alimentaire&nbsp;; le domaine financier et des march\u00e9s des capitaux&nbsp;; le domaine des partenariats \u00e9conomiques et de d\u00e9veloppement des infrastructures \u00e9nerg\u00e9tiques avec les pays africains, conform\u00e9ment aux syst\u00e8mes juridiques et l\u00e9gislatifs&nbsp;; etc.<\/p>\n\n\n\n<p class=\"wp-block-paragraph\">Dans cette longue liste, un domaine qui devrait d\u2019ailleurs booster le d\u00e9veloppement de toute la phase Atlantique, retient notre attention. Il s\u2019agit bien entendu du <em>\u00ab&nbsp;projet du gazoduc Afrique-Atlantique&nbsp;\u00bb<\/em>, un projet phare port\u00e9 par Sa Majest\u00e9 le Roi Mohammed VI, que Dieu L\u2019assiste, con\u00e7u \u00e0 l\u2019image du m\u00e9gaprojet de gazoduc reliant le Royaume du Maroc au Nigeria. Une fois r\u00e9alis\u00e9e, le projet de gazoduc Afrique-Atlantique, qui va traverser plus d\u2019une dizaine de pays africains, devra assurer une ind\u00e9pendance \u00e9nerg\u00e9tique au contient, tout en constituant un mod\u00e8le de coop\u00e9ration sud-sud.<\/p>\n\n\n\n<p class=\"wp-block-paragraph\">Ce projet grandeur nature, est la r\u00e9ponse aux nombreux d\u00e9fis \u00e9nerg\u00e9tiques que font face les pays africains. Selon les sp\u00e9cialistes, le projet de gazoduc Afrique-Atlantique, aux relents \u00e0 la fois \u00e9conomique et g\u00e9ostrat\u00e9giques, va permettre \u00e0 une majorit\u00e9 de pays africains de tourner le dos aux coupures intempestives du courant \u00e9lectrique, gr\u00e2ce \u00e0 une production d\u2019\u00e9lectricit\u00e9 abondante, \u00e0 travers des centrales thermiques aliment\u00e9es parle gaz naturel, notamment du Maroc.<\/p>\n\n\n\n<p class=\"wp-block-paragraph\">Notons que ce projet \u00e9conomiquement viable, gr\u00e2ce \u00e0 ces nombreux avantages \u00e9conomiques, aura \u00e9galement des r\u00e9percussions positives sur le secteur agricole, qui pourra tirer son \u00e9pingle du jeu. En effet, le gaz devra permettre de produire des fertilisants, essentiels et moins co\u00fbteux, pour les producteurs agricoles du continent, contribuant ainsi \u00e0 assurer, au finish, une autosuffisance alimentaire de l\u2019Afrique.<\/p>\n\n\n\n<p class=\"wp-block-paragraph\"><strong><em>Dans les lignes qui suivent, l\u2019int\u00e9gralit\u00e9 de ladite D\u00e9claration&nbsp;:<\/em><\/strong><\/p>\n\n\n<div class=\"wp-block-image\">\n<figure class=\"aligncenter size-full is-resized\"><img loading=\"lazy\" decoding=\"async\" src=\"https:\/\/macite.tg\/wp-content\/uploads\/2023\/12\/656dfc9db39fa_roi-maroc-uae.png\" alt=\"\" class=\"wp-image-10865\" width=\"522\" height=\"303\" srcset=\"https:\/\/macite.tg\/wp-content\/uploads\/2023\/12\/656dfc9db39fa_roi-maroc-uae.png 763w, https:\/\/macite.tg\/wp-content\/uploads\/2023\/12\/656dfc9db39fa_roi-maroc-uae-300x174.png 300w\" sizes=\"auto, (max-width: 522px) 100vw, 522px\" \/><\/figure>\n<\/div>\n\n\n<p class=\"has-text-align-center wp-block-paragraph\"><strong>Voici le texte de cette D\u00e9claration :<\/strong><\/p>\n\n\n\n<p class=\"wp-block-paragraph\">\u00ab Sur aimable invitation de Son Altesse Cheikh Mohammed Ben Zayed Al Nahyane, Pr\u00e9sident de l\u2019Etat des Emirats Arabes Unis, Sa Majest\u00e9 le Roi Mohammed VI, Souverain du Maroc, a effectu\u00e9 une visite de travail et de fraternit\u00e9 \u00e0 l\u2019Etat des Emirats Arabes Unis, les 4 et 5 d\u00e9cembre 2023.<\/p>\n\n\n\n<p class=\"wp-block-paragraph\">&#8211; Cette visite b\u00e9nie intervient en cons\u00e9cration des relations profondes entre les deux pays fr\u00e8res, dont les fondements ont \u00e9t\u00e9 pos\u00e9s par Feus SM Hassan II et SA Cheikh Zayed Ben Soltane Al-Nahyane, consolid\u00e9es et rehauss\u00e9es par les liens de fraternit\u00e9 authentique et d\u2019affection sinc\u00e8re entre les Chefs d\u2019Etat des deux pays, Sa Majest\u00e9 le Roi Mohammed VI et Son Altesse Cheikh Mohammed Ben Zayed Al Nahyane, que Dieu Les pr\u00e9serve.<\/p>\n\n\n\n<p class=\"wp-block-paragraph\">&#8211; Durant Leurs entretiens bilat\u00e9raux, marqu\u00e9s par la confiance totale et une pleine convergence de vues sur les opportunit\u00e9s et les possibilit\u00e9s de compl\u00e9mentarit\u00e9 et de coop\u00e9ration pragmatique entre les deux pays dans le cadre d\u2019une synergie et d\u2019une intensification des \u00e9changes, les deux Chefs d\u2019Etat ont r\u00e9it\u00e9r\u00e9 Leur volont\u00e9 ferme et r\u00e9solue de rehausser les relations entre les deux pays et leur coop\u00e9ration commune vers des horizons plus larges, par le biais de partenariats \u00e9conomiques agissants au service des int\u00e9r\u00eats supr\u00eames mutuels, et g\u00e9n\u00e9rateurs de progr\u00e8s et de prosp\u00e9rit\u00e9 pour les deux peuples fr\u00e8res.<\/p>\n\n\n\n<p class=\"wp-block-paragraph\">&#8211; Les deux Chefs d\u2019Etat ont insist\u00e9 sur l\u2019ambition des deux pays fr\u00e8res \u00e0 mettre en place des partenariats \u00e9conomiques strat\u00e9giques communs et pionniers au niveau des march\u00e9s r\u00e9gionaux et internationaux, notamment dans l\u2019espace africain.<\/p>\n\n\n\n<p class=\"wp-block-paragraph\">&#8211; Capitalisant sur les relations bilat\u00e9rales et les succ\u00e8s des investissements \u00e9miratis au Maroc, en appui au programme du d\u00e9veloppement \u00e9conomique et social au titre des ann\u00e9es 2024-2029 et en accompagnement de l\u2019\u00e9volution de l\u2019arsenal l\u00e9gislatif et r\u00e9glementaire garantissant des opportunit\u00e9s d\u2019investissement prometteuses et un climat d\u2019affaires attractif, les deux Chefs d\u2019Etat, que Dieu Les pr\u00e9serve, ont d\u00e9cid\u00e9 ce qui suit conform\u00e9ment aux arrangements consign\u00e9s dans cette D\u00e9claration : \u0152uvrer \u00e0 mettre en place un partenariat novateur, renouvel\u00e9 et enracin\u00e9 entre le Royaume du Maroc et l\u2019Etat des Emirats Arabes Unis :<\/p>\n\n\n<div class=\"wp-block-image\">\n<figure class=\"aligncenter size-large is-resized\"><img loading=\"lazy\" decoding=\"async\" src=\"https:\/\/macite.tg\/wp-content\/uploads\/2023\/11\/WhatsApp-Image-2023-10-09-at-17.28.15-1-1024x1024.jpeg\" alt=\"\" class=\"wp-image-10647\" width=\"429\" height=\"429\" srcset=\"https:\/\/macite.tg\/wp-content\/uploads\/2023\/11\/WhatsApp-Image-2023-10-09-at-17.28.15-1-1024x1024.jpeg 1024w, https:\/\/macite.tg\/wp-content\/uploads\/2023\/11\/WhatsApp-Image-2023-10-09-at-17.28.15-1-300x300.jpeg 300w, https:\/\/macite.tg\/wp-content\/uploads\/2023\/11\/WhatsApp-Image-2023-10-09-at-17.28.15-1-150x150.jpeg 150w, https:\/\/macite.tg\/wp-content\/uploads\/2023\/11\/WhatsApp-Image-2023-10-09-at-17.28.15-1-768x768.jpeg 768w, https:\/\/macite.tg\/wp-content\/uploads\/2023\/11\/WhatsApp-Image-2023-10-09-at-17.28.15-1-122x122.jpeg 122w, https:\/\/macite.tg\/wp-content\/uploads\/2023\/11\/WhatsApp-Image-2023-10-09-at-17.28.15-1.jpeg 1280w\" sizes=\"auto, (max-width: 429px) 100vw, 429px\" \/><\/figure>\n<\/div>\n\n\n<p class=\"wp-block-paragraph\"><strong>Premi\u00e8rement : Les objectifs et les principes :<\/strong><\/p>\n\n\n\n<ol class=\"wp-block-list\" type=\"1\">\n<li>Le partenariat vise \u00e0 r\u00e9aliser ce qui suit :<\/li>\n\n\n\n<li>\u0152uvrer \u00e0 traduire la compl\u00e9mentarit\u00e9 entre les deux pays en une solidarit\u00e9 qualitative et en un investissement durable, dans le but de hisser les relations bilat\u00e9rales aux plans \u00e9conomique, commercial, d\u2019investissement et d\u2019industrie au rang des liens politiques et populaires profonds et ce, au service des objectifs de d\u00e9veloppement et de prosp\u00e9rit\u00e9 communs ;<\/li>\n\n\n\n<li>Instaurer un mod\u00e8le de coop\u00e9ration \u00e9conomique et d\u2019investissement global et \u00e9quilibr\u00e9, ouvert sur le secteur priv\u00e9 et g\u00e9n\u00e9rateur de bienfaits et de d\u00e9veloppement pour tous ;<\/li>\n\n\n\n<li>Activer une coop\u00e9ration pragmatique et concr\u00e8te par le biais de projets structurants r\u00e9pondant aux int\u00e9r\u00eats des deux parties notamment dans les secteurs sociaux \u00e9conomiques et des infrastructures, des transports, de l\u2019eau potable, de l\u2019agriculture, de l\u2019\u00e9nergie, du tourisme, de l\u2019immobilier ainsi que dans les domaines de la formation et de l\u2019emploi.<\/li>\n\n\n\n<li>Les deux parties s\u2019appuient dans leur coop\u00e9ration sur les principes suivants :<\/li>\n\n\n\n<li>Donner une impulsion forte et renouvel\u00e9e au partenariat, au d\u00e9veloppement \u00e9conomique et \u00e0 l\u2019investissement entre les deux pays, conform\u00e9ment aux l\u00e9gislations en vigueur ainsi qu\u2019\u00e0 leurs engagements internationaux ;<\/li>\n\n\n\n<li>Tenir compte des int\u00e9r\u00eats supr\u00eames et des pr\u00e9occupations communes des deux parties, tout en appr\u00e9ciant hautement la confiance mutuelle en vue de la r\u00e9alisation d\u2019une coop\u00e9ration concr\u00e8te au service du d\u00e9veloppement des int\u00e9r\u00eats mutuels sur la base du principe gagnant-gagnant ;<\/li>\n\n\n\n<li>Activer des mod\u00e8les de coop\u00e9ration pragmatiques et novateurs en conformit\u00e9 avec l\u2019entente mutuelle en vue de soutenir et mettre en \u0153uvre des projets qualitatifs, en mobilisant le soutien financier \u00e0 travers des financements et des partenariats entre les secteurs public et priv\u00e9 et les capitaux d\u2019investissement.<\/li>\n<\/ol>\n\n\n\n<p class=\"wp-block-paragraph\"><strong>Deuxi\u00e8mement : El\u00e9ments de partenariat et de coop\u00e9ration<\/strong><\/p>\n\n\n\n<p class=\"wp-block-paragraph\">Les deux parties s\u2019engagent \u00e0 \u0153uvrer sur la base d\u2019une entente mutuelle en vue de donner la priorit\u00e9 aux secteurs suivants :<\/p>\n\n\n\n<ol class=\"wp-block-list\" type=\"1\">\n<li>Identification des opportunit\u00e9s d\u2019investissement dans le domaine des infrastructures,<\/li>\n<\/ol>\n\n\n\n<p class=\"wp-block-paragraph\">a- Extension des chemins de fer, en donnant la priorit\u00e9 plus particuli\u00e8rement au Train \u00e0 Grande Vitesse K\u00e9nitra-Marrakech ;<\/p>\n\n\n\n<p class=\"wp-block-paragraph\">b- D\u00e9veloppement des a\u00e9roports, dont ceux de Casablanca, Marrakech, Dakhla (Dakhla Hub) et Nador ;<\/p>\n\n\n\n<p class=\"wp-block-paragraph\">c- Am\u00e9nagement des ports tout en investissant dans leur gestion, particuli\u00e8rement le port Nador West Med et le Port de Dakhla Atlantique ;<\/p>\n\n\n\n<p class=\"wp-block-paragraph\">d- Les deux parties conviendront ult\u00e9rieurement de la faisabilit\u00e9 de tout projet y aff\u00e9rent.<\/p>\n\n\n\n<ul class=\"wp-block-list\">\n<li>Exploration des opportunit\u00e9s d\u2019investissement dans les secteurs de l\u2019eau, de l\u2019\u00e9nergie et du d\u00e9veloppement durable :<\/li>\n\n\n\n<li>Les projets, pr\u00e9sents et \u00e0 venir, de transferts des eaux, de r\u00e9alisation de barrages destin\u00e9s \u00e0 l\u2019eau potable, \u00e0 l\u2019agriculture et aux barrages hydro-\u00e9lectriques ;<\/li>\n\n\n\n<li>Les \u00e9nergies renouvelables et la production de l\u2019hydrog\u00e8ne vert et ses d\u00e9riv\u00e9s ;<\/li>\n\n\n\n<li>Transport de l\u2019\u00e9nergie, en particulier la r\u00e9alisation et l\u2019exploitation des lignes de transport de l\u2019\u00e9lectricit\u00e9 ;<\/li>\n\n\n\n<li>Les deux parties conviendront ult\u00e9rieurement de la faisabilit\u00e9 de tout projet y aff\u00e9rent.<\/li>\n<\/ul>\n\n\n<div class=\"wp-block-image\">\n<figure class=\"aligncenter size-large is-resized\"><img loading=\"lazy\" decoding=\"async\" src=\"https:\/\/macite.tg\/wp-content\/uploads\/2023\/11\/ANNONCES-1-1024x426.jpg\" alt=\"\" class=\"wp-image-10689\" width=\"575\" height=\"239\" srcset=\"https:\/\/macite.tg\/wp-content\/uploads\/2023\/11\/ANNONCES-1-1024x426.jpg 1024w, https:\/\/macite.tg\/wp-content\/uploads\/2023\/11\/ANNONCES-1-300x125.jpg 300w, https:\/\/macite.tg\/wp-content\/uploads\/2023\/11\/ANNONCES-1-768x319.jpg 768w, https:\/\/macite.tg\/wp-content\/uploads\/2023\/11\/ANNONCES-1.jpg 1080w\" sizes=\"auto, (max-width: 575px) 100vw, 575px\" \/><\/figure>\n<\/div>\n\n\n<p class=\"wp-block-paragraph\">3. Identification des opportunit\u00e9s de coop\u00e9ration strat\u00e9gique dans le domaine de la s\u00e9curit\u00e9 alimentaire, \u00e0 travers l\u2019exploration des opportunit\u00e9s de partenariat avec l\u2019Office Ch\u00e9rifien des Phosphates dans le domaine des fertilisants.<\/p>\n\n\n\n<p class=\"wp-block-paragraph\">4. D\u00e9veloppement de projets communs dans les domaines du tourisme et de l\u2019immobilier, en particulier sur la c\u00f4te m\u00e9diterran\u00e9enne et dans les r\u00e9gions de Dakhla et de Tarfaya.<\/p>\n\n\n\n<p class=\"wp-block-paragraph\">5. Examen de la coop\u00e9ration en mati\u00e8re de d\u00e9veloppement et des possibilit\u00e9s de r\u00e9alisation de projets socio-\u00e9conomiques :<\/p>\n\n\n\n<p class=\"wp-block-paragraph\">a- Les opportunit\u00e9s de contribuer \u00e0 la reconstruction et au r\u00e9am\u00e9nagement des r\u00e9gions touch\u00e9es par le s\u00e9isme d\u2019Al Haouz ;<\/p>\n\n\n\n<p class=\"wp-block-paragraph\">b- L\u2019exploration de la r\u00e9alisation et le financement de projets dans le domaine de construction des \u00e9tablissements scolaires, universitaires et de sant\u00e9 ;<\/p>\n\n\n\n<p class=\"wp-block-paragraph\">c- L\u2019\u00e9tude de r\u00e9alisation et de financement de projets dans le domaine des communications et de l\u2019\u00e9conomie num\u00e9rique ;<\/p>\n\n\n\n<p class=\"wp-block-paragraph\">d- Examen d\u2019autres projets \u00e0 port\u00e9e \u00e9conomique et la coop\u00e9ration dans le cadre d\u2019un partenariat entre les secteurs public et priv\u00e9.<\/p>\n\n\n\n<p class=\"wp-block-paragraph\">6. Exploration des opportunit\u00e9s de coop\u00e9ration dans les domaines de l\u2019industrie, de l\u2019agriculture et l\u2019agro-alimentaire et l\u2019encouragement de ces secteurs \u00e0 contribuer \u00e0 la promotion des relations \u00e9conomiques et commerciales.<\/p>\n\n\n\n<p class=\"wp-block-paragraph\">7. Examen des opportunit\u00e9s de coop\u00e9ration dans le domaine financier et des march\u00e9s des capitaux.<\/p>\n\n\n\n<p class=\"wp-block-paragraph\">8- Examen de la coop\u00e9ration et exploration des perspectives de partenariat entre les Fonds souverains et d\u2019investissement des deux pays ;<\/p>\n\n\n\n<p class=\"wp-block-paragraph\">9- Examen des possibilit\u00e9s de coop\u00e9ration dans le domaine des partenariats \u00e9conomiques et de d\u00e9veloppement des infrastructures \u00e9nerg\u00e9tiques avec les pays africains, conform\u00e9ment aux syst\u00e8mes juridiques et l\u00e9gislatifs, particuli\u00e8rement en ce qui concerne :<\/p>\n\n\n\n<ol class=\"wp-block-list\" type=\"a\">\n<li>Le projet du gazoduc Afrique-Atlantique ;<\/li>\n\n\n\n<li>L\u2019am\u00e9nagement et le d\u00e9veloppement du projet int\u00e9gr\u00e9 \u00ab\u00a0Dakhla Gateway to Africa\u00a0\u00bb ;<\/li>\n\n\n\n<li>La cr\u00e9ation et la gestion d\u2019une flotte maritime commerciale.<\/li>\n<\/ol>\n\n\n\n<p class=\"wp-block-paragraph\">10- Pour tous les projets y aff\u00e9rents, les deux parties conviendront ult\u00e9rieurement de leur faisabilit\u00e9.<\/p>\n\n\n\n<p class=\"wp-block-paragraph\"><strong>Troisi\u00e8mement : M\u00e9morandums d\u2019entente<\/strong><\/p>\n\n\n\n<p class=\"wp-block-paragraph\">Les deux parties \u0153uvreront \u00e0 travers les institutions comp\u00e9tentes \u00e0 examiner les projets strat\u00e9giques \u00e9voqu\u00e9s dans cette D\u00e9claration.<\/p>\n\n\n\n<p class=\"wp-block-paragraph\">Les projets pr\u00e9cit\u00e9s et autres feront l\u2019objet de m\u00e9morandums d\u2019entente sp\u00e9cifiques, en commun accord, r\u00e9pondant aux attentes et objectifs des deux parties, et d\u00e9finissant les caract\u00e9ristiques du projet et les modes de son financement, le calendrier n\u00e9cessaire \u00e0 sa r\u00e9alisation ainsi que les engagements de toutes les parties qui y contribuent. Ces m\u00e9morandums seront examin\u00e9s et conclus dans un d\u00e9lai ne d\u00e9passant pas trois mois \u00e0 compter de la date de cette D\u00e9claration.<\/p>\n\n\n\n<p class=\"wp-block-paragraph\"><strong>Quatri\u00e8mement : Le financement des investissements mentionn\u00e9s dans la D\u00e9claration<\/strong><\/p>\n\n\n\n<ol class=\"wp-block-list\" type=\"1\">\n<li>Les deux parties conviendront en commun accord des modes de financement des projets conform\u00e9ment aux visions d\u00e9finies par les deux parties, de concert avec leurs \u00e9ventuels partenaires le cas \u00e9ch\u00e9ant ;<\/li>\n\n\n\n<li>Les deux parties conviennent que ces financements d\u2019investissement combineront :<\/li>\n\n\n\n<li>Capitaux ;<\/li>\n\n\n\n<li>Pr\u00eats concessionnels ;<\/li>\n\n\n\n<li>Pr\u00eats commerciaux comp\u00e9titifs ;<\/li>\n\n\n\n<li>M\u00e9canismes de financement innovants ;<\/li>\n\n\n\n<li>Dons.<\/li>\n<\/ol>\n\n\n<div class=\"wp-block-image\">\n<figure class=\"aligncenter size-large is-resized\"><img loading=\"lazy\" decoding=\"async\" src=\"https:\/\/macite.tg\/wp-content\/uploads\/2023\/11\/IMG-20230731-WA0145-1-1024x1024.jpg\" alt=\"\" class=\"wp-image-10680\" width=\"426\" height=\"426\" srcset=\"https:\/\/macite.tg\/wp-content\/uploads\/2023\/11\/IMG-20230731-WA0145-1-1024x1024.jpg 1024w, https:\/\/macite.tg\/wp-content\/uploads\/2023\/11\/IMG-20230731-WA0145-1-300x300.jpg 300w, https:\/\/macite.tg\/wp-content\/uploads\/2023\/11\/IMG-20230731-WA0145-1-150x150.jpg 150w, https:\/\/macite.tg\/wp-content\/uploads\/2023\/11\/IMG-20230731-WA0145-1-768x768.jpg 768w, https:\/\/macite.tg\/wp-content\/uploads\/2023\/11\/IMG-20230731-WA0145-1-122x122.jpg 122w, https:\/\/macite.tg\/wp-content\/uploads\/2023\/11\/IMG-20230731-WA0145-1.jpg 1080w\" sizes=\"auto, (max-width: 426px) 100vw, 426px\" \/><\/figure>\n<\/div>\n\n\n<p class=\"wp-block-paragraph\"><strong>Cinqui\u00e8mement : les m\u00e9canismes de mise en \u0153uvre et de suivi<\/strong><\/p>\n\n\n\n<ol class=\"wp-block-list\" type=\"1\">\n<li>Les deux parties mettent en place, \u00e0 travers un m\u00e9morandum d\u2019entente sp\u00e9cifique, un m\u00e9canisme de mise en \u0153uvre et de suivi des projets qui seront programm\u00e9s conform\u00e9ment aux dispositions de cette D\u00e9claration ;<\/li>\n\n\n\n<li>Ce m\u00e9canisme comprend des repr\u00e9sentants des deux parties qui d\u00e9finiront sa composition selon le besoin ;<\/li>\n\n\n\n<li>Ce m\u00e9canisme se r\u00e9unit de mani\u00e8re r\u00e9guli\u00e8re et en alternance entre le Maroc et les Emirats Arabes Unis, selon un format convenu entre les deux parties, et soumettra ses rapports aux parties comp\u00e9tentes&nbsp;\u00bb.<\/li>\n<\/ol>\n\n\n\n<p class=\"wp-block-paragraph\"><strong><em>@macite.tg&nbsp;&nbsp;&nbsp;&nbsp;&nbsp;&nbsp;&nbsp;&nbsp;<\/em><\/strong><\/p>\n\n\n\n<p class=\"wp-block-paragraph\"><strong><em>E-mail&nbsp;: <\/em><\/strong><a href=\"mailto:maciteinfo@gmail.com\"><strong><em>maciteinfo@gmail.com<\/em><\/strong><\/a><strong><em>; <\/em><\/strong><a href=\"mailto:bawela1@gmail.com\"><strong><em>bawela1@gmail.com<\/em><\/strong><\/a><strong><em><\/em><\/strong><\/p>\n\n\n\n<p class=\"wp-block-paragraph\"><strong><em>Pour vos annonces, (publi)reportages, etc., joignez-nous au (00228)91515309\/<strong>79872224 <\/strong>www.macite.tg, L\u2019information, la bonne&nbsp;!<\/em><\/strong><\/p>\n","protected":false},"excerpt":{"rendered":"<p class=\"text-justify mb-2\" >Sur invitation de Son Altesse Cheikh Mohammed Ben Zayed Al-Nahyane, Pr\u00e9sident de l\u2019Etat des Emirats Arabes Unis, Sa Majest\u00e9 le Roi Mohammed VI, que Dieu Le glorifie, effectue \u00ab\u00a0une visite de travail et de fraternit\u00e9\u00a0\u00bb, de 48 heures (du 04 au 05 d\u00e9cembre 2023), \u00e0 [&hellip;]<\/p>\n","protected":false},"author":2,"featured_media":10864,"comment_status":"open","ping_status":"open","sticky":false,"template":"","format":"standard","meta":{"footnotes":""},"categories":[20,16],"tags":[],"class_list":["post-10863","post","type-post","status-publish","format-standard","has-post-thumbnail","hentry","category-actualite","category-cooperation"],"yoast_head":"<!-- This site is optimized with the Yoast SEO plugin v28.4 - https:\/\/yoast.com\/product\/yoast-seo-wordpress\/ -->\n<title>COOPERATION ENTRE LE MAROC ET LES EMIRATS ARABES UNIS\u00a0: SM le Roi et le Pr\u00e9sident de l\u2019EEAU signent un accord \u2018\u2019novateur\u2019\u2019\u2026 Vers la mise en \u0153uvre du projet de gazoduc Afrique-Atlantique -<\/title>\n<meta name=\"robots\" content=\"index, follow, max-snippet:-1, max-image-preview:large, max-video-preview:-1\" \/>\n<link rel=\"canonical\" href=\"https:\/\/macite.tg\/?p=10863\" \/>\n<meta property=\"og:locale\" content=\"fr_FR\" \/>\n<meta property=\"og:type\" content=\"article\" \/>\n<meta property=\"og:title\" content=\"COOPERATION ENTRE LE MAROC ET LES EMIRATS ARABES UNIS\u00a0: SM le Roi et le Pr\u00e9sident de l\u2019EEAU signent un accord \u2018\u2019novateur\u2019\u2019\u2026 Vers la mise en \u0153uvre du projet de gazoduc Afrique-Atlantique -\" \/>\n<meta property=\"og:description\" content=\"Sur invitation de Son Altesse Cheikh Mohammed Ben Zayed Al-Nahyane, Pr\u00e9sident de l\u2019Etat des Emirats Arabes Unis, Sa Majest\u00e9 le Roi Mohammed VI, que Dieu Le glorifie, effectue \u00ab\u00a0une visite de travail et de fraternit\u00e9\u00a0\u00bb, de 48 heures (du 04 au 05 d\u00e9cembre 2023), \u00e0 [&hellip;]\" \/>\n<meta property=\"og:url\" content=\"https:\/\/macite.tg\/?p=10863\" \/>\n<meta property=\"article:published_time\" content=\"2023-12-05T13:05:02+00:00\" \/>\n<meta property=\"article:modified_time\" content=\"2023-12-05T13:05:05+00:00\" \/>\n<meta property=\"og:image\" content=\"https:\/\/macite.tg\/wp-content\/uploads\/2023\/12\/IMG-20231205-WA0102.jpg\" \/>\n\t<meta property=\"og:image:width\" content=\"1024\" \/>\n\t<meta property=\"og:image:height\" content=\"682\" \/>\n\t<meta property=\"og:image:type\" content=\"image\/jpeg\" \/>\n<meta name=\"author\" content=\"Jean Pierre BAWELA\" \/>\n<meta name=\"twitter:card\" content=\"summary_large_image\" \/>\n<meta name=\"twitter:label1\" content=\"\u00c9crit par\" \/>\n\t<meta name=\"twitter:data1\" content=\"Jean Pierre BAWELA\" \/>\n\t<meta name=\"twitter:label2\" content=\"Dur\u00e9e de lecture estim\u00e9e\" \/>\n\t<meta name=\"twitter:data2\" content=\"11 minutes\" \/>\n<script type=\"application\/ld+json\" class=\"yoast-schema-graph\">{\"@context\":\"https:\\\/\\\/schema.org\",\"@graph\":[{\"@type\":\"Article\",\"@id\":\"https:\\\/\\\/macite.tg\\\/?p=10863#article\",\"isPartOf\":{\"@id\":\"https:\\\/\\\/macite.tg\\\/?p=10863\"},\"author\":{\"name\":\"Jean Pierre BAWELA\",\"@id\":\"https:\\\/\\\/macite.tg\\\/#\\\/schema\\\/person\\\/e9f2de7e5dbbe7770a9402c7ce82f5c2\"},\"headline\":\"COOPERATION ENTRE LE MAROC ET LES EMIRATS ARABES UNIS\u00a0: SM le Roi et le Pr\u00e9sident de l\u2019EEAU signent un accord \u2018\u2019novateur\u2019\u2019\u2026 Vers la mise en \u0153uvre du projet de gazoduc Afrique-Atlantique\",\"datePublished\":\"2023-12-05T13:05:02+00:00\",\"dateModified\":\"2023-12-05T13:05:05+00:00\",\"mainEntityOfPage\":{\"@id\":\"https:\\\/\\\/macite.tg\\\/?p=10863\"},\"wordCount\":2332,\"commentCount\":0,\"image\":{\"@id\":\"https:\\\/\\\/macite.tg\\\/?p=10863#primaryimage\"},\"thumbnailUrl\":\"https:\\\/\\\/macite.tg\\\/wp-content\\\/uploads\\\/2023\\\/12\\\/IMG-20231205-WA0102.jpg\",\"articleSection\":[\"ACTUALITE\",\"COOPERATION\"],\"inLanguage\":\"fr-FR\",\"potentialAction\":[{\"@type\":\"CommentAction\",\"name\":\"Comment\",\"target\":[\"https:\\\/\\\/macite.tg\\\/?p=10863#respond\"]}]},{\"@type\":\"WebPage\",\"@id\":\"https:\\\/\\\/macite.tg\\\/?p=10863\",\"url\":\"https:\\\/\\\/macite.tg\\\/?p=10863\",\"name\":\"COOPERATION ENTRE LE MAROC ET LES EMIRATS ARABES UNIS\u00a0: SM le Roi et le Pr\u00e9sident de l\u2019EEAU signent un accord \u2018\u2019novateur\u2019\u2019\u2026 Vers la mise en \u0153uvre du projet de gazoduc Afrique-Atlantique -\",\"isPartOf\":{\"@id\":\"https:\\\/\\\/macite.tg\\\/#website\"},\"primaryImageOfPage\":{\"@id\":\"https:\\\/\\\/macite.tg\\\/?p=10863#primaryimage\"},\"image\":{\"@id\":\"https:\\\/\\\/macite.tg\\\/?p=10863#primaryimage\"},\"thumbnailUrl\":\"https:\\\/\\\/macite.tg\\\/wp-content\\\/uploads\\\/2023\\\/12\\\/IMG-20231205-WA0102.jpg\",\"datePublished\":\"2023-12-05T13:05:02+00:00\",\"dateModified\":\"2023-12-05T13:05:05+00:00\",\"author\":{\"@id\":\"https:\\\/\\\/macite.tg\\\/#\\\/schema\\\/person\\\/e9f2de7e5dbbe7770a9402c7ce82f5c2\"},\"breadcrumb\":{\"@id\":\"https:\\\/\\\/macite.tg\\\/?p=10863#breadcrumb\"},\"inLanguage\":\"fr-FR\",\"potentialAction\":[{\"@type\":\"ReadAction\",\"target\":[\"https:\\\/\\\/macite.tg\\\/?p=10863\"]}]},{\"@type\":\"ImageObject\",\"inLanguage\":\"fr-FR\",\"@id\":\"https:\\\/\\\/macite.tg\\\/?p=10863#primaryimage\",\"url\":\"https:\\\/\\\/macite.tg\\\/wp-content\\\/uploads\\\/2023\\\/12\\\/IMG-20231205-WA0102.jpg\",\"contentUrl\":\"https:\\\/\\\/macite.tg\\\/wp-content\\\/uploads\\\/2023\\\/12\\\/IMG-20231205-WA0102.jpg\",\"width\":1024,\"height\":682},{\"@type\":\"BreadcrumbList\",\"@id\":\"https:\\\/\\\/macite.tg\\\/?p=10863#breadcrumb\",\"itemListElement\":[{\"@type\":\"ListItem\",\"position\":1,\"name\":\"Accueil\",\"item\":\"https:\\\/\\\/macite.tg\\\/\"},{\"@type\":\"ListItem\",\"position\":2,\"name\":\"COOPERATION ENTRE LE MAROC ET LES EMIRATS ARABES UNIS\u00a0: SM le Roi et le Pr\u00e9sident de l\u2019EEAU signent un accord \u2018\u2019novateur\u2019\u2019\u2026 Vers la mise en \u0153uvre du projet de gazoduc Afrique-Atlantique\"}]},{\"@type\":\"WebSite\",\"@id\":\"https:\\\/\\\/macite.tg\\\/#website\",\"url\":\"https:\\\/\\\/macite.tg\\\/\",\"name\":\"\",\"description\":\"L&#039;information, la bonne!!!\",\"potentialAction\":[{\"@type\":\"SearchAction\",\"target\":{\"@type\":\"EntryPoint\",\"urlTemplate\":\"https:\\\/\\\/macite.tg\\\/?s={search_term_string}\"},\"query-input\":{\"@type\":\"PropertyValueSpecification\",\"valueRequired\":true,\"valueName\":\"search_term_string\"}}],\"inLanguage\":\"fr-FR\"},{\"@type\":\"Person\",\"@id\":\"https:\\\/\\\/macite.tg\\\/#\\\/schema\\\/person\\\/e9f2de7e5dbbe7770a9402c7ce82f5c2\",\"name\":\"Jean Pierre BAWELA\",\"image\":{\"@type\":\"ImageObject\",\"inLanguage\":\"fr-FR\",\"@id\":\"https:\\\/\\\/macite.tg\\\/wp-content\\\/uploads\\\/2023\\\/09\\\/WhatsApp-Image-2023-09-19-at-14.44.41-122x122.jpeg\",\"url\":\"https:\\\/\\\/macite.tg\\\/wp-content\\\/uploads\\\/2023\\\/09\\\/WhatsApp-Image-2023-09-19-at-14.44.41-122x122.jpeg\",\"contentUrl\":\"https:\\\/\\\/macite.tg\\\/wp-content\\\/uploads\\\/2023\\\/09\\\/WhatsApp-Image-2023-09-19-at-14.44.41-122x122.jpeg\",\"caption\":\"Jean Pierre BAWELA\"},\"url\":\"https:\\\/\\\/macite.tg\\\/?author=2\"}]}<\/script>\n<!-- \/ Yoast SEO plugin. -->","yoast_head_json":{"title":"COOPERATION ENTRE LE MAROC ET LES EMIRATS ARABES UNIS\u00a0: SM le Roi et le Pr\u00e9sident de l\u2019EEAU signent un accord \u2018\u2019novateur\u2019\u2019\u2026 Vers la mise en \u0153uvre du projet de gazoduc Afrique-Atlantique -","robots":{"index":"index","follow":"follow","max-snippet":"max-snippet:-1","max-image-preview":"max-image-preview:large","max-video-preview":"max-video-preview:-1"},"canonical":"https:\/\/macite.tg\/?p=10863","og_locale":"fr_FR","og_type":"article","og_title":"COOPERATION ENTRE LE MAROC ET LES EMIRATS ARABES UNIS\u00a0: SM le Roi et le Pr\u00e9sident de l\u2019EEAU signent un accord \u2018\u2019novateur\u2019\u2019\u2026 Vers la mise en \u0153uvre du projet de gazoduc Afrique-Atlantique -","og_description":"Sur invitation de Son Altesse Cheikh Mohammed Ben Zayed Al-Nahyane, Pr\u00e9sident de l\u2019Etat des Emirats Arabes Unis, Sa Majest\u00e9 le Roi Mohammed VI, que Dieu Le glorifie, effectue \u00ab\u00a0une visite de travail et de fraternit\u00e9\u00a0\u00bb, de 48 heures (du 04 au 05 d\u00e9cembre 2023), \u00e0 [&hellip;]","og_url":"https:\/\/macite.tg\/?p=10863","article_published_time":"2023-12-05T13:05:02+00:00","article_modified_time":"2023-12-05T13:05:05+00:00","og_image":[{"width":1024,"height":682,"url":"https:\/\/macite.tg\/wp-content\/uploads\/2023\/12\/IMG-20231205-WA0102.jpg","type":"image\/jpeg"}],"author":"Jean Pierre BAWELA","twitter_card":"summary_large_image","twitter_misc":{"\u00c9crit par":"Jean Pierre BAWELA","Dur\u00e9e de lecture estim\u00e9e":"11 minutes"},"schema":{"@context":"https:\/\/schema.org","@graph":[{"@type":"Article","@id":"https:\/\/macite.tg\/?p=10863#article","isPartOf":{"@id":"https:\/\/macite.tg\/?p=10863"},"author":{"name":"Jean Pierre BAWELA","@id":"https:\/\/macite.tg\/#\/schema\/person\/e9f2de7e5dbbe7770a9402c7ce82f5c2"},"headline":"COOPERATION ENTRE LE MAROC ET LES EMIRATS ARABES UNIS\u00a0: SM le Roi et le Pr\u00e9sident de l\u2019EEAU signent un accord \u2018\u2019novateur\u2019\u2019\u2026 Vers la mise en \u0153uvre du projet de gazoduc Afrique-Atlantique","datePublished":"2023-12-05T13:05:02+00:00","dateModified":"2023-12-05T13:05:05+00:00","mainEntityOfPage":{"@id":"https:\/\/macite.tg\/?p=10863"},"wordCount":2332,"commentCount":0,"image":{"@id":"https:\/\/macite.tg\/?p=10863#primaryimage"},"thumbnailUrl":"https:\/\/macite.tg\/wp-content\/uploads\/2023\/12\/IMG-20231205-WA0102.jpg","articleSection":["ACTUALITE","COOPERATION"],"inLanguage":"fr-FR","potentialAction":[{"@type":"CommentAction","name":"Comment","target":["https:\/\/macite.tg\/?p=10863#respond"]}]},{"@type":"WebPage","@id":"https:\/\/macite.tg\/?p=10863","url":"https:\/\/macite.tg\/?p=10863","name":"COOPERATION ENTRE LE MAROC ET LES EMIRATS ARABES UNIS\u00a0: SM le Roi et le Pr\u00e9sident de l\u2019EEAU signent un accord \u2018\u2019novateur\u2019\u2019\u2026 Vers la mise en \u0153uvre du projet de gazoduc Afrique-Atlantique -","isPartOf":{"@id":"https:\/\/macite.tg\/#website"},"primaryImageOfPage":{"@id":"https:\/\/macite.tg\/?p=10863#primaryimage"},"image":{"@id":"https:\/\/macite.tg\/?p=10863#primaryimage"},"thumbnailUrl":"https:\/\/macite.tg\/wp-content\/uploads\/2023\/12\/IMG-20231205-WA0102.jpg","datePublished":"2023-12-05T13:05:02+00:00","dateModified":"2023-12-05T13:05:05+00:00","author":{"@id":"https:\/\/macite.tg\/#\/schema\/person\/e9f2de7e5dbbe7770a9402c7ce82f5c2"},"breadcrumb":{"@id":"https:\/\/macite.tg\/?p=10863#breadcrumb"},"inLanguage":"fr-FR","potentialAction":[{"@type":"ReadAction","target":["https:\/\/macite.tg\/?p=10863"]}]},{"@type":"ImageObject","inLanguage":"fr-FR","@id":"https:\/\/macite.tg\/?p=10863#primaryimage","url":"https:\/\/macite.tg\/wp-content\/uploads\/2023\/12\/IMG-20231205-WA0102.jpg","contentUrl":"https:\/\/macite.tg\/wp-content\/uploads\/2023\/12\/IMG-20231205-WA0102.jpg","width":1024,"height":682},{"@type":"BreadcrumbList","@id":"https:\/\/macite.tg\/?p=10863#breadcrumb","itemListElement":[{"@type":"ListItem","position":1,"name":"Accueil","item":"https:\/\/macite.tg\/"},{"@type":"ListItem","position":2,"name":"COOPERATION ENTRE LE MAROC ET LES EMIRATS ARABES UNIS\u00a0: SM le Roi et le Pr\u00e9sident de l\u2019EEAU signent un accord \u2018\u2019novateur\u2019\u2019\u2026 Vers la mise en \u0153uvre du projet de gazoduc Afrique-Atlantique"}]},{"@type":"WebSite","@id":"https:\/\/macite.tg\/#website","url":"https:\/\/macite.tg\/","name":"","description":"L&#039;information, la bonne!!!","potentialAction":[{"@type":"SearchAction","target":{"@type":"EntryPoint","urlTemplate":"https:\/\/macite.tg\/?s={search_term_string}"},"query-input":{"@type":"PropertyValueSpecification","valueRequired":true,"valueName":"search_term_string"}}],"inLanguage":"fr-FR"},{"@type":"Person","@id":"https:\/\/macite.tg\/#\/schema\/person\/e9f2de7e5dbbe7770a9402c7ce82f5c2","name":"Jean Pierre BAWELA","image":{"@type":"ImageObject","inLanguage":"fr-FR","@id":"https:\/\/macite.tg\/wp-content\/uploads\/2023\/09\/WhatsApp-Image-2023-09-19-at-14.44.41-122x122.jpeg","url":"https:\/\/macite.tg\/wp-content\/uploads\/2023\/09\/WhatsApp-Image-2023-09-19-at-14.44.41-122x122.jpeg","contentUrl":"https:\/\/macite.tg\/wp-content\/uploads\/2023\/09\/WhatsApp-Image-2023-09-19-at-14.44.41-122x122.jpeg","caption":"Jean Pierre BAWELA"},"url":"https:\/\/macite.tg\/?author=2"}]}},"_links":{"self":[{"href":"https:\/\/macite.tg\/index.php?rest_route=\/wp\/v2\/posts\/10863","targetHints":{"allow":["GET"]}}],"collection":[{"href":"https:\/\/macite.tg\/index.php?rest_route=\/wp\/v2\/posts"}],"about":[{"href":"https:\/\/macite.tg\/index.php?rest_route=\/wp\/v2\/types\/post"}],"author":[{"embeddable":true,"href":"https:\/\/macite.tg\/index.php?rest_route=\/wp\/v2\/users\/2"}],"replies":[{"embeddable":true,"href":"https:\/\/macite.tg\/index.php?rest_route=%2Fwp%2Fv2%2Fcomments&post=10863"}],"version-history":[{"count":0,"href":"https:\/\/macite.tg\/index.php?rest_route=\/wp\/v2\/posts\/10863\/revisions"}],"wp:featuredmedia":[{"embeddable":true,"href":"https:\/\/macite.tg\/index.php?rest_route=\/wp\/v2\/media\/10864"}],"wp:attachment":[{"href":"https:\/\/macite.tg\/index.php?rest_route=%2Fwp%2Fv2%2Fmedia&parent=10863"}],"wp:term":[{"taxonomy":"category","embeddable":true,"href":"https:\/\/macite.tg\/index.php?rest_route=%2Fwp%2Fv2%2Fcategories&post=10863"},{"taxonomy":"post_tag","embeddable":true,"href":"https:\/\/macite.tg\/index.php?rest_route=%2Fwp%2Fv2%2Ftags&post=10863"}],"curies":[{"name":"wp","href":"https:\/\/api.w.org\/{rel}","templated":true}]}}