{"id":10859,"date":"2023-12-05T10:42:23","date_gmt":"2023-12-05T10:42:23","guid":{"rendered":"https:\/\/macite.tg\/?p=10859"},"modified":"2023-12-05T10:42:37","modified_gmt":"2023-12-05T10:42:37","slug":"revelations-affaires-des-03-tonnes-de-cocaine-saisies-a-dakar-le-fils-dun-president-de-la-sous-region-cite","status":"publish","type":"post","link":"https:\/\/macite.tg\/?p=10859","title":{"rendered":"REVELATIONS \/ AFFAIRES DES 03 TONNES DE COCA\u00cfNE SAISIES A DAKAR\u00a0: Le fils d\u2019un Pr\u00e9sident de la sous-r\u00e9gion cit\u00e9\u2026"},"content":{"rendered":"\n<p class=\"wp-block-paragraph\"><strong><em>Nouvelles r\u00e9v\u00e9lations sur les 03 tonnes de coca\u00efne qui ont \u00e9t\u00e9 saisies au large du S\u00e9n\u00e9gal par la Marine nationale.<\/em><\/strong><\/p>\n\n\n\n<p class=\"wp-block-paragraph\">La Marine nationale a saisi \u00e0 150 kilom\u00e8tres au large \u00bb de Dakar pr\u00e8s de 03 tonnes de coca\u00efne sur un navire baptis\u00e9 <em>\u00ab\u00a0Ville d\u2019Abidjan\u00a0\u00bb.<\/em> \u00a018 t\u00e9l\u00e9phones, dont 4 satellitaires, 1 Gps, 2 ordinateurs portables et de l\u2019argent ont \u00e9t\u00e9 \u00e9galement saisis. L\u2019\u00e9quipage comprenait dix personnes dont un S\u00e9n\u00e9galais. \u00a0Les mis en cause ont \u00e9t\u00e9 d\u00e9f\u00e9r\u00e9s hier 04 d\u00e9cembre au Parquet.<\/p>\n\n\n\n\n\n<p class=\"wp-block-paragraph\">Pour d\u00e9terminer les ramifications du r\u00e9seau de trafic international de drogue, les policiers de l\u2019Ocrtis ont proc\u00e9d\u00e9 \u00e0 des perquisitions chez le S\u00e9n\u00e9galais Mamadou Bathia \u00e0 la Cit\u00e9 Asecna de Yeumbeul.<\/p>\n\n\n\n<p class=\"wp-block-paragraph\">Un des mis en cause a r\u00e9v\u00e9l\u00e9, apr\u00e8s interrogatoire, que la drogue devait \u00eatre livr\u00e9e en Gambie et que le nomm\u00e9 Jack Holland devait r\u00e9cup\u00e9rer les 10% de la cargaison.<\/p>\n\n\n\n<p class=\"wp-block-paragraph\">Le nomm\u00e9 Rogello Valencia Vergara a cit\u00e9 les v\u00e9ritables propri\u00e9taires dont un fils d\u2019un chef d\u2019Etat ouest-africain et un Hollandais qu\u2019il n\u2019a pas identifi\u00e9, rapporte le confr\u00e8re \u2018\u2019L\u2019OBS\u2019\u2019. Il confie qu\u2019il devait recevoir d\u2019un Colombien (son recruteur) 32 millions FCFA.<\/p>\n\n\n\n<p class=\"wp-block-paragraph\">Selon les informations, le navire <em>\u00ab&nbsp;Ville d\u2019Abidjan&nbsp;\u00bb,<\/em> qui a charg\u00e9 la drogue en Am\u00e9rique du Sud, \u00e9tait en provenance de Sao Tom\u00e9. Il a \u00e9t\u00e9 intercept\u00e9 \u00e0 hauteur de Kafountine et se dirigeait vers la Gambie. La drogue en question \u00e9tait planqu\u00e9e dans plusieurs sacs de 30 kg.<\/p>\n\n\n\n<p class=\"wp-block-paragraph\">Dix personnes dont un S\u00e9n\u00e9galais, cinq Nig\u00e9rians, deux Bissau-guin\u00e9ens, un Cap-verdien et un Irlandais du Nord se trouvaient dans le navire au moment de son interception. Tout ce beau monde \u00e9tait en audition \u00e0 l\u2019Office central de r\u00e9pression du trafic illicite de stup\u00e9fiants (Octris) en charge de l\u2019enqu\u00eate.<\/p>\n\n\n\n<p class=\"wp-block-paragraph\"><strong>SeneNews<\/strong><\/p>\n\n\n\n<p class=\"wp-block-paragraph\"><strong><em>@macite.tg&nbsp;&nbsp;&nbsp;&nbsp;&nbsp;&nbsp;&nbsp;&nbsp;<\/em><\/strong><\/p>\n\n\n\n<p class=\"wp-block-paragraph\"><strong><em>E-mail&nbsp;: <\/em><\/strong><a href=\"mailto:maciteinfo@gmail.com\"><strong><em>maciteinfo@gmail.com<\/em><\/strong><\/a><strong><em>; <\/em><\/strong><a href=\"mailto:bawela1@gmail.com\"><strong><em>bawela1@gmail.com<\/em><\/strong><\/a><strong><em><\/em><\/strong><\/p>\n\n\n\n<p class=\"wp-block-paragraph\"><strong><em>Pour vos annonces, (publi)reportages, etc., joignez-nous au (00228)91515309\/<strong>79872224 <\/strong>www.macite.tg, L\u2019information, la bonne&nbsp;!<\/em><\/strong><\/p>\n\n\n\n<figure class=\"wp-block-image size-full\"><img loading=\"lazy\" decoding=\"async\" width=\"616\" height=\"347\" src=\"https:\/\/macite.tg\/wp-content\/uploads\/2023\/12\/image-11.png\" alt=\"\" class=\"wp-image-10860\" srcset=\"https:\/\/macite.tg\/wp-content\/uploads\/2023\/12\/image-11.png 616w, https:\/\/macite.tg\/wp-content\/uploads\/2023\/12\/image-11-300x169.png 300w\" sizes=\"auto, (max-width: 616px) 100vw, 616px\" \/><\/figure>\n","protected":false},"excerpt":{"rendered":"<p class=\"text-justify mb-2\" >Nouvelles r\u00e9v\u00e9lations sur les 03 tonnes de coca\u00efne qui ont \u00e9t\u00e9 saisies au large du S\u00e9n\u00e9gal par la Marine nationale. La Marine nationale a saisi \u00e0 150 kilom\u00e8tres au large \u00bb de Dakar pr\u00e8s de 03 tonnes de coca\u00efne sur un navire baptis\u00e9 \u00ab\u00a0Ville d\u2019Abidjan\u00a0\u00bb. [&hellip;]<\/p>\n","protected":false},"author":2,"featured_media":10860,"comment_status":"open","ping_status":"open","sticky":false,"template":"","format":"standard","meta":{"footnotes":""},"categories":[20],"tags":[],"class_list":["post-10859","post","type-post","status-publish","format-standard","has-post-thumbnail","hentry","category-actualite"],"yoast_head":"<!-- This site is optimized with the Yoast SEO plugin v28.4 - https:\/\/yoast.com\/product\/yoast-seo-wordpress\/ -->\n<title>REVELATIONS \/ AFFAIRES DES 03 TONNES DE COCA\u00cfNE SAISIES A DAKAR\u00a0: Le fils d\u2019un Pr\u00e9sident de la sous-r\u00e9gion cit\u00e9\u2026 -<\/title>\n<meta name=\"robots\" content=\"index, follow, max-snippet:-1, max-image-preview:large, max-video-preview:-1\" \/>\n<link rel=\"canonical\" href=\"https:\/\/macite.tg\/?p=10859\" \/>\n<meta property=\"og:locale\" content=\"fr_FR\" \/>\n<meta property=\"og:type\" content=\"article\" \/>\n<meta property=\"og:title\" content=\"REVELATIONS \/ AFFAIRES DES 03 TONNES DE COCA\u00cfNE SAISIES A DAKAR\u00a0: Le fils d\u2019un Pr\u00e9sident de la sous-r\u00e9gion cit\u00e9\u2026 -\" \/>\n<meta property=\"og:description\" content=\"Nouvelles r\u00e9v\u00e9lations sur les 03 tonnes de coca\u00efne qui ont \u00e9t\u00e9 saisies au large du S\u00e9n\u00e9gal par la Marine nationale. La Marine nationale a saisi \u00e0 150 kilom\u00e8tres au large \u00bb de Dakar pr\u00e8s de 03 tonnes de coca\u00efne sur un navire baptis\u00e9 \u00ab\u00a0Ville d\u2019Abidjan\u00a0\u00bb. [&hellip;]\" \/>\n<meta property=\"og:url\" content=\"https:\/\/macite.tg\/?p=10859\" \/>\n<meta property=\"article:published_time\" content=\"2023-12-05T10:42:23+00:00\" \/>\n<meta property=\"article:modified_time\" content=\"2023-12-05T10:42:37+00:00\" \/>\n<meta property=\"og:image\" content=\"https:\/\/macite.tg\/wp-content\/uploads\/2023\/12\/image-11.png\" \/>\n\t<meta property=\"og:image:width\" content=\"616\" \/>\n\t<meta property=\"og:image:height\" content=\"347\" \/>\n\t<meta property=\"og:image:type\" content=\"image\/png\" \/>\n<meta name=\"author\" content=\"Jean Pierre BAWELA\" \/>\n<meta name=\"twitter:card\" content=\"summary_large_image\" \/>\n<meta name=\"twitter:label1\" content=\"\u00c9crit par\" \/>\n\t<meta name=\"twitter:data1\" content=\"Jean Pierre BAWELA\" \/>\n\t<meta name=\"twitter:label2\" content=\"Dur\u00e9e de lecture estim\u00e9e\" \/>\n\t<meta name=\"twitter:data2\" content=\"2 minutes\" \/>\n<script type=\"application\/ld+json\" class=\"yoast-schema-graph\">{\"@context\":\"https:\\\/\\\/schema.org\",\"@graph\":[{\"@type\":\"Article\",\"@id\":\"https:\\\/\\\/macite.tg\\\/?p=10859#article\",\"isPartOf\":{\"@id\":\"https:\\\/\\\/macite.tg\\\/?p=10859\"},\"author\":{\"name\":\"Jean Pierre BAWELA\",\"@id\":\"https:\\\/\\\/macite.tg\\\/#\\\/schema\\\/person\\\/e9f2de7e5dbbe7770a9402c7ce82f5c2\"},\"headline\":\"REVELATIONS \\\/ AFFAIRES DES 03 TONNES DE COCA\u00cfNE SAISIES A DAKAR\u00a0: Le fils d\u2019un Pr\u00e9sident de la sous-r\u00e9gion cit\u00e9\u2026\",\"datePublished\":\"2023-12-05T10:42:23+00:00\",\"dateModified\":\"2023-12-05T10:42:37+00:00\",\"mainEntityOfPage\":{\"@id\":\"https:\\\/\\\/macite.tg\\\/?p=10859\"},\"wordCount\":372,\"commentCount\":0,\"image\":{\"@id\":\"https:\\\/\\\/macite.tg\\\/?p=10859#primaryimage\"},\"thumbnailUrl\":\"https:\\\/\\\/macite.tg\\\/wp-content\\\/uploads\\\/2023\\\/12\\\/image-11.png\",\"articleSection\":[\"ACTUALITE\"],\"inLanguage\":\"fr-FR\",\"potentialAction\":[{\"@type\":\"CommentAction\",\"name\":\"Comment\",\"target\":[\"https:\\\/\\\/macite.tg\\\/?p=10859#respond\"]}]},{\"@type\":\"WebPage\",\"@id\":\"https:\\\/\\\/macite.tg\\\/?p=10859\",\"url\":\"https:\\\/\\\/macite.tg\\\/?p=10859\",\"name\":\"REVELATIONS \\\/ AFFAIRES DES 03 TONNES DE COCA\u00cfNE SAISIES A DAKAR\u00a0: Le fils d\u2019un Pr\u00e9sident de la sous-r\u00e9gion cit\u00e9\u2026 -\",\"isPartOf\":{\"@id\":\"https:\\\/\\\/macite.tg\\\/#website\"},\"primaryImageOfPage\":{\"@id\":\"https:\\\/\\\/macite.tg\\\/?p=10859#primaryimage\"},\"image\":{\"@id\":\"https:\\\/\\\/macite.tg\\\/?p=10859#primaryimage\"},\"thumbnailUrl\":\"https:\\\/\\\/macite.tg\\\/wp-content\\\/uploads\\\/2023\\\/12\\\/image-11.png\",\"datePublished\":\"2023-12-05T10:42:23+00:00\",\"dateModified\":\"2023-12-05T10:42:37+00:00\",\"author\":{\"@id\":\"https:\\\/\\\/macite.tg\\\/#\\\/schema\\\/person\\\/e9f2de7e5dbbe7770a9402c7ce82f5c2\"},\"breadcrumb\":{\"@id\":\"https:\\\/\\\/macite.tg\\\/?p=10859#breadcrumb\"},\"inLanguage\":\"fr-FR\",\"potentialAction\":[{\"@type\":\"ReadAction\",\"target\":[\"https:\\\/\\\/macite.tg\\\/?p=10859\"]}]},{\"@type\":\"ImageObject\",\"inLanguage\":\"fr-FR\",\"@id\":\"https:\\\/\\\/macite.tg\\\/?p=10859#primaryimage\",\"url\":\"https:\\\/\\\/macite.tg\\\/wp-content\\\/uploads\\\/2023\\\/12\\\/image-11.png\",\"contentUrl\":\"https:\\\/\\\/macite.tg\\\/wp-content\\\/uploads\\\/2023\\\/12\\\/image-11.png\",\"width\":616,\"height\":347},{\"@type\":\"BreadcrumbList\",\"@id\":\"https:\\\/\\\/macite.tg\\\/?p=10859#breadcrumb\",\"itemListElement\":[{\"@type\":\"ListItem\",\"position\":1,\"name\":\"Accueil\",\"item\":\"https:\\\/\\\/macite.tg\\\/\"},{\"@type\":\"ListItem\",\"position\":2,\"name\":\"REVELATIONS \\\/ AFFAIRES DES 03 TONNES DE COCA\u00cfNE SAISIES A DAKAR\u00a0: Le fils d\u2019un Pr\u00e9sident de la sous-r\u00e9gion cit\u00e9\u2026\"}]},{\"@type\":\"WebSite\",\"@id\":\"https:\\\/\\\/macite.tg\\\/#website\",\"url\":\"https:\\\/\\\/macite.tg\\\/\",\"name\":\"\",\"description\":\"L&#039;information, la bonne!!!\",\"potentialAction\":[{\"@type\":\"SearchAction\",\"target\":{\"@type\":\"EntryPoint\",\"urlTemplate\":\"https:\\\/\\\/macite.tg\\\/?s={search_term_string}\"},\"query-input\":{\"@type\":\"PropertyValueSpecification\",\"valueRequired\":true,\"valueName\":\"search_term_string\"}}],\"inLanguage\":\"fr-FR\"},{\"@type\":\"Person\",\"@id\":\"https:\\\/\\\/macite.tg\\\/#\\\/schema\\\/person\\\/e9f2de7e5dbbe7770a9402c7ce82f5c2\",\"name\":\"Jean Pierre BAWELA\",\"image\":{\"@type\":\"ImageObject\",\"inLanguage\":\"fr-FR\",\"@id\":\"https:\\\/\\\/macite.tg\\\/wp-content\\\/uploads\\\/2023\\\/09\\\/WhatsApp-Image-2023-09-19-at-14.44.41-122x122.jpeg\",\"url\":\"https:\\\/\\\/macite.tg\\\/wp-content\\\/uploads\\\/2023\\\/09\\\/WhatsApp-Image-2023-09-19-at-14.44.41-122x122.jpeg\",\"contentUrl\":\"https:\\\/\\\/macite.tg\\\/wp-content\\\/uploads\\\/2023\\\/09\\\/WhatsApp-Image-2023-09-19-at-14.44.41-122x122.jpeg\",\"caption\":\"Jean Pierre BAWELA\"},\"url\":\"https:\\\/\\\/macite.tg\\\/?author=2\"}]}<\/script>\n<!-- \/ Yoast SEO plugin. -->","yoast_head_json":{"title":"REVELATIONS \/ AFFAIRES DES 03 TONNES DE COCA\u00cfNE SAISIES A DAKAR\u00a0: Le fils d\u2019un Pr\u00e9sident de la sous-r\u00e9gion cit\u00e9\u2026 -","robots":{"index":"index","follow":"follow","max-snippet":"max-snippet:-1","max-image-preview":"max-image-preview:large","max-video-preview":"max-video-preview:-1"},"canonical":"https:\/\/macite.tg\/?p=10859","og_locale":"fr_FR","og_type":"article","og_title":"REVELATIONS \/ AFFAIRES DES 03 TONNES DE COCA\u00cfNE SAISIES A DAKAR\u00a0: Le fils d\u2019un Pr\u00e9sident de la sous-r\u00e9gion cit\u00e9\u2026 -","og_description":"Nouvelles r\u00e9v\u00e9lations sur les 03 tonnes de coca\u00efne qui ont \u00e9t\u00e9 saisies au large du S\u00e9n\u00e9gal par la Marine nationale. La Marine nationale a saisi \u00e0 150 kilom\u00e8tres au large \u00bb de Dakar pr\u00e8s de 03 tonnes de coca\u00efne sur un navire baptis\u00e9 \u00ab\u00a0Ville d\u2019Abidjan\u00a0\u00bb. [&hellip;]","og_url":"https:\/\/macite.tg\/?p=10859","article_published_time":"2023-12-05T10:42:23+00:00","article_modified_time":"2023-12-05T10:42:37+00:00","og_image":[{"width":616,"height":347,"url":"https:\/\/macite.tg\/wp-content\/uploads\/2023\/12\/image-11.png","type":"image\/png"}],"author":"Jean Pierre BAWELA","twitter_card":"summary_large_image","twitter_misc":{"\u00c9crit par":"Jean Pierre BAWELA","Dur\u00e9e de lecture estim\u00e9e":"2 minutes"},"schema":{"@context":"https:\/\/schema.org","@graph":[{"@type":"Article","@id":"https:\/\/macite.tg\/?p=10859#article","isPartOf":{"@id":"https:\/\/macite.tg\/?p=10859"},"author":{"name":"Jean Pierre BAWELA","@id":"https:\/\/macite.tg\/#\/schema\/person\/e9f2de7e5dbbe7770a9402c7ce82f5c2"},"headline":"REVELATIONS \/ AFFAIRES DES 03 TONNES DE COCA\u00cfNE SAISIES A DAKAR\u00a0: Le fils d\u2019un Pr\u00e9sident de la sous-r\u00e9gion cit\u00e9\u2026","datePublished":"2023-12-05T10:42:23+00:00","dateModified":"2023-12-05T10:42:37+00:00","mainEntityOfPage":{"@id":"https:\/\/macite.tg\/?p=10859"},"wordCount":372,"commentCount":0,"image":{"@id":"https:\/\/macite.tg\/?p=10859#primaryimage"},"thumbnailUrl":"https:\/\/macite.tg\/wp-content\/uploads\/2023\/12\/image-11.png","articleSection":["ACTUALITE"],"inLanguage":"fr-FR","potentialAction":[{"@type":"CommentAction","name":"Comment","target":["https:\/\/macite.tg\/?p=10859#respond"]}]},{"@type":"WebPage","@id":"https:\/\/macite.tg\/?p=10859","url":"https:\/\/macite.tg\/?p=10859","name":"REVELATIONS \/ AFFAIRES DES 03 TONNES DE COCA\u00cfNE SAISIES A DAKAR\u00a0: Le fils d\u2019un Pr\u00e9sident de la sous-r\u00e9gion cit\u00e9\u2026 -","isPartOf":{"@id":"https:\/\/macite.tg\/#website"},"primaryImageOfPage":{"@id":"https:\/\/macite.tg\/?p=10859#primaryimage"},"image":{"@id":"https:\/\/macite.tg\/?p=10859#primaryimage"},"thumbnailUrl":"https:\/\/macite.tg\/wp-content\/uploads\/2023\/12\/image-11.png","datePublished":"2023-12-05T10:42:23+00:00","dateModified":"2023-12-05T10:42:37+00:00","author":{"@id":"https:\/\/macite.tg\/#\/schema\/person\/e9f2de7e5dbbe7770a9402c7ce82f5c2"},"breadcrumb":{"@id":"https:\/\/macite.tg\/?p=10859#breadcrumb"},"inLanguage":"fr-FR","potentialAction":[{"@type":"ReadAction","target":["https:\/\/macite.tg\/?p=10859"]}]},{"@type":"ImageObject","inLanguage":"fr-FR","@id":"https:\/\/macite.tg\/?p=10859#primaryimage","url":"https:\/\/macite.tg\/wp-content\/uploads\/2023\/12\/image-11.png","contentUrl":"https:\/\/macite.tg\/wp-content\/uploads\/2023\/12\/image-11.png","width":616,"height":347},{"@type":"BreadcrumbList","@id":"https:\/\/macite.tg\/?p=10859#breadcrumb","itemListElement":[{"@type":"ListItem","position":1,"name":"Accueil","item":"https:\/\/macite.tg\/"},{"@type":"ListItem","position":2,"name":"REVELATIONS \/ AFFAIRES DES 03 TONNES DE COCA\u00cfNE SAISIES A DAKAR\u00a0: Le fils d\u2019un Pr\u00e9sident de la sous-r\u00e9gion cit\u00e9\u2026"}]},{"@type":"WebSite","@id":"https:\/\/macite.tg\/#website","url":"https:\/\/macite.tg\/","name":"","description":"L&#039;information, la bonne!!!","potentialAction":[{"@type":"SearchAction","target":{"@type":"EntryPoint","urlTemplate":"https:\/\/macite.tg\/?s={search_term_string}"},"query-input":{"@type":"PropertyValueSpecification","valueRequired":true,"valueName":"search_term_string"}}],"inLanguage":"fr-FR"},{"@type":"Person","@id":"https:\/\/macite.tg\/#\/schema\/person\/e9f2de7e5dbbe7770a9402c7ce82f5c2","name":"Jean Pierre BAWELA","image":{"@type":"ImageObject","inLanguage":"fr-FR","@id":"https:\/\/macite.tg\/wp-content\/uploads\/2023\/09\/WhatsApp-Image-2023-09-19-at-14.44.41-122x122.jpeg","url":"https:\/\/macite.tg\/wp-content\/uploads\/2023\/09\/WhatsApp-Image-2023-09-19-at-14.44.41-122x122.jpeg","contentUrl":"https:\/\/macite.tg\/wp-content\/uploads\/2023\/09\/WhatsApp-Image-2023-09-19-at-14.44.41-122x122.jpeg","caption":"Jean Pierre BAWELA"},"url":"https:\/\/macite.tg\/?author=2"}]}},"_links":{"self":[{"href":"https:\/\/macite.tg\/index.php?rest_route=\/wp\/v2\/posts\/10859","targetHints":{"allow":["GET"]}}],"collection":[{"href":"https:\/\/macite.tg\/index.php?rest_route=\/wp\/v2\/posts"}],"about":[{"href":"https:\/\/macite.tg\/index.php?rest_route=\/wp\/v2\/types\/post"}],"author":[{"embeddable":true,"href":"https:\/\/macite.tg\/index.php?rest_route=\/wp\/v2\/users\/2"}],"replies":[{"embeddable":true,"href":"https:\/\/macite.tg\/index.php?rest_route=%2Fwp%2Fv2%2Fcomments&post=10859"}],"version-history":[{"count":0,"href":"https:\/\/macite.tg\/index.php?rest_route=\/wp\/v2\/posts\/10859\/revisions"}],"wp:featuredmedia":[{"embeddable":true,"href":"https:\/\/macite.tg\/index.php?rest_route=\/wp\/v2\/media\/10860"}],"wp:attachment":[{"href":"https:\/\/macite.tg\/index.php?rest_route=%2Fwp%2Fv2%2Fmedia&parent=10859"}],"wp:term":[{"taxonomy":"category","embeddable":true,"href":"https:\/\/macite.tg\/index.php?rest_route=%2Fwp%2Fv2%2Fcategories&post=10859"},{"taxonomy":"post_tag","embeddable":true,"href":"https:\/\/macite.tg\/index.php?rest_route=%2Fwp%2Fv2%2Ftags&post=10859"}],"curies":[{"name":"wp","href":"https:\/\/api.w.org\/{rel}","templated":true}]}}