{"id":10850,"date":"2023-12-04T14:36:12","date_gmt":"2023-12-04T14:36:12","guid":{"rendered":"https:\/\/macite.tg\/?p=10850"},"modified":"2023-12-04T14:36:15","modified_gmt":"2023-12-04T14:36:15","slug":"commerce-international-le-cadre-integre-renforce-cir-a-fait-le-bilan-de-ses-activites-a-lome","status":"publish","type":"post","link":"https:\/\/macite.tg\/?p=10850","title":{"rendered":"COMMERCE INTERNATIONAL\u00a0: Le Cadre int\u00e9gr\u00e9 renforc\u00e9 (Cir) a fait le bilan de ses activit\u00e9s \u00e0 Lom\u00e9"},"content":{"rendered":"\n<p class=\"wp-block-paragraph\"><strong><em>En marge des travaux de la 37<sup>\u00e8me<\/sup> session du Conseil du Cadre int\u00e9gr\u00e9 renforc\u00e9 (Cir), une d\u00e9l\u00e9gation du Cir a \u00e9t\u00e9 re\u00e7u, mardi 28 septembre dernier, par la Cheffe de l\u2019ex\u00e9cutif, Mme Victoire Tom\u00e9gah-Dogb\u00e9.<\/em><\/strong><\/p>\n\n\n\n<p class=\"wp-block-paragraph\">Le mardi 28 septembre dernier, Madame le Premier ministre a re\u00e7u, \u00e0 la Primature, une d\u00e9l\u00e9gation du Cadre int\u00e9gr\u00e9 renforc\u00e9 (Cir), un m\u00e9canisme d\u2019appui aux Pays les moins avanc\u00e9s (Pma) en mati\u00e8re de commerce international.<\/p>\n\n\n<div class=\"wp-block-image\">\n<figure class=\"aligncenter size-large is-resized\"><img loading=\"lazy\" decoding=\"async\" src=\"https:\/\/macite.tg\/wp-content\/uploads\/2023\/11\/ANNONCES-1-1024x426.jpg\" alt=\"\" class=\"wp-image-10689\" width=\"646\" height=\"268\" srcset=\"https:\/\/macite.tg\/wp-content\/uploads\/2023\/11\/ANNONCES-1-1024x426.jpg 1024w, https:\/\/macite.tg\/wp-content\/uploads\/2023\/11\/ANNONCES-1-300x125.jpg 300w, https:\/\/macite.tg\/wp-content\/uploads\/2023\/11\/ANNONCES-1-768x319.jpg 768w, https:\/\/macite.tg\/wp-content\/uploads\/2023\/11\/ANNONCES-1.jpg 1080w\" sizes=\"auto, (max-width: 646px) 100vw, 646px\" \/><\/figure>\n<\/div>\n\n\n<p class=\"wp-block-paragraph\">Conduite par conduite par l\u2019Ambassadeur, Repr\u00e9sentant Permanent du Togo aupr\u00e8s de l\u2019Office des Nations Unies \u00e0 Gen\u00e8ve, et Pr\u00e9sident dudit conseil, Yackoley Kokou Johnson, la d\u00e9l\u00e9gation du Cir est all\u00e9e pr\u00e9senter au Pm Tom\u00e9gah-Dogb\u00e9, les activit\u00e9s au programme de la 37<sup>\u00e8me<\/sup> session du Cadre mais aussi de parler des d\u00e9fis auxquels font face ledit m\u00e9canisme, ceci en attendant le d\u00e9ploiement de la phase 2 du m\u00e9canisme, \u00e0 la fin de 2024, date \u00e0 laquelle la phase 1sera \u00e0 son terme.<\/p>\n\n\n\n<p class=\"wp-block-paragraph\">Il a \u00e9t\u00e9 \u00e9galement question de mener des \u00e9bauches de r\u00e9flexions devant permettre de d\u00e9finir les perspectives du programme, dans le cadre de la Zone de libre-\u00e9change continentale africaine (Zlecaf).<\/p>\n\n\n\n<p class=\"wp-block-paragraph\"><em>\u00ab&nbsp;On a \u00e9t\u00e9 confront\u00e9 au cours de ces derni\u00e8res ann\u00e9es et on est encore confront\u00e9 \u00e0 plusieurs crises qui impactent davantage les Pma y compris en mati\u00e8re de commerce international. Et donc Mme le Premier ministre nous a encourag\u00e9 \u00e0 veiller \u00e0 ce que le prochain programme puisse \u00e0 la fois tenir compte de ces d\u00e9fis, s\u2019assurer que les financements des projets soient accrus, de telle mani\u00e8re que sur la base de ce qui a \u00e9t\u00e9 d\u00e9j\u00e0 fait, on puisse accro\u00eetre davantage les r\u00e9sultats. L\u2019id\u00e9e premi\u00e8re \u00e9tant qu\u2019au-del\u00e0 de la production, il puisse y avoir la transformation, pour que les populations puissent b\u00e9n\u00e9ficier davantage des projets.&nbsp;\u00bb<\/em>, a soulign\u00e9 le pr\u00e9sident du Conseil.<\/p>\n\n\n<div class=\"wp-block-image\">\n<figure class=\"aligncenter size-large is-resized\"><img loading=\"lazy\" decoding=\"async\" src=\"https:\/\/macite.tg\/wp-content\/uploads\/2023\/11\/WhatsApp-Image-2023-10-09-at-17.28.15-1-1024x1024.jpeg\" alt=\"\" class=\"wp-image-10647\" width=\"557\" height=\"557\" srcset=\"https:\/\/macite.tg\/wp-content\/uploads\/2023\/11\/WhatsApp-Image-2023-10-09-at-17.28.15-1-1024x1024.jpeg 1024w, https:\/\/macite.tg\/wp-content\/uploads\/2023\/11\/WhatsApp-Image-2023-10-09-at-17.28.15-1-300x300.jpeg 300w, https:\/\/macite.tg\/wp-content\/uploads\/2023\/11\/WhatsApp-Image-2023-10-09-at-17.28.15-1-150x150.jpeg 150w, https:\/\/macite.tg\/wp-content\/uploads\/2023\/11\/WhatsApp-Image-2023-10-09-at-17.28.15-1-768x768.jpeg 768w, https:\/\/macite.tg\/wp-content\/uploads\/2023\/11\/WhatsApp-Image-2023-10-09-at-17.28.15-1-122x122.jpeg 122w, https:\/\/macite.tg\/wp-content\/uploads\/2023\/11\/WhatsApp-Image-2023-10-09-at-17.28.15-1.jpeg 1280w\" sizes=\"auto, (max-width: 557px) 100vw, 557px\" \/><\/figure>\n<\/div>\n\n\n<p class=\"wp-block-paragraph\">Notons que c\u2019est la ministre du d\u00e9veloppement \u00e0 la base, Myriam Dossou-d\u2019Almeida, qui a ouverts les travaux de cette 37\u00e8 session du Cir.<\/p>\n\n\n\n<p class=\"wp-block-paragraph\">Pour rappel, le Cir est cr\u00e9\u00e9 en 1996 pour soutenir les pays les moins avanc\u00e9s dans la mise en place de projets li\u00e9s au commerce. Le Togo a \u00e9t\u00e9 admis au Cir, en 2008, et depuis, le pays a b\u00e9n\u00e9fici\u00e9 de projets qui ont contribu\u00e9 au renforcement des capacit\u00e9s techniques des structures d\u2019appui au commerce, ainsi que des capacit\u00e9s productives de plusieurs fili\u00e8res (soja, anacarde et karit\u00e9), il s\u2019agit d\u00e9sormais de p\u00e9renniser les acquis.<\/p>\n\n\n\n<p class=\"wp-block-paragraph\"><strong>La R\u00e9daction<\/strong><\/p>\n\n\n\n<p class=\"wp-block-paragraph\"><strong><em>@macite.tg&nbsp;&nbsp;&nbsp;&nbsp;&nbsp;&nbsp;&nbsp;&nbsp;<\/em><\/strong><\/p>\n\n\n\n<p class=\"wp-block-paragraph\"><strong><em>E-mail&nbsp;: <\/em><\/strong><a href=\"mailto:maciteinfo@gmail.com\"><strong><em>maciteinfo@gmail.com<\/em><\/strong><\/a><strong><em>; <\/em><\/strong><a href=\"mailto:bawela1@gmail.com\"><strong><em>bawela1@gmail.com<\/em><\/strong><\/a><\/p>\n\n\n\n<p class=\"wp-block-paragraph\"><strong><em>Pour vos annonces, (publi)reportages, etc., joignez-nous au (00228)91515309\/<strong>79872224 <\/strong>www.macite.tg, L\u2019information, la bonne&nbsp;!<\/em><\/strong><\/p>\n","protected":false},"excerpt":{"rendered":"<p class=\"text-justify mb-2\" >En marge des travaux de la 37\u00e8me session du Conseil du Cadre int\u00e9gr\u00e9 renforc\u00e9 (Cir), une d\u00e9l\u00e9gation du Cir a \u00e9t\u00e9 re\u00e7u, mardi 28 septembre dernier, par la Cheffe de l\u2019ex\u00e9cutif, Mme Victoire Tom\u00e9gah-Dogb\u00e9. Le mardi 28 septembre dernier, Madame le Premier ministre a re\u00e7u, [&hellip;]<\/p>\n","protected":false},"author":2,"featured_media":10851,"comment_status":"open","ping_status":"open","sticky":false,"template":"","format":"standard","meta":{"footnotes":""},"categories":[20],"tags":[],"class_list":["post-10850","post","type-post","status-publish","format-standard","has-post-thumbnail","hentry","category-actualite"],"yoast_head":"<!-- This site is optimized with the Yoast SEO plugin v28.4 - https:\/\/yoast.com\/product\/yoast-seo-wordpress\/ -->\n<title>COMMERCE INTERNATIONAL\u00a0: Le Cadre int\u00e9gr\u00e9 renforc\u00e9 (Cir) a fait le bilan de ses activit\u00e9s \u00e0 Lom\u00e9 -<\/title>\n<meta name=\"robots\" content=\"index, follow, max-snippet:-1, max-image-preview:large, max-video-preview:-1\" \/>\n<link rel=\"canonical\" href=\"https:\/\/macite.tg\/?p=10850\" \/>\n<meta property=\"og:locale\" content=\"fr_FR\" \/>\n<meta property=\"og:type\" content=\"article\" \/>\n<meta property=\"og:title\" content=\"COMMERCE INTERNATIONAL\u00a0: Le Cadre int\u00e9gr\u00e9 renforc\u00e9 (Cir) a fait le bilan de ses activit\u00e9s \u00e0 Lom\u00e9 -\" \/>\n<meta property=\"og:description\" content=\"En marge des travaux de la 37\u00e8me session du Conseil du Cadre int\u00e9gr\u00e9 renforc\u00e9 (Cir), une d\u00e9l\u00e9gation du Cir a \u00e9t\u00e9 re\u00e7u, mardi 28 septembre dernier, par la Cheffe de l\u2019ex\u00e9cutif, Mme Victoire Tom\u00e9gah-Dogb\u00e9. Le mardi 28 septembre dernier, Madame le Premier ministre a re\u00e7u, [&hellip;]\" \/>\n<meta property=\"og:url\" content=\"https:\/\/macite.tg\/?p=10850\" \/>\n<meta property=\"article:published_time\" content=\"2023-12-04T14:36:12+00:00\" \/>\n<meta property=\"article:modified_time\" content=\"2023-12-04T14:36:15+00:00\" \/>\n<meta property=\"og:image\" content=\"https:\/\/macite.tg\/wp-content\/uploads\/2023\/12\/image-9.png\" \/>\n\t<meta property=\"og:image:width\" content=\"1272\" \/>\n\t<meta property=\"og:image:height\" content=\"848\" \/>\n\t<meta property=\"og:image:type\" content=\"image\/png\" \/>\n<meta name=\"author\" content=\"Jean Pierre BAWELA\" \/>\n<meta name=\"twitter:card\" content=\"summary_large_image\" \/>\n<meta name=\"twitter:label1\" content=\"\u00c9crit par\" \/>\n\t<meta name=\"twitter:data1\" content=\"Jean Pierre BAWELA\" \/>\n\t<meta name=\"twitter:label2\" content=\"Dur\u00e9e de lecture estim\u00e9e\" \/>\n\t<meta name=\"twitter:data2\" content=\"2 minutes\" \/>\n<script type=\"application\/ld+json\" class=\"yoast-schema-graph\">{\"@context\":\"https:\\\/\\\/schema.org\",\"@graph\":[{\"@type\":\"Article\",\"@id\":\"https:\\\/\\\/macite.tg\\\/?p=10850#article\",\"isPartOf\":{\"@id\":\"https:\\\/\\\/macite.tg\\\/?p=10850\"},\"author\":{\"name\":\"Jean Pierre BAWELA\",\"@id\":\"https:\\\/\\\/macite.tg\\\/#\\\/schema\\\/person\\\/e9f2de7e5dbbe7770a9402c7ce82f5c2\"},\"headline\":\"COMMERCE INTERNATIONAL\u00a0: Le Cadre int\u00e9gr\u00e9 renforc\u00e9 (Cir) a fait le bilan de ses activit\u00e9s \u00e0 Lom\u00e9\",\"datePublished\":\"2023-12-04T14:36:12+00:00\",\"dateModified\":\"2023-12-04T14:36:15+00:00\",\"mainEntityOfPage\":{\"@id\":\"https:\\\/\\\/macite.tg\\\/?p=10850\"},\"wordCount\":491,\"commentCount\":0,\"image\":{\"@id\":\"https:\\\/\\\/macite.tg\\\/?p=10850#primaryimage\"},\"thumbnailUrl\":\"https:\\\/\\\/macite.tg\\\/wp-content\\\/uploads\\\/2023\\\/12\\\/image-9.png\",\"articleSection\":[\"ACTUALITE\"],\"inLanguage\":\"fr-FR\",\"potentialAction\":[{\"@type\":\"CommentAction\",\"name\":\"Comment\",\"target\":[\"https:\\\/\\\/macite.tg\\\/?p=10850#respond\"]}]},{\"@type\":\"WebPage\",\"@id\":\"https:\\\/\\\/macite.tg\\\/?p=10850\",\"url\":\"https:\\\/\\\/macite.tg\\\/?p=10850\",\"name\":\"COMMERCE INTERNATIONAL\u00a0: Le Cadre int\u00e9gr\u00e9 renforc\u00e9 (Cir) a fait le bilan de ses activit\u00e9s \u00e0 Lom\u00e9 -\",\"isPartOf\":{\"@id\":\"https:\\\/\\\/macite.tg\\\/#website\"},\"primaryImageOfPage\":{\"@id\":\"https:\\\/\\\/macite.tg\\\/?p=10850#primaryimage\"},\"image\":{\"@id\":\"https:\\\/\\\/macite.tg\\\/?p=10850#primaryimage\"},\"thumbnailUrl\":\"https:\\\/\\\/macite.tg\\\/wp-content\\\/uploads\\\/2023\\\/12\\\/image-9.png\",\"datePublished\":\"2023-12-04T14:36:12+00:00\",\"dateModified\":\"2023-12-04T14:36:15+00:00\",\"author\":{\"@id\":\"https:\\\/\\\/macite.tg\\\/#\\\/schema\\\/person\\\/e9f2de7e5dbbe7770a9402c7ce82f5c2\"},\"breadcrumb\":{\"@id\":\"https:\\\/\\\/macite.tg\\\/?p=10850#breadcrumb\"},\"inLanguage\":\"fr-FR\",\"potentialAction\":[{\"@type\":\"ReadAction\",\"target\":[\"https:\\\/\\\/macite.tg\\\/?p=10850\"]}]},{\"@type\":\"ImageObject\",\"inLanguage\":\"fr-FR\",\"@id\":\"https:\\\/\\\/macite.tg\\\/?p=10850#primaryimage\",\"url\":\"https:\\\/\\\/macite.tg\\\/wp-content\\\/uploads\\\/2023\\\/12\\\/image-9.png\",\"contentUrl\":\"https:\\\/\\\/macite.tg\\\/wp-content\\\/uploads\\\/2023\\\/12\\\/image-9.png\",\"width\":1272,\"height\":848},{\"@type\":\"BreadcrumbList\",\"@id\":\"https:\\\/\\\/macite.tg\\\/?p=10850#breadcrumb\",\"itemListElement\":[{\"@type\":\"ListItem\",\"position\":1,\"name\":\"Accueil\",\"item\":\"https:\\\/\\\/macite.tg\\\/\"},{\"@type\":\"ListItem\",\"position\":2,\"name\":\"COMMERCE INTERNATIONAL\u00a0: Le Cadre int\u00e9gr\u00e9 renforc\u00e9 (Cir) a fait le bilan de ses activit\u00e9s \u00e0 Lom\u00e9\"}]},{\"@type\":\"WebSite\",\"@id\":\"https:\\\/\\\/macite.tg\\\/#website\",\"url\":\"https:\\\/\\\/macite.tg\\\/\",\"name\":\"\",\"description\":\"L&#039;information, la bonne!!!\",\"potentialAction\":[{\"@type\":\"SearchAction\",\"target\":{\"@type\":\"EntryPoint\",\"urlTemplate\":\"https:\\\/\\\/macite.tg\\\/?s={search_term_string}\"},\"query-input\":{\"@type\":\"PropertyValueSpecification\",\"valueRequired\":true,\"valueName\":\"search_term_string\"}}],\"inLanguage\":\"fr-FR\"},{\"@type\":\"Person\",\"@id\":\"https:\\\/\\\/macite.tg\\\/#\\\/schema\\\/person\\\/e9f2de7e5dbbe7770a9402c7ce82f5c2\",\"name\":\"Jean Pierre BAWELA\",\"image\":{\"@type\":\"ImageObject\",\"inLanguage\":\"fr-FR\",\"@id\":\"https:\\\/\\\/macite.tg\\\/wp-content\\\/uploads\\\/2023\\\/09\\\/WhatsApp-Image-2023-09-19-at-14.44.41-122x122.jpeg\",\"url\":\"https:\\\/\\\/macite.tg\\\/wp-content\\\/uploads\\\/2023\\\/09\\\/WhatsApp-Image-2023-09-19-at-14.44.41-122x122.jpeg\",\"contentUrl\":\"https:\\\/\\\/macite.tg\\\/wp-content\\\/uploads\\\/2023\\\/09\\\/WhatsApp-Image-2023-09-19-at-14.44.41-122x122.jpeg\",\"caption\":\"Jean Pierre BAWELA\"},\"url\":\"https:\\\/\\\/macite.tg\\\/?author=2\"}]}<\/script>\n<!-- \/ Yoast SEO plugin. -->","yoast_head_json":{"title":"COMMERCE INTERNATIONAL\u00a0: Le Cadre int\u00e9gr\u00e9 renforc\u00e9 (Cir) a fait le bilan de ses activit\u00e9s \u00e0 Lom\u00e9 -","robots":{"index":"index","follow":"follow","max-snippet":"max-snippet:-1","max-image-preview":"max-image-preview:large","max-video-preview":"max-video-preview:-1"},"canonical":"https:\/\/macite.tg\/?p=10850","og_locale":"fr_FR","og_type":"article","og_title":"COMMERCE INTERNATIONAL\u00a0: Le Cadre int\u00e9gr\u00e9 renforc\u00e9 (Cir) a fait le bilan de ses activit\u00e9s \u00e0 Lom\u00e9 -","og_description":"En marge des travaux de la 37\u00e8me session du Conseil du Cadre int\u00e9gr\u00e9 renforc\u00e9 (Cir), une d\u00e9l\u00e9gation du Cir a \u00e9t\u00e9 re\u00e7u, mardi 28 septembre dernier, par la Cheffe de l\u2019ex\u00e9cutif, Mme Victoire Tom\u00e9gah-Dogb\u00e9. Le mardi 28 septembre dernier, Madame le Premier ministre a re\u00e7u, [&hellip;]","og_url":"https:\/\/macite.tg\/?p=10850","article_published_time":"2023-12-04T14:36:12+00:00","article_modified_time":"2023-12-04T14:36:15+00:00","og_image":[{"width":1272,"height":848,"url":"https:\/\/macite.tg\/wp-content\/uploads\/2023\/12\/image-9.png","type":"image\/png"}],"author":"Jean Pierre BAWELA","twitter_card":"summary_large_image","twitter_misc":{"\u00c9crit par":"Jean Pierre BAWELA","Dur\u00e9e de lecture estim\u00e9e":"2 minutes"},"schema":{"@context":"https:\/\/schema.org","@graph":[{"@type":"Article","@id":"https:\/\/macite.tg\/?p=10850#article","isPartOf":{"@id":"https:\/\/macite.tg\/?p=10850"},"author":{"name":"Jean Pierre BAWELA","@id":"https:\/\/macite.tg\/#\/schema\/person\/e9f2de7e5dbbe7770a9402c7ce82f5c2"},"headline":"COMMERCE INTERNATIONAL\u00a0: Le Cadre int\u00e9gr\u00e9 renforc\u00e9 (Cir) a fait le bilan de ses activit\u00e9s \u00e0 Lom\u00e9","datePublished":"2023-12-04T14:36:12+00:00","dateModified":"2023-12-04T14:36:15+00:00","mainEntityOfPage":{"@id":"https:\/\/macite.tg\/?p=10850"},"wordCount":491,"commentCount":0,"image":{"@id":"https:\/\/macite.tg\/?p=10850#primaryimage"},"thumbnailUrl":"https:\/\/macite.tg\/wp-content\/uploads\/2023\/12\/image-9.png","articleSection":["ACTUALITE"],"inLanguage":"fr-FR","potentialAction":[{"@type":"CommentAction","name":"Comment","target":["https:\/\/macite.tg\/?p=10850#respond"]}]},{"@type":"WebPage","@id":"https:\/\/macite.tg\/?p=10850","url":"https:\/\/macite.tg\/?p=10850","name":"COMMERCE INTERNATIONAL\u00a0: Le Cadre int\u00e9gr\u00e9 renforc\u00e9 (Cir) a fait le bilan de ses activit\u00e9s \u00e0 Lom\u00e9 -","isPartOf":{"@id":"https:\/\/macite.tg\/#website"},"primaryImageOfPage":{"@id":"https:\/\/macite.tg\/?p=10850#primaryimage"},"image":{"@id":"https:\/\/macite.tg\/?p=10850#primaryimage"},"thumbnailUrl":"https:\/\/macite.tg\/wp-content\/uploads\/2023\/12\/image-9.png","datePublished":"2023-12-04T14:36:12+00:00","dateModified":"2023-12-04T14:36:15+00:00","author":{"@id":"https:\/\/macite.tg\/#\/schema\/person\/e9f2de7e5dbbe7770a9402c7ce82f5c2"},"breadcrumb":{"@id":"https:\/\/macite.tg\/?p=10850#breadcrumb"},"inLanguage":"fr-FR","potentialAction":[{"@type":"ReadAction","target":["https:\/\/macite.tg\/?p=10850"]}]},{"@type":"ImageObject","inLanguage":"fr-FR","@id":"https:\/\/macite.tg\/?p=10850#primaryimage","url":"https:\/\/macite.tg\/wp-content\/uploads\/2023\/12\/image-9.png","contentUrl":"https:\/\/macite.tg\/wp-content\/uploads\/2023\/12\/image-9.png","width":1272,"height":848},{"@type":"BreadcrumbList","@id":"https:\/\/macite.tg\/?p=10850#breadcrumb","itemListElement":[{"@type":"ListItem","position":1,"name":"Accueil","item":"https:\/\/macite.tg\/"},{"@type":"ListItem","position":2,"name":"COMMERCE INTERNATIONAL\u00a0: Le Cadre int\u00e9gr\u00e9 renforc\u00e9 (Cir) a fait le bilan de ses activit\u00e9s \u00e0 Lom\u00e9"}]},{"@type":"WebSite","@id":"https:\/\/macite.tg\/#website","url":"https:\/\/macite.tg\/","name":"","description":"L&#039;information, la bonne!!!","potentialAction":[{"@type":"SearchAction","target":{"@type":"EntryPoint","urlTemplate":"https:\/\/macite.tg\/?s={search_term_string}"},"query-input":{"@type":"PropertyValueSpecification","valueRequired":true,"valueName":"search_term_string"}}],"inLanguage":"fr-FR"},{"@type":"Person","@id":"https:\/\/macite.tg\/#\/schema\/person\/e9f2de7e5dbbe7770a9402c7ce82f5c2","name":"Jean Pierre BAWELA","image":{"@type":"ImageObject","inLanguage":"fr-FR","@id":"https:\/\/macite.tg\/wp-content\/uploads\/2023\/09\/WhatsApp-Image-2023-09-19-at-14.44.41-122x122.jpeg","url":"https:\/\/macite.tg\/wp-content\/uploads\/2023\/09\/WhatsApp-Image-2023-09-19-at-14.44.41-122x122.jpeg","contentUrl":"https:\/\/macite.tg\/wp-content\/uploads\/2023\/09\/WhatsApp-Image-2023-09-19-at-14.44.41-122x122.jpeg","caption":"Jean Pierre BAWELA"},"url":"https:\/\/macite.tg\/?author=2"}]}},"_links":{"self":[{"href":"https:\/\/macite.tg\/index.php?rest_route=\/wp\/v2\/posts\/10850","targetHints":{"allow":["GET"]}}],"collection":[{"href":"https:\/\/macite.tg\/index.php?rest_route=\/wp\/v2\/posts"}],"about":[{"href":"https:\/\/macite.tg\/index.php?rest_route=\/wp\/v2\/types\/post"}],"author":[{"embeddable":true,"href":"https:\/\/macite.tg\/index.php?rest_route=\/wp\/v2\/users\/2"}],"replies":[{"embeddable":true,"href":"https:\/\/macite.tg\/index.php?rest_route=%2Fwp%2Fv2%2Fcomments&post=10850"}],"version-history":[{"count":0,"href":"https:\/\/macite.tg\/index.php?rest_route=\/wp\/v2\/posts\/10850\/revisions"}],"wp:featuredmedia":[{"embeddable":true,"href":"https:\/\/macite.tg\/index.php?rest_route=\/wp\/v2\/media\/10851"}],"wp:attachment":[{"href":"https:\/\/macite.tg\/index.php?rest_route=%2Fwp%2Fv2%2Fmedia&parent=10850"}],"wp:term":[{"taxonomy":"category","embeddable":true,"href":"https:\/\/macite.tg\/index.php?rest_route=%2Fwp%2Fv2%2Fcategories&post=10850"},{"taxonomy":"post_tag","embeddable":true,"href":"https:\/\/macite.tg\/index.php?rest_route=%2Fwp%2Fv2%2Ftags&post=10850"}],"curies":[{"name":"wp","href":"https:\/\/api.w.org\/{rel}","templated":true}]}}