{"id":10838,"date":"2023-12-04T13:00:58","date_gmt":"2023-12-04T13:00:58","guid":{"rendered":"https:\/\/macite.tg\/?p=10838"},"modified":"2023-12-04T13:01:01","modified_gmt":"2023-12-04T13:01:01","slug":"climat-limiter-les-ravages-amortir-le-choc-des-pertes-et-des-degats-dus-a-des-phenomenes-climatiques","status":"publish","type":"post","link":"https:\/\/macite.tg\/?p=10838","title":{"rendered":"CLIMAT\/LIMITER LES RAVAGES\u00a0: Amortir le choc des pertes et des d\u00e9g\u00e2ts dus \u00e0 des ph\u00e9nom\u00e8nes climatiques"},"content":{"rendered":"\n<p class=\"wp-block-paragraph\"><strong><em>Alors que les effets de la crise climatique ne cessent de d\u00e9passer les limites de l\u2019adaptation, les pays cherchent de toute urgence des strat\u00e9gies leur permettant de faire face aux pertes et aux d\u00e9g\u00e2ts qui touchent le secteur agricole. Cet article d\u2019opinion examine diff\u00e9rentes solutions visant \u00e0 limiter ces ravages, notamment l\u2019augmentation des montants consacr\u00e9s au financement de l\u2019action climatique et la mise en place d\u2019actions anticip\u00e9es.<\/em><\/strong><\/p>\n\n\n\n<p class=\"wp-block-paragraph\">Dans les ann\u00e9es 1960 en Chine, sur la petite exploitation rizicole o\u00f9 j\u2019ai grandi, ma famille \u00e9tait bien consciente que le moindre ph\u00e9nom\u00e8ne m\u00e9t\u00e9orologique d\u00e9favorable pouvait r\u00e9duire \u00e0 n\u00e9ant l\u2019\u00e9quivalent d\u2019une ann\u00e9e de travail. Les agriculteurs ont une connaissance intuitive des conditions climatiques et m\u00e9t\u00e9orologiques, mais l\u2019\u00e9volution de celles-ci et la s\u00e9v\u00e9rit\u00e9 des ph\u00e9nom\u00e8nes m\u00e9t\u00e9orologiques qui ont eu lieu ces derni\u00e8res ann\u00e9es ont \u00e9branl\u00e9 les communaut\u00e9s rurales. Jamais nous n\u2019aurions pu imaginer \u00e0 quel point les saisons allaient changer, ni \u00e0 quel rythme. Les pertes et les d\u00e9g\u00e2ts ainsi engendr\u00e9s sapent des ann\u00e9es de d\u00e9veloppement rural durement acquis.<\/p>\n\n\n<div class=\"wp-block-image\">\n<figure class=\"aligncenter size-large is-resized\"><img loading=\"lazy\" decoding=\"async\" src=\"https:\/\/macite.tg\/wp-content\/uploads\/2023\/11\/WhatsApp-Image-2023-10-09-at-17.28.15-1-1024x1024.jpeg\" alt=\"\" class=\"wp-image-10647\" width=\"499\" height=\"499\" srcset=\"https:\/\/macite.tg\/wp-content\/uploads\/2023\/11\/WhatsApp-Image-2023-10-09-at-17.28.15-1-1024x1024.jpeg 1024w, https:\/\/macite.tg\/wp-content\/uploads\/2023\/11\/WhatsApp-Image-2023-10-09-at-17.28.15-1-300x300.jpeg 300w, https:\/\/macite.tg\/wp-content\/uploads\/2023\/11\/WhatsApp-Image-2023-10-09-at-17.28.15-1-150x150.jpeg 150w, https:\/\/macite.tg\/wp-content\/uploads\/2023\/11\/WhatsApp-Image-2023-10-09-at-17.28.15-1-768x768.jpeg 768w, https:\/\/macite.tg\/wp-content\/uploads\/2023\/11\/WhatsApp-Image-2023-10-09-at-17.28.15-1-122x122.jpeg 122w, https:\/\/macite.tg\/wp-content\/uploads\/2023\/11\/WhatsApp-Image-2023-10-09-at-17.28.15-1.jpeg 1280w\" sizes=\"auto, (max-width: 499px) 100vw, 499px\" \/><\/figure>\n<\/div>\n\n\n<p class=\"wp-block-paragraph\">L\u2019\u00e9volution du climat s\u2019est transform\u00e9e en une crise alimentaire et agricole. De plus en plus, les petits exploitants sont \u00e0 la merci de ph\u00e9nom\u00e8nes climatiques extr\u00eames et des catastrophes qui en d\u00e9coulent. \u00c9tant donn\u00e9 qu\u2019il d\u00e9pend enti\u00e8rement des conditions m\u00e9t\u00e9orologiques et des ressources naturelles pour assurer la production d\u2019aliments sains, le secteur agroalimentaire est en premi\u00e8re ligne de la crise climatique.&nbsp;&nbsp;<\/p>\n\n\n\n<p class=\"wp-block-paragraph\">Le changement climatique nuit \u00e0 notre capacit\u00e9 de production de nourriture car il rend les aliments moins disponibles, moins accessibles et moins abordables, tout comme il d\u00e9grade la qualit\u00e9 de l\u2019eau, les sols et la biodiversit\u00e9, conduit \u00e0 une augmentation de la fr\u00e9quence et de l\u2019intensit\u00e9 des ph\u00e9nom\u00e8nes m\u00e9t\u00e9orologiques extr\u00eames et fait \u00e9voluer les cycles d\u2019infestation d\u2019organismes nuisibles et de d\u00e9clenchement de maladies. Ces effets aggravent l\u2019ins\u00e9curit\u00e9 alimentaire, puisqu\u2019il r\u00e9duit les rendements agricoles et la productivit\u00e9 des animaux d\u2019\u00e9levage et limite la quantit\u00e9 d\u2019aliments que pourraient produire la p\u00eache et l\u2019aquaculture.<\/p>\n\n\n\n<p class=\"wp-block-paragraph\">On estime \u00e0 3\u00a0800\u00a0milliards d\u2019USD la valeur de la production v\u00e9g\u00e9tale et animale qui a \u00e9t\u00e9 perdue \u00e0 la suite de catastrophes climatiques et d\u2019autres d\u00e9sastres au cours des trente\u00a0derni\u00e8res ann\u00e9es, ce qui correspond \u00e0 des pertes annuelles moyennes de 123\u00a0milliards, soit 5\u00a0pour cent du produit int\u00e9rieur brut (PIB) agricole mondial annuel. Ces catastrophes surviennent aussi de plus en plus souvent: alors qu\u2019on en d\u00e9nombrait une centaine par an dans les ann\u00e9es 1970, la moyenne annuelle est aujourd\u2019hui de 400. \u00c9tant donn\u00e9 que l\u2019agriculture, qui comprend la production v\u00e9g\u00e9tale et animale, les for\u00eats, les p\u00eaches et l\u2019aquaculture, est l\u2019une des principales activit\u00e9s \u00e9conomiques dans les pays en d\u00e9veloppement, cette situation a des r\u00e9percussions de taille.<\/p>\n\n\n<div class=\"wp-block-image\">\n<figure class=\"aligncenter size-large is-resized\"><img loading=\"lazy\" decoding=\"async\" src=\"https:\/\/macite.tg\/wp-content\/uploads\/2023\/11\/ANNONCES-1-1024x426.jpg\" alt=\"\" class=\"wp-image-10689\" width=\"677\" height=\"281\" srcset=\"https:\/\/macite.tg\/wp-content\/uploads\/2023\/11\/ANNONCES-1-1024x426.jpg 1024w, https:\/\/macite.tg\/wp-content\/uploads\/2023\/11\/ANNONCES-1-300x125.jpg 300w, https:\/\/macite.tg\/wp-content\/uploads\/2023\/11\/ANNONCES-1-768x319.jpg 768w, https:\/\/macite.tg\/wp-content\/uploads\/2023\/11\/ANNONCES-1.jpg 1080w\" sizes=\"auto, (max-width: 677px) 100vw, 677px\" \/><\/figure>\n<\/div>\n\n\n<p class=\"wp-block-paragraph\">Les agriculteurs sont r\u00e9silients et s\u2019adaptent \u00e0 leur environnement depuis des si\u00e8cles. Ils sont le meilleur investissement que nous puissions faire pour renforcer la r\u00e9silience et l\u2019adaptation au changement climatique. Toutefois, ce qu\u2019ils vivent aujourd\u2019hui va au-del\u00e0 de leur capacit\u00e9 d\u2019adaptation. \u00c0 l\u2019heure actuelle, communaut\u00e9s agricoles et pays sont tributaires de l\u2019appui qu\u2019on leur apporte pour faire face aux pertes et aux d\u00e9g\u00e2ts, qu\u2019ils soient ou non \u00e9conomiques, provoqu\u00e9s par les ph\u00e9nom\u00e8nes extr\u00eames et ceux \u00e0 \u00e9volution lente.<\/p>\n\n\n\n<p class=\"wp-block-paragraph\">C\u2019est l\u2019\u00e9preuve qui attend les participants \u00e0 la 28<sup>e<\/sup> session de la Conf\u00e9rence des parties \u00e0 la Convention-cadre des Nations Unies sur les changements climatiques: assurer la mobilisation de financements visant \u00e0 aider les agriculteurs confront\u00e9s \u00e0 ces difficult\u00e9s et, plus important encore, leur faire parvenir les fonds. Selon notre dernier rapport sur les pertes et les d\u00e9g\u00e2ts dans les syst\u00e8mes agroalimentaires, qui sera officiellement pr\u00e9sent\u00e9 \u00e0 l\u2019occasion de ce sommet en faveur de l\u2019action climatique, cette probl\u00e9matique est cit\u00e9e dans plus d\u2019un tiers des engagements pris par les pays ou des contributions d\u00e9termin\u00e9es au niveau national en mati\u00e8re de climat. D\u2019apr\u00e8s les constats, dans ces pays, l\u2019agriculture est \u00e0 elle seule le secteur le plus touch\u00e9.<\/p>\n\n\n\n<p class=\"wp-block-paragraph\">La FAO est d\u00e9termin\u00e9e \u00e0 aider les pays \u00e0 \u00e9valuer l\u2019\u00e9tendue et l\u2019ampleur des pertes et des d\u00e9g\u00e2ts provoqu\u00e9s par les incidences de la crise climatique sur le secteur agroalimentaire, \u00e0 mobiliser des ressources financi\u00e8res adapt\u00e9es et fiables \u00e0 l\u2019appui de la mise en \u0153uvre des mesures contre ces deux ph\u00e9nom\u00e8nes dans le secteur, \u00e0 \u00e9valuer les risques climatiques, \u00e0 r\u00e9duire les pertes et les d\u00e9g\u00e2ts dans l\u2019agriculture, et \u00e0 mettre au point de nouvelles technologies et pratiques qui peuvent r\u00e9duire l\u2019exposition et la vuln\u00e9rabilit\u00e9 des producteurs et des consommateurs aux risques climatiques. Il peut s\u2019agir de cultures tol\u00e9rantes \u00e0 la s\u00e9cheresse, de syst\u00e8mes d\u2019irrigation \u00e9conomes en eau, de m\u00e9canismes d\u2019alerte rapide, d\u2019assurance r\u00e9colte ou encore de dispositifs de protection sociale.<\/p>\n\n\n<div class=\"wp-block-image\">\n<figure class=\"aligncenter size-large is-resized\"><img loading=\"lazy\" decoding=\"async\" src=\"https:\/\/macite.tg\/wp-content\/uploads\/2023\/11\/IMG-20230731-WA0145-1-1024x1024.jpg\" alt=\"\" class=\"wp-image-10680\" width=\"472\" height=\"472\" srcset=\"https:\/\/macite.tg\/wp-content\/uploads\/2023\/11\/IMG-20230731-WA0145-1-1024x1024.jpg 1024w, https:\/\/macite.tg\/wp-content\/uploads\/2023\/11\/IMG-20230731-WA0145-1-300x300.jpg 300w, https:\/\/macite.tg\/wp-content\/uploads\/2023\/11\/IMG-20230731-WA0145-1-150x150.jpg 150w, https:\/\/macite.tg\/wp-content\/uploads\/2023\/11\/IMG-20230731-WA0145-1-768x768.jpg 768w, https:\/\/macite.tg\/wp-content\/uploads\/2023\/11\/IMG-20230731-WA0145-1-122x122.jpg 122w, https:\/\/macite.tg\/wp-content\/uploads\/2023\/11\/IMG-20230731-WA0145-1.jpg 1080w\" sizes=\"auto, (max-width: 472px) 100vw, 472px\" \/><\/figure>\n<\/div>\n\n\n<p class=\"wp-block-paragraph\">La crise climatique et la crise alimentaire sont indissociables. Investir dans des solutions qui permettront aux syst\u00e8mes agroalimentaires de faire face aux effets du changement climatique sera extr\u00eamement b\u00e9n\u00e9fique pour les populations et pour la plan\u00e8te. Cela \u00e9tant, m\u00eame les agriculteurs les plus r\u00e9silients ne sont pas en mesure de s\u2019adapter \u00e0 tous les effets de la crise climatique. Les petites exploitations et les pays en d\u00e9veloppement tributaires de l\u2019agriculture doivent \u00eatre au premier plan de notre action collective visant \u00e0 r\u00e9duire les pertes et les d\u00e9g\u00e2ts qui en d\u00e9coulent.<\/p>\n\n\n\n<p class=\"wp-block-paragraph\"><strong>Qu Donguy, Dg de la Fao<\/strong><\/p>\n\n\n\n<p class=\"wp-block-paragraph\"><strong><em>@macite.tg&nbsp;&nbsp;&nbsp;&nbsp;&nbsp;&nbsp;&nbsp;&nbsp;<\/em><\/strong><\/p>\n\n\n\n<p class=\"wp-block-paragraph\"><strong><em>E-mail&nbsp;: <\/em><\/strong><a href=\"mailto:maciteinfo@gmail.com\"><strong><em>maciteinfo@gmail.com<\/em><\/strong><\/a><strong><em>; <\/em><\/strong><a href=\"mailto:bawela1@gmail.com\"><strong><em>bawela1@gmail.com<\/em><\/strong><\/a><strong><em><\/em><\/strong><\/p>\n\n\n\n<p class=\"wp-block-paragraph\"><strong><em>Pour vos annonces, (publi)reportages, etc., joignez-nous au (00228)91515309\/<strong>79872224 <\/strong>www.macite.tg, L\u2019information, la bonne&nbsp;!<\/em><\/strong><\/p>\n","protected":false},"excerpt":{"rendered":"<p class=\"text-justify mb-2\" >Alors que les effets de la crise climatique ne cessent de d\u00e9passer les limites de l\u2019adaptation, les pays cherchent de toute urgence des strat\u00e9gies leur permettant de faire face aux pertes et aux d\u00e9g\u00e2ts qui touchent le secteur agricole. Cet article d\u2019opinion examine diff\u00e9rentes solutions [&hellip;]<\/p>\n","protected":false},"author":2,"featured_media":10843,"comment_status":"open","ping_status":"open","sticky":false,"template":"","format":"standard","meta":{"footnotes":""},"categories":[19,27],"tags":[],"class_list":["post-10838","post","type-post","status-publish","format-standard","has-post-thumbnail","hentry","category-environnement","category-opinion"],"yoast_head":"<!-- This site is optimized with the Yoast SEO plugin v28.4 - https:\/\/yoast.com\/product\/yoast-seo-wordpress\/ -->\n<title>CLIMAT\/LIMITER LES RAVAGES\u00a0: Amortir le choc des pertes et des d\u00e9g\u00e2ts dus \u00e0 des ph\u00e9nom\u00e8nes climatiques -<\/title>\n<meta name=\"robots\" content=\"index, follow, max-snippet:-1, max-image-preview:large, max-video-preview:-1\" \/>\n<link rel=\"canonical\" href=\"https:\/\/macite.tg\/?p=10838\" \/>\n<meta property=\"og:locale\" content=\"fr_FR\" \/>\n<meta property=\"og:type\" content=\"article\" \/>\n<meta property=\"og:title\" content=\"CLIMAT\/LIMITER LES RAVAGES\u00a0: Amortir le choc des pertes et des d\u00e9g\u00e2ts dus \u00e0 des ph\u00e9nom\u00e8nes climatiques -\" \/>\n<meta property=\"og:description\" content=\"Alors que les effets de la crise climatique ne cessent de d\u00e9passer les limites de l\u2019adaptation, les pays cherchent de toute urgence des strat\u00e9gies leur permettant de faire face aux pertes et aux d\u00e9g\u00e2ts qui touchent le secteur agricole. Cet article d\u2019opinion examine diff\u00e9rentes solutions [&hellip;]\" \/>\n<meta property=\"og:url\" content=\"https:\/\/macite.tg\/?p=10838\" \/>\n<meta property=\"article:published_time\" content=\"2023-12-04T13:00:58+00:00\" \/>\n<meta property=\"article:modified_time\" content=\"2023-12-04T13:01:01+00:00\" \/>\n<meta property=\"og:image\" content=\"https:\/\/macite.tg\/wp-content\/uploads\/2023\/12\/image-7.png\" \/>\n\t<meta property=\"og:image:width\" content=\"1024\" \/>\n\t<meta property=\"og:image:height\" content=\"632\" \/>\n\t<meta property=\"og:image:type\" content=\"image\/png\" \/>\n<meta name=\"author\" content=\"Jean Pierre BAWELA\" \/>\n<meta name=\"twitter:card\" content=\"summary_large_image\" \/>\n<meta name=\"twitter:label1\" content=\"\u00c9crit par\" \/>\n\t<meta name=\"twitter:data1\" content=\"Jean Pierre BAWELA\" \/>\n\t<meta name=\"twitter:label2\" content=\"Dur\u00e9e de lecture estim\u00e9e\" \/>\n\t<meta name=\"twitter:data2\" content=\"5 minutes\" \/>\n<script type=\"application\/ld+json\" class=\"yoast-schema-graph\">{\"@context\":\"https:\\\/\\\/schema.org\",\"@graph\":[{\"@type\":\"Article\",\"@id\":\"https:\\\/\\\/macite.tg\\\/?p=10838#article\",\"isPartOf\":{\"@id\":\"https:\\\/\\\/macite.tg\\\/?p=10838\"},\"author\":{\"name\":\"Jean Pierre BAWELA\",\"@id\":\"https:\\\/\\\/macite.tg\\\/#\\\/schema\\\/person\\\/e9f2de7e5dbbe7770a9402c7ce82f5c2\"},\"headline\":\"CLIMAT\\\/LIMITER LES RAVAGES\u00a0: Amortir le choc des pertes et des d\u00e9g\u00e2ts dus \u00e0 des ph\u00e9nom\u00e8nes climatiques\",\"datePublished\":\"2023-12-04T13:00:58+00:00\",\"dateModified\":\"2023-12-04T13:01:01+00:00\",\"mainEntityOfPage\":{\"@id\":\"https:\\\/\\\/macite.tg\\\/?p=10838\"},\"wordCount\":1048,\"commentCount\":0,\"image\":{\"@id\":\"https:\\\/\\\/macite.tg\\\/?p=10838#primaryimage\"},\"thumbnailUrl\":\"https:\\\/\\\/macite.tg\\\/wp-content\\\/uploads\\\/2023\\\/12\\\/image-7.png\",\"articleSection\":[\"ENVIRONNEMENT\",\"OPINION\"],\"inLanguage\":\"fr-FR\",\"potentialAction\":[{\"@type\":\"CommentAction\",\"name\":\"Comment\",\"target\":[\"https:\\\/\\\/macite.tg\\\/?p=10838#respond\"]}]},{\"@type\":\"WebPage\",\"@id\":\"https:\\\/\\\/macite.tg\\\/?p=10838\",\"url\":\"https:\\\/\\\/macite.tg\\\/?p=10838\",\"name\":\"CLIMAT\\\/LIMITER LES RAVAGES\u00a0: Amortir le choc des pertes et des d\u00e9g\u00e2ts dus \u00e0 des ph\u00e9nom\u00e8nes climatiques -\",\"isPartOf\":{\"@id\":\"https:\\\/\\\/macite.tg\\\/#website\"},\"primaryImageOfPage\":{\"@id\":\"https:\\\/\\\/macite.tg\\\/?p=10838#primaryimage\"},\"image\":{\"@id\":\"https:\\\/\\\/macite.tg\\\/?p=10838#primaryimage\"},\"thumbnailUrl\":\"https:\\\/\\\/macite.tg\\\/wp-content\\\/uploads\\\/2023\\\/12\\\/image-7.png\",\"datePublished\":\"2023-12-04T13:00:58+00:00\",\"dateModified\":\"2023-12-04T13:01:01+00:00\",\"author\":{\"@id\":\"https:\\\/\\\/macite.tg\\\/#\\\/schema\\\/person\\\/e9f2de7e5dbbe7770a9402c7ce82f5c2\"},\"breadcrumb\":{\"@id\":\"https:\\\/\\\/macite.tg\\\/?p=10838#breadcrumb\"},\"inLanguage\":\"fr-FR\",\"potentialAction\":[{\"@type\":\"ReadAction\",\"target\":[\"https:\\\/\\\/macite.tg\\\/?p=10838\"]}]},{\"@type\":\"ImageObject\",\"inLanguage\":\"fr-FR\",\"@id\":\"https:\\\/\\\/macite.tg\\\/?p=10838#primaryimage\",\"url\":\"https:\\\/\\\/macite.tg\\\/wp-content\\\/uploads\\\/2023\\\/12\\\/image-7.png\",\"contentUrl\":\"https:\\\/\\\/macite.tg\\\/wp-content\\\/uploads\\\/2023\\\/12\\\/image-7.png\",\"width\":1024,\"height\":632},{\"@type\":\"BreadcrumbList\",\"@id\":\"https:\\\/\\\/macite.tg\\\/?p=10838#breadcrumb\",\"itemListElement\":[{\"@type\":\"ListItem\",\"position\":1,\"name\":\"Accueil\",\"item\":\"https:\\\/\\\/macite.tg\\\/\"},{\"@type\":\"ListItem\",\"position\":2,\"name\":\"CLIMAT\\\/LIMITER LES RAVAGES\u00a0: Amortir le choc des pertes et des d\u00e9g\u00e2ts dus \u00e0 des ph\u00e9nom\u00e8nes climatiques\"}]},{\"@type\":\"WebSite\",\"@id\":\"https:\\\/\\\/macite.tg\\\/#website\",\"url\":\"https:\\\/\\\/macite.tg\\\/\",\"name\":\"\",\"description\":\"L&#039;information, la bonne!!!\",\"potentialAction\":[{\"@type\":\"SearchAction\",\"target\":{\"@type\":\"EntryPoint\",\"urlTemplate\":\"https:\\\/\\\/macite.tg\\\/?s={search_term_string}\"},\"query-input\":{\"@type\":\"PropertyValueSpecification\",\"valueRequired\":true,\"valueName\":\"search_term_string\"}}],\"inLanguage\":\"fr-FR\"},{\"@type\":\"Person\",\"@id\":\"https:\\\/\\\/macite.tg\\\/#\\\/schema\\\/person\\\/e9f2de7e5dbbe7770a9402c7ce82f5c2\",\"name\":\"Jean Pierre BAWELA\",\"image\":{\"@type\":\"ImageObject\",\"inLanguage\":\"fr-FR\",\"@id\":\"https:\\\/\\\/macite.tg\\\/wp-content\\\/uploads\\\/2023\\\/09\\\/WhatsApp-Image-2023-09-19-at-14.44.41-122x122.jpeg\",\"url\":\"https:\\\/\\\/macite.tg\\\/wp-content\\\/uploads\\\/2023\\\/09\\\/WhatsApp-Image-2023-09-19-at-14.44.41-122x122.jpeg\",\"contentUrl\":\"https:\\\/\\\/macite.tg\\\/wp-content\\\/uploads\\\/2023\\\/09\\\/WhatsApp-Image-2023-09-19-at-14.44.41-122x122.jpeg\",\"caption\":\"Jean Pierre BAWELA\"},\"url\":\"https:\\\/\\\/macite.tg\\\/?author=2\"}]}<\/script>\n<!-- \/ Yoast SEO plugin. -->","yoast_head_json":{"title":"CLIMAT\/LIMITER LES RAVAGES\u00a0: Amortir le choc des pertes et des d\u00e9g\u00e2ts dus \u00e0 des ph\u00e9nom\u00e8nes climatiques -","robots":{"index":"index","follow":"follow","max-snippet":"max-snippet:-1","max-image-preview":"max-image-preview:large","max-video-preview":"max-video-preview:-1"},"canonical":"https:\/\/macite.tg\/?p=10838","og_locale":"fr_FR","og_type":"article","og_title":"CLIMAT\/LIMITER LES RAVAGES\u00a0: Amortir le choc des pertes et des d\u00e9g\u00e2ts dus \u00e0 des ph\u00e9nom\u00e8nes climatiques -","og_description":"Alors que les effets de la crise climatique ne cessent de d\u00e9passer les limites de l\u2019adaptation, les pays cherchent de toute urgence des strat\u00e9gies leur permettant de faire face aux pertes et aux d\u00e9g\u00e2ts qui touchent le secteur agricole. Cet article d\u2019opinion examine diff\u00e9rentes solutions [&hellip;]","og_url":"https:\/\/macite.tg\/?p=10838","article_published_time":"2023-12-04T13:00:58+00:00","article_modified_time":"2023-12-04T13:01:01+00:00","og_image":[{"width":1024,"height":632,"url":"https:\/\/macite.tg\/wp-content\/uploads\/2023\/12\/image-7.png","type":"image\/png"}],"author":"Jean Pierre BAWELA","twitter_card":"summary_large_image","twitter_misc":{"\u00c9crit par":"Jean Pierre BAWELA","Dur\u00e9e de lecture estim\u00e9e":"5 minutes"},"schema":{"@context":"https:\/\/schema.org","@graph":[{"@type":"Article","@id":"https:\/\/macite.tg\/?p=10838#article","isPartOf":{"@id":"https:\/\/macite.tg\/?p=10838"},"author":{"name":"Jean Pierre BAWELA","@id":"https:\/\/macite.tg\/#\/schema\/person\/e9f2de7e5dbbe7770a9402c7ce82f5c2"},"headline":"CLIMAT\/LIMITER LES RAVAGES\u00a0: Amortir le choc des pertes et des d\u00e9g\u00e2ts dus \u00e0 des ph\u00e9nom\u00e8nes climatiques","datePublished":"2023-12-04T13:00:58+00:00","dateModified":"2023-12-04T13:01:01+00:00","mainEntityOfPage":{"@id":"https:\/\/macite.tg\/?p=10838"},"wordCount":1048,"commentCount":0,"image":{"@id":"https:\/\/macite.tg\/?p=10838#primaryimage"},"thumbnailUrl":"https:\/\/macite.tg\/wp-content\/uploads\/2023\/12\/image-7.png","articleSection":["ENVIRONNEMENT","OPINION"],"inLanguage":"fr-FR","potentialAction":[{"@type":"CommentAction","name":"Comment","target":["https:\/\/macite.tg\/?p=10838#respond"]}]},{"@type":"WebPage","@id":"https:\/\/macite.tg\/?p=10838","url":"https:\/\/macite.tg\/?p=10838","name":"CLIMAT\/LIMITER LES RAVAGES\u00a0: Amortir le choc des pertes et des d\u00e9g\u00e2ts dus \u00e0 des ph\u00e9nom\u00e8nes climatiques -","isPartOf":{"@id":"https:\/\/macite.tg\/#website"},"primaryImageOfPage":{"@id":"https:\/\/macite.tg\/?p=10838#primaryimage"},"image":{"@id":"https:\/\/macite.tg\/?p=10838#primaryimage"},"thumbnailUrl":"https:\/\/macite.tg\/wp-content\/uploads\/2023\/12\/image-7.png","datePublished":"2023-12-04T13:00:58+00:00","dateModified":"2023-12-04T13:01:01+00:00","author":{"@id":"https:\/\/macite.tg\/#\/schema\/person\/e9f2de7e5dbbe7770a9402c7ce82f5c2"},"breadcrumb":{"@id":"https:\/\/macite.tg\/?p=10838#breadcrumb"},"inLanguage":"fr-FR","potentialAction":[{"@type":"ReadAction","target":["https:\/\/macite.tg\/?p=10838"]}]},{"@type":"ImageObject","inLanguage":"fr-FR","@id":"https:\/\/macite.tg\/?p=10838#primaryimage","url":"https:\/\/macite.tg\/wp-content\/uploads\/2023\/12\/image-7.png","contentUrl":"https:\/\/macite.tg\/wp-content\/uploads\/2023\/12\/image-7.png","width":1024,"height":632},{"@type":"BreadcrumbList","@id":"https:\/\/macite.tg\/?p=10838#breadcrumb","itemListElement":[{"@type":"ListItem","position":1,"name":"Accueil","item":"https:\/\/macite.tg\/"},{"@type":"ListItem","position":2,"name":"CLIMAT\/LIMITER LES RAVAGES\u00a0: Amortir le choc des pertes et des d\u00e9g\u00e2ts dus \u00e0 des ph\u00e9nom\u00e8nes climatiques"}]},{"@type":"WebSite","@id":"https:\/\/macite.tg\/#website","url":"https:\/\/macite.tg\/","name":"","description":"L&#039;information, la bonne!!!","potentialAction":[{"@type":"SearchAction","target":{"@type":"EntryPoint","urlTemplate":"https:\/\/macite.tg\/?s={search_term_string}"},"query-input":{"@type":"PropertyValueSpecification","valueRequired":true,"valueName":"search_term_string"}}],"inLanguage":"fr-FR"},{"@type":"Person","@id":"https:\/\/macite.tg\/#\/schema\/person\/e9f2de7e5dbbe7770a9402c7ce82f5c2","name":"Jean Pierre BAWELA","image":{"@type":"ImageObject","inLanguage":"fr-FR","@id":"https:\/\/macite.tg\/wp-content\/uploads\/2023\/09\/WhatsApp-Image-2023-09-19-at-14.44.41-122x122.jpeg","url":"https:\/\/macite.tg\/wp-content\/uploads\/2023\/09\/WhatsApp-Image-2023-09-19-at-14.44.41-122x122.jpeg","contentUrl":"https:\/\/macite.tg\/wp-content\/uploads\/2023\/09\/WhatsApp-Image-2023-09-19-at-14.44.41-122x122.jpeg","caption":"Jean Pierre BAWELA"},"url":"https:\/\/macite.tg\/?author=2"}]}},"_links":{"self":[{"href":"https:\/\/macite.tg\/index.php?rest_route=\/wp\/v2\/posts\/10838","targetHints":{"allow":["GET"]}}],"collection":[{"href":"https:\/\/macite.tg\/index.php?rest_route=\/wp\/v2\/posts"}],"about":[{"href":"https:\/\/macite.tg\/index.php?rest_route=\/wp\/v2\/types\/post"}],"author":[{"embeddable":true,"href":"https:\/\/macite.tg\/index.php?rest_route=\/wp\/v2\/users\/2"}],"replies":[{"embeddable":true,"href":"https:\/\/macite.tg\/index.php?rest_route=%2Fwp%2Fv2%2Fcomments&post=10838"}],"version-history":[{"count":0,"href":"https:\/\/macite.tg\/index.php?rest_route=\/wp\/v2\/posts\/10838\/revisions"}],"wp:featuredmedia":[{"embeddable":true,"href":"https:\/\/macite.tg\/index.php?rest_route=\/wp\/v2\/media\/10843"}],"wp:attachment":[{"href":"https:\/\/macite.tg\/index.php?rest_route=%2Fwp%2Fv2%2Fmedia&parent=10838"}],"wp:term":[{"taxonomy":"category","embeddable":true,"href":"https:\/\/macite.tg\/index.php?rest_route=%2Fwp%2Fv2%2Fcategories&post=10838"},{"taxonomy":"post_tag","embeddable":true,"href":"https:\/\/macite.tg\/index.php?rest_route=%2Fwp%2Fv2%2Ftags&post=10838"}],"curies":[{"name":"wp","href":"https:\/\/api.w.org\/{rel}","templated":true}]}}