{"id":10835,"date":"2023-12-04T11:28:20","date_gmt":"2023-12-04T11:28:20","guid":{"rendered":"https:\/\/macite.tg\/?p=10835"},"modified":"2023-12-04T11:28:22","modified_gmt":"2023-12-04T11:28:22","slug":"presidentielle-2024-au-senegal-le-message-de-karim-wade","status":"publish","type":"post","link":"https:\/\/macite.tg\/?p=10835","title":{"rendered":"PR\u00c9SIDENTIELLE 2024 AU S\u00c9N\u00c9GAL: Le message de Karim Wade\u2026"},"content":{"rendered":"\n<p class=\"wp-block-paragraph\"><strong><em>En exil au Qatar et candidat \u00e0 la Pr\u00e9sidentielle de 2024, Karim Wade a d\u00e9j\u00e0 d\u00e9pos\u00e9 sa caution et ses hommes se sont lanc\u00e9s sur le parrainage. Aujourd\u2019hui, le leader du Parti d\u00e9mocratique s\u00e9n\u00e9galais (Pds) a publi\u00e9 un message sur les r\u00e9seaux sociaux pour f\u00e9liciter qui s\u2019est occup\u00e9 de ses parrainages et qu\u2019il a officiellement d\u00e9sign\u00e9 comme son mandataire national.<\/em><\/strong><\/p>\n\n\n\n<p class=\"wp-block-paragraph\"><em>\u00ab\u00a0F\u00e9licitations \u00e0 Magatte Sy pour l\u2019excellente gestion des parrainages, un jalon essentiel pour notre campagne. Son leadership est un atout majeur.<\/em><\/p>\n\n\n\n<p class=\"wp-block-paragraph\"><em>C\u2019est avec une confiance totale que je le nomme mandataire national, pour me repr\u00e9senter dans toutes les \u00e9tapes du processus \u00e9lectoral de 2024. #EnsemblePourLeChangement #KarimWade2024&nbsp;\u00bb<\/em>, a-t-il \u00e9crit sur ses r\u00e9seaux sociaux.<\/p>\n\n\n<div class=\"wp-block-image\">\n<figure class=\"aligncenter size-large is-resized\"><img loading=\"lazy\" decoding=\"async\" src=\"https:\/\/macite.tg\/wp-content\/uploads\/2023\/11\/WhatsApp-Image-2023-10-09-at-17.28.15-1-1024x1024.jpeg\" alt=\"\" class=\"wp-image-10647\" width=\"433\" height=\"433\" srcset=\"https:\/\/macite.tg\/wp-content\/uploads\/2023\/11\/WhatsApp-Image-2023-10-09-at-17.28.15-1-1024x1024.jpeg 1024w, https:\/\/macite.tg\/wp-content\/uploads\/2023\/11\/WhatsApp-Image-2023-10-09-at-17.28.15-1-300x300.jpeg 300w, https:\/\/macite.tg\/wp-content\/uploads\/2023\/11\/WhatsApp-Image-2023-10-09-at-17.28.15-1-150x150.jpeg 150w, https:\/\/macite.tg\/wp-content\/uploads\/2023\/11\/WhatsApp-Image-2023-10-09-at-17.28.15-1-768x768.jpeg 768w, https:\/\/macite.tg\/wp-content\/uploads\/2023\/11\/WhatsApp-Image-2023-10-09-at-17.28.15-1-122x122.jpeg 122w, https:\/\/macite.tg\/wp-content\/uploads\/2023\/11\/WhatsApp-Image-2023-10-09-at-17.28.15-1.jpeg 1280w\" sizes=\"auto, (max-width: 433px) 100vw, 433px\" \/><\/figure>\n<\/div>\n\n\n<p class=\"wp-block-paragraph\">Pour rappel, depuis qu\u2019il a \u00e9t\u00e9 a \u00e9t\u00e9 reconnu coupable d\u2019avoir ill\u00e9galement acquis plus de 123 milliards de Franc CFA et a \u00e9t\u00e9 condamn\u00e9 \u00e0 six ans de prison, Karim Wade s\u2019est all\u00e9 au Qatar.<\/p>\n\n\n\n<p class=\"wp-block-paragraph\">Il a longtemps annonc\u00e9 son retour au S\u00e9n\u00e9gal, en vain. Pour la pr\u00e9sidentielle de 2024 qui aura lieu en janvier, il est fortement annonc\u00e9 par ses hommes.<\/p>\n\n\n\n<p class=\"wp-block-paragraph\"><strong>SeneNews<\/strong><\/p>\n\n\n\n<p class=\"wp-block-paragraph\"><strong><em>@macite.tg&nbsp;&nbsp;&nbsp;&nbsp;&nbsp;&nbsp;&nbsp;&nbsp;<\/em><\/strong><\/p>\n\n\n\n<p class=\"wp-block-paragraph\"><strong><em>E-mail&nbsp;: <\/em><\/strong><a href=\"mailto:maciteinfo@gmail.com\"><strong><em>maciteinfo@gmail.com<\/em><\/strong><\/a><strong><em>; <\/em><\/strong><a href=\"mailto:bawela1@gmail.com\"><strong><em>bawela1@gmail.com<\/em><\/strong><\/a><strong><em><\/em><\/strong><\/p>\n\n\n\n<p class=\"wp-block-paragraph\"><strong><em>Pour vos annonces, (publi)reportages, etc., joignez-nous au (00228)91515309\/<\/em><\/strong><strong>79872224 <\/strong><strong><em>www.macite.tg, L\u2019information, la bonne&nbsp;!<\/em><\/strong><\/p>\n","protected":false},"excerpt":{"rendered":"<p class=\"text-justify mb-2\" >En exil au Qatar et candidat \u00e0 la Pr\u00e9sidentielle de 2024, Karim Wade a d\u00e9j\u00e0 d\u00e9pos\u00e9 sa caution et ses hommes se sont lanc\u00e9s sur le parrainage. Aujourd\u2019hui, le leader du Parti d\u00e9mocratique s\u00e9n\u00e9galais (Pds) a publi\u00e9 un message sur les r\u00e9seaux sociaux pour f\u00e9liciter [&hellip;]<\/p>\n","protected":false},"author":2,"featured_media":10836,"comment_status":"open","ping_status":"open","sticky":false,"template":"","format":"standard","meta":{"footnotes":""},"categories":[20],"tags":[],"class_list":["post-10835","post","type-post","status-publish","format-standard","has-post-thumbnail","hentry","category-actualite"],"yoast_head":"<!-- This site is optimized with the Yoast SEO plugin v28.4 - https:\/\/yoast.com\/product\/yoast-seo-wordpress\/ -->\n<title>PR\u00c9SIDENTIELLE 2024 AU S\u00c9N\u00c9GAL: Le message de Karim Wade\u2026 -<\/title>\n<meta name=\"robots\" content=\"index, follow, max-snippet:-1, max-image-preview:large, max-video-preview:-1\" \/>\n<link rel=\"canonical\" href=\"https:\/\/macite.tg\/?p=10835\" \/>\n<meta property=\"og:locale\" content=\"fr_FR\" \/>\n<meta property=\"og:type\" content=\"article\" \/>\n<meta property=\"og:title\" content=\"PR\u00c9SIDENTIELLE 2024 AU S\u00c9N\u00c9GAL: Le message de Karim Wade\u2026 -\" \/>\n<meta property=\"og:description\" content=\"En exil au Qatar et candidat \u00e0 la Pr\u00e9sidentielle de 2024, Karim Wade a d\u00e9j\u00e0 d\u00e9pos\u00e9 sa caution et ses hommes se sont lanc\u00e9s sur le parrainage. Aujourd\u2019hui, le leader du Parti d\u00e9mocratique s\u00e9n\u00e9galais (Pds) a publi\u00e9 un message sur les r\u00e9seaux sociaux pour f\u00e9liciter [&hellip;]\" \/>\n<meta property=\"og:url\" content=\"https:\/\/macite.tg\/?p=10835\" \/>\n<meta property=\"article:published_time\" content=\"2023-12-04T11:28:20+00:00\" \/>\n<meta property=\"article:modified_time\" content=\"2023-12-04T11:28:22+00:00\" \/>\n<meta property=\"og:image\" content=\"https:\/\/macite.tg\/wp-content\/uploads\/2023\/12\/image-5.png\" \/>\n\t<meta property=\"og:image:width\" content=\"696\" \/>\n\t<meta property=\"og:image:height\" content=\"391\" \/>\n\t<meta property=\"og:image:type\" content=\"image\/png\" \/>\n<meta name=\"author\" content=\"Jean Pierre BAWELA\" \/>\n<meta name=\"twitter:card\" content=\"summary_large_image\" \/>\n<meta name=\"twitter:label1\" content=\"\u00c9crit par\" \/>\n\t<meta name=\"twitter:data1\" content=\"Jean Pierre BAWELA\" \/>\n\t<meta name=\"twitter:label2\" content=\"Dur\u00e9e de lecture estim\u00e9e\" \/>\n\t<meta name=\"twitter:data2\" content=\"1 minute\" \/>\n<script type=\"application\/ld+json\" class=\"yoast-schema-graph\">{\"@context\":\"https:\\\/\\\/schema.org\",\"@graph\":[{\"@type\":\"Article\",\"@id\":\"https:\\\/\\\/macite.tg\\\/?p=10835#article\",\"isPartOf\":{\"@id\":\"https:\\\/\\\/macite.tg\\\/?p=10835\"},\"author\":{\"name\":\"Jean Pierre BAWELA\",\"@id\":\"https:\\\/\\\/macite.tg\\\/#\\\/schema\\\/person\\\/e9f2de7e5dbbe7770a9402c7ce82f5c2\"},\"headline\":\"PR\u00c9SIDENTIELLE 2024 AU S\u00c9N\u00c9GAL: Le message de Karim Wade\u2026\",\"datePublished\":\"2023-12-04T11:28:20+00:00\",\"dateModified\":\"2023-12-04T11:28:22+00:00\",\"mainEntityOfPage\":{\"@id\":\"https:\\\/\\\/macite.tg\\\/?p=10835\"},\"wordCount\":239,\"commentCount\":0,\"image\":{\"@id\":\"https:\\\/\\\/macite.tg\\\/?p=10835#primaryimage\"},\"thumbnailUrl\":\"https:\\\/\\\/macite.tg\\\/wp-content\\\/uploads\\\/2023\\\/12\\\/image-5.png\",\"articleSection\":[\"ACTUALITE\"],\"inLanguage\":\"fr-FR\",\"potentialAction\":[{\"@type\":\"CommentAction\",\"name\":\"Comment\",\"target\":[\"https:\\\/\\\/macite.tg\\\/?p=10835#respond\"]}]},{\"@type\":\"WebPage\",\"@id\":\"https:\\\/\\\/macite.tg\\\/?p=10835\",\"url\":\"https:\\\/\\\/macite.tg\\\/?p=10835\",\"name\":\"PR\u00c9SIDENTIELLE 2024 AU S\u00c9N\u00c9GAL: Le message de Karim Wade\u2026 -\",\"isPartOf\":{\"@id\":\"https:\\\/\\\/macite.tg\\\/#website\"},\"primaryImageOfPage\":{\"@id\":\"https:\\\/\\\/macite.tg\\\/?p=10835#primaryimage\"},\"image\":{\"@id\":\"https:\\\/\\\/macite.tg\\\/?p=10835#primaryimage\"},\"thumbnailUrl\":\"https:\\\/\\\/macite.tg\\\/wp-content\\\/uploads\\\/2023\\\/12\\\/image-5.png\",\"datePublished\":\"2023-12-04T11:28:20+00:00\",\"dateModified\":\"2023-12-04T11:28:22+00:00\",\"author\":{\"@id\":\"https:\\\/\\\/macite.tg\\\/#\\\/schema\\\/person\\\/e9f2de7e5dbbe7770a9402c7ce82f5c2\"},\"breadcrumb\":{\"@id\":\"https:\\\/\\\/macite.tg\\\/?p=10835#breadcrumb\"},\"inLanguage\":\"fr-FR\",\"potentialAction\":[{\"@type\":\"ReadAction\",\"target\":[\"https:\\\/\\\/macite.tg\\\/?p=10835\"]}]},{\"@type\":\"ImageObject\",\"inLanguage\":\"fr-FR\",\"@id\":\"https:\\\/\\\/macite.tg\\\/?p=10835#primaryimage\",\"url\":\"https:\\\/\\\/macite.tg\\\/wp-content\\\/uploads\\\/2023\\\/12\\\/image-5.png\",\"contentUrl\":\"https:\\\/\\\/macite.tg\\\/wp-content\\\/uploads\\\/2023\\\/12\\\/image-5.png\",\"width\":696,\"height\":391},{\"@type\":\"BreadcrumbList\",\"@id\":\"https:\\\/\\\/macite.tg\\\/?p=10835#breadcrumb\",\"itemListElement\":[{\"@type\":\"ListItem\",\"position\":1,\"name\":\"Accueil\",\"item\":\"https:\\\/\\\/macite.tg\\\/\"},{\"@type\":\"ListItem\",\"position\":2,\"name\":\"PR\u00c9SIDENTIELLE 2024 AU S\u00c9N\u00c9GAL: Le message de Karim Wade\u2026\"}]},{\"@type\":\"WebSite\",\"@id\":\"https:\\\/\\\/macite.tg\\\/#website\",\"url\":\"https:\\\/\\\/macite.tg\\\/\",\"name\":\"\",\"description\":\"L&#039;information, la bonne!!!\",\"potentialAction\":[{\"@type\":\"SearchAction\",\"target\":{\"@type\":\"EntryPoint\",\"urlTemplate\":\"https:\\\/\\\/macite.tg\\\/?s={search_term_string}\"},\"query-input\":{\"@type\":\"PropertyValueSpecification\",\"valueRequired\":true,\"valueName\":\"search_term_string\"}}],\"inLanguage\":\"fr-FR\"},{\"@type\":\"Person\",\"@id\":\"https:\\\/\\\/macite.tg\\\/#\\\/schema\\\/person\\\/e9f2de7e5dbbe7770a9402c7ce82f5c2\",\"name\":\"Jean Pierre BAWELA\",\"image\":{\"@type\":\"ImageObject\",\"inLanguage\":\"fr-FR\",\"@id\":\"https:\\\/\\\/macite.tg\\\/wp-content\\\/uploads\\\/2023\\\/09\\\/WhatsApp-Image-2023-09-19-at-14.44.41-122x122.jpeg\",\"url\":\"https:\\\/\\\/macite.tg\\\/wp-content\\\/uploads\\\/2023\\\/09\\\/WhatsApp-Image-2023-09-19-at-14.44.41-122x122.jpeg\",\"contentUrl\":\"https:\\\/\\\/macite.tg\\\/wp-content\\\/uploads\\\/2023\\\/09\\\/WhatsApp-Image-2023-09-19-at-14.44.41-122x122.jpeg\",\"caption\":\"Jean Pierre BAWELA\"},\"url\":\"https:\\\/\\\/macite.tg\\\/?author=2\"}]}<\/script>\n<!-- \/ Yoast SEO plugin. -->","yoast_head_json":{"title":"PR\u00c9SIDENTIELLE 2024 AU S\u00c9N\u00c9GAL: Le message de Karim Wade\u2026 -","robots":{"index":"index","follow":"follow","max-snippet":"max-snippet:-1","max-image-preview":"max-image-preview:large","max-video-preview":"max-video-preview:-1"},"canonical":"https:\/\/macite.tg\/?p=10835","og_locale":"fr_FR","og_type":"article","og_title":"PR\u00c9SIDENTIELLE 2024 AU S\u00c9N\u00c9GAL: Le message de Karim Wade\u2026 -","og_description":"En exil au Qatar et candidat \u00e0 la Pr\u00e9sidentielle de 2024, Karim Wade a d\u00e9j\u00e0 d\u00e9pos\u00e9 sa caution et ses hommes se sont lanc\u00e9s sur le parrainage. Aujourd\u2019hui, le leader du Parti d\u00e9mocratique s\u00e9n\u00e9galais (Pds) a publi\u00e9 un message sur les r\u00e9seaux sociaux pour f\u00e9liciter [&hellip;]","og_url":"https:\/\/macite.tg\/?p=10835","article_published_time":"2023-12-04T11:28:20+00:00","article_modified_time":"2023-12-04T11:28:22+00:00","og_image":[{"width":696,"height":391,"url":"https:\/\/macite.tg\/wp-content\/uploads\/2023\/12\/image-5.png","type":"image\/png"}],"author":"Jean Pierre BAWELA","twitter_card":"summary_large_image","twitter_misc":{"\u00c9crit par":"Jean Pierre BAWELA","Dur\u00e9e de lecture estim\u00e9e":"1 minute"},"schema":{"@context":"https:\/\/schema.org","@graph":[{"@type":"Article","@id":"https:\/\/macite.tg\/?p=10835#article","isPartOf":{"@id":"https:\/\/macite.tg\/?p=10835"},"author":{"name":"Jean Pierre BAWELA","@id":"https:\/\/macite.tg\/#\/schema\/person\/e9f2de7e5dbbe7770a9402c7ce82f5c2"},"headline":"PR\u00c9SIDENTIELLE 2024 AU S\u00c9N\u00c9GAL: Le message de Karim Wade\u2026","datePublished":"2023-12-04T11:28:20+00:00","dateModified":"2023-12-04T11:28:22+00:00","mainEntityOfPage":{"@id":"https:\/\/macite.tg\/?p=10835"},"wordCount":239,"commentCount":0,"image":{"@id":"https:\/\/macite.tg\/?p=10835#primaryimage"},"thumbnailUrl":"https:\/\/macite.tg\/wp-content\/uploads\/2023\/12\/image-5.png","articleSection":["ACTUALITE"],"inLanguage":"fr-FR","potentialAction":[{"@type":"CommentAction","name":"Comment","target":["https:\/\/macite.tg\/?p=10835#respond"]}]},{"@type":"WebPage","@id":"https:\/\/macite.tg\/?p=10835","url":"https:\/\/macite.tg\/?p=10835","name":"PR\u00c9SIDENTIELLE 2024 AU S\u00c9N\u00c9GAL: Le message de Karim Wade\u2026 -","isPartOf":{"@id":"https:\/\/macite.tg\/#website"},"primaryImageOfPage":{"@id":"https:\/\/macite.tg\/?p=10835#primaryimage"},"image":{"@id":"https:\/\/macite.tg\/?p=10835#primaryimage"},"thumbnailUrl":"https:\/\/macite.tg\/wp-content\/uploads\/2023\/12\/image-5.png","datePublished":"2023-12-04T11:28:20+00:00","dateModified":"2023-12-04T11:28:22+00:00","author":{"@id":"https:\/\/macite.tg\/#\/schema\/person\/e9f2de7e5dbbe7770a9402c7ce82f5c2"},"breadcrumb":{"@id":"https:\/\/macite.tg\/?p=10835#breadcrumb"},"inLanguage":"fr-FR","potentialAction":[{"@type":"ReadAction","target":["https:\/\/macite.tg\/?p=10835"]}]},{"@type":"ImageObject","inLanguage":"fr-FR","@id":"https:\/\/macite.tg\/?p=10835#primaryimage","url":"https:\/\/macite.tg\/wp-content\/uploads\/2023\/12\/image-5.png","contentUrl":"https:\/\/macite.tg\/wp-content\/uploads\/2023\/12\/image-5.png","width":696,"height":391},{"@type":"BreadcrumbList","@id":"https:\/\/macite.tg\/?p=10835#breadcrumb","itemListElement":[{"@type":"ListItem","position":1,"name":"Accueil","item":"https:\/\/macite.tg\/"},{"@type":"ListItem","position":2,"name":"PR\u00c9SIDENTIELLE 2024 AU S\u00c9N\u00c9GAL: Le message de Karim Wade\u2026"}]},{"@type":"WebSite","@id":"https:\/\/macite.tg\/#website","url":"https:\/\/macite.tg\/","name":"","description":"L&#039;information, la bonne!!!","potentialAction":[{"@type":"SearchAction","target":{"@type":"EntryPoint","urlTemplate":"https:\/\/macite.tg\/?s={search_term_string}"},"query-input":{"@type":"PropertyValueSpecification","valueRequired":true,"valueName":"search_term_string"}}],"inLanguage":"fr-FR"},{"@type":"Person","@id":"https:\/\/macite.tg\/#\/schema\/person\/e9f2de7e5dbbe7770a9402c7ce82f5c2","name":"Jean Pierre BAWELA","image":{"@type":"ImageObject","inLanguage":"fr-FR","@id":"https:\/\/macite.tg\/wp-content\/uploads\/2023\/09\/WhatsApp-Image-2023-09-19-at-14.44.41-122x122.jpeg","url":"https:\/\/macite.tg\/wp-content\/uploads\/2023\/09\/WhatsApp-Image-2023-09-19-at-14.44.41-122x122.jpeg","contentUrl":"https:\/\/macite.tg\/wp-content\/uploads\/2023\/09\/WhatsApp-Image-2023-09-19-at-14.44.41-122x122.jpeg","caption":"Jean Pierre BAWELA"},"url":"https:\/\/macite.tg\/?author=2"}]}},"_links":{"self":[{"href":"https:\/\/macite.tg\/index.php?rest_route=\/wp\/v2\/posts\/10835","targetHints":{"allow":["GET"]}}],"collection":[{"href":"https:\/\/macite.tg\/index.php?rest_route=\/wp\/v2\/posts"}],"about":[{"href":"https:\/\/macite.tg\/index.php?rest_route=\/wp\/v2\/types\/post"}],"author":[{"embeddable":true,"href":"https:\/\/macite.tg\/index.php?rest_route=\/wp\/v2\/users\/2"}],"replies":[{"embeddable":true,"href":"https:\/\/macite.tg\/index.php?rest_route=%2Fwp%2Fv2%2Fcomments&post=10835"}],"version-history":[{"count":0,"href":"https:\/\/macite.tg\/index.php?rest_route=\/wp\/v2\/posts\/10835\/revisions"}],"wp:featuredmedia":[{"embeddable":true,"href":"https:\/\/macite.tg\/index.php?rest_route=\/wp\/v2\/media\/10836"}],"wp:attachment":[{"href":"https:\/\/macite.tg\/index.php?rest_route=%2Fwp%2Fv2%2Fmedia&parent=10835"}],"wp:term":[{"taxonomy":"category","embeddable":true,"href":"https:\/\/macite.tg\/index.php?rest_route=%2Fwp%2Fv2%2Fcategories&post=10835"},{"taxonomy":"post_tag","embeddable":true,"href":"https:\/\/macite.tg\/index.php?rest_route=%2Fwp%2Fv2%2Ftags&post=10835"}],"curies":[{"name":"wp","href":"https:\/\/api.w.org\/{rel}","templated":true}]}}