{"id":10826,"date":"2023-12-04T11:02:36","date_gmt":"2023-12-04T11:02:36","guid":{"rendered":"https:\/\/macite.tg\/?p=10826"},"modified":"2023-12-04T11:17:12","modified_gmt":"2023-12-04T11:17:12","slug":"cop-28-deja-des-fruits-pour-le-togo-amea-power-va-financer-lextension-de-la-centrale-de-blitta","status":"publish","type":"post","link":"https:\/\/macite.tg\/?p=10826","title":{"rendered":"COP 28\u00a0\/ D\u00c9J\u00c0 DES FRUITS POUR LE TOGO\u00a0: AMEA Power va financer l\u2019extension de la centrale de Blitta"},"content":{"rendered":"\n<p class=\"wp-block-paragraph\"><\/p>\n\n\n\n<p class=\"wp-block-paragraph\"><strong><em>La participation togolaise \u00e0 la 28<sup>\u00e8me<\/sup> Conf\u00e9rence des parties sur les changements climatiques (Cop 28), \u00e0 Duba\u00ef, aux Emirats Arabes Unis, porte d\u00e9j\u00e0 des fruits. Le gouvernement togolais et Amea Power ont conclu, le samedi 02 d\u00e9cembre dernier, un protocole d\u2019accord de financement pour <\/em><\/strong><strong><em>la construction d\u2019une nouvelle extension de la centrale photovolta\u00efque de Blitta, au Centre du pays.<\/em><\/strong><\/p>\n\n\n\n<p class=\"wp-block-paragraph\">La centrale photovolta\u00efque de Blitta, la plus grande en Afrique de l\u2019Ouest, va conna\u00eetre \u00e0 nouveau des travaux d\u2019extension. Samedi 02 d\u00e9cembre dernier, l\u2019ex\u00e9cutif togolais et Amea Power ont sign\u00e9 un protocole d\u2019accord en vue de la construction d\u2019une nouvelle extension de l\u2019infrastructure.<\/p>\n\n\n<div class=\"wp-block-image\">\n<figure class=\"aligncenter size-large is-resized\"><img loading=\"lazy\" decoding=\"async\" src=\"https:\/\/macite.tg\/wp-content\/uploads\/2023\/11\/WhatsApp-Image-2023-10-09-at-17.28.15-1-1024x1024.jpeg\" alt=\"\" class=\"wp-image-10647\" width=\"396\" height=\"396\" srcset=\"https:\/\/macite.tg\/wp-content\/uploads\/2023\/11\/WhatsApp-Image-2023-10-09-at-17.28.15-1-1024x1024.jpeg 1024w, https:\/\/macite.tg\/wp-content\/uploads\/2023\/11\/WhatsApp-Image-2023-10-09-at-17.28.15-1-300x300.jpeg 300w, https:\/\/macite.tg\/wp-content\/uploads\/2023\/11\/WhatsApp-Image-2023-10-09-at-17.28.15-1-150x150.jpeg 150w, https:\/\/macite.tg\/wp-content\/uploads\/2023\/11\/WhatsApp-Image-2023-10-09-at-17.28.15-1-768x768.jpeg 768w, https:\/\/macite.tg\/wp-content\/uploads\/2023\/11\/WhatsApp-Image-2023-10-09-at-17.28.15-1-122x122.jpeg 122w, https:\/\/macite.tg\/wp-content\/uploads\/2023\/11\/WhatsApp-Image-2023-10-09-at-17.28.15-1.jpeg 1280w\" sizes=\"auto, (max-width: 396px) 100vw, 396px\" \/><\/figure>\n<\/div>\n\n\n<p class=\"wp-block-paragraph\">Cette nouvelle extension suivie de l\u2019augmentation de la capacit\u00e9 de la centrale photovolta\u00efque de Blitta, s\u2019inscrit dans la vision des plus hautes autorit\u00e9s du pays de miser sur le mix \u00e9nerg\u00e9tique.<\/p>\n\n\n\n<p class=\"wp-block-paragraph\">C\u2019est la ministre d\u00e9l\u00e9gu\u00e9e en charge de l\u2019\u00c9nergie, Mila Aziabl\u00e9, et le premier responsable de la soci\u00e9t\u00e9 Amea Power, Hussain Al Nowais, qui ont paraph\u00e9 ledit protocole d\u2019accord, lors d\u2019une c\u00e9r\u00e9monie en marge des travaux de la Cop 28 \u00e0 Duba\u00ef.<\/p>\n\n\n\n<p class=\"wp-block-paragraph\">Dans les faits, il s\u2019agira de porter la capacit\u00e9 totale de la Centrale photovolta\u00efque de Blitta de 70 \u00e0 100 MW. Dans ce sens, l\u2019extension permettra de doter la centrale d\u2019une capacit\u00e9 suppl\u00e9mentaire de 30 M\u00e9gawatts, et d\u2019un stockage en batterie suppl\u00e9mentaire d\u2019au moins 10 m\u00e9gawatts heure.<\/p>\n\n\n<div class=\"wp-block-image\">\n<figure class=\"aligncenter size-large is-resized\"><img loading=\"lazy\" decoding=\"async\" src=\"https:\/\/macite.tg\/wp-content\/uploads\/2023\/11\/ANNONCES-1-1024x426.jpg\" alt=\"\" class=\"wp-image-10689\" width=\"766\" height=\"318\" srcset=\"https:\/\/macite.tg\/wp-content\/uploads\/2023\/11\/ANNONCES-1-1024x426.jpg 1024w, https:\/\/macite.tg\/wp-content\/uploads\/2023\/11\/ANNONCES-1-300x125.jpg 300w, https:\/\/macite.tg\/wp-content\/uploads\/2023\/11\/ANNONCES-1-768x319.jpg 768w, https:\/\/macite.tg\/wp-content\/uploads\/2023\/11\/ANNONCES-1.jpg 1080w\" sizes=\"auto, (max-width: 766px) 100vw, 766px\" \/><\/figure>\n<\/div>\n\n\n<p class=\"wp-block-paragraph\">Notons que ces derni\u00e8res ann\u00e9es, plusieurs projets ont \u00e9t\u00e9 initi\u00e9s par les autorit\u00e9s togolaises dans le cadre du mix \u00e9nerg\u00e9tique. On peut citer, entre autres, le projet Cizo, l\u2019installation de mini-centrales solaires et de mini r\u00e9seaux autonome(hors r\u00e9seaux) ou mini-grids.<\/p>\n\n\n\n<p class=\"wp-block-paragraph\">A l\u2019horizon 2030, le Togo ambitionne d\u2019atteindre les 50% d\u2019\u00e9nergies renouvelables dans le mix.<\/p>\n\n\n\n<p class=\"wp-block-paragraph\"><strong>La R\u00e9daction<\/strong><\/p>\n\n\n\n<p class=\"wp-block-paragraph\"><strong><em>@macite.tg&nbsp;&nbsp;&nbsp;&nbsp;&nbsp;&nbsp;&nbsp;&nbsp;<\/em><\/strong><\/p>\n\n\n\n<p class=\"wp-block-paragraph\"><strong><em>E-mail&nbsp;: <\/em><\/strong><a href=\"mailto:maciteinfo@gmail.com\"><strong><em>maciteinfo@gmail.com<\/em><\/strong><\/a><strong><em>; <\/em><\/strong><a href=\"mailto:bawela1@gmail.com\"><strong><em>bawela1@gmail.com<\/em><\/strong><\/a><\/p>\n\n\n\n<p class=\"wp-block-paragraph\"><strong><em>Pour vos annonces, (publi)reportages, etc., joignez-nous au (00228)91515309\/<strong>79872224 <\/strong>www.macite.tg, L\u2019information, la bonne&nbsp;!<\/em><\/strong><\/p>\n","protected":false},"excerpt":{"rendered":"<p class=\"text-justify mb-2\" >La participation togolaise \u00e0 la 28\u00e8me Conf\u00e9rence des parties sur les changements climatiques (Cop 28), \u00e0 Duba\u00ef, aux Emirats Arabes Unis, porte d\u00e9j\u00e0 des fruits. Le gouvernement togolais et Amea Power ont conclu, le samedi 02 d\u00e9cembre dernier, un protocole d\u2019accord de financement pour la [&hellip;]<\/p>\n","protected":false},"author":2,"featured_media":10834,"comment_status":"open","ping_status":"open","sticky":false,"template":"","format":"standard","meta":{"footnotes":""},"categories":[20,38],"tags":[],"class_list":["post-10826","post","type-post","status-publish","format-standard","has-post-thumbnail","hentry","category-actualite","category-energie"],"yoast_head":"<!-- This site is optimized with the Yoast SEO plugin v28.4 - https:\/\/yoast.com\/product\/yoast-seo-wordpress\/ -->\n<title>COP 28\u00a0\/ D\u00c9J\u00c0 DES FRUITS POUR LE TOGO\u00a0: AMEA Power va financer l\u2019extension de la centrale de Blitta -<\/title>\n<meta name=\"robots\" content=\"index, follow, max-snippet:-1, max-image-preview:large, max-video-preview:-1\" \/>\n<link rel=\"canonical\" href=\"https:\/\/macite.tg\/?p=10826\" \/>\n<meta property=\"og:locale\" content=\"fr_FR\" \/>\n<meta property=\"og:type\" content=\"article\" \/>\n<meta property=\"og:title\" content=\"COP 28\u00a0\/ D\u00c9J\u00c0 DES FRUITS POUR LE TOGO\u00a0: AMEA Power va financer l\u2019extension de la centrale de Blitta -\" \/>\n<meta property=\"og:description\" content=\"La participation togolaise \u00e0 la 28\u00e8me Conf\u00e9rence des parties sur les changements climatiques (Cop 28), \u00e0 Duba\u00ef, aux Emirats Arabes Unis, porte d\u00e9j\u00e0 des fruits. Le gouvernement togolais et Amea Power ont conclu, le samedi 02 d\u00e9cembre dernier, un protocole d\u2019accord de financement pour la [&hellip;]\" \/>\n<meta property=\"og:url\" content=\"https:\/\/macite.tg\/?p=10826\" \/>\n<meta property=\"article:published_time\" content=\"2023-12-04T11:02:36+00:00\" \/>\n<meta property=\"article:modified_time\" content=\"2023-12-04T11:17:12+00:00\" \/>\n<meta property=\"og:image\" content=\"https:\/\/macite.tg\/wp-content\/uploads\/2023\/12\/dubai.jpg\" \/>\n\t<meta property=\"og:image:width\" content=\"545\" \/>\n\t<meta property=\"og:image:height\" content=\"187\" \/>\n\t<meta property=\"og:image:type\" content=\"image\/jpeg\" \/>\n<meta name=\"author\" content=\"Jean Pierre BAWELA\" \/>\n<meta name=\"twitter:card\" content=\"summary_large_image\" \/>\n<meta name=\"twitter:label1\" content=\"\u00c9crit par\" \/>\n\t<meta name=\"twitter:data1\" content=\"Jean Pierre BAWELA\" \/>\n\t<meta name=\"twitter:label2\" content=\"Dur\u00e9e de lecture estim\u00e9e\" \/>\n\t<meta name=\"twitter:data2\" content=\"2 minutes\" \/>\n<script type=\"application\/ld+json\" class=\"yoast-schema-graph\">{\"@context\":\"https:\\\/\\\/schema.org\",\"@graph\":[{\"@type\":\"Article\",\"@id\":\"https:\\\/\\\/macite.tg\\\/?p=10826#article\",\"isPartOf\":{\"@id\":\"https:\\\/\\\/macite.tg\\\/?p=10826\"},\"author\":{\"name\":\"Jean Pierre BAWELA\",\"@id\":\"https:\\\/\\\/macite.tg\\\/#\\\/schema\\\/person\\\/e9f2de7e5dbbe7770a9402c7ce82f5c2\"},\"headline\":\"COP 28\u00a0\\\/ D\u00c9J\u00c0 DES FRUITS POUR LE TOGO\u00a0: AMEA Power va financer l\u2019extension de la centrale de Blitta\",\"datePublished\":\"2023-12-04T11:02:36+00:00\",\"dateModified\":\"2023-12-04T11:17:12+00:00\",\"mainEntityOfPage\":{\"@id\":\"https:\\\/\\\/macite.tg\\\/?p=10826\"},\"wordCount\":369,\"commentCount\":0,\"image\":{\"@id\":\"https:\\\/\\\/macite.tg\\\/?p=10826#primaryimage\"},\"thumbnailUrl\":\"https:\\\/\\\/macite.tg\\\/wp-content\\\/uploads\\\/2023\\\/12\\\/dubai.jpg\",\"articleSection\":[\"ACTUALITE\",\"ENERGIE\"],\"inLanguage\":\"fr-FR\",\"potentialAction\":[{\"@type\":\"CommentAction\",\"name\":\"Comment\",\"target\":[\"https:\\\/\\\/macite.tg\\\/?p=10826#respond\"]}]},{\"@type\":\"WebPage\",\"@id\":\"https:\\\/\\\/macite.tg\\\/?p=10826\",\"url\":\"https:\\\/\\\/macite.tg\\\/?p=10826\",\"name\":\"COP 28\u00a0\\\/ D\u00c9J\u00c0 DES FRUITS POUR LE TOGO\u00a0: AMEA Power va financer l\u2019extension de la centrale de Blitta -\",\"isPartOf\":{\"@id\":\"https:\\\/\\\/macite.tg\\\/#website\"},\"primaryImageOfPage\":{\"@id\":\"https:\\\/\\\/macite.tg\\\/?p=10826#primaryimage\"},\"image\":{\"@id\":\"https:\\\/\\\/macite.tg\\\/?p=10826#primaryimage\"},\"thumbnailUrl\":\"https:\\\/\\\/macite.tg\\\/wp-content\\\/uploads\\\/2023\\\/12\\\/dubai.jpg\",\"datePublished\":\"2023-12-04T11:02:36+00:00\",\"dateModified\":\"2023-12-04T11:17:12+00:00\",\"author\":{\"@id\":\"https:\\\/\\\/macite.tg\\\/#\\\/schema\\\/person\\\/e9f2de7e5dbbe7770a9402c7ce82f5c2\"},\"breadcrumb\":{\"@id\":\"https:\\\/\\\/macite.tg\\\/?p=10826#breadcrumb\"},\"inLanguage\":\"fr-FR\",\"potentialAction\":[{\"@type\":\"ReadAction\",\"target\":[\"https:\\\/\\\/macite.tg\\\/?p=10826\"]}]},{\"@type\":\"ImageObject\",\"inLanguage\":\"fr-FR\",\"@id\":\"https:\\\/\\\/macite.tg\\\/?p=10826#primaryimage\",\"url\":\"https:\\\/\\\/macite.tg\\\/wp-content\\\/uploads\\\/2023\\\/12\\\/dubai.jpg\",\"contentUrl\":\"https:\\\/\\\/macite.tg\\\/wp-content\\\/uploads\\\/2023\\\/12\\\/dubai.jpg\",\"width\":545,\"height\":187},{\"@type\":\"BreadcrumbList\",\"@id\":\"https:\\\/\\\/macite.tg\\\/?p=10826#breadcrumb\",\"itemListElement\":[{\"@type\":\"ListItem\",\"position\":1,\"name\":\"Accueil\",\"item\":\"https:\\\/\\\/macite.tg\\\/\"},{\"@type\":\"ListItem\",\"position\":2,\"name\":\"COP 28\u00a0\\\/ D\u00c9J\u00c0 DES FRUITS POUR LE TOGO\u00a0: AMEA Power va financer l\u2019extension de la centrale de Blitta\"}]},{\"@type\":\"WebSite\",\"@id\":\"https:\\\/\\\/macite.tg\\\/#website\",\"url\":\"https:\\\/\\\/macite.tg\\\/\",\"name\":\"\",\"description\":\"L&#039;information, la bonne!!!\",\"potentialAction\":[{\"@type\":\"SearchAction\",\"target\":{\"@type\":\"EntryPoint\",\"urlTemplate\":\"https:\\\/\\\/macite.tg\\\/?s={search_term_string}\"},\"query-input\":{\"@type\":\"PropertyValueSpecification\",\"valueRequired\":true,\"valueName\":\"search_term_string\"}}],\"inLanguage\":\"fr-FR\"},{\"@type\":\"Person\",\"@id\":\"https:\\\/\\\/macite.tg\\\/#\\\/schema\\\/person\\\/e9f2de7e5dbbe7770a9402c7ce82f5c2\",\"name\":\"Jean Pierre BAWELA\",\"image\":{\"@type\":\"ImageObject\",\"inLanguage\":\"fr-FR\",\"@id\":\"https:\\\/\\\/macite.tg\\\/wp-content\\\/uploads\\\/2023\\\/09\\\/WhatsApp-Image-2023-09-19-at-14.44.41-122x122.jpeg\",\"url\":\"https:\\\/\\\/macite.tg\\\/wp-content\\\/uploads\\\/2023\\\/09\\\/WhatsApp-Image-2023-09-19-at-14.44.41-122x122.jpeg\",\"contentUrl\":\"https:\\\/\\\/macite.tg\\\/wp-content\\\/uploads\\\/2023\\\/09\\\/WhatsApp-Image-2023-09-19-at-14.44.41-122x122.jpeg\",\"caption\":\"Jean Pierre BAWELA\"},\"url\":\"https:\\\/\\\/macite.tg\\\/?author=2\"}]}<\/script>\n<!-- \/ Yoast SEO plugin. -->","yoast_head_json":{"title":"COP 28\u00a0\/ D\u00c9J\u00c0 DES FRUITS POUR LE TOGO\u00a0: AMEA Power va financer l\u2019extension de la centrale de Blitta -","robots":{"index":"index","follow":"follow","max-snippet":"max-snippet:-1","max-image-preview":"max-image-preview:large","max-video-preview":"max-video-preview:-1"},"canonical":"https:\/\/macite.tg\/?p=10826","og_locale":"fr_FR","og_type":"article","og_title":"COP 28\u00a0\/ D\u00c9J\u00c0 DES FRUITS POUR LE TOGO\u00a0: AMEA Power va financer l\u2019extension de la centrale de Blitta -","og_description":"La participation togolaise \u00e0 la 28\u00e8me Conf\u00e9rence des parties sur les changements climatiques (Cop 28), \u00e0 Duba\u00ef, aux Emirats Arabes Unis, porte d\u00e9j\u00e0 des fruits. Le gouvernement togolais et Amea Power ont conclu, le samedi 02 d\u00e9cembre dernier, un protocole d\u2019accord de financement pour la [&hellip;]","og_url":"https:\/\/macite.tg\/?p=10826","article_published_time":"2023-12-04T11:02:36+00:00","article_modified_time":"2023-12-04T11:17:12+00:00","og_image":[{"width":545,"height":187,"url":"https:\/\/macite.tg\/wp-content\/uploads\/2023\/12\/dubai.jpg","type":"image\/jpeg"}],"author":"Jean Pierre BAWELA","twitter_card":"summary_large_image","twitter_misc":{"\u00c9crit par":"Jean Pierre BAWELA","Dur\u00e9e de lecture estim\u00e9e":"2 minutes"},"schema":{"@context":"https:\/\/schema.org","@graph":[{"@type":"Article","@id":"https:\/\/macite.tg\/?p=10826#article","isPartOf":{"@id":"https:\/\/macite.tg\/?p=10826"},"author":{"name":"Jean Pierre BAWELA","@id":"https:\/\/macite.tg\/#\/schema\/person\/e9f2de7e5dbbe7770a9402c7ce82f5c2"},"headline":"COP 28\u00a0\/ D\u00c9J\u00c0 DES FRUITS POUR LE TOGO\u00a0: AMEA Power va financer l\u2019extension de la centrale de Blitta","datePublished":"2023-12-04T11:02:36+00:00","dateModified":"2023-12-04T11:17:12+00:00","mainEntityOfPage":{"@id":"https:\/\/macite.tg\/?p=10826"},"wordCount":369,"commentCount":0,"image":{"@id":"https:\/\/macite.tg\/?p=10826#primaryimage"},"thumbnailUrl":"https:\/\/macite.tg\/wp-content\/uploads\/2023\/12\/dubai.jpg","articleSection":["ACTUALITE","ENERGIE"],"inLanguage":"fr-FR","potentialAction":[{"@type":"CommentAction","name":"Comment","target":["https:\/\/macite.tg\/?p=10826#respond"]}]},{"@type":"WebPage","@id":"https:\/\/macite.tg\/?p=10826","url":"https:\/\/macite.tg\/?p=10826","name":"COP 28\u00a0\/ D\u00c9J\u00c0 DES FRUITS POUR LE TOGO\u00a0: AMEA Power va financer l\u2019extension de la centrale de Blitta -","isPartOf":{"@id":"https:\/\/macite.tg\/#website"},"primaryImageOfPage":{"@id":"https:\/\/macite.tg\/?p=10826#primaryimage"},"image":{"@id":"https:\/\/macite.tg\/?p=10826#primaryimage"},"thumbnailUrl":"https:\/\/macite.tg\/wp-content\/uploads\/2023\/12\/dubai.jpg","datePublished":"2023-12-04T11:02:36+00:00","dateModified":"2023-12-04T11:17:12+00:00","author":{"@id":"https:\/\/macite.tg\/#\/schema\/person\/e9f2de7e5dbbe7770a9402c7ce82f5c2"},"breadcrumb":{"@id":"https:\/\/macite.tg\/?p=10826#breadcrumb"},"inLanguage":"fr-FR","potentialAction":[{"@type":"ReadAction","target":["https:\/\/macite.tg\/?p=10826"]}]},{"@type":"ImageObject","inLanguage":"fr-FR","@id":"https:\/\/macite.tg\/?p=10826#primaryimage","url":"https:\/\/macite.tg\/wp-content\/uploads\/2023\/12\/dubai.jpg","contentUrl":"https:\/\/macite.tg\/wp-content\/uploads\/2023\/12\/dubai.jpg","width":545,"height":187},{"@type":"BreadcrumbList","@id":"https:\/\/macite.tg\/?p=10826#breadcrumb","itemListElement":[{"@type":"ListItem","position":1,"name":"Accueil","item":"https:\/\/macite.tg\/"},{"@type":"ListItem","position":2,"name":"COP 28\u00a0\/ D\u00c9J\u00c0 DES FRUITS POUR LE TOGO\u00a0: AMEA Power va financer l\u2019extension de la centrale de Blitta"}]},{"@type":"WebSite","@id":"https:\/\/macite.tg\/#website","url":"https:\/\/macite.tg\/","name":"","description":"L&#039;information, la bonne!!!","potentialAction":[{"@type":"SearchAction","target":{"@type":"EntryPoint","urlTemplate":"https:\/\/macite.tg\/?s={search_term_string}"},"query-input":{"@type":"PropertyValueSpecification","valueRequired":true,"valueName":"search_term_string"}}],"inLanguage":"fr-FR"},{"@type":"Person","@id":"https:\/\/macite.tg\/#\/schema\/person\/e9f2de7e5dbbe7770a9402c7ce82f5c2","name":"Jean Pierre BAWELA","image":{"@type":"ImageObject","inLanguage":"fr-FR","@id":"https:\/\/macite.tg\/wp-content\/uploads\/2023\/09\/WhatsApp-Image-2023-09-19-at-14.44.41-122x122.jpeg","url":"https:\/\/macite.tg\/wp-content\/uploads\/2023\/09\/WhatsApp-Image-2023-09-19-at-14.44.41-122x122.jpeg","contentUrl":"https:\/\/macite.tg\/wp-content\/uploads\/2023\/09\/WhatsApp-Image-2023-09-19-at-14.44.41-122x122.jpeg","caption":"Jean Pierre BAWELA"},"url":"https:\/\/macite.tg\/?author=2"}]}},"_links":{"self":[{"href":"https:\/\/macite.tg\/index.php?rest_route=\/wp\/v2\/posts\/10826","targetHints":{"allow":["GET"]}}],"collection":[{"href":"https:\/\/macite.tg\/index.php?rest_route=\/wp\/v2\/posts"}],"about":[{"href":"https:\/\/macite.tg\/index.php?rest_route=\/wp\/v2\/types\/post"}],"author":[{"embeddable":true,"href":"https:\/\/macite.tg\/index.php?rest_route=\/wp\/v2\/users\/2"}],"replies":[{"embeddable":true,"href":"https:\/\/macite.tg\/index.php?rest_route=%2Fwp%2Fv2%2Fcomments&post=10826"}],"version-history":[{"count":0,"href":"https:\/\/macite.tg\/index.php?rest_route=\/wp\/v2\/posts\/10826\/revisions"}],"wp:featuredmedia":[{"embeddable":true,"href":"https:\/\/macite.tg\/index.php?rest_route=\/wp\/v2\/media\/10834"}],"wp:attachment":[{"href":"https:\/\/macite.tg\/index.php?rest_route=%2Fwp%2Fv2%2Fmedia&parent=10826"}],"wp:term":[{"taxonomy":"category","embeddable":true,"href":"https:\/\/macite.tg\/index.php?rest_route=%2Fwp%2Fv2%2Fcategories&post=10826"},{"taxonomy":"post_tag","embeddable":true,"href":"https:\/\/macite.tg\/index.php?rest_route=%2Fwp%2Fv2%2Ftags&post=10826"}],"curies":[{"name":"wp","href":"https:\/\/api.w.org\/{rel}","templated":true}]}}