{"id":10813,"date":"2023-12-03T11:10:08","date_gmt":"2023-12-03T11:10:08","guid":{"rendered":"https:\/\/macite.tg\/?p=10813"},"modified":"2023-12-03T11:10:10","modified_gmt":"2023-12-03T11:10:10","slug":"police-criminelle-le-maroc-va-abriter-la-93e-session-de-lassemblee-generale-de-linterpol-en-2025","status":"publish","type":"post","link":"https:\/\/macite.tg\/?p=10813","title":{"rendered":"POLICE CRIMINELLE\u00a0: Le Maroc va abriter la 93\u00e8 session de l\u2019Assembl\u00e9e g\u00e9n\u00e9rale de l\u2019Interpol en 2025"},"content":{"rendered":"\n<p class=\"wp-block-paragraph\"><br><strong><em>R\u00e9unis \u00e0 Vienne dans la capitale autrichienne dans le cadre de la 91\u00e8 session de l\u2019Assembl\u00e9e g\u00e9n\u00e9rale de l\u2019Organisation internationale de la police criminelle, Interpol, les repr\u00e9sentants de 196 pays membres de ladite Organisation, ont d\u00e9sign\u00e9 le Royaume du Maroc pour abriter la 93\u00e8 session de l\u2019Ag de l\u2019Interpol<\/em><\/strong>.<br>C\u2019est la ville historique de Marrakech, au Maroc, qui va abriter la 93\u00e8 Session de l\u2019Assembl\u00e9e g\u00e9n\u00e9rale de l\u2019Organisation internationale de la police criminelle, cette haute instance d\u00e9cisionnelle de l\u2019Interpol.<br>Il s\u2019agit l\u00e0 d\u2019une nouvelle marque de confiance en les institutions s\u00e9curitaires du Royaume du Maroc. Cette rencontre, faut-il le souligner, r\u00e9unit annuellement les chefs des services des instances charg\u00e9es de faire appliquer la loi au sein de pays membres, mais aussi de discuter et \u00e9valuer les d\u00e9fis s\u00e9curitaires \u00e0 l\u2019\u00e9chelle internationale, sans oublier les nouvelles tendances criminelles et les moyens de les \u00e9radiquer.<br>En effet, dans la capitale autrichienne, les participants \u00e0 cette 91\u00e8 session de l\u2019Ag de l\u2019Interpol se sont accord\u00e9s sur la candidature marocaine, et ont confi\u00e9 au Maroc l\u2019organisation de la 93\u00e8 session.<br>S\u2019exprimant \u00e0 ce sujet, le Directeur G\u00e9n\u00e9ral de la S\u00fbret\u00e9 Nationale et de la Surveillance du Territoire du Maroc, M. Abdellatif Hammouchi, a, au nom du Royaume, remerci\u00e9 les voix qui se sont exprim\u00e9es en faveur de l\u2019organisation du telle rencontre \u00e0 Marrakech, notamment.<br>Tout en insistant sur l\u2019engagement du Royaume du Maroc \u00e0 consolider et canaliser les efforts mondiaux en mati\u00e8re de lutte contre le terrorisme et les diverses formes de crime transfrontalier, M. Abdellatif Hammouchi a indiqu\u00e9 que le Maroc et ses services de s\u00e9curit\u00e9 sont pr\u00eats \u00e0 accueillir ce forum s\u00e9curitaire dans les meilleures conditions. Cette 93\u00e8 session \u00e0 Marrakech sera ainsi la mat\u00e9rialisation des efforts constants du Royaume en faveur de s\u00e9curit\u00e9 et la stabilit\u00e9 mondiales, ceci sous la houlette de Sa Majest\u00e9 le Roi Mohammed VI, que Dieu Le glorifie.<br>Notons que le choix du Royaume pour accueillir ce forum mondial sur la s\u00e9curit\u00e9, n\u2019est pas anodin. En plus de la grande confiance plac\u00e9e dans les institutions s\u00e9curitaires marocaines, c\u2019est l\u2019aura et l\u2019image dont jouit le Maroc dans son environnement r\u00e9gional et mondial, mais aussi et surtout du leadership du Souverain marocain.<br><strong>MC<\/strong><\/p>\n\n\n\n<p class=\"wp-block-paragraph\"><strong><em>@macite.tg&nbsp;&nbsp;&nbsp;&nbsp;&nbsp;&nbsp;&nbsp;&nbsp;<\/em><\/strong><\/p>\n\n\n\n<p class=\"wp-block-paragraph\"><strong><em>E-mail&nbsp;:&nbsp;<\/em><\/strong><a href=\"mailto:maciteinfo@gmail.com\"><strong><em>maciteinfo@gmail.com<\/em><\/strong><\/a><strong><em>;&nbsp;<\/em><\/strong><a href=\"mailto:bawela1@gmail.com\"><strong><em>bawela1@gmail.com<\/em><\/strong><\/a><\/p>\n\n\n\n<p class=\"wp-block-paragraph\"><strong><em>Pour vos annonces, (publi)reportages, etc., joignez-nous au (00228)91515309\/<strong>79872224&nbsp;<\/strong>www.macite.tg, L\u2019information, la bonne&nbsp;!<\/em><\/strong><\/p>\n","protected":false},"excerpt":{"rendered":"<p class=\"text-justify mb-2\" >R\u00e9unis \u00e0 Vienne dans la capitale autrichienne dans le cadre de la 91\u00e8 session de l\u2019Assembl\u00e9e g\u00e9n\u00e9rale de l\u2019Organisation internationale de la police criminelle, Interpol, les repr\u00e9sentants de 196 pays membres de ladite Organisation, ont d\u00e9sign\u00e9 le Royaume du Maroc pour abriter la 93\u00e8 session [&hellip;]<\/p>\n","protected":false},"author":2,"featured_media":10814,"comment_status":"open","ping_status":"open","sticky":false,"template":"","format":"standard","meta":{"footnotes":""},"categories":[20],"tags":[],"class_list":["post-10813","post","type-post","status-publish","format-standard","has-post-thumbnail","hentry","category-actualite"],"yoast_head":"<!-- This site is optimized with the Yoast SEO plugin v28.4 - https:\/\/yoast.com\/product\/yoast-seo-wordpress\/ -->\n<title>POLICE CRIMINELLE\u00a0: Le Maroc va abriter la 93\u00e8 session de l\u2019Assembl\u00e9e g\u00e9n\u00e9rale de l\u2019Interpol en 2025 -<\/title>\n<meta name=\"robots\" content=\"index, follow, max-snippet:-1, max-image-preview:large, max-video-preview:-1\" \/>\n<link rel=\"canonical\" href=\"https:\/\/macite.tg\/?p=10813\" \/>\n<meta property=\"og:locale\" content=\"fr_FR\" \/>\n<meta property=\"og:type\" content=\"article\" \/>\n<meta property=\"og:title\" content=\"POLICE CRIMINELLE\u00a0: Le Maroc va abriter la 93\u00e8 session de l\u2019Assembl\u00e9e g\u00e9n\u00e9rale de l\u2019Interpol en 2025 -\" \/>\n<meta property=\"og:description\" content=\"R\u00e9unis \u00e0 Vienne dans la capitale autrichienne dans le cadre de la 91\u00e8 session de l\u2019Assembl\u00e9e g\u00e9n\u00e9rale de l\u2019Organisation internationale de la police criminelle, Interpol, les repr\u00e9sentants de 196 pays membres de ladite Organisation, ont d\u00e9sign\u00e9 le Royaume du Maroc pour abriter la 93\u00e8 session [&hellip;]\" \/>\n<meta property=\"og:url\" content=\"https:\/\/macite.tg\/?p=10813\" \/>\n<meta property=\"article:published_time\" content=\"2023-12-03T11:10:08+00:00\" \/>\n<meta property=\"article:modified_time\" content=\"2023-12-03T11:10:10+00:00\" \/>\n<meta property=\"og:image\" content=\"https:\/\/macite.tg\/wp-content\/uploads\/2023\/12\/IMG-20231203-WA0085.jpg\" \/>\n\t<meta property=\"og:image:width\" content=\"800\" \/>\n\t<meta property=\"og:image:height\" content=\"600\" \/>\n\t<meta property=\"og:image:type\" content=\"image\/jpeg\" \/>\n<meta name=\"author\" content=\"Jean Pierre BAWELA\" \/>\n<meta name=\"twitter:card\" content=\"summary_large_image\" \/>\n<meta name=\"twitter:label1\" content=\"\u00c9crit par\" \/>\n\t<meta name=\"twitter:data1\" content=\"Jean Pierre BAWELA\" \/>\n\t<meta name=\"twitter:label2\" content=\"Dur\u00e9e de lecture estim\u00e9e\" \/>\n\t<meta name=\"twitter:data2\" content=\"2 minutes\" \/>\n<script type=\"application\/ld+json\" class=\"yoast-schema-graph\">{\"@context\":\"https:\\\/\\\/schema.org\",\"@graph\":[{\"@type\":\"Article\",\"@id\":\"https:\\\/\\\/macite.tg\\\/?p=10813#article\",\"isPartOf\":{\"@id\":\"https:\\\/\\\/macite.tg\\\/?p=10813\"},\"author\":{\"name\":\"Jean Pierre BAWELA\",\"@id\":\"https:\\\/\\\/macite.tg\\\/#\\\/schema\\\/person\\\/e9f2de7e5dbbe7770a9402c7ce82f5c2\"},\"headline\":\"POLICE CRIMINELLE\u00a0: Le Maroc va abriter la 93\u00e8 session de l\u2019Assembl\u00e9e g\u00e9n\u00e9rale de l\u2019Interpol en 2025\",\"datePublished\":\"2023-12-03T11:10:08+00:00\",\"dateModified\":\"2023-12-03T11:10:10+00:00\",\"mainEntityOfPage\":{\"@id\":\"https:\\\/\\\/macite.tg\\\/?p=10813\"},\"wordCount\":456,\"commentCount\":0,\"image\":{\"@id\":\"https:\\\/\\\/macite.tg\\\/?p=10813#primaryimage\"},\"thumbnailUrl\":\"https:\\\/\\\/macite.tg\\\/wp-content\\\/uploads\\\/2023\\\/12\\\/IMG-20231203-WA0085.jpg\",\"articleSection\":[\"ACTUALITE\"],\"inLanguage\":\"fr-FR\",\"potentialAction\":[{\"@type\":\"CommentAction\",\"name\":\"Comment\",\"target\":[\"https:\\\/\\\/macite.tg\\\/?p=10813#respond\"]}]},{\"@type\":\"WebPage\",\"@id\":\"https:\\\/\\\/macite.tg\\\/?p=10813\",\"url\":\"https:\\\/\\\/macite.tg\\\/?p=10813\",\"name\":\"POLICE CRIMINELLE\u00a0: Le Maroc va abriter la 93\u00e8 session de l\u2019Assembl\u00e9e g\u00e9n\u00e9rale de l\u2019Interpol en 2025 -\",\"isPartOf\":{\"@id\":\"https:\\\/\\\/macite.tg\\\/#website\"},\"primaryImageOfPage\":{\"@id\":\"https:\\\/\\\/macite.tg\\\/?p=10813#primaryimage\"},\"image\":{\"@id\":\"https:\\\/\\\/macite.tg\\\/?p=10813#primaryimage\"},\"thumbnailUrl\":\"https:\\\/\\\/macite.tg\\\/wp-content\\\/uploads\\\/2023\\\/12\\\/IMG-20231203-WA0085.jpg\",\"datePublished\":\"2023-12-03T11:10:08+00:00\",\"dateModified\":\"2023-12-03T11:10:10+00:00\",\"author\":{\"@id\":\"https:\\\/\\\/macite.tg\\\/#\\\/schema\\\/person\\\/e9f2de7e5dbbe7770a9402c7ce82f5c2\"},\"breadcrumb\":{\"@id\":\"https:\\\/\\\/macite.tg\\\/?p=10813#breadcrumb\"},\"inLanguage\":\"fr-FR\",\"potentialAction\":[{\"@type\":\"ReadAction\",\"target\":[\"https:\\\/\\\/macite.tg\\\/?p=10813\"]}]},{\"@type\":\"ImageObject\",\"inLanguage\":\"fr-FR\",\"@id\":\"https:\\\/\\\/macite.tg\\\/?p=10813#primaryimage\",\"url\":\"https:\\\/\\\/macite.tg\\\/wp-content\\\/uploads\\\/2023\\\/12\\\/IMG-20231203-WA0085.jpg\",\"contentUrl\":\"https:\\\/\\\/macite.tg\\\/wp-content\\\/uploads\\\/2023\\\/12\\\/IMG-20231203-WA0085.jpg\",\"width\":800,\"height\":600},{\"@type\":\"BreadcrumbList\",\"@id\":\"https:\\\/\\\/macite.tg\\\/?p=10813#breadcrumb\",\"itemListElement\":[{\"@type\":\"ListItem\",\"position\":1,\"name\":\"Accueil\",\"item\":\"https:\\\/\\\/macite.tg\\\/\"},{\"@type\":\"ListItem\",\"position\":2,\"name\":\"POLICE CRIMINELLE\u00a0: Le Maroc va abriter la 93\u00e8 session de l\u2019Assembl\u00e9e g\u00e9n\u00e9rale de l\u2019Interpol en 2025\"}]},{\"@type\":\"WebSite\",\"@id\":\"https:\\\/\\\/macite.tg\\\/#website\",\"url\":\"https:\\\/\\\/macite.tg\\\/\",\"name\":\"\",\"description\":\"L&#039;information, la bonne!!!\",\"potentialAction\":[{\"@type\":\"SearchAction\",\"target\":{\"@type\":\"EntryPoint\",\"urlTemplate\":\"https:\\\/\\\/macite.tg\\\/?s={search_term_string}\"},\"query-input\":{\"@type\":\"PropertyValueSpecification\",\"valueRequired\":true,\"valueName\":\"search_term_string\"}}],\"inLanguage\":\"fr-FR\"},{\"@type\":\"Person\",\"@id\":\"https:\\\/\\\/macite.tg\\\/#\\\/schema\\\/person\\\/e9f2de7e5dbbe7770a9402c7ce82f5c2\",\"name\":\"Jean Pierre BAWELA\",\"image\":{\"@type\":\"ImageObject\",\"inLanguage\":\"fr-FR\",\"@id\":\"https:\\\/\\\/macite.tg\\\/wp-content\\\/uploads\\\/2023\\\/09\\\/WhatsApp-Image-2023-09-19-at-14.44.41-122x122.jpeg\",\"url\":\"https:\\\/\\\/macite.tg\\\/wp-content\\\/uploads\\\/2023\\\/09\\\/WhatsApp-Image-2023-09-19-at-14.44.41-122x122.jpeg\",\"contentUrl\":\"https:\\\/\\\/macite.tg\\\/wp-content\\\/uploads\\\/2023\\\/09\\\/WhatsApp-Image-2023-09-19-at-14.44.41-122x122.jpeg\",\"caption\":\"Jean Pierre BAWELA\"},\"url\":\"https:\\\/\\\/macite.tg\\\/?author=2\"}]}<\/script>\n<!-- \/ Yoast SEO plugin. -->","yoast_head_json":{"title":"POLICE CRIMINELLE\u00a0: Le Maroc va abriter la 93\u00e8 session de l\u2019Assembl\u00e9e g\u00e9n\u00e9rale de l\u2019Interpol en 2025 -","robots":{"index":"index","follow":"follow","max-snippet":"max-snippet:-1","max-image-preview":"max-image-preview:large","max-video-preview":"max-video-preview:-1"},"canonical":"https:\/\/macite.tg\/?p=10813","og_locale":"fr_FR","og_type":"article","og_title":"POLICE CRIMINELLE\u00a0: Le Maroc va abriter la 93\u00e8 session de l\u2019Assembl\u00e9e g\u00e9n\u00e9rale de l\u2019Interpol en 2025 -","og_description":"R\u00e9unis \u00e0 Vienne dans la capitale autrichienne dans le cadre de la 91\u00e8 session de l\u2019Assembl\u00e9e g\u00e9n\u00e9rale de l\u2019Organisation internationale de la police criminelle, Interpol, les repr\u00e9sentants de 196 pays membres de ladite Organisation, ont d\u00e9sign\u00e9 le Royaume du Maroc pour abriter la 93\u00e8 session [&hellip;]","og_url":"https:\/\/macite.tg\/?p=10813","article_published_time":"2023-12-03T11:10:08+00:00","article_modified_time":"2023-12-03T11:10:10+00:00","og_image":[{"width":800,"height":600,"url":"https:\/\/macite.tg\/wp-content\/uploads\/2023\/12\/IMG-20231203-WA0085.jpg","type":"image\/jpeg"}],"author":"Jean Pierre BAWELA","twitter_card":"summary_large_image","twitter_misc":{"\u00c9crit par":"Jean Pierre BAWELA","Dur\u00e9e de lecture estim\u00e9e":"2 minutes"},"schema":{"@context":"https:\/\/schema.org","@graph":[{"@type":"Article","@id":"https:\/\/macite.tg\/?p=10813#article","isPartOf":{"@id":"https:\/\/macite.tg\/?p=10813"},"author":{"name":"Jean Pierre BAWELA","@id":"https:\/\/macite.tg\/#\/schema\/person\/e9f2de7e5dbbe7770a9402c7ce82f5c2"},"headline":"POLICE CRIMINELLE\u00a0: Le Maroc va abriter la 93\u00e8 session de l\u2019Assembl\u00e9e g\u00e9n\u00e9rale de l\u2019Interpol en 2025","datePublished":"2023-12-03T11:10:08+00:00","dateModified":"2023-12-03T11:10:10+00:00","mainEntityOfPage":{"@id":"https:\/\/macite.tg\/?p=10813"},"wordCount":456,"commentCount":0,"image":{"@id":"https:\/\/macite.tg\/?p=10813#primaryimage"},"thumbnailUrl":"https:\/\/macite.tg\/wp-content\/uploads\/2023\/12\/IMG-20231203-WA0085.jpg","articleSection":["ACTUALITE"],"inLanguage":"fr-FR","potentialAction":[{"@type":"CommentAction","name":"Comment","target":["https:\/\/macite.tg\/?p=10813#respond"]}]},{"@type":"WebPage","@id":"https:\/\/macite.tg\/?p=10813","url":"https:\/\/macite.tg\/?p=10813","name":"POLICE CRIMINELLE\u00a0: Le Maroc va abriter la 93\u00e8 session de l\u2019Assembl\u00e9e g\u00e9n\u00e9rale de l\u2019Interpol en 2025 -","isPartOf":{"@id":"https:\/\/macite.tg\/#website"},"primaryImageOfPage":{"@id":"https:\/\/macite.tg\/?p=10813#primaryimage"},"image":{"@id":"https:\/\/macite.tg\/?p=10813#primaryimage"},"thumbnailUrl":"https:\/\/macite.tg\/wp-content\/uploads\/2023\/12\/IMG-20231203-WA0085.jpg","datePublished":"2023-12-03T11:10:08+00:00","dateModified":"2023-12-03T11:10:10+00:00","author":{"@id":"https:\/\/macite.tg\/#\/schema\/person\/e9f2de7e5dbbe7770a9402c7ce82f5c2"},"breadcrumb":{"@id":"https:\/\/macite.tg\/?p=10813#breadcrumb"},"inLanguage":"fr-FR","potentialAction":[{"@type":"ReadAction","target":["https:\/\/macite.tg\/?p=10813"]}]},{"@type":"ImageObject","inLanguage":"fr-FR","@id":"https:\/\/macite.tg\/?p=10813#primaryimage","url":"https:\/\/macite.tg\/wp-content\/uploads\/2023\/12\/IMG-20231203-WA0085.jpg","contentUrl":"https:\/\/macite.tg\/wp-content\/uploads\/2023\/12\/IMG-20231203-WA0085.jpg","width":800,"height":600},{"@type":"BreadcrumbList","@id":"https:\/\/macite.tg\/?p=10813#breadcrumb","itemListElement":[{"@type":"ListItem","position":1,"name":"Accueil","item":"https:\/\/macite.tg\/"},{"@type":"ListItem","position":2,"name":"POLICE CRIMINELLE\u00a0: Le Maroc va abriter la 93\u00e8 session de l\u2019Assembl\u00e9e g\u00e9n\u00e9rale de l\u2019Interpol en 2025"}]},{"@type":"WebSite","@id":"https:\/\/macite.tg\/#website","url":"https:\/\/macite.tg\/","name":"","description":"L&#039;information, la bonne!!!","potentialAction":[{"@type":"SearchAction","target":{"@type":"EntryPoint","urlTemplate":"https:\/\/macite.tg\/?s={search_term_string}"},"query-input":{"@type":"PropertyValueSpecification","valueRequired":true,"valueName":"search_term_string"}}],"inLanguage":"fr-FR"},{"@type":"Person","@id":"https:\/\/macite.tg\/#\/schema\/person\/e9f2de7e5dbbe7770a9402c7ce82f5c2","name":"Jean Pierre BAWELA","image":{"@type":"ImageObject","inLanguage":"fr-FR","@id":"https:\/\/macite.tg\/wp-content\/uploads\/2023\/09\/WhatsApp-Image-2023-09-19-at-14.44.41-122x122.jpeg","url":"https:\/\/macite.tg\/wp-content\/uploads\/2023\/09\/WhatsApp-Image-2023-09-19-at-14.44.41-122x122.jpeg","contentUrl":"https:\/\/macite.tg\/wp-content\/uploads\/2023\/09\/WhatsApp-Image-2023-09-19-at-14.44.41-122x122.jpeg","caption":"Jean Pierre BAWELA"},"url":"https:\/\/macite.tg\/?author=2"}]}},"_links":{"self":[{"href":"https:\/\/macite.tg\/index.php?rest_route=\/wp\/v2\/posts\/10813","targetHints":{"allow":["GET"]}}],"collection":[{"href":"https:\/\/macite.tg\/index.php?rest_route=\/wp\/v2\/posts"}],"about":[{"href":"https:\/\/macite.tg\/index.php?rest_route=\/wp\/v2\/types\/post"}],"author":[{"embeddable":true,"href":"https:\/\/macite.tg\/index.php?rest_route=\/wp\/v2\/users\/2"}],"replies":[{"embeddable":true,"href":"https:\/\/macite.tg\/index.php?rest_route=%2Fwp%2Fv2%2Fcomments&post=10813"}],"version-history":[{"count":0,"href":"https:\/\/macite.tg\/index.php?rest_route=\/wp\/v2\/posts\/10813\/revisions"}],"wp:featuredmedia":[{"embeddable":true,"href":"https:\/\/macite.tg\/index.php?rest_route=\/wp\/v2\/media\/10814"}],"wp:attachment":[{"href":"https:\/\/macite.tg\/index.php?rest_route=%2Fwp%2Fv2%2Fmedia&parent=10813"}],"wp:term":[{"taxonomy":"category","embeddable":true,"href":"https:\/\/macite.tg\/index.php?rest_route=%2Fwp%2Fv2%2Fcategories&post=10813"},{"taxonomy":"post_tag","embeddable":true,"href":"https:\/\/macite.tg\/index.php?rest_route=%2Fwp%2Fv2%2Ftags&post=10813"}],"curies":[{"name":"wp","href":"https:\/\/api.w.org\/{rel}","templated":true}]}}