{"id":10810,"date":"2023-12-03T09:47:37","date_gmt":"2023-12-03T09:47:37","guid":{"rendered":"https:\/\/macite.tg\/?p=10810"},"modified":"2023-12-03T09:47:39","modified_gmt":"2023-12-03T09:47:39","slug":"g5-sahel-le-burkina-faso-et-le-niger-ont-quitte-ce-regroupement-depuis-le-29-novembre-2023","status":"publish","type":"post","link":"https:\/\/macite.tg\/?p=10810","title":{"rendered":"G5 Sahel\u00a0: Le Burkina Faso et le Niger ont quitt\u00e9 ce regroupement depuis le 29 novembre 2023"},"content":{"rendered":"\n<p class=\"wp-block-paragraph\"><\/p>\n\n\n\n<p class=\"wp-block-paragraph\"><strong><em>Dans un communiqu\u00e9 conjoint, le Burkina Faso et la R\u00e9publique du Niger ont annonc\u00e9 leur d\u00e9part du G5 Sahel.<\/em><\/strong> <strong><em>Ils se sont li\u00e9s au Mali pour cr\u00e9er l&rsquo;Alliance des Etats du Sahel (Aes).<\/em><\/strong><\/p>\n\n\n\n<p class=\"wp-block-paragraph\">Selon les autorit\u00e9s des deux pays, le G5 Sahel, cette institution r\u00e9gionale de lutte contre le terrorisme, est sous le contr\u00f4le de partenaires \u00e9trangers qui, malheureusement, \u0153uvrent pour leurs propres int\u00e9r\u00eats au d\u00e9triment de ceux du Sahel.<\/p>\n\n\n<div class=\"wp-block-image\">\n<figure class=\"aligncenter size-large is-resized\"><img loading=\"lazy\" decoding=\"async\" src=\"https:\/\/macite.tg\/wp-content\/uploads\/2023\/11\/WhatsApp-Image-2023-10-09-at-17.28.15-1-1024x1024.jpeg\" alt=\"\" class=\"wp-image-10647\" width=\"546\" height=\"546\" srcset=\"https:\/\/macite.tg\/wp-content\/uploads\/2023\/11\/WhatsApp-Image-2023-10-09-at-17.28.15-1-1024x1024.jpeg 1024w, https:\/\/macite.tg\/wp-content\/uploads\/2023\/11\/WhatsApp-Image-2023-10-09-at-17.28.15-1-300x300.jpeg 300w, https:\/\/macite.tg\/wp-content\/uploads\/2023\/11\/WhatsApp-Image-2023-10-09-at-17.28.15-1-150x150.jpeg 150w, https:\/\/macite.tg\/wp-content\/uploads\/2023\/11\/WhatsApp-Image-2023-10-09-at-17.28.15-1-768x768.jpeg 768w, https:\/\/macite.tg\/wp-content\/uploads\/2023\/11\/WhatsApp-Image-2023-10-09-at-17.28.15-1-122x122.jpeg 122w, https:\/\/macite.tg\/wp-content\/uploads\/2023\/11\/WhatsApp-Image-2023-10-09-at-17.28.15-1.jpeg 1280w\" sizes=\"auto, (max-width: 546px) 100vw, 546px\" \/><\/figure>\n<\/div>\n\n\n<p class=\"wp-block-paragraph\">Notons qu\u2019en mai 2022, la R\u00e9publique du Mali avait quitt\u00e9 le G5 Sahel pour les m\u00eames motifs.<\/p>\n\n\n\n<p class=\"wp-block-paragraph\">Cette fois-ci, c\u2019est le tour du Burkina Faso, du Niger de faire autant.<\/p>\n\n\n\n<p class=\"wp-block-paragraph\">Le Burkina Faso, le Mali et le Niger en se retirant, ont unis leurs forces unis dans un nouveau creuset, l\u2019Alliance des \u00c9tats du Sahel (Aes). A travers l\u2019Aes, les trois Etats s\u2019engagent \u00e0 lutter ensemble contre le terrorisme et \u00e0 d\u00e9fendre l\u2019un ou l\u2019autre en cas d\u2019agression.<\/p>\n\n\n\n<p class=\"wp-block-paragraph\"><strong>La R\u00e9daction<\/strong><\/p>\n\n\n\n<p class=\"wp-block-paragraph\"><strong><em>@macite.tg&nbsp;&nbsp;&nbsp;&nbsp;&nbsp;&nbsp;&nbsp;&nbsp;<\/em><\/strong><\/p>\n\n\n\n<p class=\"wp-block-paragraph\"><strong><em>E-mail&nbsp;: <\/em><\/strong><a href=\"mailto:maciteinfo@gmail.com\"><strong><em>maciteinfo@gmail.com<\/em><\/strong><\/a><strong><em>; <\/em><\/strong><a href=\"mailto:bawela1@gmail.com\"><strong><em>bawela1@gmail.com<\/em><\/strong><\/a><strong><em><\/em><\/strong><\/p>\n\n\n\n<p class=\"wp-block-paragraph\"><strong><em>Pour vos annonces, (publi)reportages, etc., joignez-nous au (00228)91515309\/<strong>79872224 <\/strong>www.macite.tg, L\u2019information, la bonne&nbsp;!<\/em><\/strong><\/p>\n","protected":false},"excerpt":{"rendered":"<p class=\"text-justify mb-2\" >Dans un communiqu\u00e9 conjoint, le Burkina Faso et la R\u00e9publique du Niger ont annonc\u00e9 leur d\u00e9part du G5 Sahel. Ils se sont li\u00e9s au Mali pour cr\u00e9er l&rsquo;Alliance des Etats du Sahel (Aes). Selon les autorit\u00e9s des deux pays, le G5 Sahel, cette institution r\u00e9gionale [&hellip;]<\/p>\n","protected":false},"author":2,"featured_media":10811,"comment_status":"open","ping_status":"open","sticky":false,"template":"","format":"standard","meta":{"footnotes":""},"categories":[20],"tags":[],"class_list":["post-10810","post","type-post","status-publish","format-standard","has-post-thumbnail","hentry","category-actualite"],"yoast_head":"<!-- This site is optimized with the Yoast SEO plugin v28.4 - https:\/\/yoast.com\/product\/yoast-seo-wordpress\/ -->\n<title>G5 Sahel\u00a0: Le Burkina Faso et le Niger ont quitt\u00e9 ce regroupement depuis le 29 novembre 2023 -<\/title>\n<meta name=\"robots\" content=\"index, follow, max-snippet:-1, max-image-preview:large, max-video-preview:-1\" \/>\n<link rel=\"canonical\" href=\"https:\/\/macite.tg\/?p=10810\" \/>\n<meta property=\"og:locale\" content=\"fr_FR\" \/>\n<meta property=\"og:type\" content=\"article\" \/>\n<meta property=\"og:title\" content=\"G5 Sahel\u00a0: Le Burkina Faso et le Niger ont quitt\u00e9 ce regroupement depuis le 29 novembre 2023 -\" \/>\n<meta property=\"og:description\" content=\"Dans un communiqu\u00e9 conjoint, le Burkina Faso et la R\u00e9publique du Niger ont annonc\u00e9 leur d\u00e9part du G5 Sahel. Ils se sont li\u00e9s au Mali pour cr\u00e9er l&rsquo;Alliance des Etats du Sahel (Aes). Selon les autorit\u00e9s des deux pays, le G5 Sahel, cette institution r\u00e9gionale [&hellip;]\" \/>\n<meta property=\"og:url\" content=\"https:\/\/macite.tg\/?p=10810\" \/>\n<meta property=\"article:published_time\" content=\"2023-12-03T09:47:37+00:00\" \/>\n<meta property=\"article:modified_time\" content=\"2023-12-03T09:47:39+00:00\" \/>\n<meta property=\"og:image\" content=\"https:\/\/macite.tg\/wp-content\/uploads\/2023\/12\/image-4.png\" \/>\n\t<meta property=\"og:image:width\" content=\"534\" \/>\n\t<meta property=\"og:image:height\" content=\"534\" \/>\n\t<meta property=\"og:image:type\" content=\"image\/png\" \/>\n<meta name=\"author\" content=\"Jean Pierre BAWELA\" \/>\n<meta name=\"twitter:card\" content=\"summary_large_image\" \/>\n<meta name=\"twitter:label1\" content=\"\u00c9crit par\" \/>\n\t<meta name=\"twitter:data1\" content=\"Jean Pierre BAWELA\" \/>\n\t<meta name=\"twitter:label2\" content=\"Dur\u00e9e de lecture estim\u00e9e\" \/>\n\t<meta name=\"twitter:data2\" content=\"1 minute\" \/>\n<script type=\"application\/ld+json\" class=\"yoast-schema-graph\">{\"@context\":\"https:\\\/\\\/schema.org\",\"@graph\":[{\"@type\":\"Article\",\"@id\":\"https:\\\/\\\/macite.tg\\\/?p=10810#article\",\"isPartOf\":{\"@id\":\"https:\\\/\\\/macite.tg\\\/?p=10810\"},\"author\":{\"name\":\"Jean Pierre BAWELA\",\"@id\":\"https:\\\/\\\/macite.tg\\\/#\\\/schema\\\/person\\\/e9f2de7e5dbbe7770a9402c7ce82f5c2\"},\"headline\":\"G5 Sahel\u00a0: Le Burkina Faso et le Niger ont quitt\u00e9 ce regroupement depuis le 29 novembre 2023\",\"datePublished\":\"2023-12-03T09:47:37+00:00\",\"dateModified\":\"2023-12-03T09:47:39+00:00\",\"mainEntityOfPage\":{\"@id\":\"https:\\\/\\\/macite.tg\\\/?p=10810\"},\"wordCount\":219,\"commentCount\":0,\"image\":{\"@id\":\"https:\\\/\\\/macite.tg\\\/?p=10810#primaryimage\"},\"thumbnailUrl\":\"https:\\\/\\\/macite.tg\\\/wp-content\\\/uploads\\\/2023\\\/12\\\/image-4.png\",\"articleSection\":[\"ACTUALITE\"],\"inLanguage\":\"fr-FR\",\"potentialAction\":[{\"@type\":\"CommentAction\",\"name\":\"Comment\",\"target\":[\"https:\\\/\\\/macite.tg\\\/?p=10810#respond\"]}]},{\"@type\":\"WebPage\",\"@id\":\"https:\\\/\\\/macite.tg\\\/?p=10810\",\"url\":\"https:\\\/\\\/macite.tg\\\/?p=10810\",\"name\":\"G5 Sahel\u00a0: Le Burkina Faso et le Niger ont quitt\u00e9 ce regroupement depuis le 29 novembre 2023 -\",\"isPartOf\":{\"@id\":\"https:\\\/\\\/macite.tg\\\/#website\"},\"primaryImageOfPage\":{\"@id\":\"https:\\\/\\\/macite.tg\\\/?p=10810#primaryimage\"},\"image\":{\"@id\":\"https:\\\/\\\/macite.tg\\\/?p=10810#primaryimage\"},\"thumbnailUrl\":\"https:\\\/\\\/macite.tg\\\/wp-content\\\/uploads\\\/2023\\\/12\\\/image-4.png\",\"datePublished\":\"2023-12-03T09:47:37+00:00\",\"dateModified\":\"2023-12-03T09:47:39+00:00\",\"author\":{\"@id\":\"https:\\\/\\\/macite.tg\\\/#\\\/schema\\\/person\\\/e9f2de7e5dbbe7770a9402c7ce82f5c2\"},\"breadcrumb\":{\"@id\":\"https:\\\/\\\/macite.tg\\\/?p=10810#breadcrumb\"},\"inLanguage\":\"fr-FR\",\"potentialAction\":[{\"@type\":\"ReadAction\",\"target\":[\"https:\\\/\\\/macite.tg\\\/?p=10810\"]}]},{\"@type\":\"ImageObject\",\"inLanguage\":\"fr-FR\",\"@id\":\"https:\\\/\\\/macite.tg\\\/?p=10810#primaryimage\",\"url\":\"https:\\\/\\\/macite.tg\\\/wp-content\\\/uploads\\\/2023\\\/12\\\/image-4.png\",\"contentUrl\":\"https:\\\/\\\/macite.tg\\\/wp-content\\\/uploads\\\/2023\\\/12\\\/image-4.png\",\"width\":534,\"height\":534},{\"@type\":\"BreadcrumbList\",\"@id\":\"https:\\\/\\\/macite.tg\\\/?p=10810#breadcrumb\",\"itemListElement\":[{\"@type\":\"ListItem\",\"position\":1,\"name\":\"Accueil\",\"item\":\"https:\\\/\\\/macite.tg\\\/\"},{\"@type\":\"ListItem\",\"position\":2,\"name\":\"G5 Sahel\u00a0: Le Burkina Faso et le Niger ont quitt\u00e9 ce regroupement depuis le 29 novembre 2023\"}]},{\"@type\":\"WebSite\",\"@id\":\"https:\\\/\\\/macite.tg\\\/#website\",\"url\":\"https:\\\/\\\/macite.tg\\\/\",\"name\":\"\",\"description\":\"L&#039;information, la bonne!!!\",\"potentialAction\":[{\"@type\":\"SearchAction\",\"target\":{\"@type\":\"EntryPoint\",\"urlTemplate\":\"https:\\\/\\\/macite.tg\\\/?s={search_term_string}\"},\"query-input\":{\"@type\":\"PropertyValueSpecification\",\"valueRequired\":true,\"valueName\":\"search_term_string\"}}],\"inLanguage\":\"fr-FR\"},{\"@type\":\"Person\",\"@id\":\"https:\\\/\\\/macite.tg\\\/#\\\/schema\\\/person\\\/e9f2de7e5dbbe7770a9402c7ce82f5c2\",\"name\":\"Jean Pierre BAWELA\",\"image\":{\"@type\":\"ImageObject\",\"inLanguage\":\"fr-FR\",\"@id\":\"https:\\\/\\\/macite.tg\\\/wp-content\\\/uploads\\\/2023\\\/09\\\/WhatsApp-Image-2023-09-19-at-14.44.41-122x122.jpeg\",\"url\":\"https:\\\/\\\/macite.tg\\\/wp-content\\\/uploads\\\/2023\\\/09\\\/WhatsApp-Image-2023-09-19-at-14.44.41-122x122.jpeg\",\"contentUrl\":\"https:\\\/\\\/macite.tg\\\/wp-content\\\/uploads\\\/2023\\\/09\\\/WhatsApp-Image-2023-09-19-at-14.44.41-122x122.jpeg\",\"caption\":\"Jean Pierre BAWELA\"},\"url\":\"https:\\\/\\\/macite.tg\\\/?author=2\"}]}<\/script>\n<!-- \/ Yoast SEO plugin. -->","yoast_head_json":{"title":"G5 Sahel\u00a0: Le Burkina Faso et le Niger ont quitt\u00e9 ce regroupement depuis le 29 novembre 2023 -","robots":{"index":"index","follow":"follow","max-snippet":"max-snippet:-1","max-image-preview":"max-image-preview:large","max-video-preview":"max-video-preview:-1"},"canonical":"https:\/\/macite.tg\/?p=10810","og_locale":"fr_FR","og_type":"article","og_title":"G5 Sahel\u00a0: Le Burkina Faso et le Niger ont quitt\u00e9 ce regroupement depuis le 29 novembre 2023 -","og_description":"Dans un communiqu\u00e9 conjoint, le Burkina Faso et la R\u00e9publique du Niger ont annonc\u00e9 leur d\u00e9part du G5 Sahel. Ils se sont li\u00e9s au Mali pour cr\u00e9er l&rsquo;Alliance des Etats du Sahel (Aes). Selon les autorit\u00e9s des deux pays, le G5 Sahel, cette institution r\u00e9gionale [&hellip;]","og_url":"https:\/\/macite.tg\/?p=10810","article_published_time":"2023-12-03T09:47:37+00:00","article_modified_time":"2023-12-03T09:47:39+00:00","og_image":[{"width":534,"height":534,"url":"https:\/\/macite.tg\/wp-content\/uploads\/2023\/12\/image-4.png","type":"image\/png"}],"author":"Jean Pierre BAWELA","twitter_card":"summary_large_image","twitter_misc":{"\u00c9crit par":"Jean Pierre BAWELA","Dur\u00e9e de lecture estim\u00e9e":"1 minute"},"schema":{"@context":"https:\/\/schema.org","@graph":[{"@type":"Article","@id":"https:\/\/macite.tg\/?p=10810#article","isPartOf":{"@id":"https:\/\/macite.tg\/?p=10810"},"author":{"name":"Jean Pierre BAWELA","@id":"https:\/\/macite.tg\/#\/schema\/person\/e9f2de7e5dbbe7770a9402c7ce82f5c2"},"headline":"G5 Sahel\u00a0: Le Burkina Faso et le Niger ont quitt\u00e9 ce regroupement depuis le 29 novembre 2023","datePublished":"2023-12-03T09:47:37+00:00","dateModified":"2023-12-03T09:47:39+00:00","mainEntityOfPage":{"@id":"https:\/\/macite.tg\/?p=10810"},"wordCount":219,"commentCount":0,"image":{"@id":"https:\/\/macite.tg\/?p=10810#primaryimage"},"thumbnailUrl":"https:\/\/macite.tg\/wp-content\/uploads\/2023\/12\/image-4.png","articleSection":["ACTUALITE"],"inLanguage":"fr-FR","potentialAction":[{"@type":"CommentAction","name":"Comment","target":["https:\/\/macite.tg\/?p=10810#respond"]}]},{"@type":"WebPage","@id":"https:\/\/macite.tg\/?p=10810","url":"https:\/\/macite.tg\/?p=10810","name":"G5 Sahel\u00a0: Le Burkina Faso et le Niger ont quitt\u00e9 ce regroupement depuis le 29 novembre 2023 -","isPartOf":{"@id":"https:\/\/macite.tg\/#website"},"primaryImageOfPage":{"@id":"https:\/\/macite.tg\/?p=10810#primaryimage"},"image":{"@id":"https:\/\/macite.tg\/?p=10810#primaryimage"},"thumbnailUrl":"https:\/\/macite.tg\/wp-content\/uploads\/2023\/12\/image-4.png","datePublished":"2023-12-03T09:47:37+00:00","dateModified":"2023-12-03T09:47:39+00:00","author":{"@id":"https:\/\/macite.tg\/#\/schema\/person\/e9f2de7e5dbbe7770a9402c7ce82f5c2"},"breadcrumb":{"@id":"https:\/\/macite.tg\/?p=10810#breadcrumb"},"inLanguage":"fr-FR","potentialAction":[{"@type":"ReadAction","target":["https:\/\/macite.tg\/?p=10810"]}]},{"@type":"ImageObject","inLanguage":"fr-FR","@id":"https:\/\/macite.tg\/?p=10810#primaryimage","url":"https:\/\/macite.tg\/wp-content\/uploads\/2023\/12\/image-4.png","contentUrl":"https:\/\/macite.tg\/wp-content\/uploads\/2023\/12\/image-4.png","width":534,"height":534},{"@type":"BreadcrumbList","@id":"https:\/\/macite.tg\/?p=10810#breadcrumb","itemListElement":[{"@type":"ListItem","position":1,"name":"Accueil","item":"https:\/\/macite.tg\/"},{"@type":"ListItem","position":2,"name":"G5 Sahel\u00a0: Le Burkina Faso et le Niger ont quitt\u00e9 ce regroupement depuis le 29 novembre 2023"}]},{"@type":"WebSite","@id":"https:\/\/macite.tg\/#website","url":"https:\/\/macite.tg\/","name":"","description":"L&#039;information, la bonne!!!","potentialAction":[{"@type":"SearchAction","target":{"@type":"EntryPoint","urlTemplate":"https:\/\/macite.tg\/?s={search_term_string}"},"query-input":{"@type":"PropertyValueSpecification","valueRequired":true,"valueName":"search_term_string"}}],"inLanguage":"fr-FR"},{"@type":"Person","@id":"https:\/\/macite.tg\/#\/schema\/person\/e9f2de7e5dbbe7770a9402c7ce82f5c2","name":"Jean Pierre BAWELA","image":{"@type":"ImageObject","inLanguage":"fr-FR","@id":"https:\/\/macite.tg\/wp-content\/uploads\/2023\/09\/WhatsApp-Image-2023-09-19-at-14.44.41-122x122.jpeg","url":"https:\/\/macite.tg\/wp-content\/uploads\/2023\/09\/WhatsApp-Image-2023-09-19-at-14.44.41-122x122.jpeg","contentUrl":"https:\/\/macite.tg\/wp-content\/uploads\/2023\/09\/WhatsApp-Image-2023-09-19-at-14.44.41-122x122.jpeg","caption":"Jean Pierre BAWELA"},"url":"https:\/\/macite.tg\/?author=2"}]}},"_links":{"self":[{"href":"https:\/\/macite.tg\/index.php?rest_route=\/wp\/v2\/posts\/10810","targetHints":{"allow":["GET"]}}],"collection":[{"href":"https:\/\/macite.tg\/index.php?rest_route=\/wp\/v2\/posts"}],"about":[{"href":"https:\/\/macite.tg\/index.php?rest_route=\/wp\/v2\/types\/post"}],"author":[{"embeddable":true,"href":"https:\/\/macite.tg\/index.php?rest_route=\/wp\/v2\/users\/2"}],"replies":[{"embeddable":true,"href":"https:\/\/macite.tg\/index.php?rest_route=%2Fwp%2Fv2%2Fcomments&post=10810"}],"version-history":[{"count":0,"href":"https:\/\/macite.tg\/index.php?rest_route=\/wp\/v2\/posts\/10810\/revisions"}],"wp:featuredmedia":[{"embeddable":true,"href":"https:\/\/macite.tg\/index.php?rest_route=\/wp\/v2\/media\/10811"}],"wp:attachment":[{"href":"https:\/\/macite.tg\/index.php?rest_route=%2Fwp%2Fv2%2Fmedia&parent=10810"}],"wp:term":[{"taxonomy":"category","embeddable":true,"href":"https:\/\/macite.tg\/index.php?rest_route=%2Fwp%2Fv2%2Fcategories&post=10810"},{"taxonomy":"post_tag","embeddable":true,"href":"https:\/\/macite.tg\/index.php?rest_route=%2Fwp%2Fv2%2Ftags&post=10810"}],"curies":[{"name":"wp","href":"https:\/\/api.w.org\/{rel}","templated":true}]}}