{"id":10800,"date":"2023-12-03T09:15:07","date_gmt":"2023-12-03T09:15:07","guid":{"rendered":"https:\/\/macite.tg\/?p=10800"},"modified":"2023-12-03T09:28:54","modified_gmt":"2023-12-03T09:28:54","slug":"cop-28-a-dubai-le-president-faure-gnassingbe-prend-art-aux-travaux","status":"publish","type":"post","link":"https:\/\/macite.tg\/?p=10800","title":{"rendered":"COP 28 A DUBA\u00cf : Le Pr\u00e9sident Faure Gnassingb\u00e9 prend part aux travaux"},"content":{"rendered":"\n<p class=\"wp-block-paragraph\"><strong><em>C\u2019est parti depuis le jeudi 30 novembre, \u00e0 Duba\u00ef en Arabie Saoudite, pour la 28\u00e8 Conf\u00e9rence de parties sur les changements climatiques (Cop28) \u00e0 laquelle participent les chefs d\u2019Etat et de gouvernement, dont le chef de l\u2019Etat togolais, Faure Essozimna Gnassingb\u00e9.<\/em><\/strong><\/p>\n\n\n\n<p class=\"wp-block-paragraph\">D\u00e9marr\u00e9s hier jeudi par une Pl\u00e9ni\u00e8re d\u2019ouverture avec l\u2019op\u00e9rationnalisation du Fonds les pertes et dommages estim\u00e9 \u00e0 quelque 100 millions de dollars, les \u00e9changes de la Cop28 devront aboutir au renforcement du financement climatique r\u00e9pondant \u00e0 l\u2019ampleur du moment.<\/p>\n\n\n<div class=\"wp-block-image\">\n<figure class=\"aligncenter size-large is-resized\"><img loading=\"lazy\" decoding=\"async\" src=\"https:\/\/macite.tg\/wp-content\/uploads\/2023\/11\/IMG-20230731-WA0145-1-1024x1024.jpg\" alt=\"\" class=\"wp-image-10680\" width=\"525\" height=\"525\" srcset=\"https:\/\/macite.tg\/wp-content\/uploads\/2023\/11\/IMG-20230731-WA0145-1-1024x1024.jpg 1024w, https:\/\/macite.tg\/wp-content\/uploads\/2023\/11\/IMG-20230731-WA0145-1-300x300.jpg 300w, https:\/\/macite.tg\/wp-content\/uploads\/2023\/11\/IMG-20230731-WA0145-1-150x150.jpg 150w, https:\/\/macite.tg\/wp-content\/uploads\/2023\/11\/IMG-20230731-WA0145-1-768x768.jpg 768w, https:\/\/macite.tg\/wp-content\/uploads\/2023\/11\/IMG-20230731-WA0145-1-122x122.jpg 122w, https:\/\/macite.tg\/wp-content\/uploads\/2023\/11\/IMG-20230731-WA0145-1.jpg 1080w\" sizes=\"auto, (max-width: 525px) 100vw, 525px\" \/><\/figure>\n<\/div>\n\n\n<p class=\"wp-block-paragraph\">Le Chef de l\u2019Etat togolais qui a \u00e9t\u00e9 accueilli \u00e0 son arriv\u00e9e \u00e0 Duba\u00ef par son homologue \u00e9mirati, le Cheikh Mohamed bin Zayed Al Nahyan, va saisir l\u2019occasion pour parler de coop\u00e9ration entre le Togo et l\u2019Arabie Saoudite, avec en toile de fonds, notamment le financement au profit des Pme et Pmi, mais aussi sur d\u2019autres sujets non moins poignants.<\/p>\n\n\n\n<p class=\"wp-block-paragraph\">Comme lors de sa derni\u00e8re visite officielle en juin 2022, le chef de l\u2019Etat togolais et son homologue saoudien se sont r\u00e9jouis de la qualit\u00e9 du partenariat qui unit les deux pays, ceci dans plusieurs domaines, notamment les infrastructures, l\u2019agriculture, et surtout l\u2019\u00e9nergie avec la mat\u00e9rialisation de la&nbsp;plus grande centrale <a href=\"https:\/\/www.republiquetogolaise.com\/energies\/2306-5696-le-togo-met-en-service-la-centrale-solaire-de-blitta-la-plus-grande-d-afrique-de-l-ouest\">solaire photovolta\u00efque d\u2019Afrique de l\u2019Ouest<\/a>, celle de Blitta.<\/p>\n\n\n\n<p class=\"wp-block-paragraph\">Notons que la d\u00e9l\u00e9gation togolaise \u00e0 ce rendez-vous mondial va \u00e9galement exposer les grands axes de l\u2019engagement du Togo contre le changement climatique, et d\u00e9fendre les priorit\u00e9s nationales. Ceci \u00e0 travers un pavillon et bureau am\u00e9nag\u00e9s, \u00e0 cet effet, sur le site de la Conf\u00e9rence.<\/p>\n\n\n<div class=\"wp-block-image\">\n<figure class=\"aligncenter size-large is-resized\"><img loading=\"lazy\" decoding=\"async\" src=\"https:\/\/macite.tg\/wp-content\/uploads\/2023\/11\/ANNONCES-1-1024x426.jpg\" alt=\"\" class=\"wp-image-10689\" width=\"791\" height=\"329\" srcset=\"https:\/\/macite.tg\/wp-content\/uploads\/2023\/11\/ANNONCES-1-1024x426.jpg 1024w, https:\/\/macite.tg\/wp-content\/uploads\/2023\/11\/ANNONCES-1-300x125.jpg 300w, https:\/\/macite.tg\/wp-content\/uploads\/2023\/11\/ANNONCES-1-768x319.jpg 768w, https:\/\/macite.tg\/wp-content\/uploads\/2023\/11\/ANNONCES-1.jpg 1080w\" sizes=\"auto, (max-width: 791px) 100vw, 791px\" \/><\/figure>\n<\/div>\n\n\n<p class=\"wp-block-paragraph\">Pour rappel, un fonds dit \u00ab&nbsp;pertes et dommages&nbsp;\u00bb cr\u00e9\u00e9 \u00e0 la Cop27 \u00e0 Charm el-Cheikh, en \u00c9gypte, a \u00e9t\u00e9 rendu op\u00e9rationnel avec des financements. Ainsi, les Emirats arabes unis par la voix du pr\u00e9sident de la COP28, Dr Sultan Al Jaber, ont d\u00e9cid\u00e9 d\u2019allouer 100 millions de dollars au Fonds. Le pays h\u00f4te de ce rendez-vous mondial sur le climat sera suivi par l\u2019Allemagne avec 100 millions de dollars, le Royaume-Uni s\u2019est engag\u00e9 pour 40 millions de livres sterling, le Japon pour 10 millions de dollars, les \u00c9tats-Unis vont verser 17,5 millions de dollars, le reste de l\u2019UE (hors Allemagne) environ 145,6 millions de dollars.<\/p>\n\n\n\n<p class=\"wp-block-paragraph\"><em>Lors de la pl\u00e9ni\u00e8re d\u2019ouverture, <\/em>le Dr Sultan a indiqu\u00e9 que ce \u00ab&nbsp;F<em>onds soutiendra des milliards de personnes, des vies et des moyens de subsistance qui sont particuli\u00e8rement vuln\u00e9rables aux effets du changement climatique<\/em>&nbsp;\u00bb.<\/p>\n\n\n\n<p class=\"wp-block-paragraph\"><strong>JPB<\/strong><\/p>\n\n\n\n<p class=\"wp-block-paragraph\"><strong><em>@macite.tg&nbsp;&nbsp;&nbsp;&nbsp;&nbsp;&nbsp;&nbsp;&nbsp;<\/em><\/strong><\/p>\n\n\n\n<p class=\"wp-block-paragraph\"><strong><em>E-mail&nbsp;: <\/em><\/strong><a href=\"mailto:maciteinfo@gmail.com\"><em>maciteinfo@gmail.com<\/em><\/a><strong><em>; <\/em><\/strong><a href=\"mailto:bawela1@gmail.com\"><em>bawela1@gmail.com<\/em><\/a><em> <strong><\/strong><\/em><\/p>\n\n\n\n<p class=\"wp-block-paragraph\"><strong><em>Pour vos annonces, (publi)reportages, etc., joignez-nous au (00228)91515309\/<strong>79872224 <\/strong>www.macite.tg, L\u2019information, la bonne&nbsp;!<\/em><\/strong><\/p>\n","protected":false},"excerpt":{"rendered":"<p class=\"text-justify mb-2\" >C\u2019est parti depuis le jeudi 30 novembre, \u00e0 Duba\u00ef en Arabie Saoudite, pour la 28\u00e8 Conf\u00e9rence de parties sur les changements climatiques (Cop28) \u00e0 laquelle participent les chefs d\u2019Etat et de gouvernement, dont le chef de l\u2019Etat togolais, Faure Essozimna Gnassingb\u00e9. D\u00e9marr\u00e9s hier jeudi par [&hellip;]<\/p>\n","protected":false},"author":2,"featured_media":10802,"comment_status":"open","ping_status":"open","sticky":false,"template":"","format":"standard","meta":{"footnotes":""},"categories":[20,19],"tags":[],"class_list":["post-10800","post","type-post","status-publish","format-standard","has-post-thumbnail","hentry","category-actualite","category-environnement"],"yoast_head":"<!-- This site is optimized with the Yoast SEO plugin v28.4 - https:\/\/yoast.com\/product\/yoast-seo-wordpress\/ -->\n<title>COP 28 A DUBA\u00cf : Le Pr\u00e9sident Faure Gnassingb\u00e9 prend part aux travaux -<\/title>\n<meta name=\"robots\" content=\"index, follow, max-snippet:-1, max-image-preview:large, max-video-preview:-1\" \/>\n<link rel=\"canonical\" href=\"https:\/\/macite.tg\/?p=10800\" \/>\n<meta property=\"og:locale\" content=\"fr_FR\" \/>\n<meta property=\"og:type\" content=\"article\" \/>\n<meta property=\"og:title\" content=\"COP 28 A DUBA\u00cf : Le Pr\u00e9sident Faure Gnassingb\u00e9 prend part aux travaux -\" \/>\n<meta property=\"og:description\" content=\"C\u2019est parti depuis le jeudi 30 novembre, \u00e0 Duba\u00ef en Arabie Saoudite, pour la 28\u00e8 Conf\u00e9rence de parties sur les changements climatiques (Cop28) \u00e0 laquelle participent les chefs d\u2019Etat et de gouvernement, dont le chef de l\u2019Etat togolais, Faure Essozimna Gnassingb\u00e9. D\u00e9marr\u00e9s hier jeudi par [&hellip;]\" \/>\n<meta property=\"og:url\" content=\"https:\/\/macite.tg\/?p=10800\" \/>\n<meta property=\"article:published_time\" content=\"2023-12-03T09:15:07+00:00\" \/>\n<meta property=\"article:modified_time\" content=\"2023-12-03T09:28:54+00:00\" \/>\n<meta property=\"og:image\" content=\"https:\/\/macite.tg\/wp-content\/uploads\/2023\/12\/image-2.png\" \/>\n\t<meta property=\"og:image:width\" content=\"975\" \/>\n\t<meta property=\"og:image:height\" content=\"548\" \/>\n\t<meta property=\"og:image:type\" content=\"image\/png\" \/>\n<meta name=\"author\" content=\"Jean Pierre BAWELA\" \/>\n<meta name=\"twitter:card\" content=\"summary_large_image\" \/>\n<meta name=\"twitter:label1\" content=\"\u00c9crit par\" \/>\n\t<meta name=\"twitter:data1\" content=\"Jean Pierre BAWELA\" \/>\n\t<meta name=\"twitter:label2\" content=\"Dur\u00e9e de lecture estim\u00e9e\" \/>\n\t<meta name=\"twitter:data2\" content=\"2 minutes\" \/>\n<script type=\"application\/ld+json\" class=\"yoast-schema-graph\">{\"@context\":\"https:\\\/\\\/schema.org\",\"@graph\":[{\"@type\":\"Article\",\"@id\":\"https:\\\/\\\/macite.tg\\\/?p=10800#article\",\"isPartOf\":{\"@id\":\"https:\\\/\\\/macite.tg\\\/?p=10800\"},\"author\":{\"name\":\"Jean Pierre BAWELA\",\"@id\":\"https:\\\/\\\/macite.tg\\\/#\\\/schema\\\/person\\\/e9f2de7e5dbbe7770a9402c7ce82f5c2\"},\"headline\":\"COP 28 A DUBA\u00cf : Le Pr\u00e9sident Faure Gnassingb\u00e9 prend part aux travaux\",\"datePublished\":\"2023-12-03T09:15:07+00:00\",\"dateModified\":\"2023-12-03T09:28:54+00:00\",\"mainEntityOfPage\":{\"@id\":\"https:\\\/\\\/macite.tg\\\/?p=10800\"},\"wordCount\":463,\"commentCount\":0,\"image\":{\"@id\":\"https:\\\/\\\/macite.tg\\\/?p=10800#primaryimage\"},\"thumbnailUrl\":\"https:\\\/\\\/macite.tg\\\/wp-content\\\/uploads\\\/2023\\\/12\\\/image-2.png\",\"articleSection\":[\"ACTUALITE\",\"ENVIRONNEMENT\"],\"inLanguage\":\"fr-FR\",\"potentialAction\":[{\"@type\":\"CommentAction\",\"name\":\"Comment\",\"target\":[\"https:\\\/\\\/macite.tg\\\/?p=10800#respond\"]}]},{\"@type\":\"WebPage\",\"@id\":\"https:\\\/\\\/macite.tg\\\/?p=10800\",\"url\":\"https:\\\/\\\/macite.tg\\\/?p=10800\",\"name\":\"COP 28 A DUBA\u00cf : Le Pr\u00e9sident Faure Gnassingb\u00e9 prend part aux travaux -\",\"isPartOf\":{\"@id\":\"https:\\\/\\\/macite.tg\\\/#website\"},\"primaryImageOfPage\":{\"@id\":\"https:\\\/\\\/macite.tg\\\/?p=10800#primaryimage\"},\"image\":{\"@id\":\"https:\\\/\\\/macite.tg\\\/?p=10800#primaryimage\"},\"thumbnailUrl\":\"https:\\\/\\\/macite.tg\\\/wp-content\\\/uploads\\\/2023\\\/12\\\/image-2.png\",\"datePublished\":\"2023-12-03T09:15:07+00:00\",\"dateModified\":\"2023-12-03T09:28:54+00:00\",\"author\":{\"@id\":\"https:\\\/\\\/macite.tg\\\/#\\\/schema\\\/person\\\/e9f2de7e5dbbe7770a9402c7ce82f5c2\"},\"breadcrumb\":{\"@id\":\"https:\\\/\\\/macite.tg\\\/?p=10800#breadcrumb\"},\"inLanguage\":\"fr-FR\",\"potentialAction\":[{\"@type\":\"ReadAction\",\"target\":[\"https:\\\/\\\/macite.tg\\\/?p=10800\"]}]},{\"@type\":\"ImageObject\",\"inLanguage\":\"fr-FR\",\"@id\":\"https:\\\/\\\/macite.tg\\\/?p=10800#primaryimage\",\"url\":\"https:\\\/\\\/macite.tg\\\/wp-content\\\/uploads\\\/2023\\\/12\\\/image-2.png\",\"contentUrl\":\"https:\\\/\\\/macite.tg\\\/wp-content\\\/uploads\\\/2023\\\/12\\\/image-2.png\",\"width\":975,\"height\":548},{\"@type\":\"BreadcrumbList\",\"@id\":\"https:\\\/\\\/macite.tg\\\/?p=10800#breadcrumb\",\"itemListElement\":[{\"@type\":\"ListItem\",\"position\":1,\"name\":\"Accueil\",\"item\":\"https:\\\/\\\/macite.tg\\\/\"},{\"@type\":\"ListItem\",\"position\":2,\"name\":\"COP 28 A DUBA\u00cf : Le Pr\u00e9sident Faure Gnassingb\u00e9 prend part aux travaux\"}]},{\"@type\":\"WebSite\",\"@id\":\"https:\\\/\\\/macite.tg\\\/#website\",\"url\":\"https:\\\/\\\/macite.tg\\\/\",\"name\":\"\",\"description\":\"L&#039;information, la bonne!!!\",\"potentialAction\":[{\"@type\":\"SearchAction\",\"target\":{\"@type\":\"EntryPoint\",\"urlTemplate\":\"https:\\\/\\\/macite.tg\\\/?s={search_term_string}\"},\"query-input\":{\"@type\":\"PropertyValueSpecification\",\"valueRequired\":true,\"valueName\":\"search_term_string\"}}],\"inLanguage\":\"fr-FR\"},{\"@type\":\"Person\",\"@id\":\"https:\\\/\\\/macite.tg\\\/#\\\/schema\\\/person\\\/e9f2de7e5dbbe7770a9402c7ce82f5c2\",\"name\":\"Jean Pierre BAWELA\",\"image\":{\"@type\":\"ImageObject\",\"inLanguage\":\"fr-FR\",\"@id\":\"https:\\\/\\\/macite.tg\\\/wp-content\\\/uploads\\\/2023\\\/09\\\/WhatsApp-Image-2023-09-19-at-14.44.41-122x122.jpeg\",\"url\":\"https:\\\/\\\/macite.tg\\\/wp-content\\\/uploads\\\/2023\\\/09\\\/WhatsApp-Image-2023-09-19-at-14.44.41-122x122.jpeg\",\"contentUrl\":\"https:\\\/\\\/macite.tg\\\/wp-content\\\/uploads\\\/2023\\\/09\\\/WhatsApp-Image-2023-09-19-at-14.44.41-122x122.jpeg\",\"caption\":\"Jean Pierre BAWELA\"},\"url\":\"https:\\\/\\\/macite.tg\\\/?author=2\"}]}<\/script>\n<!-- \/ Yoast SEO plugin. -->","yoast_head_json":{"title":"COP 28 A DUBA\u00cf : Le Pr\u00e9sident Faure Gnassingb\u00e9 prend part aux travaux -","robots":{"index":"index","follow":"follow","max-snippet":"max-snippet:-1","max-image-preview":"max-image-preview:large","max-video-preview":"max-video-preview:-1"},"canonical":"https:\/\/macite.tg\/?p=10800","og_locale":"fr_FR","og_type":"article","og_title":"COP 28 A DUBA\u00cf : Le Pr\u00e9sident Faure Gnassingb\u00e9 prend part aux travaux -","og_description":"C\u2019est parti depuis le jeudi 30 novembre, \u00e0 Duba\u00ef en Arabie Saoudite, pour la 28\u00e8 Conf\u00e9rence de parties sur les changements climatiques (Cop28) \u00e0 laquelle participent les chefs d\u2019Etat et de gouvernement, dont le chef de l\u2019Etat togolais, Faure Essozimna Gnassingb\u00e9. D\u00e9marr\u00e9s hier jeudi par [&hellip;]","og_url":"https:\/\/macite.tg\/?p=10800","article_published_time":"2023-12-03T09:15:07+00:00","article_modified_time":"2023-12-03T09:28:54+00:00","og_image":[{"width":975,"height":548,"url":"https:\/\/macite.tg\/wp-content\/uploads\/2023\/12\/image-2.png","type":"image\/png"}],"author":"Jean Pierre BAWELA","twitter_card":"summary_large_image","twitter_misc":{"\u00c9crit par":"Jean Pierre BAWELA","Dur\u00e9e de lecture estim\u00e9e":"2 minutes"},"schema":{"@context":"https:\/\/schema.org","@graph":[{"@type":"Article","@id":"https:\/\/macite.tg\/?p=10800#article","isPartOf":{"@id":"https:\/\/macite.tg\/?p=10800"},"author":{"name":"Jean Pierre BAWELA","@id":"https:\/\/macite.tg\/#\/schema\/person\/e9f2de7e5dbbe7770a9402c7ce82f5c2"},"headline":"COP 28 A DUBA\u00cf : Le Pr\u00e9sident Faure Gnassingb\u00e9 prend part aux travaux","datePublished":"2023-12-03T09:15:07+00:00","dateModified":"2023-12-03T09:28:54+00:00","mainEntityOfPage":{"@id":"https:\/\/macite.tg\/?p=10800"},"wordCount":463,"commentCount":0,"image":{"@id":"https:\/\/macite.tg\/?p=10800#primaryimage"},"thumbnailUrl":"https:\/\/macite.tg\/wp-content\/uploads\/2023\/12\/image-2.png","articleSection":["ACTUALITE","ENVIRONNEMENT"],"inLanguage":"fr-FR","potentialAction":[{"@type":"CommentAction","name":"Comment","target":["https:\/\/macite.tg\/?p=10800#respond"]}]},{"@type":"WebPage","@id":"https:\/\/macite.tg\/?p=10800","url":"https:\/\/macite.tg\/?p=10800","name":"COP 28 A DUBA\u00cf : Le Pr\u00e9sident Faure Gnassingb\u00e9 prend part aux travaux -","isPartOf":{"@id":"https:\/\/macite.tg\/#website"},"primaryImageOfPage":{"@id":"https:\/\/macite.tg\/?p=10800#primaryimage"},"image":{"@id":"https:\/\/macite.tg\/?p=10800#primaryimage"},"thumbnailUrl":"https:\/\/macite.tg\/wp-content\/uploads\/2023\/12\/image-2.png","datePublished":"2023-12-03T09:15:07+00:00","dateModified":"2023-12-03T09:28:54+00:00","author":{"@id":"https:\/\/macite.tg\/#\/schema\/person\/e9f2de7e5dbbe7770a9402c7ce82f5c2"},"breadcrumb":{"@id":"https:\/\/macite.tg\/?p=10800#breadcrumb"},"inLanguage":"fr-FR","potentialAction":[{"@type":"ReadAction","target":["https:\/\/macite.tg\/?p=10800"]}]},{"@type":"ImageObject","inLanguage":"fr-FR","@id":"https:\/\/macite.tg\/?p=10800#primaryimage","url":"https:\/\/macite.tg\/wp-content\/uploads\/2023\/12\/image-2.png","contentUrl":"https:\/\/macite.tg\/wp-content\/uploads\/2023\/12\/image-2.png","width":975,"height":548},{"@type":"BreadcrumbList","@id":"https:\/\/macite.tg\/?p=10800#breadcrumb","itemListElement":[{"@type":"ListItem","position":1,"name":"Accueil","item":"https:\/\/macite.tg\/"},{"@type":"ListItem","position":2,"name":"COP 28 A DUBA\u00cf : Le Pr\u00e9sident Faure Gnassingb\u00e9 prend part aux travaux"}]},{"@type":"WebSite","@id":"https:\/\/macite.tg\/#website","url":"https:\/\/macite.tg\/","name":"","description":"L&#039;information, la bonne!!!","potentialAction":[{"@type":"SearchAction","target":{"@type":"EntryPoint","urlTemplate":"https:\/\/macite.tg\/?s={search_term_string}"},"query-input":{"@type":"PropertyValueSpecification","valueRequired":true,"valueName":"search_term_string"}}],"inLanguage":"fr-FR"},{"@type":"Person","@id":"https:\/\/macite.tg\/#\/schema\/person\/e9f2de7e5dbbe7770a9402c7ce82f5c2","name":"Jean Pierre BAWELA","image":{"@type":"ImageObject","inLanguage":"fr-FR","@id":"https:\/\/macite.tg\/wp-content\/uploads\/2023\/09\/WhatsApp-Image-2023-09-19-at-14.44.41-122x122.jpeg","url":"https:\/\/macite.tg\/wp-content\/uploads\/2023\/09\/WhatsApp-Image-2023-09-19-at-14.44.41-122x122.jpeg","contentUrl":"https:\/\/macite.tg\/wp-content\/uploads\/2023\/09\/WhatsApp-Image-2023-09-19-at-14.44.41-122x122.jpeg","caption":"Jean Pierre BAWELA"},"url":"https:\/\/macite.tg\/?author=2"}]}},"_links":{"self":[{"href":"https:\/\/macite.tg\/index.php?rest_route=\/wp\/v2\/posts\/10800","targetHints":{"allow":["GET"]}}],"collection":[{"href":"https:\/\/macite.tg\/index.php?rest_route=\/wp\/v2\/posts"}],"about":[{"href":"https:\/\/macite.tg\/index.php?rest_route=\/wp\/v2\/types\/post"}],"author":[{"embeddable":true,"href":"https:\/\/macite.tg\/index.php?rest_route=\/wp\/v2\/users\/2"}],"replies":[{"embeddable":true,"href":"https:\/\/macite.tg\/index.php?rest_route=%2Fwp%2Fv2%2Fcomments&post=10800"}],"version-history":[{"count":0,"href":"https:\/\/macite.tg\/index.php?rest_route=\/wp\/v2\/posts\/10800\/revisions"}],"wp:featuredmedia":[{"embeddable":true,"href":"https:\/\/macite.tg\/index.php?rest_route=\/wp\/v2\/media\/10802"}],"wp:attachment":[{"href":"https:\/\/macite.tg\/index.php?rest_route=%2Fwp%2Fv2%2Fmedia&parent=10800"}],"wp:term":[{"taxonomy":"category","embeddable":true,"href":"https:\/\/macite.tg\/index.php?rest_route=%2Fwp%2Fv2%2Fcategories&post=10800"},{"taxonomy":"post_tag","embeddable":true,"href":"https:\/\/macite.tg\/index.php?rest_route=%2Fwp%2Fv2%2Ftags&post=10800"}],"curies":[{"name":"wp","href":"https:\/\/api.w.org\/{rel}","templated":true}]}}