{"id":10795,"date":"2023-12-01T11:47:07","date_gmt":"2023-12-01T11:47:07","guid":{"rendered":"https:\/\/macite.tg\/?p=10795"},"modified":"2023-12-01T11:47:09","modified_gmt":"2023-12-01T11:47:09","slug":"caution-pour-la-presidentielle-2024-le-cheque-depose-par-ousmane-sonko-rejete","status":"publish","type":"post","link":"https:\/\/macite.tg\/?p=10795","title":{"rendered":"CAUTION POUR LA PRESIDENTIELLE 2024 : Le ch\u00e8que d\u00e9pos\u00e9 par Ousmane Sonko, rejet\u00e9"},"content":{"rendered":"\n<p class=\"wp-block-paragraph\"><strong><em>La Caisse des D\u00e9p\u00f4ts et des Consignations (Cdc) a proc\u00e9d\u00e9 au retour du ch\u00e8que de 30 millions de F CFA d\u00e9pos\u00e9 par Ayib Daff\u00e9 le 30 novembre en tant que caution pour le candidat Ousmane Sonko.<\/em><\/strong><\/p>\n\n\n\n<p class=\"wp-block-paragraph\">Cette d\u00e9cision d\u00e9coule de la constatation de l\u2019absence de Sonko sur les listes \u00e9lectorales, comme l\u2019a expliqu\u00e9 Matar Diop, charg\u00e9 de communication de la Cdc.<\/p>\n\n\n<div class=\"wp-block-image\">\n<figure class=\"aligncenter size-large is-resized\"><img loading=\"lazy\" decoding=\"async\" src=\"https:\/\/macite.tg\/wp-content\/uploads\/2023\/11\/WhatsApp-Image-2023-10-09-at-17.28.15-1-1024x1024.jpeg\" alt=\"\" class=\"wp-image-10647\" width=\"438\" height=\"438\" srcset=\"https:\/\/macite.tg\/wp-content\/uploads\/2023\/11\/WhatsApp-Image-2023-10-09-at-17.28.15-1-1024x1024.jpeg 1024w, https:\/\/macite.tg\/wp-content\/uploads\/2023\/11\/WhatsApp-Image-2023-10-09-at-17.28.15-1-300x300.jpeg 300w, https:\/\/macite.tg\/wp-content\/uploads\/2023\/11\/WhatsApp-Image-2023-10-09-at-17.28.15-1-150x150.jpeg 150w, https:\/\/macite.tg\/wp-content\/uploads\/2023\/11\/WhatsApp-Image-2023-10-09-at-17.28.15-1-768x768.jpeg 768w, https:\/\/macite.tg\/wp-content\/uploads\/2023\/11\/WhatsApp-Image-2023-10-09-at-17.28.15-1-122x122.jpeg 122w, https:\/\/macite.tg\/wp-content\/uploads\/2023\/11\/WhatsApp-Image-2023-10-09-at-17.28.15-1.jpeg 1280w\" sizes=\"auto, (max-width: 438px) 100vw, 438px\" \/><\/figure>\n<\/div>\n\n\n<p class=\"wp-block-paragraph\">Ayib Daff\u00e9, mandataire de la coalition Sonko2024, avait d\u00e9pos\u00e9 la caution plus t\u00f4t dans l\u2019apr\u00e8s-midi, obtenant initialement un quitus.<\/p>\n\n\n\n<p class=\"wp-block-paragraph\">Cependant, apr\u00e8s v\u00e9rification, la Cdc a relev\u00e9 que le candidat Ousmane Sonko ne figurait pas sur les listes \u00e9lectorales, ce qui a conduit au retour de la caution \u00e0 M. Daff\u00e9.<\/p>\n\n\n\n<p class=\"wp-block-paragraph\">A l\u2019heure actuelle, cette nouvelle d\u00e9cision jette le flou sur la participation du maire de Ziguinchor \u00e0 l\u2019\u00e9lection, \u00e9tant donn\u00e9 que l\u2019inscription sur les listes \u00e9lectorales est une condition pr\u00e9alable pour concourir.<\/p>\n\n\n\n<p class=\"wp-block-paragraph\"><strong>SeneNews<\/strong><\/p>\n\n\n\n<p class=\"wp-block-paragraph\"><strong><em>@macite.tg&nbsp;&nbsp;&nbsp;&nbsp;&nbsp;&nbsp;&nbsp;&nbsp;<\/em><\/strong><\/p>\n\n\n\n<p class=\"wp-block-paragraph\"><strong><em>E-mail&nbsp;: <\/em><\/strong><a href=\"mailto:maciteinfo@gmail.com\"><strong><em>maciteinfo@gmail.com<\/em><\/strong><\/a><strong><em>; <\/em><\/strong><a href=\"mailto:bawela1@gmail.com\"><strong><em>bawela1@gmail.com<\/em><\/strong><\/a><strong><em><\/em><\/strong><\/p>\n\n\n\n<p class=\"wp-block-paragraph\"><strong><em>Pour vos annonces, (publi)reportages, etc., joignez-nous au (00228)91515309\/<strong>79872224 <\/strong>www.macite.tg, L\u2019information, la bonne&nbsp;!<\/em><\/strong><\/p>\n","protected":false},"excerpt":{"rendered":"<p class=\"text-justify mb-2\" >La Caisse des D\u00e9p\u00f4ts et des Consignations (Cdc) a proc\u00e9d\u00e9 au retour du ch\u00e8que de 30 millions de F CFA d\u00e9pos\u00e9 par Ayib Daff\u00e9 le 30 novembre en tant que caution pour le candidat Ousmane Sonko. Cette d\u00e9cision d\u00e9coule de la constatation de l\u2019absence de [&hellip;]<\/p>\n","protected":false},"author":2,"featured_media":10796,"comment_status":"open","ping_status":"open","sticky":false,"template":"","format":"standard","meta":{"footnotes":""},"categories":[1],"tags":[],"class_list":["post-10795","post","type-post","status-publish","format-standard","has-post-thumbnail","hentry","category-politique"],"yoast_head":"<!-- This site is optimized with the Yoast SEO plugin v28.4 - https:\/\/yoast.com\/product\/yoast-seo-wordpress\/ -->\n<title>CAUTION POUR LA PRESIDENTIELLE 2024 : Le ch\u00e8que d\u00e9pos\u00e9 par Ousmane Sonko, rejet\u00e9 -<\/title>\n<meta name=\"robots\" content=\"index, follow, max-snippet:-1, max-image-preview:large, max-video-preview:-1\" \/>\n<link rel=\"canonical\" href=\"https:\/\/macite.tg\/?p=10795\" \/>\n<meta property=\"og:locale\" content=\"fr_FR\" \/>\n<meta property=\"og:type\" content=\"article\" \/>\n<meta property=\"og:title\" content=\"CAUTION POUR LA PRESIDENTIELLE 2024 : Le ch\u00e8que d\u00e9pos\u00e9 par Ousmane Sonko, rejet\u00e9 -\" \/>\n<meta property=\"og:description\" content=\"La Caisse des D\u00e9p\u00f4ts et des Consignations (Cdc) a proc\u00e9d\u00e9 au retour du ch\u00e8que de 30 millions de F CFA d\u00e9pos\u00e9 par Ayib Daff\u00e9 le 30 novembre en tant que caution pour le candidat Ousmane Sonko. Cette d\u00e9cision d\u00e9coule de la constatation de l\u2019absence de [&hellip;]\" \/>\n<meta property=\"og:url\" content=\"https:\/\/macite.tg\/?p=10795\" \/>\n<meta property=\"article:published_time\" content=\"2023-12-01T11:47:07+00:00\" \/>\n<meta property=\"article:modified_time\" content=\"2023-12-01T11:47:09+00:00\" \/>\n<meta property=\"og:image\" content=\"https:\/\/macite.tg\/wp-content\/uploads\/2023\/12\/image.png\" \/>\n\t<meta property=\"og:image:width\" content=\"696\" \/>\n\t<meta property=\"og:image:height\" content=\"464\" \/>\n\t<meta property=\"og:image:type\" content=\"image\/png\" \/>\n<meta name=\"author\" content=\"Jean Pierre BAWELA\" \/>\n<meta name=\"twitter:card\" content=\"summary_large_image\" \/>\n<meta name=\"twitter:label1\" content=\"\u00c9crit par\" \/>\n\t<meta name=\"twitter:data1\" content=\"Jean Pierre BAWELA\" \/>\n\t<meta name=\"twitter:label2\" content=\"Dur\u00e9e de lecture estim\u00e9e\" \/>\n\t<meta name=\"twitter:data2\" content=\"1 minute\" \/>\n<script type=\"application\/ld+json\" class=\"yoast-schema-graph\">{\"@context\":\"https:\\\/\\\/schema.org\",\"@graph\":[{\"@type\":\"Article\",\"@id\":\"https:\\\/\\\/macite.tg\\\/?p=10795#article\",\"isPartOf\":{\"@id\":\"https:\\\/\\\/macite.tg\\\/?p=10795\"},\"author\":{\"name\":\"Jean Pierre BAWELA\",\"@id\":\"https:\\\/\\\/macite.tg\\\/#\\\/schema\\\/person\\\/e9f2de7e5dbbe7770a9402c7ce82f5c2\"},\"headline\":\"CAUTION POUR LA PRESIDENTIELLE 2024 : Le ch\u00e8que d\u00e9pos\u00e9 par Ousmane Sonko, rejet\u00e9\",\"datePublished\":\"2023-12-01T11:47:07+00:00\",\"dateModified\":\"2023-12-01T11:47:09+00:00\",\"mainEntityOfPage\":{\"@id\":\"https:\\\/\\\/macite.tg\\\/?p=10795\"},\"wordCount\":207,\"commentCount\":0,\"image\":{\"@id\":\"https:\\\/\\\/macite.tg\\\/?p=10795#primaryimage\"},\"thumbnailUrl\":\"https:\\\/\\\/macite.tg\\\/wp-content\\\/uploads\\\/2023\\\/12\\\/image.png\",\"articleSection\":[\"POLITIQUE\"],\"inLanguage\":\"fr-FR\",\"potentialAction\":[{\"@type\":\"CommentAction\",\"name\":\"Comment\",\"target\":[\"https:\\\/\\\/macite.tg\\\/?p=10795#respond\"]}]},{\"@type\":\"WebPage\",\"@id\":\"https:\\\/\\\/macite.tg\\\/?p=10795\",\"url\":\"https:\\\/\\\/macite.tg\\\/?p=10795\",\"name\":\"CAUTION POUR LA PRESIDENTIELLE 2024 : Le ch\u00e8que d\u00e9pos\u00e9 par Ousmane Sonko, rejet\u00e9 -\",\"isPartOf\":{\"@id\":\"https:\\\/\\\/macite.tg\\\/#website\"},\"primaryImageOfPage\":{\"@id\":\"https:\\\/\\\/macite.tg\\\/?p=10795#primaryimage\"},\"image\":{\"@id\":\"https:\\\/\\\/macite.tg\\\/?p=10795#primaryimage\"},\"thumbnailUrl\":\"https:\\\/\\\/macite.tg\\\/wp-content\\\/uploads\\\/2023\\\/12\\\/image.png\",\"datePublished\":\"2023-12-01T11:47:07+00:00\",\"dateModified\":\"2023-12-01T11:47:09+00:00\",\"author\":{\"@id\":\"https:\\\/\\\/macite.tg\\\/#\\\/schema\\\/person\\\/e9f2de7e5dbbe7770a9402c7ce82f5c2\"},\"breadcrumb\":{\"@id\":\"https:\\\/\\\/macite.tg\\\/?p=10795#breadcrumb\"},\"inLanguage\":\"fr-FR\",\"potentialAction\":[{\"@type\":\"ReadAction\",\"target\":[\"https:\\\/\\\/macite.tg\\\/?p=10795\"]}]},{\"@type\":\"ImageObject\",\"inLanguage\":\"fr-FR\",\"@id\":\"https:\\\/\\\/macite.tg\\\/?p=10795#primaryimage\",\"url\":\"https:\\\/\\\/macite.tg\\\/wp-content\\\/uploads\\\/2023\\\/12\\\/image.png\",\"contentUrl\":\"https:\\\/\\\/macite.tg\\\/wp-content\\\/uploads\\\/2023\\\/12\\\/image.png\",\"width\":696,\"height\":464},{\"@type\":\"BreadcrumbList\",\"@id\":\"https:\\\/\\\/macite.tg\\\/?p=10795#breadcrumb\",\"itemListElement\":[{\"@type\":\"ListItem\",\"position\":1,\"name\":\"Accueil\",\"item\":\"https:\\\/\\\/macite.tg\\\/\"},{\"@type\":\"ListItem\",\"position\":2,\"name\":\"CAUTION POUR LA PRESIDENTIELLE 2024 : Le ch\u00e8que d\u00e9pos\u00e9 par Ousmane Sonko, rejet\u00e9\"}]},{\"@type\":\"WebSite\",\"@id\":\"https:\\\/\\\/macite.tg\\\/#website\",\"url\":\"https:\\\/\\\/macite.tg\\\/\",\"name\":\"\",\"description\":\"L&#039;information, la bonne!!!\",\"potentialAction\":[{\"@type\":\"SearchAction\",\"target\":{\"@type\":\"EntryPoint\",\"urlTemplate\":\"https:\\\/\\\/macite.tg\\\/?s={search_term_string}\"},\"query-input\":{\"@type\":\"PropertyValueSpecification\",\"valueRequired\":true,\"valueName\":\"search_term_string\"}}],\"inLanguage\":\"fr-FR\"},{\"@type\":\"Person\",\"@id\":\"https:\\\/\\\/macite.tg\\\/#\\\/schema\\\/person\\\/e9f2de7e5dbbe7770a9402c7ce82f5c2\",\"name\":\"Jean Pierre BAWELA\",\"image\":{\"@type\":\"ImageObject\",\"inLanguage\":\"fr-FR\",\"@id\":\"https:\\\/\\\/macite.tg\\\/wp-content\\\/uploads\\\/2023\\\/09\\\/WhatsApp-Image-2023-09-19-at-14.44.41-122x122.jpeg\",\"url\":\"https:\\\/\\\/macite.tg\\\/wp-content\\\/uploads\\\/2023\\\/09\\\/WhatsApp-Image-2023-09-19-at-14.44.41-122x122.jpeg\",\"contentUrl\":\"https:\\\/\\\/macite.tg\\\/wp-content\\\/uploads\\\/2023\\\/09\\\/WhatsApp-Image-2023-09-19-at-14.44.41-122x122.jpeg\",\"caption\":\"Jean Pierre BAWELA\"},\"url\":\"https:\\\/\\\/macite.tg\\\/?author=2\"}]}<\/script>\n<!-- \/ Yoast SEO plugin. -->","yoast_head_json":{"title":"CAUTION POUR LA PRESIDENTIELLE 2024 : Le ch\u00e8que d\u00e9pos\u00e9 par Ousmane Sonko, rejet\u00e9 -","robots":{"index":"index","follow":"follow","max-snippet":"max-snippet:-1","max-image-preview":"max-image-preview:large","max-video-preview":"max-video-preview:-1"},"canonical":"https:\/\/macite.tg\/?p=10795","og_locale":"fr_FR","og_type":"article","og_title":"CAUTION POUR LA PRESIDENTIELLE 2024 : Le ch\u00e8que d\u00e9pos\u00e9 par Ousmane Sonko, rejet\u00e9 -","og_description":"La Caisse des D\u00e9p\u00f4ts et des Consignations (Cdc) a proc\u00e9d\u00e9 au retour du ch\u00e8que de 30 millions de F CFA d\u00e9pos\u00e9 par Ayib Daff\u00e9 le 30 novembre en tant que caution pour le candidat Ousmane Sonko. Cette d\u00e9cision d\u00e9coule de la constatation de l\u2019absence de [&hellip;]","og_url":"https:\/\/macite.tg\/?p=10795","article_published_time":"2023-12-01T11:47:07+00:00","article_modified_time":"2023-12-01T11:47:09+00:00","og_image":[{"width":696,"height":464,"url":"https:\/\/macite.tg\/wp-content\/uploads\/2023\/12\/image.png","type":"image\/png"}],"author":"Jean Pierre BAWELA","twitter_card":"summary_large_image","twitter_misc":{"\u00c9crit par":"Jean Pierre BAWELA","Dur\u00e9e de lecture estim\u00e9e":"1 minute"},"schema":{"@context":"https:\/\/schema.org","@graph":[{"@type":"Article","@id":"https:\/\/macite.tg\/?p=10795#article","isPartOf":{"@id":"https:\/\/macite.tg\/?p=10795"},"author":{"name":"Jean Pierre BAWELA","@id":"https:\/\/macite.tg\/#\/schema\/person\/e9f2de7e5dbbe7770a9402c7ce82f5c2"},"headline":"CAUTION POUR LA PRESIDENTIELLE 2024 : Le ch\u00e8que d\u00e9pos\u00e9 par Ousmane Sonko, rejet\u00e9","datePublished":"2023-12-01T11:47:07+00:00","dateModified":"2023-12-01T11:47:09+00:00","mainEntityOfPage":{"@id":"https:\/\/macite.tg\/?p=10795"},"wordCount":207,"commentCount":0,"image":{"@id":"https:\/\/macite.tg\/?p=10795#primaryimage"},"thumbnailUrl":"https:\/\/macite.tg\/wp-content\/uploads\/2023\/12\/image.png","articleSection":["POLITIQUE"],"inLanguage":"fr-FR","potentialAction":[{"@type":"CommentAction","name":"Comment","target":["https:\/\/macite.tg\/?p=10795#respond"]}]},{"@type":"WebPage","@id":"https:\/\/macite.tg\/?p=10795","url":"https:\/\/macite.tg\/?p=10795","name":"CAUTION POUR LA PRESIDENTIELLE 2024 : Le ch\u00e8que d\u00e9pos\u00e9 par Ousmane Sonko, rejet\u00e9 -","isPartOf":{"@id":"https:\/\/macite.tg\/#website"},"primaryImageOfPage":{"@id":"https:\/\/macite.tg\/?p=10795#primaryimage"},"image":{"@id":"https:\/\/macite.tg\/?p=10795#primaryimage"},"thumbnailUrl":"https:\/\/macite.tg\/wp-content\/uploads\/2023\/12\/image.png","datePublished":"2023-12-01T11:47:07+00:00","dateModified":"2023-12-01T11:47:09+00:00","author":{"@id":"https:\/\/macite.tg\/#\/schema\/person\/e9f2de7e5dbbe7770a9402c7ce82f5c2"},"breadcrumb":{"@id":"https:\/\/macite.tg\/?p=10795#breadcrumb"},"inLanguage":"fr-FR","potentialAction":[{"@type":"ReadAction","target":["https:\/\/macite.tg\/?p=10795"]}]},{"@type":"ImageObject","inLanguage":"fr-FR","@id":"https:\/\/macite.tg\/?p=10795#primaryimage","url":"https:\/\/macite.tg\/wp-content\/uploads\/2023\/12\/image.png","contentUrl":"https:\/\/macite.tg\/wp-content\/uploads\/2023\/12\/image.png","width":696,"height":464},{"@type":"BreadcrumbList","@id":"https:\/\/macite.tg\/?p=10795#breadcrumb","itemListElement":[{"@type":"ListItem","position":1,"name":"Accueil","item":"https:\/\/macite.tg\/"},{"@type":"ListItem","position":2,"name":"CAUTION POUR LA PRESIDENTIELLE 2024 : Le ch\u00e8que d\u00e9pos\u00e9 par Ousmane Sonko, rejet\u00e9"}]},{"@type":"WebSite","@id":"https:\/\/macite.tg\/#website","url":"https:\/\/macite.tg\/","name":"","description":"L&#039;information, la bonne!!!","potentialAction":[{"@type":"SearchAction","target":{"@type":"EntryPoint","urlTemplate":"https:\/\/macite.tg\/?s={search_term_string}"},"query-input":{"@type":"PropertyValueSpecification","valueRequired":true,"valueName":"search_term_string"}}],"inLanguage":"fr-FR"},{"@type":"Person","@id":"https:\/\/macite.tg\/#\/schema\/person\/e9f2de7e5dbbe7770a9402c7ce82f5c2","name":"Jean Pierre BAWELA","image":{"@type":"ImageObject","inLanguage":"fr-FR","@id":"https:\/\/macite.tg\/wp-content\/uploads\/2023\/09\/WhatsApp-Image-2023-09-19-at-14.44.41-122x122.jpeg","url":"https:\/\/macite.tg\/wp-content\/uploads\/2023\/09\/WhatsApp-Image-2023-09-19-at-14.44.41-122x122.jpeg","contentUrl":"https:\/\/macite.tg\/wp-content\/uploads\/2023\/09\/WhatsApp-Image-2023-09-19-at-14.44.41-122x122.jpeg","caption":"Jean Pierre BAWELA"},"url":"https:\/\/macite.tg\/?author=2"}]}},"_links":{"self":[{"href":"https:\/\/macite.tg\/index.php?rest_route=\/wp\/v2\/posts\/10795","targetHints":{"allow":["GET"]}}],"collection":[{"href":"https:\/\/macite.tg\/index.php?rest_route=\/wp\/v2\/posts"}],"about":[{"href":"https:\/\/macite.tg\/index.php?rest_route=\/wp\/v2\/types\/post"}],"author":[{"embeddable":true,"href":"https:\/\/macite.tg\/index.php?rest_route=\/wp\/v2\/users\/2"}],"replies":[{"embeddable":true,"href":"https:\/\/macite.tg\/index.php?rest_route=%2Fwp%2Fv2%2Fcomments&post=10795"}],"version-history":[{"count":0,"href":"https:\/\/macite.tg\/index.php?rest_route=\/wp\/v2\/posts\/10795\/revisions"}],"wp:featuredmedia":[{"embeddable":true,"href":"https:\/\/macite.tg\/index.php?rest_route=\/wp\/v2\/media\/10796"}],"wp:attachment":[{"href":"https:\/\/macite.tg\/index.php?rest_route=%2Fwp%2Fv2%2Fmedia&parent=10795"}],"wp:term":[{"taxonomy":"category","embeddable":true,"href":"https:\/\/macite.tg\/index.php?rest_route=%2Fwp%2Fv2%2Fcategories&post=10795"},{"taxonomy":"post_tag","embeddable":true,"href":"https:\/\/macite.tg\/index.php?rest_route=%2Fwp%2Fv2%2Ftags&post=10795"}],"curies":[{"name":"wp","href":"https:\/\/api.w.org\/{rel}","templated":true}]}}