{"id":10794,"date":"2023-12-01T12:41:34","date_gmt":"2023-12-01T12:41:34","guid":{"rendered":"https:\/\/macite.tg\/?p=10794"},"modified":"2023-12-01T12:41:35","modified_gmt":"2023-12-01T12:41:35","slug":"situation-tendue-a-bissau-la-cedeao-face-un-probable-5e-putsch-en-afrique-de-louest","status":"publish","type":"post","link":"https:\/\/macite.tg\/?p=10794","title":{"rendered":"SITUATION TENDUE A BISSAU\u00a0: La Cedeao face un probable 5\u00e8 putsch en Afrique de l\u2019Ouest\u00a0?"},"content":{"rendered":"\n<p class=\"wp-block-paragraph\"><strong><em>Mardi apr\u00e8s-midi, des tirs nourris ont \u00e9t\u00e9 entendus aux abords du Palais du Gouvernement \u00e0 Bissau, en Guin\u00e9e-Bissau, pays de l\u2019Afrique de l\u2019Ouest. Cette situation intervient alors que le pr\u00e9sident Umaro Sissoco Embalo devrait prendre part \u00e0 Duba\u00ef, \u00e0 la Cop28. Ces bruits de bottes sont qualifi\u00e9s de tentatives de coup d\u2019Etat, le 5\u00e8 qui intervient dans cette r\u00e9gion d\u2019Afrique.<\/em><\/strong><\/p>\n\n\n\n<p class=\"wp-block-paragraph\">La Guin\u00e9e-Bissau fait face, depuis mardi apr\u00e8s-midi, \u00e0 ce que certains pourront appeler une tentative de coup d\u2019Etat. Depuis la fin de l\u2019apr\u00e8s-midi de mardi, une confusion r\u00e9gnait dans la capitale Bissau. Des \u00e9changes de tirs nourris ont retentis longuement dans l\u2019enceinte du Palais du Gouvernement o\u00f9 les deux premiers responsables du pays, notamment le Pr\u00e9sident Ebalo et son chef du gouvernement, Nuno Gomes Nabiam, s\u2019y trouvaient pour un Conseil des ministres extraordinaire.<\/p>\n\n\n<div class=\"wp-block-image\">\n<figure class=\"aligncenter size-large is-resized\"><img loading=\"lazy\" decoding=\"async\" src=\"https:\/\/macite.tg\/wp-content\/uploads\/2023\/11\/WhatsApp-Image-2023-10-09-at-17.28.15-1-1024x1024.jpeg\" alt=\"\" class=\"wp-image-10647\" width=\"508\" height=\"508\" srcset=\"https:\/\/macite.tg\/wp-content\/uploads\/2023\/11\/WhatsApp-Image-2023-10-09-at-17.28.15-1-1024x1024.jpeg 1024w, https:\/\/macite.tg\/wp-content\/uploads\/2023\/11\/WhatsApp-Image-2023-10-09-at-17.28.15-1-300x300.jpeg 300w, https:\/\/macite.tg\/wp-content\/uploads\/2023\/11\/WhatsApp-Image-2023-10-09-at-17.28.15-1-150x150.jpeg 150w, https:\/\/macite.tg\/wp-content\/uploads\/2023\/11\/WhatsApp-Image-2023-10-09-at-17.28.15-1-768x768.jpeg 768w, https:\/\/macite.tg\/wp-content\/uploads\/2023\/11\/WhatsApp-Image-2023-10-09-at-17.28.15-1-122x122.jpeg 122w, https:\/\/macite.tg\/wp-content\/uploads\/2023\/11\/WhatsApp-Image-2023-10-09-at-17.28.15-1.jpeg 1280w\" sizes=\"auto, (max-width: 508px) 100vw, 508px\" \/><\/figure>\n<\/div>\n\n\n<p class=\"wp-block-paragraph\">Aux alentours du Palais r\u00e9gnait une terreur, les habitants cherchant \u00e0 se refugier loin de ces lieux. Des hommes lourdement arm\u00e9s, avaient encercl\u00e9 le Palais et les environs, menant \u00e0 l\u2019a\u00e9roport de Bissau.<\/p>\n\n\n\n<p class=\"wp-block-paragraph\">D\u00e9j\u00e0, la Cedeao, dans un communiqu\u00e9, dit condamner <em>\u00ab&nbsp;cette tentative de coup d\u2019Etat et tient les militaires responsables de l\u2019int\u00e9grit\u00e9 physique du pr\u00e9sident Umaro Sissoco Embalo et des membres de son Gouvernement&nbsp;\u00bb.<\/em><\/p>\n\n\n\n<p class=\"wp-block-paragraph\">Le Secr\u00e9tait g\u00e9n\u00e9ral des Nations-Unies, Antonio Guterres, a, quant \u00e0 lui, r\u00e9clam\u00e9 dans un communiqu\u00e9 <em>\u00ab&nbsp;l\u2019arr\u00eat imm\u00e9diat&nbsp;\u00bb<\/em> des combats \u00e0 Bissau et <em>\u00ab&nbsp;le plein respect des institutions d\u00e9mocratiques du pays&nbsp;\u00bb<\/em>.<\/p>\n\n\n\n<p class=\"wp-block-paragraph\">Aux derni\u00e8res nouvelles, la situation est sous contr\u00f4le, indique l\u2019Etat major bissau-guin\u00e9enne. En effet, les mutins sous les ordres du Colonel Victor Tchongo, s\u2019\u00e9taient retir\u00e9s dans une garnison, et affrontaient la garde nationale.<\/p>\n\n\n<div class=\"wp-block-image\">\n<figure class=\"aligncenter size-large is-resized\"><img loading=\"lazy\" decoding=\"async\" src=\"https:\/\/macite.tg\/wp-content\/uploads\/2023\/11\/IMG-20230731-WA0145-1-1024x1024.jpg\" alt=\"\" class=\"wp-image-10680\" width=\"497\" height=\"497\" srcset=\"https:\/\/macite.tg\/wp-content\/uploads\/2023\/11\/IMG-20230731-WA0145-1-1024x1024.jpg 1024w, https:\/\/macite.tg\/wp-content\/uploads\/2023\/11\/IMG-20230731-WA0145-1-300x300.jpg 300w, https:\/\/macite.tg\/wp-content\/uploads\/2023\/11\/IMG-20230731-WA0145-1-150x150.jpg 150w, https:\/\/macite.tg\/wp-content\/uploads\/2023\/11\/IMG-20230731-WA0145-1-768x768.jpg 768w, https:\/\/macite.tg\/wp-content\/uploads\/2023\/11\/IMG-20230731-WA0145-1-122x122.jpg 122w, https:\/\/macite.tg\/wp-content\/uploads\/2023\/11\/IMG-20230731-WA0145-1.jpg 1080w\" sizes=\"auto, (max-width: 497px) 100vw, 497px\" \/><\/figure>\n<\/div>\n\n\n<p class=\"wp-block-paragraph\">A l\u2019origine de cette situation critique, des soup\u00e7ons de corruption qui planaient sur deux hauts ministres qui ont eu le soutien de certains membres de l\u2019arm\u00e9e&nbsp;; ce sont ces soutiens qui se sont oppos\u00e9s \u00e0 la convocation en justice de ces deux ministres qui \u00e9taient plac\u00e9s en garde \u00e0 vue.<\/p>\n\n\n\n<p class=\"wp-block-paragraph\">Notons que depuis 2020, des putschs en s\u00e9rie agitent l\u2019ouest-africain. Apr\u00e8s le Mali en ao\u00fbt 2020, la Guin\u00e9e en septembre 2021, au Burkina Faso en janvier 2021, le Niger en juin 2022, la Guin\u00e9e-Bissau se signale, laissant penser \u00e0 un vent de l\u2019Ouest qui balaie les pouvoirs l\u00e9gaux.<\/p>\n\n\n\n<p class=\"wp-block-paragraph\"><strong>JPB<\/strong><\/p>\n\n\n\n<p class=\"wp-block-paragraph\"><strong><em>@macite.tg&nbsp;&nbsp;&nbsp;&nbsp;&nbsp;&nbsp;&nbsp;&nbsp;<\/em><\/strong><\/p>\n\n\n\n<p class=\"wp-block-paragraph\"><strong><em>E-mail&nbsp;: <\/em><\/strong><a href=\"mailto:maciteinfo@gmail.com\"><strong><em>maciteinfo@gmail.com<\/em><\/strong><\/a><strong><em>; <\/em><\/strong><a href=\"mailto:bawela1@gmail.com\"><strong><em>bawela1@gmail.com<\/em><\/strong><\/a><strong><em><\/em><\/strong><\/p>\n\n\n\n<p class=\"wp-block-paragraph\"><strong><em>Pour vos annonces, (publi)reportages, etc., joignez-nous au (00228)91515309\/<strong>79872224 <\/strong>www.macite.tg, L\u2019information, la bonne&nbsp;!<\/em><\/strong><\/p>\n\n\n\n<p class=\"wp-block-paragraph\"><\/p>\n","protected":false},"excerpt":{"rendered":"<p class=\"text-justify mb-2\" >Mardi apr\u00e8s-midi, des tirs nourris ont \u00e9t\u00e9 entendus aux abords du Palais du Gouvernement \u00e0 Bissau, en Guin\u00e9e-Bissau, pays de l\u2019Afrique de l\u2019Ouest. Cette situation intervient alors que le pr\u00e9sident Umaro Sissoco Embalo devrait prendre part \u00e0 Duba\u00ef, \u00e0 la Cop28. Ces bruits de bottes [&hellip;]<\/p>\n","protected":false},"author":2,"featured_media":10798,"comment_status":"open","ping_status":"open","sticky":false,"template":"","format":"standard","meta":{"footnotes":""},"categories":[1],"tags":[],"class_list":["post-10794","post","type-post","status-publish","format-standard","has-post-thumbnail","hentry","category-politique"],"yoast_head":"<!-- This site is optimized with the Yoast SEO plugin v28.4 - https:\/\/yoast.com\/product\/yoast-seo-wordpress\/ -->\n<title>SITUATION TENDUE A BISSAU\u00a0: La Cedeao face un probable 5\u00e8 putsch en Afrique de l\u2019Ouest\u00a0? -<\/title>\n<meta name=\"robots\" content=\"index, follow, max-snippet:-1, max-image-preview:large, max-video-preview:-1\" \/>\n<link rel=\"canonical\" href=\"https:\/\/macite.tg\/?p=10794\" \/>\n<meta property=\"og:locale\" content=\"fr_FR\" \/>\n<meta property=\"og:type\" content=\"article\" \/>\n<meta property=\"og:title\" content=\"SITUATION TENDUE A BISSAU\u00a0: La Cedeao face un probable 5\u00e8 putsch en Afrique de l\u2019Ouest\u00a0? -\" \/>\n<meta property=\"og:description\" content=\"Mardi apr\u00e8s-midi, des tirs nourris ont \u00e9t\u00e9 entendus aux abords du Palais du Gouvernement \u00e0 Bissau, en Guin\u00e9e-Bissau, pays de l\u2019Afrique de l\u2019Ouest. Cette situation intervient alors que le pr\u00e9sident Umaro Sissoco Embalo devrait prendre part \u00e0 Duba\u00ef, \u00e0 la Cop28. Ces bruits de bottes [&hellip;]\" \/>\n<meta property=\"og:url\" content=\"https:\/\/macite.tg\/?p=10794\" \/>\n<meta property=\"article:published_time\" content=\"2023-12-01T12:41:34+00:00\" \/>\n<meta property=\"article:modified_time\" content=\"2023-12-01T12:41:35+00:00\" \/>\n<meta property=\"og:image\" content=\"https:\/\/macite.tg\/wp-content\/uploads\/2023\/12\/image-1.png\" \/>\n\t<meta property=\"og:image:width\" content=\"1024\" \/>\n\t<meta property=\"og:image:height\" content=\"687\" \/>\n\t<meta property=\"og:image:type\" content=\"image\/png\" \/>\n<meta name=\"author\" content=\"Jean Pierre BAWELA\" \/>\n<meta name=\"twitter:card\" content=\"summary_large_image\" \/>\n<meta name=\"twitter:label1\" content=\"\u00c9crit par\" \/>\n\t<meta name=\"twitter:data1\" content=\"Jean Pierre BAWELA\" \/>\n\t<meta name=\"twitter:label2\" content=\"Dur\u00e9e de lecture estim\u00e9e\" \/>\n\t<meta name=\"twitter:data2\" content=\"2 minutes\" \/>\n<script type=\"application\/ld+json\" class=\"yoast-schema-graph\">{\"@context\":\"https:\\\/\\\/schema.org\",\"@graph\":[{\"@type\":\"Article\",\"@id\":\"https:\\\/\\\/macite.tg\\\/?p=10794#article\",\"isPartOf\":{\"@id\":\"https:\\\/\\\/macite.tg\\\/?p=10794\"},\"author\":{\"name\":\"Jean Pierre BAWELA\",\"@id\":\"https:\\\/\\\/macite.tg\\\/#\\\/schema\\\/person\\\/e9f2de7e5dbbe7770a9402c7ce82f5c2\"},\"headline\":\"SITUATION TENDUE A BISSAU\u00a0: La Cedeao face un probable 5\u00e8 putsch en Afrique de l\u2019Ouest\u00a0?\",\"datePublished\":\"2023-12-01T12:41:34+00:00\",\"dateModified\":\"2023-12-01T12:41:35+00:00\",\"mainEntityOfPage\":{\"@id\":\"https:\\\/\\\/macite.tg\\\/?p=10794\"},\"wordCount\":454,\"commentCount\":0,\"image\":{\"@id\":\"https:\\\/\\\/macite.tg\\\/?p=10794#primaryimage\"},\"thumbnailUrl\":\"https:\\\/\\\/macite.tg\\\/wp-content\\\/uploads\\\/2023\\\/12\\\/image-1.png\",\"articleSection\":[\"POLITIQUE\"],\"inLanguage\":\"fr-FR\",\"potentialAction\":[{\"@type\":\"CommentAction\",\"name\":\"Comment\",\"target\":[\"https:\\\/\\\/macite.tg\\\/?p=10794#respond\"]}]},{\"@type\":\"WebPage\",\"@id\":\"https:\\\/\\\/macite.tg\\\/?p=10794\",\"url\":\"https:\\\/\\\/macite.tg\\\/?p=10794\",\"name\":\"SITUATION TENDUE A BISSAU\u00a0: La Cedeao face un probable 5\u00e8 putsch en Afrique de l\u2019Ouest\u00a0? -\",\"isPartOf\":{\"@id\":\"https:\\\/\\\/macite.tg\\\/#website\"},\"primaryImageOfPage\":{\"@id\":\"https:\\\/\\\/macite.tg\\\/?p=10794#primaryimage\"},\"image\":{\"@id\":\"https:\\\/\\\/macite.tg\\\/?p=10794#primaryimage\"},\"thumbnailUrl\":\"https:\\\/\\\/macite.tg\\\/wp-content\\\/uploads\\\/2023\\\/12\\\/image-1.png\",\"datePublished\":\"2023-12-01T12:41:34+00:00\",\"dateModified\":\"2023-12-01T12:41:35+00:00\",\"author\":{\"@id\":\"https:\\\/\\\/macite.tg\\\/#\\\/schema\\\/person\\\/e9f2de7e5dbbe7770a9402c7ce82f5c2\"},\"breadcrumb\":{\"@id\":\"https:\\\/\\\/macite.tg\\\/?p=10794#breadcrumb\"},\"inLanguage\":\"fr-FR\",\"potentialAction\":[{\"@type\":\"ReadAction\",\"target\":[\"https:\\\/\\\/macite.tg\\\/?p=10794\"]}]},{\"@type\":\"ImageObject\",\"inLanguage\":\"fr-FR\",\"@id\":\"https:\\\/\\\/macite.tg\\\/?p=10794#primaryimage\",\"url\":\"https:\\\/\\\/macite.tg\\\/wp-content\\\/uploads\\\/2023\\\/12\\\/image-1.png\",\"contentUrl\":\"https:\\\/\\\/macite.tg\\\/wp-content\\\/uploads\\\/2023\\\/12\\\/image-1.png\",\"width\":1024,\"height\":687},{\"@type\":\"BreadcrumbList\",\"@id\":\"https:\\\/\\\/macite.tg\\\/?p=10794#breadcrumb\",\"itemListElement\":[{\"@type\":\"ListItem\",\"position\":1,\"name\":\"Accueil\",\"item\":\"https:\\\/\\\/macite.tg\\\/\"},{\"@type\":\"ListItem\",\"position\":2,\"name\":\"SITUATION TENDUE A BISSAU\u00a0: La Cedeao face un probable 5\u00e8 putsch en Afrique de l\u2019Ouest\u00a0?\"}]},{\"@type\":\"WebSite\",\"@id\":\"https:\\\/\\\/macite.tg\\\/#website\",\"url\":\"https:\\\/\\\/macite.tg\\\/\",\"name\":\"\",\"description\":\"L&#039;information, la bonne!!!\",\"potentialAction\":[{\"@type\":\"SearchAction\",\"target\":{\"@type\":\"EntryPoint\",\"urlTemplate\":\"https:\\\/\\\/macite.tg\\\/?s={search_term_string}\"},\"query-input\":{\"@type\":\"PropertyValueSpecification\",\"valueRequired\":true,\"valueName\":\"search_term_string\"}}],\"inLanguage\":\"fr-FR\"},{\"@type\":\"Person\",\"@id\":\"https:\\\/\\\/macite.tg\\\/#\\\/schema\\\/person\\\/e9f2de7e5dbbe7770a9402c7ce82f5c2\",\"name\":\"Jean Pierre BAWELA\",\"image\":{\"@type\":\"ImageObject\",\"inLanguage\":\"fr-FR\",\"@id\":\"https:\\\/\\\/macite.tg\\\/wp-content\\\/uploads\\\/2023\\\/09\\\/WhatsApp-Image-2023-09-19-at-14.44.41-122x122.jpeg\",\"url\":\"https:\\\/\\\/macite.tg\\\/wp-content\\\/uploads\\\/2023\\\/09\\\/WhatsApp-Image-2023-09-19-at-14.44.41-122x122.jpeg\",\"contentUrl\":\"https:\\\/\\\/macite.tg\\\/wp-content\\\/uploads\\\/2023\\\/09\\\/WhatsApp-Image-2023-09-19-at-14.44.41-122x122.jpeg\",\"caption\":\"Jean Pierre BAWELA\"},\"url\":\"https:\\\/\\\/macite.tg\\\/?author=2\"}]}<\/script>\n<!-- \/ Yoast SEO plugin. -->","yoast_head_json":{"title":"SITUATION TENDUE A BISSAU\u00a0: La Cedeao face un probable 5\u00e8 putsch en Afrique de l\u2019Ouest\u00a0? -","robots":{"index":"index","follow":"follow","max-snippet":"max-snippet:-1","max-image-preview":"max-image-preview:large","max-video-preview":"max-video-preview:-1"},"canonical":"https:\/\/macite.tg\/?p=10794","og_locale":"fr_FR","og_type":"article","og_title":"SITUATION TENDUE A BISSAU\u00a0: La Cedeao face un probable 5\u00e8 putsch en Afrique de l\u2019Ouest\u00a0? -","og_description":"Mardi apr\u00e8s-midi, des tirs nourris ont \u00e9t\u00e9 entendus aux abords du Palais du Gouvernement \u00e0 Bissau, en Guin\u00e9e-Bissau, pays de l\u2019Afrique de l\u2019Ouest. Cette situation intervient alors que le pr\u00e9sident Umaro Sissoco Embalo devrait prendre part \u00e0 Duba\u00ef, \u00e0 la Cop28. Ces bruits de bottes [&hellip;]","og_url":"https:\/\/macite.tg\/?p=10794","article_published_time":"2023-12-01T12:41:34+00:00","article_modified_time":"2023-12-01T12:41:35+00:00","og_image":[{"width":1024,"height":687,"url":"https:\/\/macite.tg\/wp-content\/uploads\/2023\/12\/image-1.png","type":"image\/png"}],"author":"Jean Pierre BAWELA","twitter_card":"summary_large_image","twitter_misc":{"\u00c9crit par":"Jean Pierre BAWELA","Dur\u00e9e de lecture estim\u00e9e":"2 minutes"},"schema":{"@context":"https:\/\/schema.org","@graph":[{"@type":"Article","@id":"https:\/\/macite.tg\/?p=10794#article","isPartOf":{"@id":"https:\/\/macite.tg\/?p=10794"},"author":{"name":"Jean Pierre BAWELA","@id":"https:\/\/macite.tg\/#\/schema\/person\/e9f2de7e5dbbe7770a9402c7ce82f5c2"},"headline":"SITUATION TENDUE A BISSAU\u00a0: La Cedeao face un probable 5\u00e8 putsch en Afrique de l\u2019Ouest\u00a0?","datePublished":"2023-12-01T12:41:34+00:00","dateModified":"2023-12-01T12:41:35+00:00","mainEntityOfPage":{"@id":"https:\/\/macite.tg\/?p=10794"},"wordCount":454,"commentCount":0,"image":{"@id":"https:\/\/macite.tg\/?p=10794#primaryimage"},"thumbnailUrl":"https:\/\/macite.tg\/wp-content\/uploads\/2023\/12\/image-1.png","articleSection":["POLITIQUE"],"inLanguage":"fr-FR","potentialAction":[{"@type":"CommentAction","name":"Comment","target":["https:\/\/macite.tg\/?p=10794#respond"]}]},{"@type":"WebPage","@id":"https:\/\/macite.tg\/?p=10794","url":"https:\/\/macite.tg\/?p=10794","name":"SITUATION TENDUE A BISSAU\u00a0: La Cedeao face un probable 5\u00e8 putsch en Afrique de l\u2019Ouest\u00a0? -","isPartOf":{"@id":"https:\/\/macite.tg\/#website"},"primaryImageOfPage":{"@id":"https:\/\/macite.tg\/?p=10794#primaryimage"},"image":{"@id":"https:\/\/macite.tg\/?p=10794#primaryimage"},"thumbnailUrl":"https:\/\/macite.tg\/wp-content\/uploads\/2023\/12\/image-1.png","datePublished":"2023-12-01T12:41:34+00:00","dateModified":"2023-12-01T12:41:35+00:00","author":{"@id":"https:\/\/macite.tg\/#\/schema\/person\/e9f2de7e5dbbe7770a9402c7ce82f5c2"},"breadcrumb":{"@id":"https:\/\/macite.tg\/?p=10794#breadcrumb"},"inLanguage":"fr-FR","potentialAction":[{"@type":"ReadAction","target":["https:\/\/macite.tg\/?p=10794"]}]},{"@type":"ImageObject","inLanguage":"fr-FR","@id":"https:\/\/macite.tg\/?p=10794#primaryimage","url":"https:\/\/macite.tg\/wp-content\/uploads\/2023\/12\/image-1.png","contentUrl":"https:\/\/macite.tg\/wp-content\/uploads\/2023\/12\/image-1.png","width":1024,"height":687},{"@type":"BreadcrumbList","@id":"https:\/\/macite.tg\/?p=10794#breadcrumb","itemListElement":[{"@type":"ListItem","position":1,"name":"Accueil","item":"https:\/\/macite.tg\/"},{"@type":"ListItem","position":2,"name":"SITUATION TENDUE A BISSAU\u00a0: La Cedeao face un probable 5\u00e8 putsch en Afrique de l\u2019Ouest\u00a0?"}]},{"@type":"WebSite","@id":"https:\/\/macite.tg\/#website","url":"https:\/\/macite.tg\/","name":"","description":"L&#039;information, la bonne!!!","potentialAction":[{"@type":"SearchAction","target":{"@type":"EntryPoint","urlTemplate":"https:\/\/macite.tg\/?s={search_term_string}"},"query-input":{"@type":"PropertyValueSpecification","valueRequired":true,"valueName":"search_term_string"}}],"inLanguage":"fr-FR"},{"@type":"Person","@id":"https:\/\/macite.tg\/#\/schema\/person\/e9f2de7e5dbbe7770a9402c7ce82f5c2","name":"Jean Pierre BAWELA","image":{"@type":"ImageObject","inLanguage":"fr-FR","@id":"https:\/\/macite.tg\/wp-content\/uploads\/2023\/09\/WhatsApp-Image-2023-09-19-at-14.44.41-122x122.jpeg","url":"https:\/\/macite.tg\/wp-content\/uploads\/2023\/09\/WhatsApp-Image-2023-09-19-at-14.44.41-122x122.jpeg","contentUrl":"https:\/\/macite.tg\/wp-content\/uploads\/2023\/09\/WhatsApp-Image-2023-09-19-at-14.44.41-122x122.jpeg","caption":"Jean Pierre BAWELA"},"url":"https:\/\/macite.tg\/?author=2"}]}},"_links":{"self":[{"href":"https:\/\/macite.tg\/index.php?rest_route=\/wp\/v2\/posts\/10794","targetHints":{"allow":["GET"]}}],"collection":[{"href":"https:\/\/macite.tg\/index.php?rest_route=\/wp\/v2\/posts"}],"about":[{"href":"https:\/\/macite.tg\/index.php?rest_route=\/wp\/v2\/types\/post"}],"author":[{"embeddable":true,"href":"https:\/\/macite.tg\/index.php?rest_route=\/wp\/v2\/users\/2"}],"replies":[{"embeddable":true,"href":"https:\/\/macite.tg\/index.php?rest_route=%2Fwp%2Fv2%2Fcomments&post=10794"}],"version-history":[{"count":0,"href":"https:\/\/macite.tg\/index.php?rest_route=\/wp\/v2\/posts\/10794\/revisions"}],"wp:featuredmedia":[{"embeddable":true,"href":"https:\/\/macite.tg\/index.php?rest_route=\/wp\/v2\/media\/10798"}],"wp:attachment":[{"href":"https:\/\/macite.tg\/index.php?rest_route=%2Fwp%2Fv2%2Fmedia&parent=10794"}],"wp:term":[{"taxonomy":"category","embeddable":true,"href":"https:\/\/macite.tg\/index.php?rest_route=%2Fwp%2Fv2%2Fcategories&post=10794"},{"taxonomy":"post_tag","embeddable":true,"href":"https:\/\/macite.tg\/index.php?rest_route=%2Fwp%2Fv2%2Ftags&post=10794"}],"curies":[{"name":"wp","href":"https:\/\/api.w.org\/{rel}","templated":true}]}}